{"id":277724,"date":"2019-10-08T08:17:17","date_gmt":"2019-10-08T12:47:17","guid":{"rendered":"https:\/\/stage3.rnv.gob.ve\/wp\/?p=277724"},"modified":"2019-10-08T08:17:17","modified_gmt":"2019-10-08T12:47:17","slug":"desarrollan-primera-convencion-del-centro-de-pueblos-y-culturas-indigenas","status":"publish","type":"post","link":"https:\/\/stage3.rnv.gob.ve\/wp\/desarrollan-primera-convencion-del-centro-de-pueblos-y-culturas-indigenas\/","title":{"rendered":"Desarrollan Primera Convenci\u00f3n del Centro de Pueblos y Culturas Ind\u00edgenas"},"content":{"rendered":"<p><img fetchpriority=\"high\" decoding=\"async\" class=\"aligncenter  wp-image-277726\" src=\"https:\/\/stage3.rnv.gob.ve\/wp\/wp-content\/uploads\/2019\/10\/71929390_10156760744524639_1398662761436676096_n.jpg\" alt=\"\" width=\"603\" height=\"402\" \/><\/p>\n<p style=\"text-align: justify;\">Inici\u00f3 hoy en la sede de la Universidad Bolivariana de Venezuela, sede Caracas, \u00a0La Primera Convenci\u00f3n del Centro de Pueblos y Culturas Ind\u00edgenas 2019, en la que los acad\u00e9micos y autoridades universitarias ind\u00edgenas, buscan unir lazos e impulsar iniciativas de nuevas teor\u00edas para lograr verdadera descolonizaci\u00f3n.<\/p>\n<p style=\"text-align: justify;\">Entre las propuestas planteadas en los primeros debates, est\u00e1 re plantear \u201cel 12 de octubre como el d\u00eda de la liberaci\u00f3n de los pueblos originarios\u201d se\u00f1al\u00f3 el director de Centro de Pueblos y Culturas Ind\u00edgenas el Kari\u00f1a Jos\u00e9 Poyo.<\/p>\n<p style=\"text-align: justify;\">Adem\u00e1s, el acto de instalaci\u00f3n fue propicio para firmar junto al Ministro del Poder Popular para la Educaci\u00f3n Universitaria y Rector de la UBV Cesar Trompiz un importante convenio para incorporar a los estudiantes ind\u00edgenas en los estudios universitarios, tanto de pregrado como postgrado, oportunidad que les permitir\u00e1 fortalecer su proceso de formaci\u00f3n, se\u00f1al\u00f3 la ministra Aloha Nu\u00f1ez.<\/p>\n<p>Esta iniciativa nace de la necesidad de encontrarse para discutir temas relevantes para los pueblos originarios como la descolonizaci\u00f3n, los efectos del cambio clim\u00e1tico y la educaci\u00f3n intercultural biling\u00fce en el marco del A\u00f1o Internacional de las Lenguas Ind\u00edgenas.<\/p>\n<p style=\"text-align: justify;\">Por cuatros \u00a0d\u00edas se desarrollar\u00e1n paneles sobre:<\/p>\n<p style=\"text-align: justify;\">Educaci\u00f3n Universitaria Ind\u00edgena y Resguardo del patrimonio material e inmaterial de los pueblos ind\u00edgenas<\/p>\n<p style=\"text-align: justify;\">El Estado Plurinacional: Una perspectiva<\/p>\n<p style=\"text-align: justify;\">Descolonizaci\u00f3n, reconstrucci\u00f3n hist\u00f3rica y Educaci\u00f3n intercultural<\/p>\n<p style=\"text-align: justify;\">Jurisdicci\u00f3n Indigena ante la Jurisdicci\u00f3n ordinaria<\/p>\n<p style=\"text-align: justify;\">El Buen Vivir\/ Conocimientos tradicionales\/ Salud y medicinas Ind\u00edgenas<\/p>\n<p style=\"text-align: justify;\">Propuesta de un Doctorado por el CEPCINDIGENA<\/p>\n<p style=\"text-align: justify;\">Aldeas Universitarias y defensa Integral<\/p>\n<p style=\"text-align: justify;\">Soberan\u00eda Alimentaria y Proyectos socio-productivos<\/p>\n<p style=\"text-align: justify;\">Soberan\u00eda Alimentaria y Proyectos socio-productivos<\/p>\n<p style=\"text-align: justify;\">Balances de idiomas Ind\u00edgenas y uso de los TIC \/ La UBV y los Idiomas Ind\u00edgenas<\/p>\n<p style=\"text-align: justify;\">Recreaci\u00f3n y turismo entre los pueblos ind\u00edgenas<\/p>\n<p style=\"text-align: justify;\">Cambio Clim\u00e1ticos\/ agua y Territorios Ind\u00edgenas<\/p>\n<p style=\"text-align: justify;\">Experiencias de la Universidad nacional Experimental del Indigena del Tauca ( UNEIT)<\/p>\n<p style=\"text-align: justify;\">Escuche declaraciones de Jos\u00e9 Poyo<\/p>\n<p><audio class=\"wp-audio-shortcode\" id=\"audio-277724-1\" preload=\"none\" style=\"width: 100%;\" controls=\"controls\"><source type=\"audio\/mpeg\" src=\"https:\/\/stage3.rnv.gob.ve\/wp\/wp-content\/uploads\/2019\/10\/JOSE-POYO-07-10-2019.mp3?_=1\" \/><a href=\"https:\/\/stage3.rnv.gob.ve\/wp\/wp-content\/uploads\/2019\/10\/JOSE-POYO-07-10-2019.mp3\">https:\/\/stage3.rnv.gob.ve\/wp\/wp-content\/uploads\/2019\/10\/JOSE-POYO-07-10-2019.mp3<\/a><\/audio><br \/>\nT \/ Canal Ind\u00edgena \/ JGG<\/p>\n","protected":false},"excerpt":{"rendered":"<p>Inici\u00f3 hoy en la sede de la Universidad Bolivariana de Venezuela, sede Caracas, \u00a0La Primera Convenci\u00f3n del Centro de Pueblos y Culturas Ind\u00edgenas 2019, en la que los acad\u00e9micos y autoridades universitarias ind\u00edgenas, buscan unir lazos e impulsar iniciativas de nuevas teor\u00edas para lograr verdadera descolonizaci\u00f3n. Entre las propuestas planteadas en los primeros debates, est\u00e1 [&hellip;]<\/p>\n","protected":false},"author":34,"featured_media":277726,"comment_status":"closed","ping_status":"open","sticky":false,"template":"","format":"standard","meta":{"_acf_changed":false,"footnotes":""},"categories":[68],"tags":[5729,685,2233,268],"class_list":["post-277724","post","type-post","status-publish","format-standard","has-post-thumbnail","hentry","category-pueblos-originarios","tag-academia","tag-indigenas","tag-pueblos","tag-ubv"],"acf":[],"yoast_head":"<!-- This site is optimized with the Yoast SEO plugin v27.4 - https:\/\/yoast.com\/product\/yoast-seo-wordpress\/ -->\n<title>Desarrollan Primera Convenci\u00f3n del Centro de Pueblos y Culturas Ind\u00edgenas - DEV RNV<\/title>\n<meta name=\"robots\" content=\"noindex, follow, max-snippet:-1, max-image-preview:large, max-video-preview:-1\" \/>\n<meta property=\"og:locale\" content=\"es_ES\" \/>\n<meta property=\"og:type\" content=\"article\" \/>\n<meta property=\"og:title\" content=\"Desarrollan Primera Convenci\u00f3n del Centro de Pueblos y Culturas Ind\u00edgenas - DEV RNV\" \/>\n<meta property=\"og:description\" content=\"Inici\u00f3 hoy en la sede de la Universidad Bolivariana de Venezuela, sede Caracas, \u00a0La Primera Convenci\u00f3n del Centro de Pueblos y Culturas Ind\u00edgenas 2019, en la que los acad\u00e9micos y autoridades universitarias ind\u00edgenas, buscan unir lazos e impulsar iniciativas de nuevas teor\u00edas para lograr verdadera descolonizaci\u00f3n. Entre las propuestas planteadas en los primeros debates, est\u00e1 [&hellip;]\" \/>\n<meta property=\"og:url\" content=\"https:\/\/stage3.rnv.gob.ve\/wp\/desarrollan-primera-convencion-del-centro-de-pueblos-y-culturas-indigenas\/\" \/>\n<meta property=\"og:site_name\" content=\"DEV RNV\" \/>\n<meta property=\"article:publisher\" content=\"https:\/\/www.facebook.com\/RadioNacionaldeVenezuela\" \/>\n<meta property=\"article:published_time\" content=\"2019-10-08T12:47:17+00:00\" \/>\n<meta name=\"author\" content=\"Radina Castillo\" \/>\n<meta name=\"twitter:card\" content=\"summary_large_image\" \/>\n<meta name=\"twitter:creator\" content=\"@RNVinformativa\" \/>\n<meta name=\"twitter:site\" content=\"@RNVinformativa\" \/>\n<meta name=\"twitter:label1\" content=\"Escrito por\" \/>\n\t<meta name=\"twitter:data1\" content=\"Radina Castillo\" \/>\n\t<meta name=\"twitter:label2\" content=\"Tiempo estimado de lectura\" \/>\n\t<meta name=\"twitter:data2\" content=\"2 minutos\" \/>\n<script type=\"application\/ld+json\" class=\"yoast-schema-graph\">{\"@context\":\"https:\\\/\\\/schema.org\",\"@graph\":[{\"@type\":\"Article\",\"@id\":\"https:\\\/\\\/stage3.rnv.gob.ve\\\/wp\\\/desarrollan-primera-convencion-del-centro-de-pueblos-y-culturas-indigenas\\\/#article\",\"isPartOf\":{\"@id\":\"https:\\\/\\\/stage3.rnv.gob.ve\\\/wp\\\/desarrollan-primera-convencion-del-centro-de-pueblos-y-culturas-indigenas\\\/\"},\"author\":{\"name\":\"Radina Castillo\",\"@id\":\"https:\\\/\\\/stage3.rnv.gob.ve\\\/wp\\\/#\\\/schema\\\/person\\\/8619f6ac19dcc69668db178621f9ce75\"},\"headline\":\"Desarrollan Primera Convenci\u00f3n del Centro de Pueblos y Culturas Ind\u00edgenas\",\"datePublished\":\"2019-10-08T12:47:17+00:00\",\"mainEntityOfPage\":{\"@id\":\"https:\\\/\\\/stage3.rnv.gob.ve\\\/wp\\\/desarrollan-primera-convencion-del-centro-de-pueblos-y-culturas-indigenas\\\/\"},\"wordCount\":369,\"publisher\":{\"@id\":\"https:\\\/\\\/stage3.rnv.gob.ve\\\/wp\\\/#organization\"},\"image\":{\"@id\":\"https:\\\/\\\/stage3.rnv.gob.ve\\\/wp\\\/desarrollan-primera-convencion-del-centro-de-pueblos-y-culturas-indigenas\\\/#primaryimage\"},\"thumbnailUrl\":\"\",\"keywords\":[\"academia\",\"indigenas\",\"pueblos\",\"ubv\"],\"articleSection\":[\"Pueblos Originarios\"],\"inLanguage\":\"es\"},{\"@type\":\"WebPage\",\"@id\":\"https:\\\/\\\/stage3.rnv.gob.ve\\\/wp\\\/desarrollan-primera-convencion-del-centro-de-pueblos-y-culturas-indigenas\\\/\",\"url\":\"https:\\\/\\\/stage3.rnv.gob.ve\\\/wp\\\/desarrollan-primera-convencion-del-centro-de-pueblos-y-culturas-indigenas\\\/\",\"name\":\"Desarrollan Primera Convenci\u00f3n del Centro de Pueblos y Culturas Ind\u00edgenas - DEV RNV\",\"isPartOf\":{\"@id\":\"https:\\\/\\\/stage3.rnv.gob.ve\\\/wp\\\/#website\"},\"primaryImageOfPage\":{\"@id\":\"https:\\\/\\\/stage3.rnv.gob.ve\\\/wp\\\/desarrollan-primera-convencion-del-centro-de-pueblos-y-culturas-indigenas\\\/#primaryimage\"},\"image\":{\"@id\":\"https:\\\/\\\/stage3.rnv.gob.ve\\\/wp\\\/desarrollan-primera-convencion-del-centro-de-pueblos-y-culturas-indigenas\\\/#primaryimage\"},\"thumbnailUrl\":\"\",\"datePublished\":\"2019-10-08T12:47:17+00:00\",\"breadcrumb\":{\"@id\":\"https:\\\/\\\/stage3.rnv.gob.ve\\\/wp\\\/desarrollan-primera-convencion-del-centro-de-pueblos-y-culturas-indigenas\\\/#breadcrumb\"},\"inLanguage\":\"es\",\"potentialAction\":[{\"@type\":\"ReadAction\",\"target\":[\"https:\\\/\\\/stage3.rnv.gob.ve\\\/wp\\\/desarrollan-primera-convencion-del-centro-de-pueblos-y-culturas-indigenas\\\/\"]}]},{\"@type\":\"ImageObject\",\"inLanguage\":\"es\",\"@id\":\"https:\\\/\\\/stage3.rnv.gob.ve\\\/wp\\\/desarrollan-primera-convencion-del-centro-de-pueblos-y-culturas-indigenas\\\/#primaryimage\",\"url\":\"\",\"contentUrl\":\"\"},{\"@type\":\"BreadcrumbList\",\"@id\":\"https:\\\/\\\/stage3.rnv.gob.ve\\\/wp\\\/desarrollan-primera-convencion-del-centro-de-pueblos-y-culturas-indigenas\\\/#breadcrumb\",\"itemListElement\":[{\"@type\":\"ListItem\",\"position\":1,\"name\":\"Portada\",\"item\":\"https:\\\/\\\/stage3.rnv.gob.ve\\\/wp\\\/\"},{\"@type\":\"ListItem\",\"position\":2,\"name\":\"Desarrollan Primera Convenci\u00f3n Del Centro De Pueblos Y Culturas Ind\u00edgenas\"}]},{\"@type\":\"WebSite\",\"@id\":\"https:\\\/\\\/stage3.rnv.gob.ve\\\/wp\\\/#website\",\"url\":\"https:\\\/\\\/stage3.rnv.gob.ve\\\/wp\\\/\",\"name\":\"DEV RNV\",\"description\":\"Radio Nacional de Venezuela C.A.\",\"publisher\":{\"@id\":\"https:\\\/\\\/stage3.rnv.gob.ve\\\/wp\\\/#organization\"},\"potentialAction\":[{\"@type\":\"SearchAction\",\"target\":{\"@type\":\"EntryPoint\",\"urlTemplate\":\"https:\\\/\\\/stage3.rnv.gob.ve\\\/wp\\\/?s={search_term_string}\"},\"query-input\":{\"@type\":\"PropertyValueSpecification\",\"valueRequired\":true,\"valueName\":\"search_term_string\"}}],\"inLanguage\":\"es\"},{\"@type\":\"Organization\",\"@id\":\"https:\\\/\\\/stage3.rnv.gob.ve\\\/wp\\\/#organization\",\"name\":\"Radio Nacional de Venezuela C.A.\",\"url\":\"https:\\\/\\\/stage3.rnv.gob.ve\\\/wp\\\/\",\"logo\":{\"@type\":\"ImageObject\",\"inLanguage\":\"es\",\"@id\":\"https:\\\/\\\/stage3.rnv.gob.ve\\\/wp\\\/#\\\/schema\\\/logo\\\/image\\\/\",\"url\":\"http:\\\/\\\/rnv.ddns.net\\\/prensa\\\/wp-content\\\/uploads\\\/2022\\\/04\\\/rnv-1-300x227-1.jpg\",\"contentUrl\":\"http:\\\/\\\/rnv.ddns.net\\\/prensa\\\/wp-content\\\/uploads\\\/2022\\\/04\\\/rnv-1-300x227-1.jpg\",\"width\":800,\"height\":455,\"caption\":\"Radio Nacional de Venezuela C.A.\"},\"image\":{\"@id\":\"https:\\\/\\\/stage3.rnv.gob.ve\\\/wp\\\/#\\\/schema\\\/logo\\\/image\\\/\"},\"sameAs\":[\"https:\\\/\\\/www.facebook.com\\\/RadioNacionaldeVenezuela\",\"https:\\\/\\\/x.com\\\/RNVinformativa\",\"https:\\\/\\\/www.instagram.com\\\/rnvinformativa\\\/\",\"https:\\\/\\\/www.youtube.com\\\/user\\\/RNVContigo\"]},{\"@type\":\"Person\",\"@id\":\"https:\\\/\\\/stage3.rnv.gob.ve\\\/wp\\\/#\\\/schema\\\/person\\\/8619f6ac19dcc69668db178621f9ce75\",\"name\":\"Radina Castillo\",\"url\":\"https:\\\/\\\/stage3.rnv.gob.ve\\\/wp\\\/author\\\/r_castillo\\\/\"}]}<\/script>\n<!-- \/ Yoast SEO plugin. -->","yoast_head_json":{"title":"Desarrollan Primera Convenci\u00f3n del Centro de Pueblos y Culturas Ind\u00edgenas - DEV RNV","robots":{"index":"noindex","follow":"follow","max-snippet":"max-snippet:-1","max-image-preview":"max-image-preview:large","max-video-preview":"max-video-preview:-1"},"og_locale":"es_ES","og_type":"article","og_title":"Desarrollan Primera Convenci\u00f3n del Centro de Pueblos y Culturas Ind\u00edgenas - DEV RNV","og_description":"Inici\u00f3 hoy en la sede de la Universidad Bolivariana de Venezuela, sede Caracas, \u00a0La Primera Convenci\u00f3n del Centro de Pueblos y Culturas Ind\u00edgenas 2019, en la que los acad\u00e9micos y autoridades universitarias ind\u00edgenas, buscan unir lazos e impulsar iniciativas de nuevas teor\u00edas para lograr verdadera descolonizaci\u00f3n. Entre las propuestas planteadas en los primeros debates, est\u00e1 [&hellip;]","og_url":"https:\/\/stage3.rnv.gob.ve\/wp\/desarrollan-primera-convencion-del-centro-de-pueblos-y-culturas-indigenas\/","og_site_name":"DEV RNV","article_publisher":"https:\/\/www.facebook.com\/RadioNacionaldeVenezuela","article_published_time":"2019-10-08T12:47:17+00:00","author":"Radina Castillo","twitter_card":"summary_large_image","twitter_creator":"@RNVinformativa","twitter_site":"@RNVinformativa","twitter_misc":{"Escrito por":"Radina Castillo","Tiempo estimado de lectura":"2 minutos"},"schema":{"@context":"https:\/\/schema.org","@graph":[{"@type":"Article","@id":"https:\/\/stage3.rnv.gob.ve\/wp\/desarrollan-primera-convencion-del-centro-de-pueblos-y-culturas-indigenas\/#article","isPartOf":{"@id":"https:\/\/stage3.rnv.gob.ve\/wp\/desarrollan-primera-convencion-del-centro-de-pueblos-y-culturas-indigenas\/"},"author":{"name":"Radina Castillo","@id":"https:\/\/stage3.rnv.gob.ve\/wp\/#\/schema\/person\/8619f6ac19dcc69668db178621f9ce75"},"headline":"Desarrollan Primera Convenci\u00f3n del Centro de Pueblos y Culturas Ind\u00edgenas","datePublished":"2019-10-08T12:47:17+00:00","mainEntityOfPage":{"@id":"https:\/\/stage3.rnv.gob.ve\/wp\/desarrollan-primera-convencion-del-centro-de-pueblos-y-culturas-indigenas\/"},"wordCount":369,"publisher":{"@id":"https:\/\/stage3.rnv.gob.ve\/wp\/#organization"},"image":{"@id":"https:\/\/stage3.rnv.gob.ve\/wp\/desarrollan-primera-convencion-del-centro-de-pueblos-y-culturas-indigenas\/#primaryimage"},"thumbnailUrl":"","keywords":["academia","indigenas","pueblos","ubv"],"articleSection":["Pueblos Originarios"],"inLanguage":"es"},{"@type":"WebPage","@id":"https:\/\/stage3.rnv.gob.ve\/wp\/desarrollan-primera-convencion-del-centro-de-pueblos-y-culturas-indigenas\/","url":"https:\/\/stage3.rnv.gob.ve\/wp\/desarrollan-primera-convencion-del-centro-de-pueblos-y-culturas-indigenas\/","name":"Desarrollan Primera Convenci\u00f3n del Centro de Pueblos y Culturas Ind\u00edgenas - DEV RNV","isPartOf":{"@id":"https:\/\/stage3.rnv.gob.ve\/wp\/#website"},"primaryImageOfPage":{"@id":"https:\/\/stage3.rnv.gob.ve\/wp\/desarrollan-primera-convencion-del-centro-de-pueblos-y-culturas-indigenas\/#primaryimage"},"image":{"@id":"https:\/\/stage3.rnv.gob.ve\/wp\/desarrollan-primera-convencion-del-centro-de-pueblos-y-culturas-indigenas\/#primaryimage"},"thumbnailUrl":"","datePublished":"2019-10-08T12:47:17+00:00","breadcrumb":{"@id":"https:\/\/stage3.rnv.gob.ve\/wp\/desarrollan-primera-convencion-del-centro-de-pueblos-y-culturas-indigenas\/#breadcrumb"},"inLanguage":"es","potentialAction":[{"@type":"ReadAction","target":["https:\/\/stage3.rnv.gob.ve\/wp\/desarrollan-primera-convencion-del-centro-de-pueblos-y-culturas-indigenas\/"]}]},{"@type":"ImageObject","inLanguage":"es","@id":"https:\/\/stage3.rnv.gob.ve\/wp\/desarrollan-primera-convencion-del-centro-de-pueblos-y-culturas-indigenas\/#primaryimage","url":"","contentUrl":""},{"@type":"BreadcrumbList","@id":"https:\/\/stage3.rnv.gob.ve\/wp\/desarrollan-primera-convencion-del-centro-de-pueblos-y-culturas-indigenas\/#breadcrumb","itemListElement":[{"@type":"ListItem","position":1,"name":"Portada","item":"https:\/\/stage3.rnv.gob.ve\/wp\/"},{"@type":"ListItem","position":2,"name":"Desarrollan Primera Convenci\u00f3n Del Centro De Pueblos Y Culturas Ind\u00edgenas"}]},{"@type":"WebSite","@id":"https:\/\/stage3.rnv.gob.ve\/wp\/#website","url":"https:\/\/stage3.rnv.gob.ve\/wp\/","name":"DEV RNV","description":"Radio Nacional de Venezuela C.A.","publisher":{"@id":"https:\/\/stage3.rnv.gob.ve\/wp\/#organization"},"potentialAction":[{"@type":"SearchAction","target":{"@type":"EntryPoint","urlTemplate":"https:\/\/stage3.rnv.gob.ve\/wp\/?s={search_term_string}"},"query-input":{"@type":"PropertyValueSpecification","valueRequired":true,"valueName":"search_term_string"}}],"inLanguage":"es"},{"@type":"Organization","@id":"https:\/\/stage3.rnv.gob.ve\/wp\/#organization","name":"Radio Nacional de Venezuela C.A.","url":"https:\/\/stage3.rnv.gob.ve\/wp\/","logo":{"@type":"ImageObject","inLanguage":"es","@id":"https:\/\/stage3.rnv.gob.ve\/wp\/#\/schema\/logo\/image\/","url":"http:\/\/rnv.ddns.net\/prensa\/wp-content\/uploads\/2022\/04\/rnv-1-300x227-1.jpg","contentUrl":"http:\/\/rnv.ddns.net\/prensa\/wp-content\/uploads\/2022\/04\/rnv-1-300x227-1.jpg","width":800,"height":455,"caption":"Radio Nacional de Venezuela C.A."},"image":{"@id":"https:\/\/stage3.rnv.gob.ve\/wp\/#\/schema\/logo\/image\/"},"sameAs":["https:\/\/www.facebook.com\/RadioNacionaldeVenezuela","https:\/\/x.com\/RNVinformativa","https:\/\/www.instagram.com\/rnvinformativa\/","https:\/\/www.youtube.com\/user\/RNVContigo"]},{"@type":"Person","@id":"https:\/\/stage3.rnv.gob.ve\/wp\/#\/schema\/person\/8619f6ac19dcc69668db178621f9ce75","name":"Radina Castillo","url":"https:\/\/stage3.rnv.gob.ve\/wp\/author\/r_castillo\/"}]}},"jetpack_featured_media_url":"","_links":{"self":[{"href":"https:\/\/stage3.rnv.gob.ve\/wp\/wp-json\/wp\/v2\/posts\/277724","targetHints":{"allow":["GET"]}}],"collection":[{"href":"https:\/\/stage3.rnv.gob.ve\/wp\/wp-json\/wp\/v2\/posts"}],"about":[{"href":"https:\/\/stage3.rnv.gob.ve\/wp\/wp-json\/wp\/v2\/types\/post"}],"author":[{"embeddable":true,"href":"https:\/\/stage3.rnv.gob.ve\/wp\/wp-json\/wp\/v2\/users\/34"}],"replies":[{"embeddable":true,"href":"https:\/\/stage3.rnv.gob.ve\/wp\/wp-json\/wp\/v2\/comments?post=277724"}],"version-history":[{"count":0,"href":"https:\/\/stage3.rnv.gob.ve\/wp\/wp-json\/wp\/v2\/posts\/277724\/revisions"}],"wp:featuredmedia":[{"embeddable":true,"href":"https:\/\/stage3.rnv.gob.ve\/wp\/wp-json\/"}],"wp:attachment":[{"href":"https:\/\/stage3.rnv.gob.ve\/wp\/wp-json\/wp\/v2\/media?parent=277724"}],"wp:term":[{"taxonomy":"category","embeddable":true,"href":"https:\/\/stage3.rnv.gob.ve\/wp\/wp-json\/wp\/v2\/categories?post=277724"},{"taxonomy":"post_tag","embeddable":true,"href":"https:\/\/stage3.rnv.gob.ve\/wp\/wp-json\/wp\/v2\/tags?post=277724"}],"curies":[{"name":"wp","href":"https:\/\/api.w.org\/{rel}","templated":true}]}}