{"id":273141,"date":"2019-08-21T08:03:10","date_gmt":"2019-08-21T12:33:10","guid":{"rendered":"https:\/\/stage3.rnv.gob.ve\/wp\/?p=273141"},"modified":"2019-08-21T08:03:10","modified_gmt":"2019-08-21T12:33:10","slug":"ministro-ruso-ratifica-respaldo-al-gobierno-bolivariano-frente-a-las-amenazas-de-eeuu","status":"publish","type":"post","link":"https:\/\/stage3.rnv.gob.ve\/wp\/ministro-ruso-ratifica-respaldo-al-gobierno-bolivariano-frente-a-las-amenazas-de-eeuu\/","title":{"rendered":"Ministro ruso ratifica respaldo al Gobierno Bolivariano frente a las amenazas de EEUU"},"content":{"rendered":"<p>&nbsp;<br \/>\n&nbsp;<br \/>\n<img fetchpriority=\"high\" decoding=\"async\" class=\"wp-image-273142 aligncenter\" src=\"https:\/\/stage3.rnv.gob.ve\/wp\/wp-content\/uploads\/2019\/08\/ECfg8fwXUAAZ_m6.jpeg\" alt=\"\" width=\"600\" height=\"401\" \/><\/p>\n<p style=\"text-align: justify;\">El <strong>ministro de Asuntos Exteriores de Rusia, Sergu\u00e9i Lavrov, <\/strong>asever\u00f3 este mi\u00e9rcoles que su\u00a0 pa\u00eds \u00absiempre ser\u00e1 <strong>solidario<\/strong> con <strong>Venezuela y<\/strong> contrarrestar\u00e1 la presi\u00f3n contra Caracas, nosotros vamos a seguir defendiendo junto a ustedes los principios del Derecho Internacional. Siempre seremos solidarios con ustedes, defenderemos el derecho de cada pueblo a elegir sus propios caminos de desarrollo y nos opondremos categ\u00f3ricamente a cualquier m\u00e9todo ileg\u00edtimo y unilateral de chantaje y de presi\u00f3n\u00bb.<\/p>\n<p style=\"text-align: justify;\">En tal sentido, Lavrov ratific\u00f3 su <strong>respaldo<\/strong> al <strong>Gobierno Bolivariano<\/strong> de Venezuela, ante las constantes <strong>medidas coercitivas<\/strong> y unilaterales de <strong>Estados Unidos<\/strong> contra la naci\u00f3n y que se han intensificado con el reciente<strong> bloqueo econ\u00f3mico,<\/strong> <strong>financiero<\/strong> y <strong>comercial.<\/strong><\/p>\n<p style=\"text-align: justify;\">La declaraci\u00f3n la hizo el canciller ruso, durante su <strong>encuentro<\/strong> con la <strong>Vicepresidenta<\/strong> Ejecutiva de la Rep\u00fablica Bolivariana de Venezuela, <strong>Delcy Rodr\u00edguez,<\/strong> quien viaj\u00f3 esta semana a ese pa\u00eds para afianzar las relaciones de cooperaci\u00f3n bilateral entre ambas naciones.<\/p>\n<p style=\"text-align: justify;\">Por su parte, la vicepresidenta Delcy Rodr\u00edguez agradeci\u00f3 a Mosc\u00fa el respaldo decidido al presidente de la Rep\u00fablica, Nicol\u00e1s Maduro.<\/p>\n<p style=\"text-align: justify;\">\u00abRusia ha sacado la espada por todos los pueblos que luchamos por nuestra independencia y soberan\u00eda. Estamos m\u00e1s fuertes y m\u00e1s unidos (&#8230;) hay temas que vamos a conversar sobre las \u00faltimas visitas de alto nivel que nos permiten tener la agenda bilateral y multilateral al d\u00eda\u00bb, expres\u00f3 Rodr\u00edguez.<\/p>\n<blockquote class=\"twitter-tweet\">\n<p dir=\"ltr\" lang=\"es\">Sostuvimos extraordinaria reuni\u00f3n con el Canciller dla Federaci\u00f3n de Rusia Sergey Lavrov.Hemos abordado nuestra amplia y diversa cooperaci\u00f3n bilateral as\u00ed como la agenda internacional en defensa dla Carta de la ONU! Rusia y Venezuela rechazamos cualquier forma de intervencionismo <a href=\"https:\/\/t.co\/riU73eEIej\">pic.twitter.com\/riU73eEIej<\/a><\/p>\n<p>\u2014 Delcy Rodr\u00edguez (@DrodriguezVen) <a href=\"https:\/\/twitter.com\/DrodriguezVen\/status\/1164146369747214338?ref_src=twsrc%5Etfw\">August 21, 2019<\/a><\/p><\/blockquote>\n<p><script async src=\"https:\/\/platform.twitter.com\/widgets.js\" charset=\"utf-8\"><\/script><br \/>\n<strong>T\/Prensa Web<\/strong><br \/>\n&nbsp;<\/p>\n","protected":false},"excerpt":{"rendered":"<p>&nbsp; &nbsp; El ministro de Asuntos Exteriores de Rusia, Sergu\u00e9i Lavrov, asever\u00f3 este mi\u00e9rcoles que su\u00a0 pa\u00eds \u00absiempre ser\u00e1 solidario con Venezuela y contrarrestar\u00e1 la presi\u00f3n contra Caracas, nosotros vamos a seguir defendiendo junto a ustedes los principios del Derecho Internacional. Siempre seremos solidarios con ustedes, defenderemos el derecho de cada pueblo a elegir sus [&hellip;]<\/p>\n","protected":false},"author":40,"featured_media":273142,"comment_status":"closed","ping_status":"open","sticky":false,"template":"","format":"standard","meta":{"_acf_changed":false,"footnotes":""},"categories":[67],"tags":[229,195,22098,19840,1546,11991,104,22099],"class_list":["post-273141","post","type-post","status-publish","format-standard","has-post-thumbnail","hentry","category-politica","tag-delcy-rodriguez","tag-encuentro","tag-ministro-ruso","tag-reunion-bilateral","tag-rusia","tag-serguei-lavrov","tag-venezuela","tag-vicepresidenta-ejecutiva"],"acf":[],"yoast_head":"<!-- This site is optimized with the Yoast SEO plugin v27.4 - https:\/\/yoast.com\/product\/yoast-seo-wordpress\/ -->\n<title>Ministro ruso ratifica respaldo al Gobierno Bolivariano frente a las amenazas de EEUU - DEV RNV<\/title>\n<meta name=\"robots\" content=\"noindex, follow, max-snippet:-1, max-image-preview:large, max-video-preview:-1\" \/>\n<meta property=\"og:locale\" content=\"es_ES\" \/>\n<meta property=\"og:type\" content=\"article\" \/>\n<meta property=\"og:title\" content=\"Ministro ruso ratifica respaldo al Gobierno Bolivariano frente a las amenazas de EEUU - DEV RNV\" \/>\n<meta property=\"og:description\" content=\"&nbsp; &nbsp; El ministro de Asuntos Exteriores de Rusia, Sergu\u00e9i Lavrov, asever\u00f3 este mi\u00e9rcoles que su\u00a0 pa\u00eds \u00absiempre ser\u00e1 solidario con Venezuela y contrarrestar\u00e1 la presi\u00f3n contra Caracas, nosotros vamos a seguir defendiendo junto a ustedes los principios del Derecho Internacional. Siempre seremos solidarios con ustedes, defenderemos el derecho de cada pueblo a elegir sus [&hellip;]\" \/>\n<meta property=\"og:url\" content=\"https:\/\/stage3.rnv.gob.ve\/wp\/ministro-ruso-ratifica-respaldo-al-gobierno-bolivariano-frente-a-las-amenazas-de-eeuu\/\" \/>\n<meta property=\"og:site_name\" content=\"DEV RNV\" \/>\n<meta property=\"article:publisher\" content=\"https:\/\/www.facebook.com\/RadioNacionaldeVenezuela\" \/>\n<meta property=\"article:published_time\" content=\"2019-08-21T12:33:10+00:00\" \/>\n<meta name=\"author\" content=\"Jaqueline Gil\" \/>\n<meta name=\"twitter:card\" content=\"summary_large_image\" \/>\n<meta name=\"twitter:creator\" content=\"@RNVinformativa\" \/>\n<meta name=\"twitter:site\" content=\"@RNVinformativa\" \/>\n<meta name=\"twitter:label1\" content=\"Escrito por\" \/>\n\t<meta name=\"twitter:data1\" content=\"Jaqueline Gil\" \/>\n\t<meta name=\"twitter:label2\" content=\"Tiempo estimado de lectura\" \/>\n\t<meta name=\"twitter:data2\" content=\"1 minuto\" \/>\n<script type=\"application\/ld+json\" class=\"yoast-schema-graph\">{\"@context\":\"https:\\\/\\\/schema.org\",\"@graph\":[{\"@type\":\"Article\",\"@id\":\"https:\\\/\\\/stage3.rnv.gob.ve\\\/wp\\\/ministro-ruso-ratifica-respaldo-al-gobierno-bolivariano-frente-a-las-amenazas-de-eeuu\\\/#article\",\"isPartOf\":{\"@id\":\"https:\\\/\\\/stage3.rnv.gob.ve\\\/wp\\\/ministro-ruso-ratifica-respaldo-al-gobierno-bolivariano-frente-a-las-amenazas-de-eeuu\\\/\"},\"author\":{\"name\":\"Jaqueline Gil\",\"@id\":\"https:\\\/\\\/stage3.rnv.gob.ve\\\/wp\\\/#\\\/schema\\\/person\\\/41da72d5371f0ddf200a2232b8931251\"},\"headline\":\"Ministro ruso ratifica respaldo al Gobierno Bolivariano frente a las amenazas de EEUU\",\"datePublished\":\"2019-08-21T12:33:10+00:00\",\"mainEntityOfPage\":{\"@id\":\"https:\\\/\\\/stage3.rnv.gob.ve\\\/wp\\\/ministro-ruso-ratifica-respaldo-al-gobierno-bolivariano-frente-a-las-amenazas-de-eeuu\\\/\"},\"wordCount\":312,\"publisher\":{\"@id\":\"https:\\\/\\\/stage3.rnv.gob.ve\\\/wp\\\/#organization\"},\"image\":{\"@id\":\"https:\\\/\\\/stage3.rnv.gob.ve\\\/wp\\\/ministro-ruso-ratifica-respaldo-al-gobierno-bolivariano-frente-a-las-amenazas-de-eeuu\\\/#primaryimage\"},\"thumbnailUrl\":\"\",\"keywords\":[\"delcy rodriguez\",\"encuentro\",\"ministro ruso\",\"reunion bilateral\",\"rusia\",\"serguei lavrov\",\"Venezuela\",\"vicepresidenta ejecutiva\"],\"articleSection\":[\"Pol\u00edtica\"],\"inLanguage\":\"es\"},{\"@type\":\"WebPage\",\"@id\":\"https:\\\/\\\/stage3.rnv.gob.ve\\\/wp\\\/ministro-ruso-ratifica-respaldo-al-gobierno-bolivariano-frente-a-las-amenazas-de-eeuu\\\/\",\"url\":\"https:\\\/\\\/stage3.rnv.gob.ve\\\/wp\\\/ministro-ruso-ratifica-respaldo-al-gobierno-bolivariano-frente-a-las-amenazas-de-eeuu\\\/\",\"name\":\"Ministro ruso ratifica respaldo al Gobierno Bolivariano frente a las amenazas de EEUU - DEV RNV\",\"isPartOf\":{\"@id\":\"https:\\\/\\\/stage3.rnv.gob.ve\\\/wp\\\/#website\"},\"primaryImageOfPage\":{\"@id\":\"https:\\\/\\\/stage3.rnv.gob.ve\\\/wp\\\/ministro-ruso-ratifica-respaldo-al-gobierno-bolivariano-frente-a-las-amenazas-de-eeuu\\\/#primaryimage\"},\"image\":{\"@id\":\"https:\\\/\\\/stage3.rnv.gob.ve\\\/wp\\\/ministro-ruso-ratifica-respaldo-al-gobierno-bolivariano-frente-a-las-amenazas-de-eeuu\\\/#primaryimage\"},\"thumbnailUrl\":\"\",\"datePublished\":\"2019-08-21T12:33:10+00:00\",\"breadcrumb\":{\"@id\":\"https:\\\/\\\/stage3.rnv.gob.ve\\\/wp\\\/ministro-ruso-ratifica-respaldo-al-gobierno-bolivariano-frente-a-las-amenazas-de-eeuu\\\/#breadcrumb\"},\"inLanguage\":\"es\",\"potentialAction\":[{\"@type\":\"ReadAction\",\"target\":[\"https:\\\/\\\/stage3.rnv.gob.ve\\\/wp\\\/ministro-ruso-ratifica-respaldo-al-gobierno-bolivariano-frente-a-las-amenazas-de-eeuu\\\/\"]}]},{\"@type\":\"ImageObject\",\"inLanguage\":\"es\",\"@id\":\"https:\\\/\\\/stage3.rnv.gob.ve\\\/wp\\\/ministro-ruso-ratifica-respaldo-al-gobierno-bolivariano-frente-a-las-amenazas-de-eeuu\\\/#primaryimage\",\"url\":\"\",\"contentUrl\":\"\"},{\"@type\":\"BreadcrumbList\",\"@id\":\"https:\\\/\\\/stage3.rnv.gob.ve\\\/wp\\\/ministro-ruso-ratifica-respaldo-al-gobierno-bolivariano-frente-a-las-amenazas-de-eeuu\\\/#breadcrumb\",\"itemListElement\":[{\"@type\":\"ListItem\",\"position\":1,\"name\":\"Portada\",\"item\":\"https:\\\/\\\/stage3.rnv.gob.ve\\\/wp\\\/\"},{\"@type\":\"ListItem\",\"position\":2,\"name\":\"Ministro Ruso Ratifica Respaldo Al Gobierno Bolivariano Frente A Las Amenazas De Eeuu\"}]},{\"@type\":\"WebSite\",\"@id\":\"https:\\\/\\\/stage3.rnv.gob.ve\\\/wp\\\/#website\",\"url\":\"https:\\\/\\\/stage3.rnv.gob.ve\\\/wp\\\/\",\"name\":\"DEV RNV\",\"description\":\"Radio Nacional de Venezuela C.A.\",\"publisher\":{\"@id\":\"https:\\\/\\\/stage3.rnv.gob.ve\\\/wp\\\/#organization\"},\"potentialAction\":[{\"@type\":\"SearchAction\",\"target\":{\"@type\":\"EntryPoint\",\"urlTemplate\":\"https:\\\/\\\/stage3.rnv.gob.ve\\\/wp\\\/?s={search_term_string}\"},\"query-input\":{\"@type\":\"PropertyValueSpecification\",\"valueRequired\":true,\"valueName\":\"search_term_string\"}}],\"inLanguage\":\"es\"},{\"@type\":\"Organization\",\"@id\":\"https:\\\/\\\/stage3.rnv.gob.ve\\\/wp\\\/#organization\",\"name\":\"Radio Nacional de Venezuela C.A.\",\"url\":\"https:\\\/\\\/stage3.rnv.gob.ve\\\/wp\\\/\",\"logo\":{\"@type\":\"ImageObject\",\"inLanguage\":\"es\",\"@id\":\"https:\\\/\\\/stage3.rnv.gob.ve\\\/wp\\\/#\\\/schema\\\/logo\\\/image\\\/\",\"url\":\"http:\\\/\\\/rnv.ddns.net\\\/prensa\\\/wp-content\\\/uploads\\\/2022\\\/04\\\/rnv-1-300x227-1.jpg\",\"contentUrl\":\"http:\\\/\\\/rnv.ddns.net\\\/prensa\\\/wp-content\\\/uploads\\\/2022\\\/04\\\/rnv-1-300x227-1.jpg\",\"width\":800,\"height\":455,\"caption\":\"Radio Nacional de Venezuela C.A.\"},\"image\":{\"@id\":\"https:\\\/\\\/stage3.rnv.gob.ve\\\/wp\\\/#\\\/schema\\\/logo\\\/image\\\/\"},\"sameAs\":[\"https:\\\/\\\/www.facebook.com\\\/RadioNacionaldeVenezuela\",\"https:\\\/\\\/x.com\\\/RNVinformativa\",\"https:\\\/\\\/www.instagram.com\\\/rnvinformativa\\\/\",\"https:\\\/\\\/www.youtube.com\\\/user\\\/RNVContigo\"]},{\"@type\":\"Person\",\"@id\":\"https:\\\/\\\/stage3.rnv.gob.ve\\\/wp\\\/#\\\/schema\\\/person\\\/41da72d5371f0ddf200a2232b8931251\",\"name\":\"Jaqueline Gil\",\"url\":\"https:\\\/\\\/stage3.rnv.gob.ve\\\/wp\\\/author\\\/jaqueline-gil\\\/\"}]}<\/script>\n<!-- \/ Yoast SEO plugin. -->","yoast_head_json":{"title":"Ministro ruso ratifica respaldo al Gobierno Bolivariano frente a las amenazas de EEUU - DEV RNV","robots":{"index":"noindex","follow":"follow","max-snippet":"max-snippet:-1","max-image-preview":"max-image-preview:large","max-video-preview":"max-video-preview:-1"},"og_locale":"es_ES","og_type":"article","og_title":"Ministro ruso ratifica respaldo al Gobierno Bolivariano frente a las amenazas de EEUU - DEV RNV","og_description":"&nbsp; &nbsp; El ministro de Asuntos Exteriores de Rusia, Sergu\u00e9i Lavrov, asever\u00f3 este mi\u00e9rcoles que su\u00a0 pa\u00eds \u00absiempre ser\u00e1 solidario con Venezuela y contrarrestar\u00e1 la presi\u00f3n contra Caracas, nosotros vamos a seguir defendiendo junto a ustedes los principios del Derecho Internacional. Siempre seremos solidarios con ustedes, defenderemos el derecho de cada pueblo a elegir sus [&hellip;]","og_url":"https:\/\/stage3.rnv.gob.ve\/wp\/ministro-ruso-ratifica-respaldo-al-gobierno-bolivariano-frente-a-las-amenazas-de-eeuu\/","og_site_name":"DEV RNV","article_publisher":"https:\/\/www.facebook.com\/RadioNacionaldeVenezuela","article_published_time":"2019-08-21T12:33:10+00:00","author":"Jaqueline Gil","twitter_card":"summary_large_image","twitter_creator":"@RNVinformativa","twitter_site":"@RNVinformativa","twitter_misc":{"Escrito por":"Jaqueline Gil","Tiempo estimado de lectura":"1 minuto"},"schema":{"@context":"https:\/\/schema.org","@graph":[{"@type":"Article","@id":"https:\/\/stage3.rnv.gob.ve\/wp\/ministro-ruso-ratifica-respaldo-al-gobierno-bolivariano-frente-a-las-amenazas-de-eeuu\/#article","isPartOf":{"@id":"https:\/\/stage3.rnv.gob.ve\/wp\/ministro-ruso-ratifica-respaldo-al-gobierno-bolivariano-frente-a-las-amenazas-de-eeuu\/"},"author":{"name":"Jaqueline Gil","@id":"https:\/\/stage3.rnv.gob.ve\/wp\/#\/schema\/person\/41da72d5371f0ddf200a2232b8931251"},"headline":"Ministro ruso ratifica respaldo al Gobierno Bolivariano frente a las amenazas de EEUU","datePublished":"2019-08-21T12:33:10+00:00","mainEntityOfPage":{"@id":"https:\/\/stage3.rnv.gob.ve\/wp\/ministro-ruso-ratifica-respaldo-al-gobierno-bolivariano-frente-a-las-amenazas-de-eeuu\/"},"wordCount":312,"publisher":{"@id":"https:\/\/stage3.rnv.gob.ve\/wp\/#organization"},"image":{"@id":"https:\/\/stage3.rnv.gob.ve\/wp\/ministro-ruso-ratifica-respaldo-al-gobierno-bolivariano-frente-a-las-amenazas-de-eeuu\/#primaryimage"},"thumbnailUrl":"","keywords":["delcy rodriguez","encuentro","ministro ruso","reunion bilateral","rusia","serguei lavrov","Venezuela","vicepresidenta ejecutiva"],"articleSection":["Pol\u00edtica"],"inLanguage":"es"},{"@type":"WebPage","@id":"https:\/\/stage3.rnv.gob.ve\/wp\/ministro-ruso-ratifica-respaldo-al-gobierno-bolivariano-frente-a-las-amenazas-de-eeuu\/","url":"https:\/\/stage3.rnv.gob.ve\/wp\/ministro-ruso-ratifica-respaldo-al-gobierno-bolivariano-frente-a-las-amenazas-de-eeuu\/","name":"Ministro ruso ratifica respaldo al Gobierno Bolivariano frente a las amenazas de EEUU - DEV RNV","isPartOf":{"@id":"https:\/\/stage3.rnv.gob.ve\/wp\/#website"},"primaryImageOfPage":{"@id":"https:\/\/stage3.rnv.gob.ve\/wp\/ministro-ruso-ratifica-respaldo-al-gobierno-bolivariano-frente-a-las-amenazas-de-eeuu\/#primaryimage"},"image":{"@id":"https:\/\/stage3.rnv.gob.ve\/wp\/ministro-ruso-ratifica-respaldo-al-gobierno-bolivariano-frente-a-las-amenazas-de-eeuu\/#primaryimage"},"thumbnailUrl":"","datePublished":"2019-08-21T12:33:10+00:00","breadcrumb":{"@id":"https:\/\/stage3.rnv.gob.ve\/wp\/ministro-ruso-ratifica-respaldo-al-gobierno-bolivariano-frente-a-las-amenazas-de-eeuu\/#breadcrumb"},"inLanguage":"es","potentialAction":[{"@type":"ReadAction","target":["https:\/\/stage3.rnv.gob.ve\/wp\/ministro-ruso-ratifica-respaldo-al-gobierno-bolivariano-frente-a-las-amenazas-de-eeuu\/"]}]},{"@type":"ImageObject","inLanguage":"es","@id":"https:\/\/stage3.rnv.gob.ve\/wp\/ministro-ruso-ratifica-respaldo-al-gobierno-bolivariano-frente-a-las-amenazas-de-eeuu\/#primaryimage","url":"","contentUrl":""},{"@type":"BreadcrumbList","@id":"https:\/\/stage3.rnv.gob.ve\/wp\/ministro-ruso-ratifica-respaldo-al-gobierno-bolivariano-frente-a-las-amenazas-de-eeuu\/#breadcrumb","itemListElement":[{"@type":"ListItem","position":1,"name":"Portada","item":"https:\/\/stage3.rnv.gob.ve\/wp\/"},{"@type":"ListItem","position":2,"name":"Ministro Ruso Ratifica Respaldo Al Gobierno Bolivariano Frente A Las Amenazas De Eeuu"}]},{"@type":"WebSite","@id":"https:\/\/stage3.rnv.gob.ve\/wp\/#website","url":"https:\/\/stage3.rnv.gob.ve\/wp\/","name":"DEV RNV","description":"Radio Nacional de Venezuela C.A.","publisher":{"@id":"https:\/\/stage3.rnv.gob.ve\/wp\/#organization"},"potentialAction":[{"@type":"SearchAction","target":{"@type":"EntryPoint","urlTemplate":"https:\/\/stage3.rnv.gob.ve\/wp\/?s={search_term_string}"},"query-input":{"@type":"PropertyValueSpecification","valueRequired":true,"valueName":"search_term_string"}}],"inLanguage":"es"},{"@type":"Organization","@id":"https:\/\/stage3.rnv.gob.ve\/wp\/#organization","name":"Radio Nacional de Venezuela C.A.","url":"https:\/\/stage3.rnv.gob.ve\/wp\/","logo":{"@type":"ImageObject","inLanguage":"es","@id":"https:\/\/stage3.rnv.gob.ve\/wp\/#\/schema\/logo\/image\/","url":"http:\/\/rnv.ddns.net\/prensa\/wp-content\/uploads\/2022\/04\/rnv-1-300x227-1.jpg","contentUrl":"http:\/\/rnv.ddns.net\/prensa\/wp-content\/uploads\/2022\/04\/rnv-1-300x227-1.jpg","width":800,"height":455,"caption":"Radio Nacional de Venezuela C.A."},"image":{"@id":"https:\/\/stage3.rnv.gob.ve\/wp\/#\/schema\/logo\/image\/"},"sameAs":["https:\/\/www.facebook.com\/RadioNacionaldeVenezuela","https:\/\/x.com\/RNVinformativa","https:\/\/www.instagram.com\/rnvinformativa\/","https:\/\/www.youtube.com\/user\/RNVContigo"]},{"@type":"Person","@id":"https:\/\/stage3.rnv.gob.ve\/wp\/#\/schema\/person\/41da72d5371f0ddf200a2232b8931251","name":"Jaqueline Gil","url":"https:\/\/stage3.rnv.gob.ve\/wp\/author\/jaqueline-gil\/"}]}},"jetpack_featured_media_url":"","_links":{"self":[{"href":"https:\/\/stage3.rnv.gob.ve\/wp\/wp-json\/wp\/v2\/posts\/273141","targetHints":{"allow":["GET"]}}],"collection":[{"href":"https:\/\/stage3.rnv.gob.ve\/wp\/wp-json\/wp\/v2\/posts"}],"about":[{"href":"https:\/\/stage3.rnv.gob.ve\/wp\/wp-json\/wp\/v2\/types\/post"}],"author":[{"embeddable":true,"href":"https:\/\/stage3.rnv.gob.ve\/wp\/wp-json\/wp\/v2\/users\/40"}],"replies":[{"embeddable":true,"href":"https:\/\/stage3.rnv.gob.ve\/wp\/wp-json\/wp\/v2\/comments?post=273141"}],"version-history":[{"count":0,"href":"https:\/\/stage3.rnv.gob.ve\/wp\/wp-json\/wp\/v2\/posts\/273141\/revisions"}],"wp:featuredmedia":[{"embeddable":true,"href":"https:\/\/stage3.rnv.gob.ve\/wp\/wp-json\/"}],"wp:attachment":[{"href":"https:\/\/stage3.rnv.gob.ve\/wp\/wp-json\/wp\/v2\/media?parent=273141"}],"wp:term":[{"taxonomy":"category","embeddable":true,"href":"https:\/\/stage3.rnv.gob.ve\/wp\/wp-json\/wp\/v2\/categories?post=273141"},{"taxonomy":"post_tag","embeddable":true,"href":"https:\/\/stage3.rnv.gob.ve\/wp\/wp-json\/wp\/v2\/tags?post=273141"}],"curies":[{"name":"wp","href":"https:\/\/api.w.org\/{rel}","templated":true}]}}