{"id":270710,"date":"2019-07-23T19:42:51","date_gmt":"2019-07-24T00:12:51","guid":{"rendered":"https:\/\/stage3.rnv.gob.ve\/wp\/?p=270710"},"modified":"2019-07-23T19:42:51","modified_gmt":"2019-07-24T00:12:51","slug":"pobladores-wayuu-presentan-propuestas-sociales","status":"publish","type":"post","link":"https:\/\/stage3.rnv.gob.ve\/wp\/pobladores-wayuu-presentan-propuestas-sociales\/","title":{"rendered":"Pobladores \u00a0Way\u00fau presentan propuestas sociales"},"content":{"rendered":"<p><img fetchpriority=\"high\" decoding=\"async\" class=\"aligncenter  wp-image-270712\" src=\"https:\/\/stage3.rnv.gob.ve\/wp\/wp-content\/uploads\/2019\/07\/66735213_10156568206994639_6967544420019208192_n.jpg\" alt=\"\" width=\"603\" height=\"402\" \/><\/p>\n<p style=\"text-align: justify;\">L\u00edderes del pueblo Way\u00fau, pertenecientes a las parroquias R\u00edo Negro, San Jos\u00e9, Las Piedras y Libertad, en el municipio Machiques de Perij\u00e1 presentaron al Ministerio de los Pueblos Ind\u00edgenas diferentes propuestas en materia de salud, agricultura, producci\u00f3n, y documentaci\u00f3n para el bienestar de sus habitantes originarios.<\/p>\n<p style=\"text-align: justify;\">Durante una asamblea con la ministra de los Pueblos Ind\u00edgenas, Aloha N\u00fa\u00f1ez, el l\u00edder de la parroquia Libertad, Hern\u00e1n Ram\u00edrez, pidi\u00f3 iniciar y facilitar el proceso de presentaci\u00f3n de menores de edad ante el Registro Civil y nuevas jornadas de cedulaci\u00f3n a trav\u00e9s de Saime, en especial para la poblaci\u00f3n estudiantil.<\/p>\n<p style=\"text-align: justify;\">Por su parte, Rigoberto Gonz\u00e1lez, vocero del sector productivo de la parroquia R\u00edo Negro, dijo que los asentamientos ind\u00edgenas est\u00e1n muy lejanos, \u201cpedimos apoyo con insumos para seguir avanzando en los proyectos agr\u00edcolas y artesanales que tenemos en Machiques\u201d, agreg\u00f3.<\/p>\n<p style=\"text-align: justify;\">La ind\u00edgena Way\u00fau, Mar\u00eda Isabel Guti\u00e9rrez, anunci\u00f3 la conformaci\u00f3n de un comit\u00e9 de salud para facilitar el suministro de medicamentos a los habitantes de las 4 parroquias; as\u00ed como un veh\u00edculo para el transporte de la comunidad. Entre tanto, la ministra anunci\u00f3 que los recursos que est\u00e1n recibiendo es para destinarlos a necesidades b\u00e1sicas de alimentaci\u00f3n, salud, proyectos socioproductivos y as\u00ed garantizar y fortalecer la soberan\u00eda alimentaria de los pueblos ind\u00edgenas.<\/p>\n<p style=\"text-align: justify;\">T\/ Agencias<\/p>\n","protected":false},"excerpt":{"rendered":"<p>L\u00edderes del pueblo Way\u00fau, pertenecientes a las parroquias R\u00edo Negro, San Jos\u00e9, Las Piedras y Libertad, en el municipio Machiques de Perij\u00e1 presentaron al Ministerio de los Pueblos Ind\u00edgenas diferentes propuestas en materia de salud, agricultura, producci\u00f3n, y documentaci\u00f3n para el bienestar de sus habitantes originarios. Durante una asamblea con la ministra de los Pueblos [&hellip;]<\/p>\n","protected":false},"author":34,"featured_media":270712,"comment_status":"closed","ping_status":"open","sticky":false,"template":"","format":"standard","meta":{"_acf_changed":false,"footnotes":""},"categories":[68],"tags":[10478,2054,21594],"class_list":["post-270710","post","type-post","status-publish","format-standard","has-post-thumbnail","hentry","category-pueblos-originarios","tag-minpi","tag-wayuu","tag-zuila"],"acf":[],"yoast_head":"<!-- This site is optimized with the Yoast SEO plugin v27.4 - https:\/\/yoast.com\/product\/yoast-seo-wordpress\/ -->\n<title>Pobladores \u00a0Way\u00fau presentan propuestas sociales - DEV RNV<\/title>\n<meta name=\"robots\" content=\"noindex, follow, max-snippet:-1, max-image-preview:large, max-video-preview:-1\" \/>\n<meta property=\"og:locale\" content=\"es_ES\" \/>\n<meta property=\"og:type\" content=\"article\" \/>\n<meta property=\"og:title\" content=\"Pobladores \u00a0Way\u00fau presentan propuestas sociales - DEV RNV\" \/>\n<meta property=\"og:description\" content=\"L\u00edderes del pueblo Way\u00fau, pertenecientes a las parroquias R\u00edo Negro, San Jos\u00e9, Las Piedras y Libertad, en el municipio Machiques de Perij\u00e1 presentaron al Ministerio de los Pueblos Ind\u00edgenas diferentes propuestas en materia de salud, agricultura, producci\u00f3n, y documentaci\u00f3n para el bienestar de sus habitantes originarios. Durante una asamblea con la ministra de los Pueblos [&hellip;]\" \/>\n<meta property=\"og:url\" content=\"https:\/\/stage3.rnv.gob.ve\/wp\/pobladores-wayuu-presentan-propuestas-sociales\/\" \/>\n<meta property=\"og:site_name\" content=\"DEV RNV\" \/>\n<meta property=\"article:publisher\" content=\"https:\/\/www.facebook.com\/RadioNacionaldeVenezuela\" \/>\n<meta property=\"article:published_time\" content=\"2019-07-24T00:12:51+00:00\" \/>\n<meta name=\"author\" content=\"Radina Castillo\" \/>\n<meta name=\"twitter:card\" content=\"summary_large_image\" \/>\n<meta name=\"twitter:creator\" content=\"@RNVinformativa\" \/>\n<meta name=\"twitter:site\" content=\"@RNVinformativa\" \/>\n<meta name=\"twitter:label1\" content=\"Escrito por\" \/>\n\t<meta name=\"twitter:data1\" content=\"Radina Castillo\" \/>\n\t<meta name=\"twitter:label2\" content=\"Tiempo estimado de lectura\" \/>\n\t<meta name=\"twitter:data2\" content=\"1 minuto\" \/>\n<script type=\"application\/ld+json\" class=\"yoast-schema-graph\">{\"@context\":\"https:\\\/\\\/schema.org\",\"@graph\":[{\"@type\":\"Article\",\"@id\":\"https:\\\/\\\/stage3.rnv.gob.ve\\\/wp\\\/pobladores-wayuu-presentan-propuestas-sociales\\\/#article\",\"isPartOf\":{\"@id\":\"https:\\\/\\\/stage3.rnv.gob.ve\\\/wp\\\/pobladores-wayuu-presentan-propuestas-sociales\\\/\"},\"author\":{\"name\":\"Radina Castillo\",\"@id\":\"https:\\\/\\\/stage3.rnv.gob.ve\\\/wp\\\/#\\\/schema\\\/person\\\/8619f6ac19dcc69668db178621f9ce75\"},\"headline\":\"Pobladores \u00a0Way\u00fau presentan propuestas sociales\",\"datePublished\":\"2019-07-24T00:12:51+00:00\",\"mainEntityOfPage\":{\"@id\":\"https:\\\/\\\/stage3.rnv.gob.ve\\\/wp\\\/pobladores-wayuu-presentan-propuestas-sociales\\\/\"},\"wordCount\":246,\"publisher\":{\"@id\":\"https:\\\/\\\/stage3.rnv.gob.ve\\\/wp\\\/#organization\"},\"image\":{\"@id\":\"https:\\\/\\\/stage3.rnv.gob.ve\\\/wp\\\/pobladores-wayuu-presentan-propuestas-sociales\\\/#primaryimage\"},\"thumbnailUrl\":\"\",\"keywords\":[\"minpi\",\"wayuu\",\"Zuila\"],\"articleSection\":[\"Pueblos Originarios\"],\"inLanguage\":\"es\"},{\"@type\":\"WebPage\",\"@id\":\"https:\\\/\\\/stage3.rnv.gob.ve\\\/wp\\\/pobladores-wayuu-presentan-propuestas-sociales\\\/\",\"url\":\"https:\\\/\\\/stage3.rnv.gob.ve\\\/wp\\\/pobladores-wayuu-presentan-propuestas-sociales\\\/\",\"name\":\"Pobladores \u00a0Way\u00fau presentan propuestas sociales - DEV RNV\",\"isPartOf\":{\"@id\":\"https:\\\/\\\/stage3.rnv.gob.ve\\\/wp\\\/#website\"},\"primaryImageOfPage\":{\"@id\":\"https:\\\/\\\/stage3.rnv.gob.ve\\\/wp\\\/pobladores-wayuu-presentan-propuestas-sociales\\\/#primaryimage\"},\"image\":{\"@id\":\"https:\\\/\\\/stage3.rnv.gob.ve\\\/wp\\\/pobladores-wayuu-presentan-propuestas-sociales\\\/#primaryimage\"},\"thumbnailUrl\":\"\",\"datePublished\":\"2019-07-24T00:12:51+00:00\",\"breadcrumb\":{\"@id\":\"https:\\\/\\\/stage3.rnv.gob.ve\\\/wp\\\/pobladores-wayuu-presentan-propuestas-sociales\\\/#breadcrumb\"},\"inLanguage\":\"es\",\"potentialAction\":[{\"@type\":\"ReadAction\",\"target\":[\"https:\\\/\\\/stage3.rnv.gob.ve\\\/wp\\\/pobladores-wayuu-presentan-propuestas-sociales\\\/\"]}]},{\"@type\":\"ImageObject\",\"inLanguage\":\"es\",\"@id\":\"https:\\\/\\\/stage3.rnv.gob.ve\\\/wp\\\/pobladores-wayuu-presentan-propuestas-sociales\\\/#primaryimage\",\"url\":\"\",\"contentUrl\":\"\"},{\"@type\":\"BreadcrumbList\",\"@id\":\"https:\\\/\\\/stage3.rnv.gob.ve\\\/wp\\\/pobladores-wayuu-presentan-propuestas-sociales\\\/#breadcrumb\",\"itemListElement\":[{\"@type\":\"ListItem\",\"position\":1,\"name\":\"Portada\",\"item\":\"https:\\\/\\\/stage3.rnv.gob.ve\\\/wp\\\/\"},{\"@type\":\"ListItem\",\"position\":2,\"name\":\"Pobladores \u00a0Way\u00fau Presentan Propuestas Sociales\"}]},{\"@type\":\"WebSite\",\"@id\":\"https:\\\/\\\/stage3.rnv.gob.ve\\\/wp\\\/#website\",\"url\":\"https:\\\/\\\/stage3.rnv.gob.ve\\\/wp\\\/\",\"name\":\"DEV RNV\",\"description\":\"Radio Nacional de Venezuela C.A.\",\"publisher\":{\"@id\":\"https:\\\/\\\/stage3.rnv.gob.ve\\\/wp\\\/#organization\"},\"potentialAction\":[{\"@type\":\"SearchAction\",\"target\":{\"@type\":\"EntryPoint\",\"urlTemplate\":\"https:\\\/\\\/stage3.rnv.gob.ve\\\/wp\\\/?s={search_term_string}\"},\"query-input\":{\"@type\":\"PropertyValueSpecification\",\"valueRequired\":true,\"valueName\":\"search_term_string\"}}],\"inLanguage\":\"es\"},{\"@type\":\"Organization\",\"@id\":\"https:\\\/\\\/stage3.rnv.gob.ve\\\/wp\\\/#organization\",\"name\":\"Radio Nacional de Venezuela C.A.\",\"url\":\"https:\\\/\\\/stage3.rnv.gob.ve\\\/wp\\\/\",\"logo\":{\"@type\":\"ImageObject\",\"inLanguage\":\"es\",\"@id\":\"https:\\\/\\\/stage3.rnv.gob.ve\\\/wp\\\/#\\\/schema\\\/logo\\\/image\\\/\",\"url\":\"http:\\\/\\\/rnv.ddns.net\\\/prensa\\\/wp-content\\\/uploads\\\/2022\\\/04\\\/rnv-1-300x227-1.jpg\",\"contentUrl\":\"http:\\\/\\\/rnv.ddns.net\\\/prensa\\\/wp-content\\\/uploads\\\/2022\\\/04\\\/rnv-1-300x227-1.jpg\",\"width\":800,\"height\":455,\"caption\":\"Radio Nacional de Venezuela C.A.\"},\"image\":{\"@id\":\"https:\\\/\\\/stage3.rnv.gob.ve\\\/wp\\\/#\\\/schema\\\/logo\\\/image\\\/\"},\"sameAs\":[\"https:\\\/\\\/www.facebook.com\\\/RadioNacionaldeVenezuela\",\"https:\\\/\\\/x.com\\\/RNVinformativa\",\"https:\\\/\\\/www.instagram.com\\\/rnvinformativa\\\/\",\"https:\\\/\\\/www.youtube.com\\\/user\\\/RNVContigo\"]},{\"@type\":\"Person\",\"@id\":\"https:\\\/\\\/stage3.rnv.gob.ve\\\/wp\\\/#\\\/schema\\\/person\\\/8619f6ac19dcc69668db178621f9ce75\",\"name\":\"Radina Castillo\",\"url\":\"https:\\\/\\\/stage3.rnv.gob.ve\\\/wp\\\/author\\\/r_castillo\\\/\"}]}<\/script>\n<!-- \/ Yoast SEO plugin. -->","yoast_head_json":{"title":"Pobladores \u00a0Way\u00fau presentan propuestas sociales - DEV RNV","robots":{"index":"noindex","follow":"follow","max-snippet":"max-snippet:-1","max-image-preview":"max-image-preview:large","max-video-preview":"max-video-preview:-1"},"og_locale":"es_ES","og_type":"article","og_title":"Pobladores \u00a0Way\u00fau presentan propuestas sociales - DEV RNV","og_description":"L\u00edderes del pueblo Way\u00fau, pertenecientes a las parroquias R\u00edo Negro, San Jos\u00e9, Las Piedras y Libertad, en el municipio Machiques de Perij\u00e1 presentaron al Ministerio de los Pueblos Ind\u00edgenas diferentes propuestas en materia de salud, agricultura, producci\u00f3n, y documentaci\u00f3n para el bienestar de sus habitantes originarios. Durante una asamblea con la ministra de los Pueblos [&hellip;]","og_url":"https:\/\/stage3.rnv.gob.ve\/wp\/pobladores-wayuu-presentan-propuestas-sociales\/","og_site_name":"DEV RNV","article_publisher":"https:\/\/www.facebook.com\/RadioNacionaldeVenezuela","article_published_time":"2019-07-24T00:12:51+00:00","author":"Radina Castillo","twitter_card":"summary_large_image","twitter_creator":"@RNVinformativa","twitter_site":"@RNVinformativa","twitter_misc":{"Escrito por":"Radina Castillo","Tiempo estimado de lectura":"1 minuto"},"schema":{"@context":"https:\/\/schema.org","@graph":[{"@type":"Article","@id":"https:\/\/stage3.rnv.gob.ve\/wp\/pobladores-wayuu-presentan-propuestas-sociales\/#article","isPartOf":{"@id":"https:\/\/stage3.rnv.gob.ve\/wp\/pobladores-wayuu-presentan-propuestas-sociales\/"},"author":{"name":"Radina Castillo","@id":"https:\/\/stage3.rnv.gob.ve\/wp\/#\/schema\/person\/8619f6ac19dcc69668db178621f9ce75"},"headline":"Pobladores \u00a0Way\u00fau presentan propuestas sociales","datePublished":"2019-07-24T00:12:51+00:00","mainEntityOfPage":{"@id":"https:\/\/stage3.rnv.gob.ve\/wp\/pobladores-wayuu-presentan-propuestas-sociales\/"},"wordCount":246,"publisher":{"@id":"https:\/\/stage3.rnv.gob.ve\/wp\/#organization"},"image":{"@id":"https:\/\/stage3.rnv.gob.ve\/wp\/pobladores-wayuu-presentan-propuestas-sociales\/#primaryimage"},"thumbnailUrl":"","keywords":["minpi","wayuu","Zuila"],"articleSection":["Pueblos Originarios"],"inLanguage":"es"},{"@type":"WebPage","@id":"https:\/\/stage3.rnv.gob.ve\/wp\/pobladores-wayuu-presentan-propuestas-sociales\/","url":"https:\/\/stage3.rnv.gob.ve\/wp\/pobladores-wayuu-presentan-propuestas-sociales\/","name":"Pobladores \u00a0Way\u00fau presentan propuestas sociales - DEV RNV","isPartOf":{"@id":"https:\/\/stage3.rnv.gob.ve\/wp\/#website"},"primaryImageOfPage":{"@id":"https:\/\/stage3.rnv.gob.ve\/wp\/pobladores-wayuu-presentan-propuestas-sociales\/#primaryimage"},"image":{"@id":"https:\/\/stage3.rnv.gob.ve\/wp\/pobladores-wayuu-presentan-propuestas-sociales\/#primaryimage"},"thumbnailUrl":"","datePublished":"2019-07-24T00:12:51+00:00","breadcrumb":{"@id":"https:\/\/stage3.rnv.gob.ve\/wp\/pobladores-wayuu-presentan-propuestas-sociales\/#breadcrumb"},"inLanguage":"es","potentialAction":[{"@type":"ReadAction","target":["https:\/\/stage3.rnv.gob.ve\/wp\/pobladores-wayuu-presentan-propuestas-sociales\/"]}]},{"@type":"ImageObject","inLanguage":"es","@id":"https:\/\/stage3.rnv.gob.ve\/wp\/pobladores-wayuu-presentan-propuestas-sociales\/#primaryimage","url":"","contentUrl":""},{"@type":"BreadcrumbList","@id":"https:\/\/stage3.rnv.gob.ve\/wp\/pobladores-wayuu-presentan-propuestas-sociales\/#breadcrumb","itemListElement":[{"@type":"ListItem","position":1,"name":"Portada","item":"https:\/\/stage3.rnv.gob.ve\/wp\/"},{"@type":"ListItem","position":2,"name":"Pobladores \u00a0Way\u00fau Presentan Propuestas Sociales"}]},{"@type":"WebSite","@id":"https:\/\/stage3.rnv.gob.ve\/wp\/#website","url":"https:\/\/stage3.rnv.gob.ve\/wp\/","name":"DEV RNV","description":"Radio Nacional de Venezuela C.A.","publisher":{"@id":"https:\/\/stage3.rnv.gob.ve\/wp\/#organization"},"potentialAction":[{"@type":"SearchAction","target":{"@type":"EntryPoint","urlTemplate":"https:\/\/stage3.rnv.gob.ve\/wp\/?s={search_term_string}"},"query-input":{"@type":"PropertyValueSpecification","valueRequired":true,"valueName":"search_term_string"}}],"inLanguage":"es"},{"@type":"Organization","@id":"https:\/\/stage3.rnv.gob.ve\/wp\/#organization","name":"Radio Nacional de Venezuela C.A.","url":"https:\/\/stage3.rnv.gob.ve\/wp\/","logo":{"@type":"ImageObject","inLanguage":"es","@id":"https:\/\/stage3.rnv.gob.ve\/wp\/#\/schema\/logo\/image\/","url":"http:\/\/rnv.ddns.net\/prensa\/wp-content\/uploads\/2022\/04\/rnv-1-300x227-1.jpg","contentUrl":"http:\/\/rnv.ddns.net\/prensa\/wp-content\/uploads\/2022\/04\/rnv-1-300x227-1.jpg","width":800,"height":455,"caption":"Radio Nacional de Venezuela C.A."},"image":{"@id":"https:\/\/stage3.rnv.gob.ve\/wp\/#\/schema\/logo\/image\/"},"sameAs":["https:\/\/www.facebook.com\/RadioNacionaldeVenezuela","https:\/\/x.com\/RNVinformativa","https:\/\/www.instagram.com\/rnvinformativa\/","https:\/\/www.youtube.com\/user\/RNVContigo"]},{"@type":"Person","@id":"https:\/\/stage3.rnv.gob.ve\/wp\/#\/schema\/person\/8619f6ac19dcc69668db178621f9ce75","name":"Radina Castillo","url":"https:\/\/stage3.rnv.gob.ve\/wp\/author\/r_castillo\/"}]}},"jetpack_featured_media_url":"","_links":{"self":[{"href":"https:\/\/stage3.rnv.gob.ve\/wp\/wp-json\/wp\/v2\/posts\/270710","targetHints":{"allow":["GET"]}}],"collection":[{"href":"https:\/\/stage3.rnv.gob.ve\/wp\/wp-json\/wp\/v2\/posts"}],"about":[{"href":"https:\/\/stage3.rnv.gob.ve\/wp\/wp-json\/wp\/v2\/types\/post"}],"author":[{"embeddable":true,"href":"https:\/\/stage3.rnv.gob.ve\/wp\/wp-json\/wp\/v2\/users\/34"}],"replies":[{"embeddable":true,"href":"https:\/\/stage3.rnv.gob.ve\/wp\/wp-json\/wp\/v2\/comments?post=270710"}],"version-history":[{"count":0,"href":"https:\/\/stage3.rnv.gob.ve\/wp\/wp-json\/wp\/v2\/posts\/270710\/revisions"}],"wp:featuredmedia":[{"embeddable":true,"href":"https:\/\/stage3.rnv.gob.ve\/wp\/wp-json\/"}],"wp:attachment":[{"href":"https:\/\/stage3.rnv.gob.ve\/wp\/wp-json\/wp\/v2\/media?parent=270710"}],"wp:term":[{"taxonomy":"category","embeddable":true,"href":"https:\/\/stage3.rnv.gob.ve\/wp\/wp-json\/wp\/v2\/categories?post=270710"},{"taxonomy":"post_tag","embeddable":true,"href":"https:\/\/stage3.rnv.gob.ve\/wp\/wp-json\/wp\/v2\/tags?post=270710"}],"curies":[{"name":"wp","href":"https:\/\/api.w.org\/{rel}","templated":true}]}}