{"id":265390,"date":"2019-06-02T21:03:29","date_gmt":"2019-06-03T01:33:29","guid":{"rendered":"https:\/\/stage3.rnv.gob.ve\/wp\/?p=265390"},"modified":"2019-06-02T21:03:29","modified_gmt":"2019-06-03T01:33:29","slug":"nicolasmaduro-estamos-listos-para-el-gran-proceso-de-rectificacion-renovacion-y-cambios","status":"publish","type":"post","link":"https:\/\/stage3.rnv.gob.ve\/wp\/nicolasmaduro-estamos-listos-para-el-gran-proceso-de-rectificacion-renovacion-y-cambios\/","title":{"rendered":"@NicolasMaduro: Estamos listos para el gran proceso de rectificaci\u00f3n, renovaci\u00f3n y cambios"},"content":{"rendered":"<p><img fetchpriority=\"high\" decoding=\"async\" class=\"aligncenter wp-image-265392 size-full\" src=\"https:\/\/stage3.rnv.gob.ve\/wp\/wp-content\/uploads\/2019\/06\/D8FMZ3cXkAEiW5u-e1559525532559.jpg\" alt=\"\" width=\"580\" height=\"373\" \/><br \/>\n&nbsp;<br \/>\nEl presidente de la Rep\u00fablica Bolivariana de Venezuela, Nicol\u00e1s Maduro, afirm\u00f3 estar listo para el gran proceso de rectificaci\u00f3n,\u00a0renovaci\u00f3n y cambios. \u00abTransformaremos todos los m\u00e9todos de trabajo para avanzar hacia el futuro con mayor eficiencia. Demostremos al mundo que si podemos superar todas las dificultades\u00bb.<br \/>\nAs\u00ed lo dio a conoci\u00f3 el Primer Mandatario Nacional este domingo por medio de su cuenta oficial Twitter\u00a0@NicolasMaduro.<br \/>\nAs\u00ed mismo el Jefe de Estado venezolano por medio de su red social manifest\u00f3 que actualmente enfrentan las dificultades con trabajo permanente para impulsar las fuerzas productivas del pa\u00eds de la mano del pueblo. \u00abSolo por la v\u00eda de la Revoluci\u00f3n y del Socialismo Bolivariano del siglo XXI, lograremos la definitiva liberaci\u00f3n econ\u00f3mica de la Patria\u00bb.<br \/>\n<strong>T\/RNV WEB<\/strong><\/p>\n","protected":false},"excerpt":{"rendered":"<p>&nbsp; El presidente de la Rep\u00fablica Bolivariana de Venezuela, Nicol\u00e1s Maduro, afirm\u00f3 estar listo para el gran proceso de rectificaci\u00f3n,\u00a0renovaci\u00f3n y cambios. \u00abTransformaremos todos los m\u00e9todos de trabajo para avanzar hacia el futuro con mayor eficiencia. Demostremos al mundo que si podemos superar todas las dificultades\u00bb. As\u00ed lo dio a conoci\u00f3 el Primer Mandatario Nacional [&hellip;]<\/p>\n","protected":false},"author":38,"featured_media":265392,"comment_status":"closed","ping_status":"open","sticky":false,"template":"","format":"standard","meta":{"_acf_changed":false,"footnotes":""},"categories":[65],"tags":[3032,21087,19795,9106],"class_list":["post-265390","post","type-post","status-publish","format-standard","has-post-thumbnail","hentry","category-nacional","tag-cambios","tag-liberacion-economica","tag-rectificacion","tag-renovacion"],"acf":[],"yoast_head":"<!-- This site is optimized with the Yoast SEO plugin v27.4 - https:\/\/yoast.com\/product\/yoast-seo-wordpress\/ -->\n<title>@NicolasMaduro: Estamos listos para el gran proceso de rectificaci\u00f3n, renovaci\u00f3n y cambios - DEV RNV<\/title>\n<meta name=\"robots\" content=\"noindex, follow, max-snippet:-1, max-image-preview:large, max-video-preview:-1\" \/>\n<meta property=\"og:locale\" content=\"es_ES\" \/>\n<meta property=\"og:type\" content=\"article\" \/>\n<meta property=\"og:title\" content=\"@NicolasMaduro: Estamos listos para el gran proceso de rectificaci\u00f3n, renovaci\u00f3n y cambios - DEV RNV\" \/>\n<meta property=\"og:description\" content=\"&nbsp; El presidente de la Rep\u00fablica Bolivariana de Venezuela, Nicol\u00e1s Maduro, afirm\u00f3 estar listo para el gran proceso de rectificaci\u00f3n,\u00a0renovaci\u00f3n y cambios. \u00abTransformaremos todos los m\u00e9todos de trabajo para avanzar hacia el futuro con mayor eficiencia. Demostremos al mundo que si podemos superar todas las dificultades\u00bb. As\u00ed lo dio a conoci\u00f3 el Primer Mandatario Nacional [&hellip;]\" \/>\n<meta property=\"og:url\" content=\"https:\/\/stage3.rnv.gob.ve\/wp\/nicolasmaduro-estamos-listos-para-el-gran-proceso-de-rectificacion-renovacion-y-cambios\/\" \/>\n<meta property=\"og:site_name\" content=\"DEV RNV\" \/>\n<meta property=\"article:publisher\" content=\"https:\/\/www.facebook.com\/RadioNacionaldeVenezuela\" \/>\n<meta property=\"article:published_time\" content=\"2019-06-03T01:33:29+00:00\" \/>\n<meta name=\"author\" content=\"Nodelys Colmenares\" \/>\n<meta name=\"twitter:card\" content=\"summary_large_image\" \/>\n<meta name=\"twitter:creator\" content=\"@RNVinformativa\" \/>\n<meta name=\"twitter:site\" content=\"@RNVinformativa\" \/>\n<meta name=\"twitter:label1\" content=\"Escrito por\" \/>\n\t<meta name=\"twitter:data1\" content=\"Nodelys Colmenares\" \/>\n\t<meta name=\"twitter:label2\" content=\"Tiempo estimado de lectura\" \/>\n\t<meta name=\"twitter:data2\" content=\"1 minuto\" \/>\n<script type=\"application\/ld+json\" class=\"yoast-schema-graph\">{\"@context\":\"https:\\\/\\\/schema.org\",\"@graph\":[{\"@type\":\"Article\",\"@id\":\"https:\\\/\\\/stage3.rnv.gob.ve\\\/wp\\\/nicolasmaduro-estamos-listos-para-el-gran-proceso-de-rectificacion-renovacion-y-cambios\\\/#article\",\"isPartOf\":{\"@id\":\"https:\\\/\\\/stage3.rnv.gob.ve\\\/wp\\\/nicolasmaduro-estamos-listos-para-el-gran-proceso-de-rectificacion-renovacion-y-cambios\\\/\"},\"author\":{\"name\":\"Nodelys Colmenares\",\"@id\":\"https:\\\/\\\/stage3.rnv.gob.ve\\\/wp\\\/#\\\/schema\\\/person\\\/4a1b8697fa91162d166574c95be82e1d\"},\"headline\":\"@NicolasMaduro: Estamos listos para el gran proceso de rectificaci\u00f3n, renovaci\u00f3n y cambios\",\"datePublished\":\"2019-06-03T01:33:29+00:00\",\"mainEntityOfPage\":{\"@id\":\"https:\\\/\\\/stage3.rnv.gob.ve\\\/wp\\\/nicolasmaduro-estamos-listos-para-el-gran-proceso-de-rectificacion-renovacion-y-cambios\\\/\"},\"wordCount\":149,\"publisher\":{\"@id\":\"https:\\\/\\\/stage3.rnv.gob.ve\\\/wp\\\/#organization\"},\"image\":{\"@id\":\"https:\\\/\\\/stage3.rnv.gob.ve\\\/wp\\\/nicolasmaduro-estamos-listos-para-el-gran-proceso-de-rectificacion-renovacion-y-cambios\\\/#primaryimage\"},\"thumbnailUrl\":\"\",\"keywords\":[\"Cambios\",\"Liberaci\u00f3n econ\u00f3mica\",\"rectificacion\",\"renovaci\u00f3n\"],\"articleSection\":[\"Nacional\"],\"inLanguage\":\"es\"},{\"@type\":\"WebPage\",\"@id\":\"https:\\\/\\\/stage3.rnv.gob.ve\\\/wp\\\/nicolasmaduro-estamos-listos-para-el-gran-proceso-de-rectificacion-renovacion-y-cambios\\\/\",\"url\":\"https:\\\/\\\/stage3.rnv.gob.ve\\\/wp\\\/nicolasmaduro-estamos-listos-para-el-gran-proceso-de-rectificacion-renovacion-y-cambios\\\/\",\"name\":\"@NicolasMaduro: Estamos listos para el gran proceso de rectificaci\u00f3n, renovaci\u00f3n y cambios - DEV RNV\",\"isPartOf\":{\"@id\":\"https:\\\/\\\/stage3.rnv.gob.ve\\\/wp\\\/#website\"},\"primaryImageOfPage\":{\"@id\":\"https:\\\/\\\/stage3.rnv.gob.ve\\\/wp\\\/nicolasmaduro-estamos-listos-para-el-gran-proceso-de-rectificacion-renovacion-y-cambios\\\/#primaryimage\"},\"image\":{\"@id\":\"https:\\\/\\\/stage3.rnv.gob.ve\\\/wp\\\/nicolasmaduro-estamos-listos-para-el-gran-proceso-de-rectificacion-renovacion-y-cambios\\\/#primaryimage\"},\"thumbnailUrl\":\"\",\"datePublished\":\"2019-06-03T01:33:29+00:00\",\"breadcrumb\":{\"@id\":\"https:\\\/\\\/stage3.rnv.gob.ve\\\/wp\\\/nicolasmaduro-estamos-listos-para-el-gran-proceso-de-rectificacion-renovacion-y-cambios\\\/#breadcrumb\"},\"inLanguage\":\"es\",\"potentialAction\":[{\"@type\":\"ReadAction\",\"target\":[\"https:\\\/\\\/stage3.rnv.gob.ve\\\/wp\\\/nicolasmaduro-estamos-listos-para-el-gran-proceso-de-rectificacion-renovacion-y-cambios\\\/\"]}]},{\"@type\":\"ImageObject\",\"inLanguage\":\"es\",\"@id\":\"https:\\\/\\\/stage3.rnv.gob.ve\\\/wp\\\/nicolasmaduro-estamos-listos-para-el-gran-proceso-de-rectificacion-renovacion-y-cambios\\\/#primaryimage\",\"url\":\"\",\"contentUrl\":\"\"},{\"@type\":\"BreadcrumbList\",\"@id\":\"https:\\\/\\\/stage3.rnv.gob.ve\\\/wp\\\/nicolasmaduro-estamos-listos-para-el-gran-proceso-de-rectificacion-renovacion-y-cambios\\\/#breadcrumb\",\"itemListElement\":[{\"@type\":\"ListItem\",\"position\":1,\"name\":\"Portada\",\"item\":\"https:\\\/\\\/stage3.rnv.gob.ve\\\/wp\\\/\"},{\"@type\":\"ListItem\",\"position\":2,\"name\":\"@Nicolasmaduro: Estamos Listos Para El Gran Proceso De Rectificaci\u00f3n, Renovaci\u00f3n Y Cambios\"}]},{\"@type\":\"WebSite\",\"@id\":\"https:\\\/\\\/stage3.rnv.gob.ve\\\/wp\\\/#website\",\"url\":\"https:\\\/\\\/stage3.rnv.gob.ve\\\/wp\\\/\",\"name\":\"DEV RNV\",\"description\":\"Radio Nacional de Venezuela C.A.\",\"publisher\":{\"@id\":\"https:\\\/\\\/stage3.rnv.gob.ve\\\/wp\\\/#organization\"},\"potentialAction\":[{\"@type\":\"SearchAction\",\"target\":{\"@type\":\"EntryPoint\",\"urlTemplate\":\"https:\\\/\\\/stage3.rnv.gob.ve\\\/wp\\\/?s={search_term_string}\"},\"query-input\":{\"@type\":\"PropertyValueSpecification\",\"valueRequired\":true,\"valueName\":\"search_term_string\"}}],\"inLanguage\":\"es\"},{\"@type\":\"Organization\",\"@id\":\"https:\\\/\\\/stage3.rnv.gob.ve\\\/wp\\\/#organization\",\"name\":\"Radio Nacional de Venezuela C.A.\",\"url\":\"https:\\\/\\\/stage3.rnv.gob.ve\\\/wp\\\/\",\"logo\":{\"@type\":\"ImageObject\",\"inLanguage\":\"es\",\"@id\":\"https:\\\/\\\/stage3.rnv.gob.ve\\\/wp\\\/#\\\/schema\\\/logo\\\/image\\\/\",\"url\":\"http:\\\/\\\/rnv.ddns.net\\\/prensa\\\/wp-content\\\/uploads\\\/2022\\\/04\\\/rnv-1-300x227-1.jpg\",\"contentUrl\":\"http:\\\/\\\/rnv.ddns.net\\\/prensa\\\/wp-content\\\/uploads\\\/2022\\\/04\\\/rnv-1-300x227-1.jpg\",\"width\":800,\"height\":455,\"caption\":\"Radio Nacional de Venezuela C.A.\"},\"image\":{\"@id\":\"https:\\\/\\\/stage3.rnv.gob.ve\\\/wp\\\/#\\\/schema\\\/logo\\\/image\\\/\"},\"sameAs\":[\"https:\\\/\\\/www.facebook.com\\\/RadioNacionaldeVenezuela\",\"https:\\\/\\\/x.com\\\/RNVinformativa\",\"https:\\\/\\\/www.instagram.com\\\/rnvinformativa\\\/\",\"https:\\\/\\\/www.youtube.com\\\/user\\\/RNVContigo\"]},{\"@type\":\"Person\",\"@id\":\"https:\\\/\\\/stage3.rnv.gob.ve\\\/wp\\\/#\\\/schema\\\/person\\\/4a1b8697fa91162d166574c95be82e1d\",\"name\":\"Nodelys Colmenares\",\"url\":\"https:\\\/\\\/stage3.rnv.gob.ve\\\/wp\\\/author\\\/nodelys-colmenares\\\/\"}]}<\/script>\n<!-- \/ Yoast SEO plugin. -->","yoast_head_json":{"title":"@NicolasMaduro: Estamos listos para el gran proceso de rectificaci\u00f3n, renovaci\u00f3n y cambios - DEV RNV","robots":{"index":"noindex","follow":"follow","max-snippet":"max-snippet:-1","max-image-preview":"max-image-preview:large","max-video-preview":"max-video-preview:-1"},"og_locale":"es_ES","og_type":"article","og_title":"@NicolasMaduro: Estamos listos para el gran proceso de rectificaci\u00f3n, renovaci\u00f3n y cambios - DEV RNV","og_description":"&nbsp; El presidente de la Rep\u00fablica Bolivariana de Venezuela, Nicol\u00e1s Maduro, afirm\u00f3 estar listo para el gran proceso de rectificaci\u00f3n,\u00a0renovaci\u00f3n y cambios. \u00abTransformaremos todos los m\u00e9todos de trabajo para avanzar hacia el futuro con mayor eficiencia. Demostremos al mundo que si podemos superar todas las dificultades\u00bb. As\u00ed lo dio a conoci\u00f3 el Primer Mandatario Nacional [&hellip;]","og_url":"https:\/\/stage3.rnv.gob.ve\/wp\/nicolasmaduro-estamos-listos-para-el-gran-proceso-de-rectificacion-renovacion-y-cambios\/","og_site_name":"DEV RNV","article_publisher":"https:\/\/www.facebook.com\/RadioNacionaldeVenezuela","article_published_time":"2019-06-03T01:33:29+00:00","author":"Nodelys Colmenares","twitter_card":"summary_large_image","twitter_creator":"@RNVinformativa","twitter_site":"@RNVinformativa","twitter_misc":{"Escrito por":"Nodelys Colmenares","Tiempo estimado de lectura":"1 minuto"},"schema":{"@context":"https:\/\/schema.org","@graph":[{"@type":"Article","@id":"https:\/\/stage3.rnv.gob.ve\/wp\/nicolasmaduro-estamos-listos-para-el-gran-proceso-de-rectificacion-renovacion-y-cambios\/#article","isPartOf":{"@id":"https:\/\/stage3.rnv.gob.ve\/wp\/nicolasmaduro-estamos-listos-para-el-gran-proceso-de-rectificacion-renovacion-y-cambios\/"},"author":{"name":"Nodelys Colmenares","@id":"https:\/\/stage3.rnv.gob.ve\/wp\/#\/schema\/person\/4a1b8697fa91162d166574c95be82e1d"},"headline":"@NicolasMaduro: Estamos listos para el gran proceso de rectificaci\u00f3n, renovaci\u00f3n y cambios","datePublished":"2019-06-03T01:33:29+00:00","mainEntityOfPage":{"@id":"https:\/\/stage3.rnv.gob.ve\/wp\/nicolasmaduro-estamos-listos-para-el-gran-proceso-de-rectificacion-renovacion-y-cambios\/"},"wordCount":149,"publisher":{"@id":"https:\/\/stage3.rnv.gob.ve\/wp\/#organization"},"image":{"@id":"https:\/\/stage3.rnv.gob.ve\/wp\/nicolasmaduro-estamos-listos-para-el-gran-proceso-de-rectificacion-renovacion-y-cambios\/#primaryimage"},"thumbnailUrl":"","keywords":["Cambios","Liberaci\u00f3n econ\u00f3mica","rectificacion","renovaci\u00f3n"],"articleSection":["Nacional"],"inLanguage":"es"},{"@type":"WebPage","@id":"https:\/\/stage3.rnv.gob.ve\/wp\/nicolasmaduro-estamos-listos-para-el-gran-proceso-de-rectificacion-renovacion-y-cambios\/","url":"https:\/\/stage3.rnv.gob.ve\/wp\/nicolasmaduro-estamos-listos-para-el-gran-proceso-de-rectificacion-renovacion-y-cambios\/","name":"@NicolasMaduro: Estamos listos para el gran proceso de rectificaci\u00f3n, renovaci\u00f3n y cambios - DEV RNV","isPartOf":{"@id":"https:\/\/stage3.rnv.gob.ve\/wp\/#website"},"primaryImageOfPage":{"@id":"https:\/\/stage3.rnv.gob.ve\/wp\/nicolasmaduro-estamos-listos-para-el-gran-proceso-de-rectificacion-renovacion-y-cambios\/#primaryimage"},"image":{"@id":"https:\/\/stage3.rnv.gob.ve\/wp\/nicolasmaduro-estamos-listos-para-el-gran-proceso-de-rectificacion-renovacion-y-cambios\/#primaryimage"},"thumbnailUrl":"","datePublished":"2019-06-03T01:33:29+00:00","breadcrumb":{"@id":"https:\/\/stage3.rnv.gob.ve\/wp\/nicolasmaduro-estamos-listos-para-el-gran-proceso-de-rectificacion-renovacion-y-cambios\/#breadcrumb"},"inLanguage":"es","potentialAction":[{"@type":"ReadAction","target":["https:\/\/stage3.rnv.gob.ve\/wp\/nicolasmaduro-estamos-listos-para-el-gran-proceso-de-rectificacion-renovacion-y-cambios\/"]}]},{"@type":"ImageObject","inLanguage":"es","@id":"https:\/\/stage3.rnv.gob.ve\/wp\/nicolasmaduro-estamos-listos-para-el-gran-proceso-de-rectificacion-renovacion-y-cambios\/#primaryimage","url":"","contentUrl":""},{"@type":"BreadcrumbList","@id":"https:\/\/stage3.rnv.gob.ve\/wp\/nicolasmaduro-estamos-listos-para-el-gran-proceso-de-rectificacion-renovacion-y-cambios\/#breadcrumb","itemListElement":[{"@type":"ListItem","position":1,"name":"Portada","item":"https:\/\/stage3.rnv.gob.ve\/wp\/"},{"@type":"ListItem","position":2,"name":"@Nicolasmaduro: Estamos Listos Para El Gran Proceso De Rectificaci\u00f3n, Renovaci\u00f3n Y Cambios"}]},{"@type":"WebSite","@id":"https:\/\/stage3.rnv.gob.ve\/wp\/#website","url":"https:\/\/stage3.rnv.gob.ve\/wp\/","name":"DEV RNV","description":"Radio Nacional de Venezuela C.A.","publisher":{"@id":"https:\/\/stage3.rnv.gob.ve\/wp\/#organization"},"potentialAction":[{"@type":"SearchAction","target":{"@type":"EntryPoint","urlTemplate":"https:\/\/stage3.rnv.gob.ve\/wp\/?s={search_term_string}"},"query-input":{"@type":"PropertyValueSpecification","valueRequired":true,"valueName":"search_term_string"}}],"inLanguage":"es"},{"@type":"Organization","@id":"https:\/\/stage3.rnv.gob.ve\/wp\/#organization","name":"Radio Nacional de Venezuela C.A.","url":"https:\/\/stage3.rnv.gob.ve\/wp\/","logo":{"@type":"ImageObject","inLanguage":"es","@id":"https:\/\/stage3.rnv.gob.ve\/wp\/#\/schema\/logo\/image\/","url":"http:\/\/rnv.ddns.net\/prensa\/wp-content\/uploads\/2022\/04\/rnv-1-300x227-1.jpg","contentUrl":"http:\/\/rnv.ddns.net\/prensa\/wp-content\/uploads\/2022\/04\/rnv-1-300x227-1.jpg","width":800,"height":455,"caption":"Radio Nacional de Venezuela C.A."},"image":{"@id":"https:\/\/stage3.rnv.gob.ve\/wp\/#\/schema\/logo\/image\/"},"sameAs":["https:\/\/www.facebook.com\/RadioNacionaldeVenezuela","https:\/\/x.com\/RNVinformativa","https:\/\/www.instagram.com\/rnvinformativa\/","https:\/\/www.youtube.com\/user\/RNVContigo"]},{"@type":"Person","@id":"https:\/\/stage3.rnv.gob.ve\/wp\/#\/schema\/person\/4a1b8697fa91162d166574c95be82e1d","name":"Nodelys Colmenares","url":"https:\/\/stage3.rnv.gob.ve\/wp\/author\/nodelys-colmenares\/"}]}},"jetpack_featured_media_url":"","_links":{"self":[{"href":"https:\/\/stage3.rnv.gob.ve\/wp\/wp-json\/wp\/v2\/posts\/265390","targetHints":{"allow":["GET"]}}],"collection":[{"href":"https:\/\/stage3.rnv.gob.ve\/wp\/wp-json\/wp\/v2\/posts"}],"about":[{"href":"https:\/\/stage3.rnv.gob.ve\/wp\/wp-json\/wp\/v2\/types\/post"}],"author":[{"embeddable":true,"href":"https:\/\/stage3.rnv.gob.ve\/wp\/wp-json\/wp\/v2\/users\/38"}],"replies":[{"embeddable":true,"href":"https:\/\/stage3.rnv.gob.ve\/wp\/wp-json\/wp\/v2\/comments?post=265390"}],"version-history":[{"count":0,"href":"https:\/\/stage3.rnv.gob.ve\/wp\/wp-json\/wp\/v2\/posts\/265390\/revisions"}],"wp:featuredmedia":[{"embeddable":true,"href":"https:\/\/stage3.rnv.gob.ve\/wp\/wp-json\/"}],"wp:attachment":[{"href":"https:\/\/stage3.rnv.gob.ve\/wp\/wp-json\/wp\/v2\/media?parent=265390"}],"wp:term":[{"taxonomy":"category","embeddable":true,"href":"https:\/\/stage3.rnv.gob.ve\/wp\/wp-json\/wp\/v2\/categories?post=265390"},{"taxonomy":"post_tag","embeddable":true,"href":"https:\/\/stage3.rnv.gob.ve\/wp\/wp-json\/wp\/v2\/tags?post=265390"}],"curies":[{"name":"wp","href":"https:\/\/api.w.org\/{rel}","templated":true}]}}