{"id":261992,"date":"2019-05-04T13:35:46","date_gmt":"2019-05-04T18:05:46","guid":{"rendered":"https:\/\/stage3.rnv.gob.ve\/wp\/?p=261992"},"modified":"2019-05-04T13:35:46","modified_gmt":"2019-05-04T18:05:46","slug":"jornada-de-dialogo-ratifica-compromiso-del-pueblo-en-construccion-del-futuro","status":"publish","type":"post","link":"https:\/\/stage3.rnv.gob.ve\/wp\/jornada-de-dialogo-ratifica-compromiso-del-pueblo-en-construccion-del-futuro\/","title":{"rendered":"Jornada de Di\u00e1logo ratifica compromiso del pueblo en construcci\u00f3n del futuro"},"content":{"rendered":"<p><img fetchpriority=\"high\" decoding=\"async\" class=\"aligncenter wp-image-261993\" src=\"https:\/\/stage3.rnv.gob.ve\/wp\/wp-content\/uploads\/2019\/05\/menendez1556553610.jpg\" alt=\"\" width=\"600\" height=\"303\" \/><br \/>\nLa Jornada Nacional de Di\u00e1logo y Rectificaci\u00f3n, que se inici\u00f3 con la activaci\u00f3n de\u00a016.841 asambleas, evidencia el compromiso del pueblo venezolano en la construcci\u00f3n del\u00a0futuro de la Revoluci\u00f3n Bolivariana, destac\u00f3 este s\u00e1bado el vicepresidente de Planificaci\u00f3n,\u00a0Ricardo Men\u00e9ndez.<br \/>\n\u00abAqu\u00ed ratificamos nuestra lealtad y firmeza en la construcci\u00f3n del futuro. No es con los escu\u00e1lidos, no es con los imperialistas, es con el pueblo que resolvemos nuestros problemas, es con la Revoluci\u00f3n Bolivariana que profundizamos la construcci\u00f3n del socialismo\u00bb, subray\u00f3, en el Liceo Bolivariano de Formaci\u00f3n Cultural Ferm\u00edn Toro, en Caracas.<br \/>\nMen\u00e9ndez, quien destac\u00f3 el esp\u00edritu democr\u00e1tico de la discusi\u00f3n, inst\u00f3 a representantes populares, convocados en la primera etapa de debate, a elaborar propuestas concretas de cada eje tem\u00e1tico a fin de facilitar el proceso de sistematizaci\u00f3n y posterior presentaci\u00f3n de los aportes recibidos.<br \/>\nLa Jornada Nacional de Di\u00e1logo y Rectificaci\u00f3n, convocada el mi\u00e9rcoles pasado por el presidente de la Rep\u00fablica, Nicol\u00e1s Maduro, concentra a las bases populares, delegados del Congreso Bolivariano de los Pueblos y del IV Congreso del Partido Socialista Unido de Venezuela (Psuv), as\u00ed como a gobernadores, alcaldes, protectores y constituyentes, a fin de generar propuestas relacionadas con el perfeccionamiento de los m\u00e9todos de la Revoluci\u00f3n Bolivariana.<br \/>\nEl pr\u00f3ximo lunes se realizar\u00e1 un encuentro nacional en el Poliedro de Caracas, al cual ha sido invitado el Jefe de Estado, a fin de elevar los aportes generados durante las asambleas.<br \/>\n<strong>T\/AVN<\/strong><br \/>\n<strong>Escuche al vicepresidente de Planificaci\u00f3n, Ricardo Men\u00e9ndez<\/strong><br \/>\n<audio class=\"wp-audio-shortcode\" id=\"audio-261992-1\" preload=\"none\" style=\"width: 100%;\" controls=\"controls\"><source type=\"audio\/mpeg\" src=\"https:\/\/stage3.rnv.gob.ve\/wp\/wp-content\/uploads\/2019\/05\/menendez.mp3?_=1\" \/><a href=\"https:\/\/stage3.rnv.gob.ve\/wp\/wp-content\/uploads\/2019\/05\/menendez.mp3\">https:\/\/stage3.rnv.gob.ve\/wp\/wp-content\/uploads\/2019\/05\/menendez.mp3<\/a><\/audio><\/p>\n","protected":false},"excerpt":{"rendered":"<p>La Jornada Nacional de Di\u00e1logo y Rectificaci\u00f3n, que se inici\u00f3 con la activaci\u00f3n de\u00a016.841 asambleas, evidencia el compromiso del pueblo venezolano en la construcci\u00f3n del\u00a0futuro de la Revoluci\u00f3n Bolivariana, destac\u00f3 este s\u00e1bado el vicepresidente de Planificaci\u00f3n,\u00a0Ricardo Men\u00e9ndez. \u00abAqu\u00ed ratificamos nuestra lealtad y firmeza en la construcci\u00f3n del futuro. No es con los escu\u00e1lidos, no es [&hellip;]<\/p>\n","protected":false},"author":18,"featured_media":261993,"comment_status":"closed","ping_status":"open","sticky":false,"template":"","format":"standard","meta":{"_acf_changed":false,"footnotes":""},"categories":[65],"tags":[1097,20752,562,19795],"class_list":["post-261992","post","type-post","status-publish","format-standard","has-post-thumbnail","hentry","category-nacional","tag-dialogo","tag-jornda","tag-menendez","tag-rectificacion"],"acf":[],"yoast_head":"<!-- This site is optimized with the Yoast SEO plugin v27.4 - https:\/\/yoast.com\/product\/yoast-seo-wordpress\/ -->\n<title>Jornada de Di\u00e1logo ratifica compromiso del pueblo en construcci\u00f3n del futuro - DEV RNV<\/title>\n<meta name=\"robots\" content=\"noindex, follow, max-snippet:-1, max-image-preview:large, max-video-preview:-1\" \/>\n<meta property=\"og:locale\" content=\"es_ES\" \/>\n<meta property=\"og:type\" content=\"article\" \/>\n<meta property=\"og:title\" content=\"Jornada de Di\u00e1logo ratifica compromiso del pueblo en construcci\u00f3n del futuro - DEV RNV\" \/>\n<meta property=\"og:description\" content=\"La Jornada Nacional de Di\u00e1logo y Rectificaci\u00f3n, que se inici\u00f3 con la activaci\u00f3n de\u00a016.841 asambleas, evidencia el compromiso del pueblo venezolano en la construcci\u00f3n del\u00a0futuro de la Revoluci\u00f3n Bolivariana, destac\u00f3 este s\u00e1bado el vicepresidente de Planificaci\u00f3n,\u00a0Ricardo Men\u00e9ndez. \u00abAqu\u00ed ratificamos nuestra lealtad y firmeza en la construcci\u00f3n del futuro. No es con los escu\u00e1lidos, no es [&hellip;]\" \/>\n<meta property=\"og:url\" content=\"https:\/\/stage3.rnv.gob.ve\/wp\/jornada-de-dialogo-ratifica-compromiso-del-pueblo-en-construccion-del-futuro\/\" \/>\n<meta property=\"og:site_name\" content=\"DEV RNV\" \/>\n<meta property=\"article:publisher\" content=\"https:\/\/www.facebook.com\/RadioNacionaldeVenezuela\" \/>\n<meta property=\"article:published_time\" content=\"2019-05-04T18:05:46+00:00\" \/>\n<meta name=\"author\" content=\"Nora Andrade\" \/>\n<meta name=\"twitter:card\" content=\"summary_large_image\" \/>\n<meta name=\"twitter:creator\" content=\"@RNVinformativa\" \/>\n<meta name=\"twitter:site\" content=\"@RNVinformativa\" \/>\n<meta name=\"twitter:label1\" content=\"Escrito por\" \/>\n\t<meta name=\"twitter:data1\" content=\"Nora Andrade\" \/>\n\t<meta name=\"twitter:label2\" content=\"Tiempo estimado de lectura\" \/>\n\t<meta name=\"twitter:data2\" content=\"1 minuto\" \/>\n<script type=\"application\/ld+json\" class=\"yoast-schema-graph\">{\"@context\":\"https:\\\/\\\/schema.org\",\"@graph\":[{\"@type\":\"Article\",\"@id\":\"https:\\\/\\\/stage3.rnv.gob.ve\\\/wp\\\/jornada-de-dialogo-ratifica-compromiso-del-pueblo-en-construccion-del-futuro\\\/#article\",\"isPartOf\":{\"@id\":\"https:\\\/\\\/stage3.rnv.gob.ve\\\/wp\\\/jornada-de-dialogo-ratifica-compromiso-del-pueblo-en-construccion-del-futuro\\\/\"},\"author\":{\"name\":\"Nora Andrade\",\"@id\":\"https:\\\/\\\/stage3.rnv.gob.ve\\\/wp\\\/#\\\/schema\\\/person\\\/b04f077485d4e004e355dd829c37feaa\"},\"headline\":\"Jornada de Di\u00e1logo ratifica compromiso del pueblo en construcci\u00f3n del futuro\",\"datePublished\":\"2019-05-04T18:05:46+00:00\",\"mainEntityOfPage\":{\"@id\":\"https:\\\/\\\/stage3.rnv.gob.ve\\\/wp\\\/jornada-de-dialogo-ratifica-compromiso-del-pueblo-en-construccion-del-futuro\\\/\"},\"wordCount\":298,\"publisher\":{\"@id\":\"https:\\\/\\\/stage3.rnv.gob.ve\\\/wp\\\/#organization\"},\"image\":{\"@id\":\"https:\\\/\\\/stage3.rnv.gob.ve\\\/wp\\\/jornada-de-dialogo-ratifica-compromiso-del-pueblo-en-construccion-del-futuro\\\/#primaryimage\"},\"thumbnailUrl\":\"\",\"keywords\":[\"dialogo\",\"jornda\",\"menendez\",\"rectificacion\"],\"articleSection\":[\"Nacional\"],\"inLanguage\":\"es\"},{\"@type\":\"WebPage\",\"@id\":\"https:\\\/\\\/stage3.rnv.gob.ve\\\/wp\\\/jornada-de-dialogo-ratifica-compromiso-del-pueblo-en-construccion-del-futuro\\\/\",\"url\":\"https:\\\/\\\/stage3.rnv.gob.ve\\\/wp\\\/jornada-de-dialogo-ratifica-compromiso-del-pueblo-en-construccion-del-futuro\\\/\",\"name\":\"Jornada de Di\u00e1logo ratifica compromiso del pueblo en construcci\u00f3n del futuro - DEV RNV\",\"isPartOf\":{\"@id\":\"https:\\\/\\\/stage3.rnv.gob.ve\\\/wp\\\/#website\"},\"primaryImageOfPage\":{\"@id\":\"https:\\\/\\\/stage3.rnv.gob.ve\\\/wp\\\/jornada-de-dialogo-ratifica-compromiso-del-pueblo-en-construccion-del-futuro\\\/#primaryimage\"},\"image\":{\"@id\":\"https:\\\/\\\/stage3.rnv.gob.ve\\\/wp\\\/jornada-de-dialogo-ratifica-compromiso-del-pueblo-en-construccion-del-futuro\\\/#primaryimage\"},\"thumbnailUrl\":\"\",\"datePublished\":\"2019-05-04T18:05:46+00:00\",\"breadcrumb\":{\"@id\":\"https:\\\/\\\/stage3.rnv.gob.ve\\\/wp\\\/jornada-de-dialogo-ratifica-compromiso-del-pueblo-en-construccion-del-futuro\\\/#breadcrumb\"},\"inLanguage\":\"es\",\"potentialAction\":[{\"@type\":\"ReadAction\",\"target\":[\"https:\\\/\\\/stage3.rnv.gob.ve\\\/wp\\\/jornada-de-dialogo-ratifica-compromiso-del-pueblo-en-construccion-del-futuro\\\/\"]}]},{\"@type\":\"ImageObject\",\"inLanguage\":\"es\",\"@id\":\"https:\\\/\\\/stage3.rnv.gob.ve\\\/wp\\\/jornada-de-dialogo-ratifica-compromiso-del-pueblo-en-construccion-del-futuro\\\/#primaryimage\",\"url\":\"\",\"contentUrl\":\"\"},{\"@type\":\"BreadcrumbList\",\"@id\":\"https:\\\/\\\/stage3.rnv.gob.ve\\\/wp\\\/jornada-de-dialogo-ratifica-compromiso-del-pueblo-en-construccion-del-futuro\\\/#breadcrumb\",\"itemListElement\":[{\"@type\":\"ListItem\",\"position\":1,\"name\":\"Portada\",\"item\":\"https:\\\/\\\/stage3.rnv.gob.ve\\\/wp\\\/\"},{\"@type\":\"ListItem\",\"position\":2,\"name\":\"Jornada De Di\u00e1logo Ratifica Compromiso Del Pueblo En Construcci\u00f3n Del Futuro\"}]},{\"@type\":\"WebSite\",\"@id\":\"https:\\\/\\\/stage3.rnv.gob.ve\\\/wp\\\/#website\",\"url\":\"https:\\\/\\\/stage3.rnv.gob.ve\\\/wp\\\/\",\"name\":\"DEV RNV\",\"description\":\"Radio Nacional de Venezuela C.A.\",\"publisher\":{\"@id\":\"https:\\\/\\\/stage3.rnv.gob.ve\\\/wp\\\/#organization\"},\"potentialAction\":[{\"@type\":\"SearchAction\",\"target\":{\"@type\":\"EntryPoint\",\"urlTemplate\":\"https:\\\/\\\/stage3.rnv.gob.ve\\\/wp\\\/?s={search_term_string}\"},\"query-input\":{\"@type\":\"PropertyValueSpecification\",\"valueRequired\":true,\"valueName\":\"search_term_string\"}}],\"inLanguage\":\"es\"},{\"@type\":\"Organization\",\"@id\":\"https:\\\/\\\/stage3.rnv.gob.ve\\\/wp\\\/#organization\",\"name\":\"Radio Nacional de Venezuela C.A.\",\"url\":\"https:\\\/\\\/stage3.rnv.gob.ve\\\/wp\\\/\",\"logo\":{\"@type\":\"ImageObject\",\"inLanguage\":\"es\",\"@id\":\"https:\\\/\\\/stage3.rnv.gob.ve\\\/wp\\\/#\\\/schema\\\/logo\\\/image\\\/\",\"url\":\"http:\\\/\\\/rnv.ddns.net\\\/prensa\\\/wp-content\\\/uploads\\\/2022\\\/04\\\/rnv-1-300x227-1.jpg\",\"contentUrl\":\"http:\\\/\\\/rnv.ddns.net\\\/prensa\\\/wp-content\\\/uploads\\\/2022\\\/04\\\/rnv-1-300x227-1.jpg\",\"width\":800,\"height\":455,\"caption\":\"Radio Nacional de Venezuela C.A.\"},\"image\":{\"@id\":\"https:\\\/\\\/stage3.rnv.gob.ve\\\/wp\\\/#\\\/schema\\\/logo\\\/image\\\/\"},\"sameAs\":[\"https:\\\/\\\/www.facebook.com\\\/RadioNacionaldeVenezuela\",\"https:\\\/\\\/x.com\\\/RNVinformativa\",\"https:\\\/\\\/www.instagram.com\\\/rnvinformativa\\\/\",\"https:\\\/\\\/www.youtube.com\\\/user\\\/RNVContigo\"]},{\"@type\":\"Person\",\"@id\":\"https:\\\/\\\/stage3.rnv.gob.ve\\\/wp\\\/#\\\/schema\\\/person\\\/b04f077485d4e004e355dd829c37feaa\",\"name\":\"Nora Andrade\",\"url\":\"https:\\\/\\\/stage3.rnv.gob.ve\\\/wp\\\/author\\\/nora_andrade\\\/\"}]}<\/script>\n<!-- \/ Yoast SEO plugin. -->","yoast_head_json":{"title":"Jornada de Di\u00e1logo ratifica compromiso del pueblo en construcci\u00f3n del futuro - DEV RNV","robots":{"index":"noindex","follow":"follow","max-snippet":"max-snippet:-1","max-image-preview":"max-image-preview:large","max-video-preview":"max-video-preview:-1"},"og_locale":"es_ES","og_type":"article","og_title":"Jornada de Di\u00e1logo ratifica compromiso del pueblo en construcci\u00f3n del futuro - DEV RNV","og_description":"La Jornada Nacional de Di\u00e1logo y Rectificaci\u00f3n, que se inici\u00f3 con la activaci\u00f3n de\u00a016.841 asambleas, evidencia el compromiso del pueblo venezolano en la construcci\u00f3n del\u00a0futuro de la Revoluci\u00f3n Bolivariana, destac\u00f3 este s\u00e1bado el vicepresidente de Planificaci\u00f3n,\u00a0Ricardo Men\u00e9ndez. \u00abAqu\u00ed ratificamos nuestra lealtad y firmeza en la construcci\u00f3n del futuro. No es con los escu\u00e1lidos, no es [&hellip;]","og_url":"https:\/\/stage3.rnv.gob.ve\/wp\/jornada-de-dialogo-ratifica-compromiso-del-pueblo-en-construccion-del-futuro\/","og_site_name":"DEV RNV","article_publisher":"https:\/\/www.facebook.com\/RadioNacionaldeVenezuela","article_published_time":"2019-05-04T18:05:46+00:00","author":"Nora Andrade","twitter_card":"summary_large_image","twitter_creator":"@RNVinformativa","twitter_site":"@RNVinformativa","twitter_misc":{"Escrito por":"Nora Andrade","Tiempo estimado de lectura":"1 minuto"},"schema":{"@context":"https:\/\/schema.org","@graph":[{"@type":"Article","@id":"https:\/\/stage3.rnv.gob.ve\/wp\/jornada-de-dialogo-ratifica-compromiso-del-pueblo-en-construccion-del-futuro\/#article","isPartOf":{"@id":"https:\/\/stage3.rnv.gob.ve\/wp\/jornada-de-dialogo-ratifica-compromiso-del-pueblo-en-construccion-del-futuro\/"},"author":{"name":"Nora Andrade","@id":"https:\/\/stage3.rnv.gob.ve\/wp\/#\/schema\/person\/b04f077485d4e004e355dd829c37feaa"},"headline":"Jornada de Di\u00e1logo ratifica compromiso del pueblo en construcci\u00f3n del futuro","datePublished":"2019-05-04T18:05:46+00:00","mainEntityOfPage":{"@id":"https:\/\/stage3.rnv.gob.ve\/wp\/jornada-de-dialogo-ratifica-compromiso-del-pueblo-en-construccion-del-futuro\/"},"wordCount":298,"publisher":{"@id":"https:\/\/stage3.rnv.gob.ve\/wp\/#organization"},"image":{"@id":"https:\/\/stage3.rnv.gob.ve\/wp\/jornada-de-dialogo-ratifica-compromiso-del-pueblo-en-construccion-del-futuro\/#primaryimage"},"thumbnailUrl":"","keywords":["dialogo","jornda","menendez","rectificacion"],"articleSection":["Nacional"],"inLanguage":"es"},{"@type":"WebPage","@id":"https:\/\/stage3.rnv.gob.ve\/wp\/jornada-de-dialogo-ratifica-compromiso-del-pueblo-en-construccion-del-futuro\/","url":"https:\/\/stage3.rnv.gob.ve\/wp\/jornada-de-dialogo-ratifica-compromiso-del-pueblo-en-construccion-del-futuro\/","name":"Jornada de Di\u00e1logo ratifica compromiso del pueblo en construcci\u00f3n del futuro - DEV RNV","isPartOf":{"@id":"https:\/\/stage3.rnv.gob.ve\/wp\/#website"},"primaryImageOfPage":{"@id":"https:\/\/stage3.rnv.gob.ve\/wp\/jornada-de-dialogo-ratifica-compromiso-del-pueblo-en-construccion-del-futuro\/#primaryimage"},"image":{"@id":"https:\/\/stage3.rnv.gob.ve\/wp\/jornada-de-dialogo-ratifica-compromiso-del-pueblo-en-construccion-del-futuro\/#primaryimage"},"thumbnailUrl":"","datePublished":"2019-05-04T18:05:46+00:00","breadcrumb":{"@id":"https:\/\/stage3.rnv.gob.ve\/wp\/jornada-de-dialogo-ratifica-compromiso-del-pueblo-en-construccion-del-futuro\/#breadcrumb"},"inLanguage":"es","potentialAction":[{"@type":"ReadAction","target":["https:\/\/stage3.rnv.gob.ve\/wp\/jornada-de-dialogo-ratifica-compromiso-del-pueblo-en-construccion-del-futuro\/"]}]},{"@type":"ImageObject","inLanguage":"es","@id":"https:\/\/stage3.rnv.gob.ve\/wp\/jornada-de-dialogo-ratifica-compromiso-del-pueblo-en-construccion-del-futuro\/#primaryimage","url":"","contentUrl":""},{"@type":"BreadcrumbList","@id":"https:\/\/stage3.rnv.gob.ve\/wp\/jornada-de-dialogo-ratifica-compromiso-del-pueblo-en-construccion-del-futuro\/#breadcrumb","itemListElement":[{"@type":"ListItem","position":1,"name":"Portada","item":"https:\/\/stage3.rnv.gob.ve\/wp\/"},{"@type":"ListItem","position":2,"name":"Jornada De Di\u00e1logo Ratifica Compromiso Del Pueblo En Construcci\u00f3n Del Futuro"}]},{"@type":"WebSite","@id":"https:\/\/stage3.rnv.gob.ve\/wp\/#website","url":"https:\/\/stage3.rnv.gob.ve\/wp\/","name":"DEV RNV","description":"Radio Nacional de Venezuela C.A.","publisher":{"@id":"https:\/\/stage3.rnv.gob.ve\/wp\/#organization"},"potentialAction":[{"@type":"SearchAction","target":{"@type":"EntryPoint","urlTemplate":"https:\/\/stage3.rnv.gob.ve\/wp\/?s={search_term_string}"},"query-input":{"@type":"PropertyValueSpecification","valueRequired":true,"valueName":"search_term_string"}}],"inLanguage":"es"},{"@type":"Organization","@id":"https:\/\/stage3.rnv.gob.ve\/wp\/#organization","name":"Radio Nacional de Venezuela C.A.","url":"https:\/\/stage3.rnv.gob.ve\/wp\/","logo":{"@type":"ImageObject","inLanguage":"es","@id":"https:\/\/stage3.rnv.gob.ve\/wp\/#\/schema\/logo\/image\/","url":"http:\/\/rnv.ddns.net\/prensa\/wp-content\/uploads\/2022\/04\/rnv-1-300x227-1.jpg","contentUrl":"http:\/\/rnv.ddns.net\/prensa\/wp-content\/uploads\/2022\/04\/rnv-1-300x227-1.jpg","width":800,"height":455,"caption":"Radio Nacional de Venezuela C.A."},"image":{"@id":"https:\/\/stage3.rnv.gob.ve\/wp\/#\/schema\/logo\/image\/"},"sameAs":["https:\/\/www.facebook.com\/RadioNacionaldeVenezuela","https:\/\/x.com\/RNVinformativa","https:\/\/www.instagram.com\/rnvinformativa\/","https:\/\/www.youtube.com\/user\/RNVContigo"]},{"@type":"Person","@id":"https:\/\/stage3.rnv.gob.ve\/wp\/#\/schema\/person\/b04f077485d4e004e355dd829c37feaa","name":"Nora Andrade","url":"https:\/\/stage3.rnv.gob.ve\/wp\/author\/nora_andrade\/"}]}},"jetpack_featured_media_url":"","_links":{"self":[{"href":"https:\/\/stage3.rnv.gob.ve\/wp\/wp-json\/wp\/v2\/posts\/261992","targetHints":{"allow":["GET"]}}],"collection":[{"href":"https:\/\/stage3.rnv.gob.ve\/wp\/wp-json\/wp\/v2\/posts"}],"about":[{"href":"https:\/\/stage3.rnv.gob.ve\/wp\/wp-json\/wp\/v2\/types\/post"}],"author":[{"embeddable":true,"href":"https:\/\/stage3.rnv.gob.ve\/wp\/wp-json\/wp\/v2\/users\/18"}],"replies":[{"embeddable":true,"href":"https:\/\/stage3.rnv.gob.ve\/wp\/wp-json\/wp\/v2\/comments?post=261992"}],"version-history":[{"count":0,"href":"https:\/\/stage3.rnv.gob.ve\/wp\/wp-json\/wp\/v2\/posts\/261992\/revisions"}],"wp:featuredmedia":[{"embeddable":true,"href":"https:\/\/stage3.rnv.gob.ve\/wp\/wp-json\/"}],"wp:attachment":[{"href":"https:\/\/stage3.rnv.gob.ve\/wp\/wp-json\/wp\/v2\/media?parent=261992"}],"wp:term":[{"taxonomy":"category","embeddable":true,"href":"https:\/\/stage3.rnv.gob.ve\/wp\/wp-json\/wp\/v2\/categories?post=261992"},{"taxonomy":"post_tag","embeddable":true,"href":"https:\/\/stage3.rnv.gob.ve\/wp\/wp-json\/wp\/v2\/tags?post=261992"}],"curies":[{"name":"wp","href":"https:\/\/api.w.org\/{rel}","templated":true}]}}