{"id":260485,"date":"2019-04-21T14:41:49","date_gmt":"2019-04-21T19:11:49","guid":{"rendered":"https:\/\/stage3.rnv.gob.ve\/wp\/?p=260485"},"modified":"2019-04-21T14:41:49","modified_gmt":"2019-04-21T19:11:49","slug":"lula-es-el-preso-politico-mas-importante-del-mundo-aseguro-noam-chomsky","status":"publish","type":"post","link":"https:\/\/stage3.rnv.gob.ve\/wp\/lula-es-el-preso-politico-mas-importante-del-mundo-aseguro-noam-chomsky\/","title":{"rendered":"Lula es el preso pol\u00edtico m\u00e1s importante del mundo asegur\u00f3 Noam Chomsky"},"content":{"rendered":"<p><img fetchpriority=\"high\" decoding=\"async\" class=\"aligncenter wp-image-260486 size-full\" src=\"https:\/\/stage3.rnv.gob.ve\/wp\/wp-content\/uploads\/2019\/04\/DEjP2etXkAQ47Wz.jpg\" alt=\"\" width=\"600\" height=\"350\" \/><br \/>\n&nbsp;<br \/>\nEl activista estadounidense\u00a0<strong>Noam Chomsky<\/strong>\u00a0asever\u00f3 que la detenci\u00f3n del expresidente de\u00a0<strong>Brasil,<\/strong>\u00a0Luiz In\u00e1cio\u00a0<strong>Lula<\/strong>\u00a0da Silva, en abril de 2018, se hizo para silenciarlo al ser el candidato favorito en los comicios presidenciales de ese a\u00f1o.<br \/>\nDurante la charla p\u00fablica de la organizaci\u00f3n \u00abDemocracy Now!\u00bb, realizada el pasado 11 de abril, Chomsky enfatiz\u00f3 que el objetivo era \u00absilenciar a la persona que era el probable ganador de las elecciones. Lula es el\u00a0<strong>preso pol\u00edtico<\/strong>\u00a0m\u00e1s importante del mundo\u00bb.<br \/>\nEl polit\u00f3logo reiter\u00f3 que durante los Gobiernos de Lula (2003-2006 y 2007-2011) \u00abBrasil fue tal vez el pa\u00eds m\u00e1s respetado del mundo. Bajo el liderazgo de Lula da Silva fue la voz del Sur Global\u00bb.<br \/>\nSin embargo, destac\u00f3 que tras su salida del poder se implement\u00f3 un \u00abgolpe suave\u00bb para acabar con los logros alcanzados, lo que se consolid\u00f3 con el golpe Parlamentario contra la presidenta Dilma Rousseff en 2016.<br \/>\nLa administraci\u00f3n de Lula \u00abfue lo que el Banco Mundial describi\u00f3 como la &#8216;d\u00e9cada de oro&#8217; en la historia de brasil, en la que se logr\u00f3 una reducci\u00f3n radical de la pobreza, una extensi\u00f3n masiva de la inclusi\u00f3n de poblaciones marginadas\u00bb, dijo.<br \/>\nChomsky manifest\u00f3 que la gran incorporaci\u00f3n de la poblaci\u00f3n afrobrasile\u00f1a e ind\u00edgena a la sociedad brasile\u00f1a gener\u00f3 \u00abun sentimiento de dignidad y esperanza\u00bb, lo que no pod\u00eda ser tolerado por ciertos sectores del pa\u00eds.<br \/>\nEl polit\u00f3logo declar\u00f3 que lo ocurrido con Lula puede ser comparado al trato que se le ha dado al activista australiano\u00a0<strong>Julian Assange<\/strong>, quien fue arrestado el pasado 11 de abril en Londres, luego que Ecuador le retirara el asilo pol\u00edtico en su embajada.<br \/>\n\u00abEl arresto de Assange es escandaloso por varios motivos. Uno de ellos es lo relacionado con los intentos de los gobiernos (&#8230;) por silenciar a un periodista que estaba publicando informaci\u00f3n que las personas en el poder no quer\u00edan que fuera conocida\u00bb, dijo.<br \/>\nAsimismo, Chomsky cuestion\u00f3 el alcance extraterritorial del Gobierno de Estados Unidos (EE.UU.) en esta situaci\u00f3n. \u00abEs una situaci\u00f3n descabellada. Es algo constante. Ni siquiera nos damos cuenta de ello. Al menos no es algo de lo que se hable\u00bb, lament\u00f3.<br \/>\n<strong>T\/Telesur<\/strong><\/p>\n","protected":false},"excerpt":{"rendered":"<p>&nbsp; El activista estadounidense\u00a0Noam Chomsky\u00a0asever\u00f3 que la detenci\u00f3n del expresidente de\u00a0Brasil,\u00a0Luiz In\u00e1cio\u00a0Lula\u00a0da Silva, en abril de 2018, se hizo para silenciarlo al ser el candidato favorito en los comicios presidenciales de ese a\u00f1o. Durante la charla p\u00fablica de la organizaci\u00f3n \u00abDemocracy Now!\u00bb, realizada el pasado 11 de abril, Chomsky enfatiz\u00f3 que el objetivo era \u00absilenciar [&hellip;]<\/p>\n","protected":false},"author":38,"featured_media":260487,"comment_status":"closed","ping_status":"open","sticky":false,"template":"","format":"standard","meta":{"_acf_changed":false,"footnotes":""},"categories":[61],"tags":[12942,286,16547,253,256,1206],"class_list":["post-260485","post","type-post","status-publish","format-standard","has-post-thumbnail","hentry","category-internacional","tag-banco-mundial","tag-brasil","tag-chomsky","tag-eeuu","tag-lula","tag-oro"],"acf":[],"yoast_head":"<!-- This site is optimized with the Yoast SEO plugin v27.4 - https:\/\/yoast.com\/product\/yoast-seo-wordpress\/ -->\n<title>Lula es el preso pol\u00edtico m\u00e1s importante del mundo asegur\u00f3 Noam Chomsky - DEV RNV<\/title>\n<meta name=\"robots\" content=\"noindex, follow, max-snippet:-1, max-image-preview:large, max-video-preview:-1\" \/>\n<meta property=\"og:locale\" content=\"es_ES\" \/>\n<meta property=\"og:type\" content=\"article\" \/>\n<meta property=\"og:title\" content=\"Lula es el preso pol\u00edtico m\u00e1s importante del mundo asegur\u00f3 Noam Chomsky - DEV RNV\" \/>\n<meta property=\"og:description\" content=\"&nbsp; El activista estadounidense\u00a0Noam Chomsky\u00a0asever\u00f3 que la detenci\u00f3n del expresidente de\u00a0Brasil,\u00a0Luiz In\u00e1cio\u00a0Lula\u00a0da Silva, en abril de 2018, se hizo para silenciarlo al ser el candidato favorito en los comicios presidenciales de ese a\u00f1o. Durante la charla p\u00fablica de la organizaci\u00f3n \u00abDemocracy Now!\u00bb, realizada el pasado 11 de abril, Chomsky enfatiz\u00f3 que el objetivo era \u00absilenciar [&hellip;]\" \/>\n<meta property=\"og:url\" content=\"https:\/\/stage3.rnv.gob.ve\/wp\/lula-es-el-preso-politico-mas-importante-del-mundo-aseguro-noam-chomsky\/\" \/>\n<meta property=\"og:site_name\" content=\"DEV RNV\" \/>\n<meta property=\"article:publisher\" content=\"https:\/\/www.facebook.com\/RadioNacionaldeVenezuela\" \/>\n<meta property=\"article:published_time\" content=\"2019-04-21T19:11:49+00:00\" \/>\n<meta name=\"author\" content=\"Nodelys Colmenares\" \/>\n<meta name=\"twitter:card\" content=\"summary_large_image\" \/>\n<meta name=\"twitter:creator\" content=\"@RNVinformativa\" \/>\n<meta name=\"twitter:site\" content=\"@RNVinformativa\" \/>\n<meta name=\"twitter:label1\" content=\"Escrito por\" \/>\n\t<meta name=\"twitter:data1\" content=\"Nodelys Colmenares\" \/>\n\t<meta name=\"twitter:label2\" content=\"Tiempo estimado de lectura\" \/>\n\t<meta name=\"twitter:data2\" content=\"2 minutos\" \/>\n<script type=\"application\/ld+json\" class=\"yoast-schema-graph\">{\"@context\":\"https:\\\/\\\/schema.org\",\"@graph\":[{\"@type\":\"Article\",\"@id\":\"https:\\\/\\\/stage3.rnv.gob.ve\\\/wp\\\/lula-es-el-preso-politico-mas-importante-del-mundo-aseguro-noam-chomsky\\\/#article\",\"isPartOf\":{\"@id\":\"https:\\\/\\\/stage3.rnv.gob.ve\\\/wp\\\/lula-es-el-preso-politico-mas-importante-del-mundo-aseguro-noam-chomsky\\\/\"},\"author\":{\"name\":\"Nodelys Colmenares\",\"@id\":\"https:\\\/\\\/stage3.rnv.gob.ve\\\/wp\\\/#\\\/schema\\\/person\\\/4a1b8697fa91162d166574c95be82e1d\"},\"headline\":\"Lula es el preso pol\u00edtico m\u00e1s importante del mundo asegur\u00f3 Noam Chomsky\",\"datePublished\":\"2019-04-21T19:11:49+00:00\",\"mainEntityOfPage\":{\"@id\":\"https:\\\/\\\/stage3.rnv.gob.ve\\\/wp\\\/lula-es-el-preso-politico-mas-importante-del-mundo-aseguro-noam-chomsky\\\/\"},\"wordCount\":394,\"publisher\":{\"@id\":\"https:\\\/\\\/stage3.rnv.gob.ve\\\/wp\\\/#organization\"},\"image\":{\"@id\":\"https:\\\/\\\/stage3.rnv.gob.ve\\\/wp\\\/lula-es-el-preso-politico-mas-importante-del-mundo-aseguro-noam-chomsky\\\/#primaryimage\"},\"thumbnailUrl\":\"\",\"keywords\":[\"Banco Mundial\",\"brasil\",\"Chomsky\",\"eeuu\",\"lula\",\"oro\"],\"articleSection\":[\"Internacional\"],\"inLanguage\":\"es\"},{\"@type\":\"WebPage\",\"@id\":\"https:\\\/\\\/stage3.rnv.gob.ve\\\/wp\\\/lula-es-el-preso-politico-mas-importante-del-mundo-aseguro-noam-chomsky\\\/\",\"url\":\"https:\\\/\\\/stage3.rnv.gob.ve\\\/wp\\\/lula-es-el-preso-politico-mas-importante-del-mundo-aseguro-noam-chomsky\\\/\",\"name\":\"Lula es el preso pol\u00edtico m\u00e1s importante del mundo asegur\u00f3 Noam Chomsky - DEV RNV\",\"isPartOf\":{\"@id\":\"https:\\\/\\\/stage3.rnv.gob.ve\\\/wp\\\/#website\"},\"primaryImageOfPage\":{\"@id\":\"https:\\\/\\\/stage3.rnv.gob.ve\\\/wp\\\/lula-es-el-preso-politico-mas-importante-del-mundo-aseguro-noam-chomsky\\\/#primaryimage\"},\"image\":{\"@id\":\"https:\\\/\\\/stage3.rnv.gob.ve\\\/wp\\\/lula-es-el-preso-politico-mas-importante-del-mundo-aseguro-noam-chomsky\\\/#primaryimage\"},\"thumbnailUrl\":\"\",\"datePublished\":\"2019-04-21T19:11:49+00:00\",\"breadcrumb\":{\"@id\":\"https:\\\/\\\/stage3.rnv.gob.ve\\\/wp\\\/lula-es-el-preso-politico-mas-importante-del-mundo-aseguro-noam-chomsky\\\/#breadcrumb\"},\"inLanguage\":\"es\",\"potentialAction\":[{\"@type\":\"ReadAction\",\"target\":[\"https:\\\/\\\/stage3.rnv.gob.ve\\\/wp\\\/lula-es-el-preso-politico-mas-importante-del-mundo-aseguro-noam-chomsky\\\/\"]}]},{\"@type\":\"ImageObject\",\"inLanguage\":\"es\",\"@id\":\"https:\\\/\\\/stage3.rnv.gob.ve\\\/wp\\\/lula-es-el-preso-politico-mas-importante-del-mundo-aseguro-noam-chomsky\\\/#primaryimage\",\"url\":\"\",\"contentUrl\":\"\"},{\"@type\":\"BreadcrumbList\",\"@id\":\"https:\\\/\\\/stage3.rnv.gob.ve\\\/wp\\\/lula-es-el-preso-politico-mas-importante-del-mundo-aseguro-noam-chomsky\\\/#breadcrumb\",\"itemListElement\":[{\"@type\":\"ListItem\",\"position\":1,\"name\":\"Portada\",\"item\":\"https:\\\/\\\/stage3.rnv.gob.ve\\\/wp\\\/\"},{\"@type\":\"ListItem\",\"position\":2,\"name\":\"Lula Es El Preso Pol\u00edtico M\u00e1s Importante Del Mundo Asegur\u00f3 Noam Chomsky\"}]},{\"@type\":\"WebSite\",\"@id\":\"https:\\\/\\\/stage3.rnv.gob.ve\\\/wp\\\/#website\",\"url\":\"https:\\\/\\\/stage3.rnv.gob.ve\\\/wp\\\/\",\"name\":\"DEV RNV\",\"description\":\"Radio Nacional de Venezuela C.A.\",\"publisher\":{\"@id\":\"https:\\\/\\\/stage3.rnv.gob.ve\\\/wp\\\/#organization\"},\"potentialAction\":[{\"@type\":\"SearchAction\",\"target\":{\"@type\":\"EntryPoint\",\"urlTemplate\":\"https:\\\/\\\/stage3.rnv.gob.ve\\\/wp\\\/?s={search_term_string}\"},\"query-input\":{\"@type\":\"PropertyValueSpecification\",\"valueRequired\":true,\"valueName\":\"search_term_string\"}}],\"inLanguage\":\"es\"},{\"@type\":\"Organization\",\"@id\":\"https:\\\/\\\/stage3.rnv.gob.ve\\\/wp\\\/#organization\",\"name\":\"Radio Nacional de Venezuela C.A.\",\"url\":\"https:\\\/\\\/stage3.rnv.gob.ve\\\/wp\\\/\",\"logo\":{\"@type\":\"ImageObject\",\"inLanguage\":\"es\",\"@id\":\"https:\\\/\\\/stage3.rnv.gob.ve\\\/wp\\\/#\\\/schema\\\/logo\\\/image\\\/\",\"url\":\"http:\\\/\\\/rnv.ddns.net\\\/prensa\\\/wp-content\\\/uploads\\\/2022\\\/04\\\/rnv-1-300x227-1.jpg\",\"contentUrl\":\"http:\\\/\\\/rnv.ddns.net\\\/prensa\\\/wp-content\\\/uploads\\\/2022\\\/04\\\/rnv-1-300x227-1.jpg\",\"width\":800,\"height\":455,\"caption\":\"Radio Nacional de Venezuela C.A.\"},\"image\":{\"@id\":\"https:\\\/\\\/stage3.rnv.gob.ve\\\/wp\\\/#\\\/schema\\\/logo\\\/image\\\/\"},\"sameAs\":[\"https:\\\/\\\/www.facebook.com\\\/RadioNacionaldeVenezuela\",\"https:\\\/\\\/x.com\\\/RNVinformativa\",\"https:\\\/\\\/www.instagram.com\\\/rnvinformativa\\\/\",\"https:\\\/\\\/www.youtube.com\\\/user\\\/RNVContigo\"]},{\"@type\":\"Person\",\"@id\":\"https:\\\/\\\/stage3.rnv.gob.ve\\\/wp\\\/#\\\/schema\\\/person\\\/4a1b8697fa91162d166574c95be82e1d\",\"name\":\"Nodelys Colmenares\",\"url\":\"https:\\\/\\\/stage3.rnv.gob.ve\\\/wp\\\/author\\\/nodelys-colmenares\\\/\"}]}<\/script>\n<!-- \/ Yoast SEO plugin. -->","yoast_head_json":{"title":"Lula es el preso pol\u00edtico m\u00e1s importante del mundo asegur\u00f3 Noam Chomsky - DEV RNV","robots":{"index":"noindex","follow":"follow","max-snippet":"max-snippet:-1","max-image-preview":"max-image-preview:large","max-video-preview":"max-video-preview:-1"},"og_locale":"es_ES","og_type":"article","og_title":"Lula es el preso pol\u00edtico m\u00e1s importante del mundo asegur\u00f3 Noam Chomsky - DEV RNV","og_description":"&nbsp; El activista estadounidense\u00a0Noam Chomsky\u00a0asever\u00f3 que la detenci\u00f3n del expresidente de\u00a0Brasil,\u00a0Luiz In\u00e1cio\u00a0Lula\u00a0da Silva, en abril de 2018, se hizo para silenciarlo al ser el candidato favorito en los comicios presidenciales de ese a\u00f1o. Durante la charla p\u00fablica de la organizaci\u00f3n \u00abDemocracy Now!\u00bb, realizada el pasado 11 de abril, Chomsky enfatiz\u00f3 que el objetivo era \u00absilenciar [&hellip;]","og_url":"https:\/\/stage3.rnv.gob.ve\/wp\/lula-es-el-preso-politico-mas-importante-del-mundo-aseguro-noam-chomsky\/","og_site_name":"DEV RNV","article_publisher":"https:\/\/www.facebook.com\/RadioNacionaldeVenezuela","article_published_time":"2019-04-21T19:11:49+00:00","author":"Nodelys Colmenares","twitter_card":"summary_large_image","twitter_creator":"@RNVinformativa","twitter_site":"@RNVinformativa","twitter_misc":{"Escrito por":"Nodelys Colmenares","Tiempo estimado de lectura":"2 minutos"},"schema":{"@context":"https:\/\/schema.org","@graph":[{"@type":"Article","@id":"https:\/\/stage3.rnv.gob.ve\/wp\/lula-es-el-preso-politico-mas-importante-del-mundo-aseguro-noam-chomsky\/#article","isPartOf":{"@id":"https:\/\/stage3.rnv.gob.ve\/wp\/lula-es-el-preso-politico-mas-importante-del-mundo-aseguro-noam-chomsky\/"},"author":{"name":"Nodelys Colmenares","@id":"https:\/\/stage3.rnv.gob.ve\/wp\/#\/schema\/person\/4a1b8697fa91162d166574c95be82e1d"},"headline":"Lula es el preso pol\u00edtico m\u00e1s importante del mundo asegur\u00f3 Noam Chomsky","datePublished":"2019-04-21T19:11:49+00:00","mainEntityOfPage":{"@id":"https:\/\/stage3.rnv.gob.ve\/wp\/lula-es-el-preso-politico-mas-importante-del-mundo-aseguro-noam-chomsky\/"},"wordCount":394,"publisher":{"@id":"https:\/\/stage3.rnv.gob.ve\/wp\/#organization"},"image":{"@id":"https:\/\/stage3.rnv.gob.ve\/wp\/lula-es-el-preso-politico-mas-importante-del-mundo-aseguro-noam-chomsky\/#primaryimage"},"thumbnailUrl":"","keywords":["Banco Mundial","brasil","Chomsky","eeuu","lula","oro"],"articleSection":["Internacional"],"inLanguage":"es"},{"@type":"WebPage","@id":"https:\/\/stage3.rnv.gob.ve\/wp\/lula-es-el-preso-politico-mas-importante-del-mundo-aseguro-noam-chomsky\/","url":"https:\/\/stage3.rnv.gob.ve\/wp\/lula-es-el-preso-politico-mas-importante-del-mundo-aseguro-noam-chomsky\/","name":"Lula es el preso pol\u00edtico m\u00e1s importante del mundo asegur\u00f3 Noam Chomsky - DEV RNV","isPartOf":{"@id":"https:\/\/stage3.rnv.gob.ve\/wp\/#website"},"primaryImageOfPage":{"@id":"https:\/\/stage3.rnv.gob.ve\/wp\/lula-es-el-preso-politico-mas-importante-del-mundo-aseguro-noam-chomsky\/#primaryimage"},"image":{"@id":"https:\/\/stage3.rnv.gob.ve\/wp\/lula-es-el-preso-politico-mas-importante-del-mundo-aseguro-noam-chomsky\/#primaryimage"},"thumbnailUrl":"","datePublished":"2019-04-21T19:11:49+00:00","breadcrumb":{"@id":"https:\/\/stage3.rnv.gob.ve\/wp\/lula-es-el-preso-politico-mas-importante-del-mundo-aseguro-noam-chomsky\/#breadcrumb"},"inLanguage":"es","potentialAction":[{"@type":"ReadAction","target":["https:\/\/stage3.rnv.gob.ve\/wp\/lula-es-el-preso-politico-mas-importante-del-mundo-aseguro-noam-chomsky\/"]}]},{"@type":"ImageObject","inLanguage":"es","@id":"https:\/\/stage3.rnv.gob.ve\/wp\/lula-es-el-preso-politico-mas-importante-del-mundo-aseguro-noam-chomsky\/#primaryimage","url":"","contentUrl":""},{"@type":"BreadcrumbList","@id":"https:\/\/stage3.rnv.gob.ve\/wp\/lula-es-el-preso-politico-mas-importante-del-mundo-aseguro-noam-chomsky\/#breadcrumb","itemListElement":[{"@type":"ListItem","position":1,"name":"Portada","item":"https:\/\/stage3.rnv.gob.ve\/wp\/"},{"@type":"ListItem","position":2,"name":"Lula Es El Preso Pol\u00edtico M\u00e1s Importante Del Mundo Asegur\u00f3 Noam Chomsky"}]},{"@type":"WebSite","@id":"https:\/\/stage3.rnv.gob.ve\/wp\/#website","url":"https:\/\/stage3.rnv.gob.ve\/wp\/","name":"DEV RNV","description":"Radio Nacional de Venezuela C.A.","publisher":{"@id":"https:\/\/stage3.rnv.gob.ve\/wp\/#organization"},"potentialAction":[{"@type":"SearchAction","target":{"@type":"EntryPoint","urlTemplate":"https:\/\/stage3.rnv.gob.ve\/wp\/?s={search_term_string}"},"query-input":{"@type":"PropertyValueSpecification","valueRequired":true,"valueName":"search_term_string"}}],"inLanguage":"es"},{"@type":"Organization","@id":"https:\/\/stage3.rnv.gob.ve\/wp\/#organization","name":"Radio Nacional de Venezuela C.A.","url":"https:\/\/stage3.rnv.gob.ve\/wp\/","logo":{"@type":"ImageObject","inLanguage":"es","@id":"https:\/\/stage3.rnv.gob.ve\/wp\/#\/schema\/logo\/image\/","url":"http:\/\/rnv.ddns.net\/prensa\/wp-content\/uploads\/2022\/04\/rnv-1-300x227-1.jpg","contentUrl":"http:\/\/rnv.ddns.net\/prensa\/wp-content\/uploads\/2022\/04\/rnv-1-300x227-1.jpg","width":800,"height":455,"caption":"Radio Nacional de Venezuela C.A."},"image":{"@id":"https:\/\/stage3.rnv.gob.ve\/wp\/#\/schema\/logo\/image\/"},"sameAs":["https:\/\/www.facebook.com\/RadioNacionaldeVenezuela","https:\/\/x.com\/RNVinformativa","https:\/\/www.instagram.com\/rnvinformativa\/","https:\/\/www.youtube.com\/user\/RNVContigo"]},{"@type":"Person","@id":"https:\/\/stage3.rnv.gob.ve\/wp\/#\/schema\/person\/4a1b8697fa91162d166574c95be82e1d","name":"Nodelys Colmenares","url":"https:\/\/stage3.rnv.gob.ve\/wp\/author\/nodelys-colmenares\/"}]}},"jetpack_featured_media_url":"","_links":{"self":[{"href":"https:\/\/stage3.rnv.gob.ve\/wp\/wp-json\/wp\/v2\/posts\/260485","targetHints":{"allow":["GET"]}}],"collection":[{"href":"https:\/\/stage3.rnv.gob.ve\/wp\/wp-json\/wp\/v2\/posts"}],"about":[{"href":"https:\/\/stage3.rnv.gob.ve\/wp\/wp-json\/wp\/v2\/types\/post"}],"author":[{"embeddable":true,"href":"https:\/\/stage3.rnv.gob.ve\/wp\/wp-json\/wp\/v2\/users\/38"}],"replies":[{"embeddable":true,"href":"https:\/\/stage3.rnv.gob.ve\/wp\/wp-json\/wp\/v2\/comments?post=260485"}],"version-history":[{"count":0,"href":"https:\/\/stage3.rnv.gob.ve\/wp\/wp-json\/wp\/v2\/posts\/260485\/revisions"}],"wp:featuredmedia":[{"embeddable":true,"href":"https:\/\/stage3.rnv.gob.ve\/wp\/wp-json\/"}],"wp:attachment":[{"href":"https:\/\/stage3.rnv.gob.ve\/wp\/wp-json\/wp\/v2\/media?parent=260485"}],"wp:term":[{"taxonomy":"category","embeddable":true,"href":"https:\/\/stage3.rnv.gob.ve\/wp\/wp-json\/wp\/v2\/categories?post=260485"},{"taxonomy":"post_tag","embeddable":true,"href":"https:\/\/stage3.rnv.gob.ve\/wp\/wp-json\/wp\/v2\/tags?post=260485"}],"curies":[{"name":"wp","href":"https:\/\/api.w.org\/{rel}","templated":true}]}}