{"id":260294,"date":"2019-04-19T07:23:52","date_gmt":"2019-04-19T11:53:52","guid":{"rendered":"https:\/\/stage3.rnv.gob.ve\/wp\/?p=260294"},"modified":"2019-04-19T07:23:52","modified_gmt":"2019-04-19T11:53:52","slug":"dictan-prision-preventiva-contra-ricardo-patino-excanciller-de-ecuador","status":"publish","type":"post","link":"https:\/\/stage3.rnv.gob.ve\/wp\/dictan-prision-preventiva-contra-ricardo-patino-excanciller-de-ecuador\/","title":{"rendered":"Dictan prisi\u00f3n preventiva contra Ricardo Pati\u00f1o, excanciller de Ecuador"},"content":{"rendered":"<p><img fetchpriority=\"high\" decoding=\"async\" class=\"aligncenter wp-image-260295 size-full\" src=\"https:\/\/stage3.rnv.gob.ve\/wp\/wp-content\/uploads\/2019\/04\/ricardo-pati\u00f1o.jpg\" alt=\"\" width=\"580\" height=\"350\" \/><\/p>\n<p style=\"text-align: justify;\">El juez de la Unidad Judicial de Latacunga, Flavio Palomo, ha dictado este jueves prisi\u00f3n preventiva contra del excanciller de Ecuador, Ricardo Pati\u00f1o, por su presunta participaci\u00f3n en un delito de instigaci\u00f3n.<\/p>\n<p style=\"text-align: justify;\">Asimismo, el juez solicitar\u00e1 difusi\u00f3n roja a la Interpol debido a que el excanciller ecuatoriano ha abandonado el pa\u00eds rumbo a Per\u00fa, despu\u00e9s de que otra jueza de Latacunga, Beatriz Ben\u00edtez, negara la orden de prisi\u00f3n el pasado s\u00e1bado.<\/p>\n<p style=\"text-align: justify;\">La Fiscal\u00eda pidi\u00f3 la detenci\u00f3n de Pati\u00f1o el pasado 13 de abril, despu\u00e9s de que afirmara en un programa de la CNN que en Ecuador \u00abhay tanta ilegalidad, tanto abuso del derecho\u00bb que \u00e9l tiene que \u00abpensar seriamente\u00bb si se queda en el pa\u00eds.<\/p>\n<p style=\"text-align: justify;\">Sin embargo, la jueza rechaz\u00f3 el pedido, \u00abdecisi\u00f3n que ha tra\u00eddo como consecuencia que el procesado haya abandonado el territorio nacional por v\u00eda terrestre la noche de este mi\u00e9rcoles 17 de abril\u00bb, seg\u00fan denunci\u00f3 la Fiscal\u00eda en un comunicado.<\/p>\n<p style=\"text-align: justify;\">Pati\u00f1o est\u00e1 acusado de cometer delito de instigaci\u00f3n a ra\u00edz de unas declaraciones que realiz\u00f3 en octubre de 2018 en una reuni\u00f3n pol\u00edtica, cuando hizo un llamamiento a \u00abtomar las instituciones p\u00fablicas\u00bb y a salir a las calles contra el actual Gobierno de Len\u00edn Moreno.<\/p>\n<p style=\"text-align: justify;\">Tras conocerse el dictamen del juez, el excanciller ecuatoriano ha publicado un mensaje a la naci\u00f3n, en el que promete \u00abseguir luchando con la frente en alto\u00bb y en el que afirma ser v\u00edctima de \u00abuna feroz persecuci\u00f3n\u00bb que \u00abrealizan para ocultar la corrupci\u00f3n\u00bb de Len\u00edn Moreno y de \u00absu c\u00edrculo cercano\u00bb.<\/p>\n<p>&nbsp;<br \/>\nT\/ActualidadRT<\/p>\n","protected":false},"excerpt":{"rendered":"<p>El juez de la Unidad Judicial de Latacunga, Flavio Palomo, ha dictado este jueves prisi\u00f3n preventiva contra del excanciller de Ecuador, Ricardo Pati\u00f1o, por su presunta participaci\u00f3n en un delito de instigaci\u00f3n. Asimismo, el juez solicitar\u00e1 difusi\u00f3n roja a la Interpol debido a que el excanciller ecuatoriano ha abandonado el pa\u00eds rumbo a Per\u00fa, despu\u00e9s [&hellip;]<\/p>\n","protected":false},"author":3,"featured_media":260295,"comment_status":"closed","ping_status":"open","sticky":false,"template":"","format":"standard","meta":{"_acf_changed":false,"footnotes":""},"categories":[63],"tags":[166,12405,8415,168],"class_list":["post-260294","post","type-post","status-publish","format-standard","has-post-thumbnail","hentry","category-latinoamerica","tag-ecuador","tag-lenin-moreno","tag-rafael-correa","tag-ricardo-patino"],"acf":[],"yoast_head":"<!-- This site is optimized with the Yoast SEO plugin v27.4 - https:\/\/yoast.com\/product\/yoast-seo-wordpress\/ -->\n<title>Dictan prisi\u00f3n preventiva contra Ricardo Pati\u00f1o, excanciller de Ecuador - DEV RNV<\/title>\n<meta name=\"robots\" content=\"noindex, follow, max-snippet:-1, max-image-preview:large, max-video-preview:-1\" \/>\n<meta property=\"og:locale\" content=\"es_ES\" \/>\n<meta property=\"og:type\" content=\"article\" \/>\n<meta property=\"og:title\" content=\"Dictan prisi\u00f3n preventiva contra Ricardo Pati\u00f1o, excanciller de Ecuador - DEV RNV\" \/>\n<meta property=\"og:description\" content=\"El juez de la Unidad Judicial de Latacunga, Flavio Palomo, ha dictado este jueves prisi\u00f3n preventiva contra del excanciller de Ecuador, Ricardo Pati\u00f1o, por su presunta participaci\u00f3n en un delito de instigaci\u00f3n. Asimismo, el juez solicitar\u00e1 difusi\u00f3n roja a la Interpol debido a que el excanciller ecuatoriano ha abandonado el pa\u00eds rumbo a Per\u00fa, despu\u00e9s [&hellip;]\" \/>\n<meta property=\"og:url\" content=\"https:\/\/stage3.rnv.gob.ve\/wp\/dictan-prision-preventiva-contra-ricardo-patino-excanciller-de-ecuador\/\" \/>\n<meta property=\"og:site_name\" content=\"DEV RNV\" \/>\n<meta property=\"article:publisher\" content=\"https:\/\/www.facebook.com\/RadioNacionaldeVenezuela\" \/>\n<meta property=\"article:published_time\" content=\"2019-04-19T11:53:52+00:00\" \/>\n<meta name=\"author\" content=\"Yaneny Berm\u00fadez\" \/>\n<meta name=\"twitter:card\" content=\"summary_large_image\" \/>\n<meta name=\"twitter:creator\" content=\"@RNVinformativa\" \/>\n<meta name=\"twitter:site\" content=\"@RNVinformativa\" \/>\n<meta name=\"twitter:label1\" content=\"Escrito por\" \/>\n\t<meta name=\"twitter:data1\" content=\"Yaneny Berm\u00fadez\" \/>\n\t<meta name=\"twitter:label2\" content=\"Tiempo estimado de lectura\" \/>\n\t<meta name=\"twitter:data2\" content=\"1 minuto\" \/>\n<script type=\"application\/ld+json\" class=\"yoast-schema-graph\">{\"@context\":\"https:\\\/\\\/schema.org\",\"@graph\":[{\"@type\":\"Article\",\"@id\":\"https:\\\/\\\/stage3.rnv.gob.ve\\\/wp\\\/dictan-prision-preventiva-contra-ricardo-patino-excanciller-de-ecuador\\\/#article\",\"isPartOf\":{\"@id\":\"https:\\\/\\\/stage3.rnv.gob.ve\\\/wp\\\/dictan-prision-preventiva-contra-ricardo-patino-excanciller-de-ecuador\\\/\"},\"author\":{\"name\":\"Yaneny Berm\u00fadez\",\"@id\":\"https:\\\/\\\/stage3.rnv.gob.ve\\\/wp\\\/#\\\/schema\\\/person\\\/b18a77cc009f4a5241b81471b5e5e1f2\"},\"headline\":\"Dictan prisi\u00f3n preventiva contra Ricardo Pati\u00f1o, excanciller de Ecuador\",\"datePublished\":\"2019-04-19T11:53:52+00:00\",\"mainEntityOfPage\":{\"@id\":\"https:\\\/\\\/stage3.rnv.gob.ve\\\/wp\\\/dictan-prision-preventiva-contra-ricardo-patino-excanciller-de-ecuador\\\/\"},\"wordCount\":296,\"publisher\":{\"@id\":\"https:\\\/\\\/stage3.rnv.gob.ve\\\/wp\\\/#organization\"},\"image\":{\"@id\":\"https:\\\/\\\/stage3.rnv.gob.ve\\\/wp\\\/dictan-prision-preventiva-contra-ricardo-patino-excanciller-de-ecuador\\\/#primaryimage\"},\"thumbnailUrl\":\"\",\"keywords\":[\"Ecuador\",\"LENIN MORENO\",\"Rafael Correa\",\"Ricardo Pati\u00f1o\"],\"articleSection\":[\"Latinoam\u00e9rica\"],\"inLanguage\":\"es\"},{\"@type\":\"WebPage\",\"@id\":\"https:\\\/\\\/stage3.rnv.gob.ve\\\/wp\\\/dictan-prision-preventiva-contra-ricardo-patino-excanciller-de-ecuador\\\/\",\"url\":\"https:\\\/\\\/stage3.rnv.gob.ve\\\/wp\\\/dictan-prision-preventiva-contra-ricardo-patino-excanciller-de-ecuador\\\/\",\"name\":\"Dictan prisi\u00f3n preventiva contra Ricardo Pati\u00f1o, excanciller de Ecuador - DEV RNV\",\"isPartOf\":{\"@id\":\"https:\\\/\\\/stage3.rnv.gob.ve\\\/wp\\\/#website\"},\"primaryImageOfPage\":{\"@id\":\"https:\\\/\\\/stage3.rnv.gob.ve\\\/wp\\\/dictan-prision-preventiva-contra-ricardo-patino-excanciller-de-ecuador\\\/#primaryimage\"},\"image\":{\"@id\":\"https:\\\/\\\/stage3.rnv.gob.ve\\\/wp\\\/dictan-prision-preventiva-contra-ricardo-patino-excanciller-de-ecuador\\\/#primaryimage\"},\"thumbnailUrl\":\"\",\"datePublished\":\"2019-04-19T11:53:52+00:00\",\"breadcrumb\":{\"@id\":\"https:\\\/\\\/stage3.rnv.gob.ve\\\/wp\\\/dictan-prision-preventiva-contra-ricardo-patino-excanciller-de-ecuador\\\/#breadcrumb\"},\"inLanguage\":\"es\",\"potentialAction\":[{\"@type\":\"ReadAction\",\"target\":[\"https:\\\/\\\/stage3.rnv.gob.ve\\\/wp\\\/dictan-prision-preventiva-contra-ricardo-patino-excanciller-de-ecuador\\\/\"]}]},{\"@type\":\"ImageObject\",\"inLanguage\":\"es\",\"@id\":\"https:\\\/\\\/stage3.rnv.gob.ve\\\/wp\\\/dictan-prision-preventiva-contra-ricardo-patino-excanciller-de-ecuador\\\/#primaryimage\",\"url\":\"\",\"contentUrl\":\"\"},{\"@type\":\"BreadcrumbList\",\"@id\":\"https:\\\/\\\/stage3.rnv.gob.ve\\\/wp\\\/dictan-prision-preventiva-contra-ricardo-patino-excanciller-de-ecuador\\\/#breadcrumb\",\"itemListElement\":[{\"@type\":\"ListItem\",\"position\":1,\"name\":\"Portada\",\"item\":\"https:\\\/\\\/stage3.rnv.gob.ve\\\/wp\\\/\"},{\"@type\":\"ListItem\",\"position\":2,\"name\":\"Dictan Prisi\u00f3n Preventiva Contra Ricardo Pati\u00f1o, Excanciller De Ecuador\"}]},{\"@type\":\"WebSite\",\"@id\":\"https:\\\/\\\/stage3.rnv.gob.ve\\\/wp\\\/#website\",\"url\":\"https:\\\/\\\/stage3.rnv.gob.ve\\\/wp\\\/\",\"name\":\"DEV RNV\",\"description\":\"Radio Nacional de Venezuela C.A.\",\"publisher\":{\"@id\":\"https:\\\/\\\/stage3.rnv.gob.ve\\\/wp\\\/#organization\"},\"potentialAction\":[{\"@type\":\"SearchAction\",\"target\":{\"@type\":\"EntryPoint\",\"urlTemplate\":\"https:\\\/\\\/stage3.rnv.gob.ve\\\/wp\\\/?s={search_term_string}\"},\"query-input\":{\"@type\":\"PropertyValueSpecification\",\"valueRequired\":true,\"valueName\":\"search_term_string\"}}],\"inLanguage\":\"es\"},{\"@type\":\"Organization\",\"@id\":\"https:\\\/\\\/stage3.rnv.gob.ve\\\/wp\\\/#organization\",\"name\":\"Radio Nacional de Venezuela C.A.\",\"url\":\"https:\\\/\\\/stage3.rnv.gob.ve\\\/wp\\\/\",\"logo\":{\"@type\":\"ImageObject\",\"inLanguage\":\"es\",\"@id\":\"https:\\\/\\\/stage3.rnv.gob.ve\\\/wp\\\/#\\\/schema\\\/logo\\\/image\\\/\",\"url\":\"http:\\\/\\\/rnv.ddns.net\\\/prensa\\\/wp-content\\\/uploads\\\/2022\\\/04\\\/rnv-1-300x227-1.jpg\",\"contentUrl\":\"http:\\\/\\\/rnv.ddns.net\\\/prensa\\\/wp-content\\\/uploads\\\/2022\\\/04\\\/rnv-1-300x227-1.jpg\",\"width\":800,\"height\":455,\"caption\":\"Radio Nacional de Venezuela C.A.\"},\"image\":{\"@id\":\"https:\\\/\\\/stage3.rnv.gob.ve\\\/wp\\\/#\\\/schema\\\/logo\\\/image\\\/\"},\"sameAs\":[\"https:\\\/\\\/www.facebook.com\\\/RadioNacionaldeVenezuela\",\"https:\\\/\\\/x.com\\\/RNVinformativa\",\"https:\\\/\\\/www.instagram.com\\\/rnvinformativa\\\/\",\"https:\\\/\\\/www.youtube.com\\\/user\\\/RNVContigo\"]},{\"@type\":\"Person\",\"@id\":\"https:\\\/\\\/stage3.rnv.gob.ve\\\/wp\\\/#\\\/schema\\\/person\\\/b18a77cc009f4a5241b81471b5e5e1f2\",\"name\":\"Yaneny Berm\u00fadez\",\"url\":\"https:\\\/\\\/stage3.rnv.gob.ve\\\/wp\\\/author\\\/yaneny_bermudez\\\/\"}]}<\/script>\n<!-- \/ Yoast SEO plugin. -->","yoast_head_json":{"title":"Dictan prisi\u00f3n preventiva contra Ricardo Pati\u00f1o, excanciller de Ecuador - DEV RNV","robots":{"index":"noindex","follow":"follow","max-snippet":"max-snippet:-1","max-image-preview":"max-image-preview:large","max-video-preview":"max-video-preview:-1"},"og_locale":"es_ES","og_type":"article","og_title":"Dictan prisi\u00f3n preventiva contra Ricardo Pati\u00f1o, excanciller de Ecuador - DEV RNV","og_description":"El juez de la Unidad Judicial de Latacunga, Flavio Palomo, ha dictado este jueves prisi\u00f3n preventiva contra del excanciller de Ecuador, Ricardo Pati\u00f1o, por su presunta participaci\u00f3n en un delito de instigaci\u00f3n. Asimismo, el juez solicitar\u00e1 difusi\u00f3n roja a la Interpol debido a que el excanciller ecuatoriano ha abandonado el pa\u00eds rumbo a Per\u00fa, despu\u00e9s [&hellip;]","og_url":"https:\/\/stage3.rnv.gob.ve\/wp\/dictan-prision-preventiva-contra-ricardo-patino-excanciller-de-ecuador\/","og_site_name":"DEV RNV","article_publisher":"https:\/\/www.facebook.com\/RadioNacionaldeVenezuela","article_published_time":"2019-04-19T11:53:52+00:00","author":"Yaneny Berm\u00fadez","twitter_card":"summary_large_image","twitter_creator":"@RNVinformativa","twitter_site":"@RNVinformativa","twitter_misc":{"Escrito por":"Yaneny Berm\u00fadez","Tiempo estimado de lectura":"1 minuto"},"schema":{"@context":"https:\/\/schema.org","@graph":[{"@type":"Article","@id":"https:\/\/stage3.rnv.gob.ve\/wp\/dictan-prision-preventiva-contra-ricardo-patino-excanciller-de-ecuador\/#article","isPartOf":{"@id":"https:\/\/stage3.rnv.gob.ve\/wp\/dictan-prision-preventiva-contra-ricardo-patino-excanciller-de-ecuador\/"},"author":{"name":"Yaneny Berm\u00fadez","@id":"https:\/\/stage3.rnv.gob.ve\/wp\/#\/schema\/person\/b18a77cc009f4a5241b81471b5e5e1f2"},"headline":"Dictan prisi\u00f3n preventiva contra Ricardo Pati\u00f1o, excanciller de Ecuador","datePublished":"2019-04-19T11:53:52+00:00","mainEntityOfPage":{"@id":"https:\/\/stage3.rnv.gob.ve\/wp\/dictan-prision-preventiva-contra-ricardo-patino-excanciller-de-ecuador\/"},"wordCount":296,"publisher":{"@id":"https:\/\/stage3.rnv.gob.ve\/wp\/#organization"},"image":{"@id":"https:\/\/stage3.rnv.gob.ve\/wp\/dictan-prision-preventiva-contra-ricardo-patino-excanciller-de-ecuador\/#primaryimage"},"thumbnailUrl":"","keywords":["Ecuador","LENIN MORENO","Rafael Correa","Ricardo Pati\u00f1o"],"articleSection":["Latinoam\u00e9rica"],"inLanguage":"es"},{"@type":"WebPage","@id":"https:\/\/stage3.rnv.gob.ve\/wp\/dictan-prision-preventiva-contra-ricardo-patino-excanciller-de-ecuador\/","url":"https:\/\/stage3.rnv.gob.ve\/wp\/dictan-prision-preventiva-contra-ricardo-patino-excanciller-de-ecuador\/","name":"Dictan prisi\u00f3n preventiva contra Ricardo Pati\u00f1o, excanciller de Ecuador - DEV RNV","isPartOf":{"@id":"https:\/\/stage3.rnv.gob.ve\/wp\/#website"},"primaryImageOfPage":{"@id":"https:\/\/stage3.rnv.gob.ve\/wp\/dictan-prision-preventiva-contra-ricardo-patino-excanciller-de-ecuador\/#primaryimage"},"image":{"@id":"https:\/\/stage3.rnv.gob.ve\/wp\/dictan-prision-preventiva-contra-ricardo-patino-excanciller-de-ecuador\/#primaryimage"},"thumbnailUrl":"","datePublished":"2019-04-19T11:53:52+00:00","breadcrumb":{"@id":"https:\/\/stage3.rnv.gob.ve\/wp\/dictan-prision-preventiva-contra-ricardo-patino-excanciller-de-ecuador\/#breadcrumb"},"inLanguage":"es","potentialAction":[{"@type":"ReadAction","target":["https:\/\/stage3.rnv.gob.ve\/wp\/dictan-prision-preventiva-contra-ricardo-patino-excanciller-de-ecuador\/"]}]},{"@type":"ImageObject","inLanguage":"es","@id":"https:\/\/stage3.rnv.gob.ve\/wp\/dictan-prision-preventiva-contra-ricardo-patino-excanciller-de-ecuador\/#primaryimage","url":"","contentUrl":""},{"@type":"BreadcrumbList","@id":"https:\/\/stage3.rnv.gob.ve\/wp\/dictan-prision-preventiva-contra-ricardo-patino-excanciller-de-ecuador\/#breadcrumb","itemListElement":[{"@type":"ListItem","position":1,"name":"Portada","item":"https:\/\/stage3.rnv.gob.ve\/wp\/"},{"@type":"ListItem","position":2,"name":"Dictan Prisi\u00f3n Preventiva Contra Ricardo Pati\u00f1o, Excanciller De Ecuador"}]},{"@type":"WebSite","@id":"https:\/\/stage3.rnv.gob.ve\/wp\/#website","url":"https:\/\/stage3.rnv.gob.ve\/wp\/","name":"DEV RNV","description":"Radio Nacional de Venezuela C.A.","publisher":{"@id":"https:\/\/stage3.rnv.gob.ve\/wp\/#organization"},"potentialAction":[{"@type":"SearchAction","target":{"@type":"EntryPoint","urlTemplate":"https:\/\/stage3.rnv.gob.ve\/wp\/?s={search_term_string}"},"query-input":{"@type":"PropertyValueSpecification","valueRequired":true,"valueName":"search_term_string"}}],"inLanguage":"es"},{"@type":"Organization","@id":"https:\/\/stage3.rnv.gob.ve\/wp\/#organization","name":"Radio Nacional de Venezuela C.A.","url":"https:\/\/stage3.rnv.gob.ve\/wp\/","logo":{"@type":"ImageObject","inLanguage":"es","@id":"https:\/\/stage3.rnv.gob.ve\/wp\/#\/schema\/logo\/image\/","url":"http:\/\/rnv.ddns.net\/prensa\/wp-content\/uploads\/2022\/04\/rnv-1-300x227-1.jpg","contentUrl":"http:\/\/rnv.ddns.net\/prensa\/wp-content\/uploads\/2022\/04\/rnv-1-300x227-1.jpg","width":800,"height":455,"caption":"Radio Nacional de Venezuela C.A."},"image":{"@id":"https:\/\/stage3.rnv.gob.ve\/wp\/#\/schema\/logo\/image\/"},"sameAs":["https:\/\/www.facebook.com\/RadioNacionaldeVenezuela","https:\/\/x.com\/RNVinformativa","https:\/\/www.instagram.com\/rnvinformativa\/","https:\/\/www.youtube.com\/user\/RNVContigo"]},{"@type":"Person","@id":"https:\/\/stage3.rnv.gob.ve\/wp\/#\/schema\/person\/b18a77cc009f4a5241b81471b5e5e1f2","name":"Yaneny Berm\u00fadez","url":"https:\/\/stage3.rnv.gob.ve\/wp\/author\/yaneny_bermudez\/"}]}},"jetpack_featured_media_url":"","_links":{"self":[{"href":"https:\/\/stage3.rnv.gob.ve\/wp\/wp-json\/wp\/v2\/posts\/260294","targetHints":{"allow":["GET"]}}],"collection":[{"href":"https:\/\/stage3.rnv.gob.ve\/wp\/wp-json\/wp\/v2\/posts"}],"about":[{"href":"https:\/\/stage3.rnv.gob.ve\/wp\/wp-json\/wp\/v2\/types\/post"}],"author":[{"embeddable":true,"href":"https:\/\/stage3.rnv.gob.ve\/wp\/wp-json\/wp\/v2\/users\/3"}],"replies":[{"embeddable":true,"href":"https:\/\/stage3.rnv.gob.ve\/wp\/wp-json\/wp\/v2\/comments?post=260294"}],"version-history":[{"count":0,"href":"https:\/\/stage3.rnv.gob.ve\/wp\/wp-json\/wp\/v2\/posts\/260294\/revisions"}],"wp:featuredmedia":[{"embeddable":true,"href":"https:\/\/stage3.rnv.gob.ve\/wp\/wp-json\/"}],"wp:attachment":[{"href":"https:\/\/stage3.rnv.gob.ve\/wp\/wp-json\/wp\/v2\/media?parent=260294"}],"wp:term":[{"taxonomy":"category","embeddable":true,"href":"https:\/\/stage3.rnv.gob.ve\/wp\/wp-json\/wp\/v2\/categories?post=260294"},{"taxonomy":"post_tag","embeddable":true,"href":"https:\/\/stage3.rnv.gob.ve\/wp\/wp-json\/wp\/v2\/tags?post=260294"}],"curies":[{"name":"wp","href":"https:\/\/api.w.org\/{rel}","templated":true}]}}