{"id":25928,"date":"2016-05-09T09:50:51","date_gmt":"2016-05-09T14:20:51","guid":{"rendered":"http:\/\/wpeditor.rnv.gob.ve\/?p=25928"},"modified":"2026-04-14T19:31:10","modified_gmt":"2026-04-14T23:31:10","slug":"rubert-quijada-mi-meta-es-ser-el-lateral-izquierdo-de-la-seleccion-en-la-copa-america-video","status":"publish","type":"post","link":"https:\/\/stage3.rnv.gob.ve\/wp\/rubert-quijada-mi-meta-es-ser-el-lateral-izquierdo-de-la-seleccion-en-la-copa-america-video\/","title":{"rendered":"Rubert Quijada: \u201cMi meta es ser el lateral izquierdo de la selecci\u00f3n en la Copa Am\u00e9rica\u201d (V\u00cdDEO)"},"content":{"rendered":"<p style=\"margin: 0cm;margin-bottom: .0001pt;text-align: justify;line-height: 150%;background: white\"><a href=\"http:\/\/wpeditor.rnv.gob.ve\/app\/uploads\/2016\/05\/RubertQuijada.jpg\" rel=\"attachment wp-att-25930\"><img fetchpriority=\"high\" decoding=\"async\" class=\"size-full wp-image-25930 aligncenter\" src=\"http:\/\/wpeditor.rnv.gob.ve\/app\/uploads\/2016\/05\/RubertQuijada.jpg\" alt=\"RubertQuijada\" width=\"580\" height=\"300\" \/><\/a><\/p>\n<p style=\"margin: 0cm;margin-bottom: .0001pt;text-align: justify;line-height: 150%;background: white\">\n<p style=\"margin: 0cm;margin-bottom: .0001pt;text-align: justify;line-height: 150%;background: white\"><span style=\"font-size: 14.0pt;line-height: 150%;font-family: 'Arial','sans-serif'\">Rubert Quijada quiere aprovechar hasta el \u00faltimo segundo del m\u00f3dulo de preparaci\u00f3n de la selecci\u00f3n nacional en el pa\u00eds, previo a la Copa Am\u00e9rica Centenario. El defensor est\u00e1 feliz de haber conseguido un puesto en la lista de buena fe de 40 jugadores, pero no se conforma y apunta a lo m\u00e1s alto.<\/span><\/p>\n<p style=\"margin: 0cm;margin-bottom: .0001pt;text-align: justify;line-height: 150%;background: white\"><span style=\"font-size: 14.0pt;line-height: 150%;font-family: 'Arial','sans-serif'\">\u00a0<\/span><\/p>\n<p style=\"margin: 0cm;margin-bottom: .0001pt;text-align: justify;line-height: 150%;background: white\"><strong><i><span style=\"font-size: 14.0pt;line-height: 150%;font-family: 'Arial','sans-serif'\">\u201cYa estar entre los 40 fue un paso, ahora vienen los 23, que ser\u00e1 otro m\u00e1s, y espero terminar dando el golpe sobre la mesa, siendo el lateral (izquierdo) de la selecci\u00f3n (nacional) en la Copa Am\u00e9rica. Esa es mi meta\u201d<\/span><\/i><\/strong><span style=\"font-size: 14.0pt;line-height: 150%;font-family: 'Arial','sans-serif'\">, dijo el jugador del rojo.<\/span><\/p>\n<p style=\"margin: 0cm;margin-bottom: .0001pt;text-align: justify;line-height: 150%;background: white\"><span style=\"font-size: 14.0pt;line-height: 150%;font-family: 'Arial','sans-serif'\">\u00a0<\/span><\/p>\n<p style=\"margin: 0cm;margin-bottom: .0001pt;text-align: justify;line-height: 150%;background: white\"><strong><i><span style=\"font-size: 14.0pt;line-height: 150%;font-family: 'Arial','sans-serif'\">\u201cMe disputar\u00e9 el puesto con dos grandes personas y futbolistas que militan en el f\u00fatbol del extranjero;\u00a0 pero los del f\u00fatbol local tenemos que demostrar que ac\u00e1 tambi\u00e9n hay talento y que de ac\u00e1 puede salir un jugador que se adue\u00f1e del lateral izquierdo de la selecci\u00f3n\u201d<\/span><\/i><\/strong><span style=\"font-size: 14.0pt;line-height: 150%;font-family: 'Arial','sans-serif'\">, a\u00f1adi\u00f3.<\/span><\/p>\n<p style=\"margin: 0cm;margin-bottom: .0001pt;text-align: justify;line-height: 150%;background: white\"><span style=\"font-size: 14.0pt;line-height: 150%;font-family: 'Arial','sans-serif'\">\u00a0<\/span><\/p>\n<p style=\"margin: 0cm;margin-bottom: .0001pt;text-align: justify;line-height: 150%;background: white\"><span style=\"font-size: 14.0pt;line-height: 150%;font-family: 'Arial','sans-serif'\">El monaguense, que empez\u00f3 como central su carrera, lleva tiempo trabajando para afianzarse en la selecci\u00f3n nacional.<strong><i><span style=\"font-family: 'Arial','sans-serif'\">\u201dUno trabaja para esto, para siempre estar en la \u00e9lite y pertenecer a la selecci\u00f3n. Hoy en d\u00eda la selecci\u00f3n nacional es el m\u00e1ximo que he logrado, sin duda vengo a aportar, para entre todos sacar esto adelante\u201d<\/span><\/i><\/strong>, destac\u00f3.<\/span><\/p>\n<p style=\"margin: 0cm;margin-bottom: .0001pt;text-align: justify;line-height: 150%;background: white\"><span style=\"font-size: 14.0pt;line-height: 150%;font-family: 'Arial','sans-serif'\">\u00a0<\/span><\/p>\n<p style=\"margin: 0cm;margin-bottom: .0001pt;text-align: justify;line-height: 150%;background: white\"><strong><i><span style=\"font-size: 14.0pt;line-height: 150%;font-family: 'Arial','sans-serif'\">\u201cMi posici\u00f3n natural es la de central, pero debido a la falta de laterales izquierdos en Venezuela me adapt\u00e9 y me acomod\u00e9 en esa posici\u00f3n. Me cost\u00f3 much\u00edsimo adaptarme, pero ahorita estoy m\u00e1s c\u00f3modo. Poco a poco voy puliendo mi juego ofensivo, porque al ser central natural a veces me cuesta mucho ir al ataque; sin embargo cubro esa falencia con mi juego a\u00e9reo. No soy de tirar muchos centros, pero s\u00ed soy de hacer muchos goles de cabeza. Eso me ayuda much\u00edsimo, me da confianza a nivel personal\u201d<\/span><\/i><\/strong><span style=\"font-size: 14.0pt;line-height: 150%;font-family: 'Arial','sans-serif'\">, ahond\u00f3.<\/span><\/p>\n<p style=\"margin: 0cm;margin-bottom: .0001pt;text-align: justify;line-height: 150%;background: white\"><span style=\"font-size: 14.0pt;line-height: 150%;font-family: 'Arial','sans-serif'\">\u00a0<\/span><\/p>\n<p style=\"margin: 0cm;margin-bottom: .0001pt;text-align: justify;line-height: 150%;background: white\"><span style=\"font-size: 14.0pt;line-height: 150%;font-family: 'Arial','sans-serif'\">Quijada vive un buen momento con su club, Caracas F. C. y espera poder trasladarlo a la selecci\u00f3n en esta nueva oportunidad que se le presenta.<span class=\"apple-converted-space\"><b><i>\u00a0<\/i><\/b><\/span><strong><i><span style=\"font-family: 'Arial','sans-serif'\">\u201cEstoy en buen momento, he hecho partidos importantes a nivel internacional con mi club, en Copa Libertadores y en Copa Sudamericana. Eso me ayuda much\u00edsimo, me da un plus, me da mucha confianza para venir a la selecci\u00f3n y pelear un puesto\u201d<\/span><\/i><\/strong>, cont\u00f3 el lateral, que tambi\u00e9n piensa en lo colectivo.<span class=\"apple-converted-space\">\u00a0<\/span><br \/>\n<strong><i><span style=\"font-family: 'Arial','sans-serif'\">\u00a0<\/span><\/i><\/strong><br \/>\n<strong><i><span style=\"font-family: 'Arial','sans-serif'\">\u201cEstoy muy contento (de estar aqu\u00ed) y a la vez (tengo) una responsabilidad enorme. Creo que ahorita tenemos la obligaci\u00f3n de crearle una nueva ilusi\u00f3n al pa\u00eds, de hacerles sentir otra vez que s\u00ed podemos, que podemos alcanzar cosas importantes, y la meta m\u00e1s cercana es\u00a0 la Copa Am\u00e9rica Centenario\u201d<\/span><\/i><\/strong>, cerr\u00f3.<\/span><\/p>\n<p style=\"margin: 0cm;margin-bottom: .0001pt;text-align: justify;line-height: 150%;background: white\"><span style=\"font-size: 14.0pt;line-height: 150%;font-family: 'Arial','sans-serif'\">\u00a0<\/span><\/p>\n<p style=\"margin: 0cm;margin-bottom: .0001pt;text-align: justify;line-height: 150%;background: white\"><strong><span style=\"font-size: 14.0pt;line-height: 150%;font-family: 'Arial','sans-serif'\">Est\u00e1 en sinton\u00eda<\/span><\/strong><\/p>\n<p style=\"margin: 0cm;margin-bottom: .0001pt;text-align: justify;line-height: 150%;background: white\"><span style=\"font-size: 14.0pt;line-height: 150%;font-family: 'Arial','sans-serif'\">Rubert Quijada no hab\u00eda trabajado hasta la semana pasada con el seleccionador nacional Rafael Dudamel. El defensor asisti\u00f3 al primer m\u00f3dulo de preparaci\u00f3n en el CNAR; sin embargo, no le cost\u00f3 adaptarse a lo que le pide.<\/span><\/p>\n<p style=\"margin: 0cm;margin-bottom: .0001pt;text-align: justify;line-height: 150%;background: white\"><span style=\"font-size: 14.0pt;line-height: 150%;font-family: 'Arial','sans-serif'\">\u00a0<\/span><\/p>\n<p style=\"margin: 0cm;margin-bottom: .0001pt;text-align: justify;line-height: 150%;background: white\"><strong><i><span style=\"font-size: 14.0pt;line-height: 150%;font-family: 'Arial','sans-serif'\">\u201cEs un profe que le gusta mucho la tenencia de la pelota, hay que ser muy agresivo a la hora de marcar. Maneja la misma filosof\u00eda que Tony (Antonio Franco) en Caracas, por lo que se me hace muy f\u00e1cil adaptarme\u201d<\/span><\/i><\/strong><span style=\"font-size: 14.0pt;line-height: 150%;font-family: 'Arial','sans-serif'\">, cont\u00f3 el defensor.<\/span><\/p>\n<p style=\"margin: 0cm;margin-bottom: .0001pt;text-align: justify;line-height: 150%;background: white\"><span style=\"font-size: 14.0pt;line-height: 150%;font-family: 'Arial','sans-serif'\">\u00a0<\/span><\/p>\n<p style=\"margin: 0cm;margin-bottom: .0001pt;text-align: justify;line-height: 150%;background: white\"><strong><i><span style=\"font-size: 14.0pt;line-height: 150%;font-family: 'Arial','sans-serif'\">\u201cMi cuerpo t\u00e9cnico (el de Caracas FC) me ayuda much\u00edsimo, me da confianza, y me pide que vaya mucho m\u00e1s al ataque. D\u00eda a d\u00eda tratamos de mejorar eso, es una de mis falencias, pero estoy trabajando en eso. Los tres seleccionadores nacionales me han pedido lo mismo, y estoy tratando de mejorarlo\u201d<\/span><\/i><\/strong><span style=\"font-size: 14.0pt;line-height: 150%;font-family: 'Arial','sans-serif'\">, agreg\u00f3.<\/span><\/p>\n<p><iframe title=\"Entrevista: Rubert Quijada\" width=\"800\" height=\"450\" src=\"https:\/\/www.youtube.com\/embed\/CUjREG2WZFc?feature=oembed\" frameborder=\"0\" allow=\"accelerometer; autoplay; clipboard-write; encrypted-media; gyroscope; picture-in-picture; web-share\" referrerpolicy=\"strict-origin-when-cross-origin\" allowfullscreen><\/iframe><br \/>\n&nbsp;<\/p>\n<p style=\"margin: 0cm;margin-bottom: .0001pt;text-align: justify;line-height: 150%;background: white\"><em><strong>RNV\/OJYP\/Federaci\u00f3nVenezolanaDeF\u00fatbol<\/strong><\/em><\/p>\n","protected":false},"excerpt":{"rendered":"<p>Rubert Quijada quiere aprovechar hasta el \u00faltimo segundo del m\u00f3dulo de preparaci\u00f3n de la selecci\u00f3n nacional en el pa\u00eds, previo a la Copa Am\u00e9rica Centenario. El defensor est\u00e1 feliz de haber conseguido un puesto en la lista de buena fe de 40 jugadores, pero no se conforma y apunta a lo m\u00e1s alto. \u00a0 \u201cYa [&hellip;]<\/p>\n","protected":false},"author":8,"featured_media":25930,"comment_status":"closed","ping_status":"open","sticky":false,"template":"","format":"standard","meta":{"_acf_changed":false,"footnotes":""},"categories":[56],"tags":[120,123,82],"class_list":["post-25928","post","type-post","status-publish","format-standard","has-post-thumbnail","hentry","category-deporte","tag-deporte","tag-futbol","tag-rnv"],"acf":[],"yoast_head":"<!-- This site is optimized with the Yoast SEO plugin v27.4 - https:\/\/yoast.com\/product\/yoast-seo-wordpress\/ -->\n<title>Rubert Quijada: \u201cMi meta es ser el lateral izquierdo de la selecci\u00f3n en la Copa Am\u00e9rica\u201d (V\u00cdDEO) - DEV RNV<\/title>\n<meta name=\"robots\" content=\"noindex, follow, max-snippet:-1, max-image-preview:large, max-video-preview:-1\" \/>\n<meta property=\"og:locale\" content=\"es_ES\" \/>\n<meta property=\"og:type\" content=\"article\" \/>\n<meta property=\"og:title\" content=\"Rubert Quijada: \u201cMi meta es ser el lateral izquierdo de la selecci\u00f3n en la Copa Am\u00e9rica\u201d (V\u00cdDEO) - DEV RNV\" \/>\n<meta property=\"og:description\" content=\"Rubert Quijada quiere aprovechar hasta el \u00faltimo segundo del m\u00f3dulo de preparaci\u00f3n de la selecci\u00f3n nacional en el pa\u00eds, previo a la Copa Am\u00e9rica Centenario. El defensor est\u00e1 feliz de haber conseguido un puesto en la lista de buena fe de 40 jugadores, pero no se conforma y apunta a lo m\u00e1s alto. \u00a0 \u201cYa [&hellip;]\" \/>\n<meta property=\"og:url\" content=\"https:\/\/stage3.rnv.gob.ve\/wp\/rubert-quijada-mi-meta-es-ser-el-lateral-izquierdo-de-la-seleccion-en-la-copa-america-video\/\" \/>\n<meta property=\"og:site_name\" content=\"DEV RNV\" \/>\n<meta property=\"article:publisher\" content=\"https:\/\/www.facebook.com\/RadioNacionaldeVenezuela\" \/>\n<meta property=\"article:published_time\" content=\"2016-05-09T14:20:51+00:00\" \/>\n<meta property=\"article:modified_time\" content=\"2026-04-14T23:31:10+00:00\" \/>\n<meta name=\"author\" content=\"Oliver Yaguaran\" \/>\n<meta name=\"twitter:card\" content=\"summary_large_image\" \/>\n<meta name=\"twitter:creator\" content=\"@RNVinformativa\" \/>\n<meta name=\"twitter:site\" content=\"@RNVinformativa\" \/>\n<meta name=\"twitter:label1\" content=\"Escrito por\" \/>\n\t<meta name=\"twitter:data1\" content=\"Oliver Yaguaran\" \/>\n\t<meta name=\"twitter:label2\" content=\"Tiempo estimado de lectura\" \/>\n\t<meta name=\"twitter:data2\" content=\"3 minutos\" \/>\n<script type=\"application\/ld+json\" class=\"yoast-schema-graph\">{\"@context\":\"https:\\\/\\\/schema.org\",\"@graph\":[{\"@type\":\"Article\",\"@id\":\"https:\\\/\\\/stage3.rnv.gob.ve\\\/wp\\\/rubert-quijada-mi-meta-es-ser-el-lateral-izquierdo-de-la-seleccion-en-la-copa-america-video\\\/#article\",\"isPartOf\":{\"@id\":\"https:\\\/\\\/stage3.rnv.gob.ve\\\/wp\\\/rubert-quijada-mi-meta-es-ser-el-lateral-izquierdo-de-la-seleccion-en-la-copa-america-video\\\/\"},\"author\":{\"name\":\"Oliver Yaguaran\",\"@id\":\"https:\\\/\\\/stage3.rnv.gob.ve\\\/wp\\\/#\\\/schema\\\/person\\\/5245a6abc6a146cc40ad225431207bd0\"},\"headline\":\"Rubert Quijada: \u201cMi meta es ser el lateral izquierdo de la selecci\u00f3n en la Copa Am\u00e9rica\u201d (V\u00cdDEO)\",\"datePublished\":\"2016-05-09T14:20:51+00:00\",\"dateModified\":\"2026-04-14T23:31:10+00:00\",\"mainEntityOfPage\":{\"@id\":\"https:\\\/\\\/stage3.rnv.gob.ve\\\/wp\\\/rubert-quijada-mi-meta-es-ser-el-lateral-izquierdo-de-la-seleccion-en-la-copa-america-video\\\/\"},\"wordCount\":637,\"publisher\":{\"@id\":\"https:\\\/\\\/stage3.rnv.gob.ve\\\/wp\\\/#organization\"},\"image\":{\"@id\":\"https:\\\/\\\/stage3.rnv.gob.ve\\\/wp\\\/rubert-quijada-mi-meta-es-ser-el-lateral-izquierdo-de-la-seleccion-en-la-copa-america-video\\\/#primaryimage\"},\"thumbnailUrl\":\"\",\"keywords\":[\"deporte\",\"F\u00fatbol\",\"RNV\"],\"articleSection\":[\"Deporte\"],\"inLanguage\":\"es\"},{\"@type\":\"WebPage\",\"@id\":\"https:\\\/\\\/stage3.rnv.gob.ve\\\/wp\\\/rubert-quijada-mi-meta-es-ser-el-lateral-izquierdo-de-la-seleccion-en-la-copa-america-video\\\/\",\"url\":\"https:\\\/\\\/stage3.rnv.gob.ve\\\/wp\\\/rubert-quijada-mi-meta-es-ser-el-lateral-izquierdo-de-la-seleccion-en-la-copa-america-video\\\/\",\"name\":\"Rubert Quijada: \u201cMi meta es ser el lateral izquierdo de la selecci\u00f3n en la Copa Am\u00e9rica\u201d (V\u00cdDEO) - DEV RNV\",\"isPartOf\":{\"@id\":\"https:\\\/\\\/stage3.rnv.gob.ve\\\/wp\\\/#website\"},\"primaryImageOfPage\":{\"@id\":\"https:\\\/\\\/stage3.rnv.gob.ve\\\/wp\\\/rubert-quijada-mi-meta-es-ser-el-lateral-izquierdo-de-la-seleccion-en-la-copa-america-video\\\/#primaryimage\"},\"image\":{\"@id\":\"https:\\\/\\\/stage3.rnv.gob.ve\\\/wp\\\/rubert-quijada-mi-meta-es-ser-el-lateral-izquierdo-de-la-seleccion-en-la-copa-america-video\\\/#primaryimage\"},\"thumbnailUrl\":\"\",\"datePublished\":\"2016-05-09T14:20:51+00:00\",\"dateModified\":\"2026-04-14T23:31:10+00:00\",\"breadcrumb\":{\"@id\":\"https:\\\/\\\/stage3.rnv.gob.ve\\\/wp\\\/rubert-quijada-mi-meta-es-ser-el-lateral-izquierdo-de-la-seleccion-en-la-copa-america-video\\\/#breadcrumb\"},\"inLanguage\":\"es\",\"potentialAction\":[{\"@type\":\"ReadAction\",\"target\":[\"https:\\\/\\\/stage3.rnv.gob.ve\\\/wp\\\/rubert-quijada-mi-meta-es-ser-el-lateral-izquierdo-de-la-seleccion-en-la-copa-america-video\\\/\"]}]},{\"@type\":\"ImageObject\",\"inLanguage\":\"es\",\"@id\":\"https:\\\/\\\/stage3.rnv.gob.ve\\\/wp\\\/rubert-quijada-mi-meta-es-ser-el-lateral-izquierdo-de-la-seleccion-en-la-copa-america-video\\\/#primaryimage\",\"url\":\"\",\"contentUrl\":\"\"},{\"@type\":\"BreadcrumbList\",\"@id\":\"https:\\\/\\\/stage3.rnv.gob.ve\\\/wp\\\/rubert-quijada-mi-meta-es-ser-el-lateral-izquierdo-de-la-seleccion-en-la-copa-america-video\\\/#breadcrumb\",\"itemListElement\":[{\"@type\":\"ListItem\",\"position\":1,\"name\":\"Portada\",\"item\":\"https:\\\/\\\/stage3.rnv.gob.ve\\\/wp\\\/\"},{\"@type\":\"ListItem\",\"position\":2,\"name\":\"Rubert Quijada: \u201cMi Meta Es Ser El Lateral Izquierdo De La Selecci\u00f3n En La Copa Am\u00e9rica\u201d (V\u00eddeo)\"}]},{\"@type\":\"WebSite\",\"@id\":\"https:\\\/\\\/stage3.rnv.gob.ve\\\/wp\\\/#website\",\"url\":\"https:\\\/\\\/stage3.rnv.gob.ve\\\/wp\\\/\",\"name\":\"DEV RNV\",\"description\":\"Radio Nacional de Venezuela C.A.\",\"publisher\":{\"@id\":\"https:\\\/\\\/stage3.rnv.gob.ve\\\/wp\\\/#organization\"},\"potentialAction\":[{\"@type\":\"SearchAction\",\"target\":{\"@type\":\"EntryPoint\",\"urlTemplate\":\"https:\\\/\\\/stage3.rnv.gob.ve\\\/wp\\\/?s={search_term_string}\"},\"query-input\":{\"@type\":\"PropertyValueSpecification\",\"valueRequired\":true,\"valueName\":\"search_term_string\"}}],\"inLanguage\":\"es\"},{\"@type\":\"Organization\",\"@id\":\"https:\\\/\\\/stage3.rnv.gob.ve\\\/wp\\\/#organization\",\"name\":\"Radio Nacional de Venezuela C.A.\",\"url\":\"https:\\\/\\\/stage3.rnv.gob.ve\\\/wp\\\/\",\"logo\":{\"@type\":\"ImageObject\",\"inLanguage\":\"es\",\"@id\":\"https:\\\/\\\/stage3.rnv.gob.ve\\\/wp\\\/#\\\/schema\\\/logo\\\/image\\\/\",\"url\":\"http:\\\/\\\/rnv.ddns.net\\\/prensa\\\/wp-content\\\/uploads\\\/2022\\\/04\\\/rnv-1-300x227-1.jpg\",\"contentUrl\":\"http:\\\/\\\/rnv.ddns.net\\\/prensa\\\/wp-content\\\/uploads\\\/2022\\\/04\\\/rnv-1-300x227-1.jpg\",\"width\":800,\"height\":455,\"caption\":\"Radio Nacional de Venezuela C.A.\"},\"image\":{\"@id\":\"https:\\\/\\\/stage3.rnv.gob.ve\\\/wp\\\/#\\\/schema\\\/logo\\\/image\\\/\"},\"sameAs\":[\"https:\\\/\\\/www.facebook.com\\\/RadioNacionaldeVenezuela\",\"https:\\\/\\\/x.com\\\/RNVinformativa\",\"https:\\\/\\\/www.instagram.com\\\/rnvinformativa\\\/\",\"https:\\\/\\\/www.youtube.com\\\/user\\\/RNVContigo\"]},{\"@type\":\"Person\",\"@id\":\"https:\\\/\\\/stage3.rnv.gob.ve\\\/wp\\\/#\\\/schema\\\/person\\\/5245a6abc6a146cc40ad225431207bd0\",\"name\":\"Oliver Yaguaran\",\"url\":\"https:\\\/\\\/stage3.rnv.gob.ve\\\/wp\\\/author\\\/oliver_yaguaran\\\/\"}]}<\/script>\n<!-- \/ Yoast SEO plugin. -->","yoast_head_json":{"title":"Rubert Quijada: \u201cMi meta es ser el lateral izquierdo de la selecci\u00f3n en la Copa Am\u00e9rica\u201d (V\u00cdDEO) - DEV RNV","robots":{"index":"noindex","follow":"follow","max-snippet":"max-snippet:-1","max-image-preview":"max-image-preview:large","max-video-preview":"max-video-preview:-1"},"og_locale":"es_ES","og_type":"article","og_title":"Rubert Quijada: \u201cMi meta es ser el lateral izquierdo de la selecci\u00f3n en la Copa Am\u00e9rica\u201d (V\u00cdDEO) - DEV RNV","og_description":"Rubert Quijada quiere aprovechar hasta el \u00faltimo segundo del m\u00f3dulo de preparaci\u00f3n de la selecci\u00f3n nacional en el pa\u00eds, previo a la Copa Am\u00e9rica Centenario. El defensor est\u00e1 feliz de haber conseguido un puesto en la lista de buena fe de 40 jugadores, pero no se conforma y apunta a lo m\u00e1s alto. \u00a0 \u201cYa [&hellip;]","og_url":"https:\/\/stage3.rnv.gob.ve\/wp\/rubert-quijada-mi-meta-es-ser-el-lateral-izquierdo-de-la-seleccion-en-la-copa-america-video\/","og_site_name":"DEV RNV","article_publisher":"https:\/\/www.facebook.com\/RadioNacionaldeVenezuela","article_published_time":"2016-05-09T14:20:51+00:00","article_modified_time":"2026-04-14T23:31:10+00:00","author":"Oliver Yaguaran","twitter_card":"summary_large_image","twitter_creator":"@RNVinformativa","twitter_site":"@RNVinformativa","twitter_misc":{"Escrito por":"Oliver Yaguaran","Tiempo estimado de lectura":"3 minutos"},"schema":{"@context":"https:\/\/schema.org","@graph":[{"@type":"Article","@id":"https:\/\/stage3.rnv.gob.ve\/wp\/rubert-quijada-mi-meta-es-ser-el-lateral-izquierdo-de-la-seleccion-en-la-copa-america-video\/#article","isPartOf":{"@id":"https:\/\/stage3.rnv.gob.ve\/wp\/rubert-quijada-mi-meta-es-ser-el-lateral-izquierdo-de-la-seleccion-en-la-copa-america-video\/"},"author":{"name":"Oliver Yaguaran","@id":"https:\/\/stage3.rnv.gob.ve\/wp\/#\/schema\/person\/5245a6abc6a146cc40ad225431207bd0"},"headline":"Rubert Quijada: \u201cMi meta es ser el lateral izquierdo de la selecci\u00f3n en la Copa Am\u00e9rica\u201d (V\u00cdDEO)","datePublished":"2016-05-09T14:20:51+00:00","dateModified":"2026-04-14T23:31:10+00:00","mainEntityOfPage":{"@id":"https:\/\/stage3.rnv.gob.ve\/wp\/rubert-quijada-mi-meta-es-ser-el-lateral-izquierdo-de-la-seleccion-en-la-copa-america-video\/"},"wordCount":637,"publisher":{"@id":"https:\/\/stage3.rnv.gob.ve\/wp\/#organization"},"image":{"@id":"https:\/\/stage3.rnv.gob.ve\/wp\/rubert-quijada-mi-meta-es-ser-el-lateral-izquierdo-de-la-seleccion-en-la-copa-america-video\/#primaryimage"},"thumbnailUrl":"","keywords":["deporte","F\u00fatbol","RNV"],"articleSection":["Deporte"],"inLanguage":"es"},{"@type":"WebPage","@id":"https:\/\/stage3.rnv.gob.ve\/wp\/rubert-quijada-mi-meta-es-ser-el-lateral-izquierdo-de-la-seleccion-en-la-copa-america-video\/","url":"https:\/\/stage3.rnv.gob.ve\/wp\/rubert-quijada-mi-meta-es-ser-el-lateral-izquierdo-de-la-seleccion-en-la-copa-america-video\/","name":"Rubert Quijada: \u201cMi meta es ser el lateral izquierdo de la selecci\u00f3n en la Copa Am\u00e9rica\u201d (V\u00cdDEO) - DEV RNV","isPartOf":{"@id":"https:\/\/stage3.rnv.gob.ve\/wp\/#website"},"primaryImageOfPage":{"@id":"https:\/\/stage3.rnv.gob.ve\/wp\/rubert-quijada-mi-meta-es-ser-el-lateral-izquierdo-de-la-seleccion-en-la-copa-america-video\/#primaryimage"},"image":{"@id":"https:\/\/stage3.rnv.gob.ve\/wp\/rubert-quijada-mi-meta-es-ser-el-lateral-izquierdo-de-la-seleccion-en-la-copa-america-video\/#primaryimage"},"thumbnailUrl":"","datePublished":"2016-05-09T14:20:51+00:00","dateModified":"2026-04-14T23:31:10+00:00","breadcrumb":{"@id":"https:\/\/stage3.rnv.gob.ve\/wp\/rubert-quijada-mi-meta-es-ser-el-lateral-izquierdo-de-la-seleccion-en-la-copa-america-video\/#breadcrumb"},"inLanguage":"es","potentialAction":[{"@type":"ReadAction","target":["https:\/\/stage3.rnv.gob.ve\/wp\/rubert-quijada-mi-meta-es-ser-el-lateral-izquierdo-de-la-seleccion-en-la-copa-america-video\/"]}]},{"@type":"ImageObject","inLanguage":"es","@id":"https:\/\/stage3.rnv.gob.ve\/wp\/rubert-quijada-mi-meta-es-ser-el-lateral-izquierdo-de-la-seleccion-en-la-copa-america-video\/#primaryimage","url":"","contentUrl":""},{"@type":"BreadcrumbList","@id":"https:\/\/stage3.rnv.gob.ve\/wp\/rubert-quijada-mi-meta-es-ser-el-lateral-izquierdo-de-la-seleccion-en-la-copa-america-video\/#breadcrumb","itemListElement":[{"@type":"ListItem","position":1,"name":"Portada","item":"https:\/\/stage3.rnv.gob.ve\/wp\/"},{"@type":"ListItem","position":2,"name":"Rubert Quijada: \u201cMi Meta Es Ser El Lateral Izquierdo De La Selecci\u00f3n En La Copa Am\u00e9rica\u201d (V\u00eddeo)"}]},{"@type":"WebSite","@id":"https:\/\/stage3.rnv.gob.ve\/wp\/#website","url":"https:\/\/stage3.rnv.gob.ve\/wp\/","name":"DEV RNV","description":"Radio Nacional de Venezuela C.A.","publisher":{"@id":"https:\/\/stage3.rnv.gob.ve\/wp\/#organization"},"potentialAction":[{"@type":"SearchAction","target":{"@type":"EntryPoint","urlTemplate":"https:\/\/stage3.rnv.gob.ve\/wp\/?s={search_term_string}"},"query-input":{"@type":"PropertyValueSpecification","valueRequired":true,"valueName":"search_term_string"}}],"inLanguage":"es"},{"@type":"Organization","@id":"https:\/\/stage3.rnv.gob.ve\/wp\/#organization","name":"Radio Nacional de Venezuela C.A.","url":"https:\/\/stage3.rnv.gob.ve\/wp\/","logo":{"@type":"ImageObject","inLanguage":"es","@id":"https:\/\/stage3.rnv.gob.ve\/wp\/#\/schema\/logo\/image\/","url":"http:\/\/rnv.ddns.net\/prensa\/wp-content\/uploads\/2022\/04\/rnv-1-300x227-1.jpg","contentUrl":"http:\/\/rnv.ddns.net\/prensa\/wp-content\/uploads\/2022\/04\/rnv-1-300x227-1.jpg","width":800,"height":455,"caption":"Radio Nacional de Venezuela C.A."},"image":{"@id":"https:\/\/stage3.rnv.gob.ve\/wp\/#\/schema\/logo\/image\/"},"sameAs":["https:\/\/www.facebook.com\/RadioNacionaldeVenezuela","https:\/\/x.com\/RNVinformativa","https:\/\/www.instagram.com\/rnvinformativa\/","https:\/\/www.youtube.com\/user\/RNVContigo"]},{"@type":"Person","@id":"https:\/\/stage3.rnv.gob.ve\/wp\/#\/schema\/person\/5245a6abc6a146cc40ad225431207bd0","name":"Oliver Yaguaran","url":"https:\/\/stage3.rnv.gob.ve\/wp\/author\/oliver_yaguaran\/"}]}},"jetpack_featured_media_url":"","_links":{"self":[{"href":"https:\/\/stage3.rnv.gob.ve\/wp\/wp-json\/wp\/v2\/posts\/25928","targetHints":{"allow":["GET"]}}],"collection":[{"href":"https:\/\/stage3.rnv.gob.ve\/wp\/wp-json\/wp\/v2\/posts"}],"about":[{"href":"https:\/\/stage3.rnv.gob.ve\/wp\/wp-json\/wp\/v2\/types\/post"}],"author":[{"embeddable":true,"href":"https:\/\/stage3.rnv.gob.ve\/wp\/wp-json\/wp\/v2\/users\/8"}],"replies":[{"embeddable":true,"href":"https:\/\/stage3.rnv.gob.ve\/wp\/wp-json\/wp\/v2\/comments?post=25928"}],"version-history":[{"count":0,"href":"https:\/\/stage3.rnv.gob.ve\/wp\/wp-json\/wp\/v2\/posts\/25928\/revisions"}],"wp:featuredmedia":[{"embeddable":true,"href":"https:\/\/stage3.rnv.gob.ve\/wp\/wp-json\/"}],"wp:attachment":[{"href":"https:\/\/stage3.rnv.gob.ve\/wp\/wp-json\/wp\/v2\/media?parent=25928"}],"wp:term":[{"taxonomy":"category","embeddable":true,"href":"https:\/\/stage3.rnv.gob.ve\/wp\/wp-json\/wp\/v2\/categories?post=25928"},{"taxonomy":"post_tag","embeddable":true,"href":"https:\/\/stage3.rnv.gob.ve\/wp\/wp-json\/wp\/v2\/tags?post=25928"}],"curies":[{"name":"wp","href":"https:\/\/api.w.org\/{rel}","templated":true}]}}