{"id":258358,"date":"2019-03-29T11:14:46","date_gmt":"2019-03-29T15:44:46","guid":{"rendered":"https:\/\/stage3.rnv.gob.ve\/wp\/?p=258358"},"modified":"2019-03-29T11:14:46","modified_gmt":"2019-03-29T15:44:46","slug":"quien-fue-matea-bolivar","status":"publish","type":"post","link":"https:\/\/stage3.rnv.gob.ve\/wp\/quien-fue-matea-bolivar\/","title":{"rendered":"\u00bfQui\u00e9n fue Matea Bol\u00edvar?"},"content":{"rendered":"<p style=\"text-align: justify;\"><img fetchpriority=\"high\" decoding=\"async\" class=\"size-medium wp-image-258362 alignleft\" src=\"https:\/\/stage3.rnv.gob.ve\/wp\/wp-content\/uploads\/2019\/03\/matea-300x200.jpg\" alt=\"\" width=\"300\" height=\"200\" \/>La Negra Matea Bol\u00edvar naci\u00f3 el 21 de septiembre de 1773 en la hacienda el Totumo, en San Jos\u00e9 de Tiznados, estado Gu\u00e1rico. Matea lleg\u00f3 siendo ni\u00f1a a la familia Bol\u00edvar, llegando a convertirse en la nodriza del peque\u00f1o Sim\u00f3n.<!--more--><\/p>\n<p style=\"text-align: justify;\">Aprendi\u00f3 de Mar\u00eda de la Concepci\u00f3n Palacios y Blanco, madre de Sim\u00f3n, el arte de la cocina, al punto de darse a conocer a trav\u00e9s de sus postres. Matea aprendi\u00f3 a planchar, coser y bordar a la perfecci\u00f3n, seg\u00fan relat\u00f3 Antonia Esteller Camacho Clemente y Bol\u00edvar, sobrina y bisnieta de Sim\u00f3n Bol\u00edvar en su biograf\u00eda.<\/p>\n<p style=\"text-align: justify;\">Mateo se convirti\u00f3 en la criada de mano del matrimonio de Sim\u00f3n Bol\u00edvar y la joven Mar\u00eda Teresa, a su regreso a Venezuela procedente de Espa\u00f1a. La esclava se residenci\u00f3 junto a la pareja en la hacienda de San Mateo, donde presenci\u00f3 el ataque realista de Jos\u00e9 Tom\u00e1s Boves.<\/p>\n<p style=\"text-align: justify;\">Luego de este episodio, Matea sale del pa\u00eds rumbo a Cuba en calidad de acompa\u00f1ante de Mar\u00eda Antonia Bol\u00edvar Palacios, donde permanecen un tiempo para luego retornar a Venezuela con el triunfo de Sim\u00f3n Bol\u00edvar en la batalla de Carabobo.<\/p>\n<p style=\"text-align: justify;\">Pese haber sido decretada la libertad de los esclavos, Matea permaneci\u00f3 al lado de la familia Bol\u00edvar. La nodriza del Liberador muri\u00f3 el 29 de marzo de 1886 a la edad de 112 a\u00f1os.<\/p>\n<p style=\"text-align: justify;\">El Presidente Nicol\u00e1s Maduro record\u00f3 a Matea, quien \u00abvive hoy en las mujeres nobles que se encargan de construir la patria futura con amor y paciencia\u00bb.<\/p>\n<p>&nbsp;<\/p>\n<blockquote class=\"twitter-tweet\" data-lang=\"es\">\n<p dir=\"ltr\" lang=\"es\">Hace 133 a\u00f1os parti\u00f3 al encuentro con su querido ni\u00f1o Sim\u00f3n, Matea Bol\u00edvar. Nodriza que acompa\u00f1\u00f3 a nuestro Padre Libertador durante su crecimiento. La Negra Matea vive hoy en las mujeres nobles que se encargan de construir la Patria Futura con amor y paciencia. <a href=\"https:\/\/t.co\/bZDmHgZwp8\">pic.twitter.com\/bZDmHgZwp8<\/a><\/p>\n<p>\u2014 Nicol\u00e1s Maduro (@NicolasMaduro) <a href=\"https:\/\/twitter.com\/NicolasMaduro\/status\/1111616802621194241?ref_src=twsrc%5Etfw\">29 de marzo de 2019<\/a><\/p><\/blockquote>\n<p><script async src=\"https:\/\/platform.twitter.com\/widgets.js\" charset=\"utf-8\"><\/script><br \/>\nT\/RNV WEB\/Agencias<\/p>\n","protected":false},"excerpt":{"rendered":"<p>La Negra Matea Bol\u00edvar naci\u00f3 el 21 de septiembre de 1773 en la hacienda el Totumo, en San Jos\u00e9 de Tiznados, estado Gu\u00e1rico. Matea lleg\u00f3 siendo ni\u00f1a a la familia Bol\u00edvar, llegando a convertirse en la nodriza del peque\u00f1o Sim\u00f3n.<\/p>\n","protected":false},"author":3,"featured_media":258362,"comment_status":"closed","ping_status":"open","sticky":false,"template":"","format":"standard","meta":{"_acf_changed":false,"footnotes":""},"categories":[55],"tags":[12885,13519,2295],"class_list":["post-258358","post","type-post","status-publish","format-standard","has-post-thumbnail","hentry","category-cultura","tag-matea-bolivar","tag-negra-matea","tag-simon-bolivar"],"acf":[],"yoast_head":"<!-- This site is optimized with the Yoast SEO plugin v27.4 - https:\/\/yoast.com\/product\/yoast-seo-wordpress\/ -->\n<title>\u00bfQui\u00e9n fue Matea Bol\u00edvar? - DEV RNV<\/title>\n<meta name=\"robots\" content=\"noindex, follow, max-snippet:-1, max-image-preview:large, max-video-preview:-1\" \/>\n<meta property=\"og:locale\" content=\"es_ES\" \/>\n<meta property=\"og:type\" content=\"article\" \/>\n<meta property=\"og:title\" content=\"\u00bfQui\u00e9n fue Matea Bol\u00edvar? - DEV RNV\" \/>\n<meta property=\"og:description\" content=\"La Negra Matea Bol\u00edvar naci\u00f3 el 21 de septiembre de 1773 en la hacienda el Totumo, en San Jos\u00e9 de Tiznados, estado Gu\u00e1rico. Matea lleg\u00f3 siendo ni\u00f1a a la familia Bol\u00edvar, llegando a convertirse en la nodriza del peque\u00f1o Sim\u00f3n.\" \/>\n<meta property=\"og:url\" content=\"https:\/\/stage3.rnv.gob.ve\/wp\/quien-fue-matea-bolivar\/\" \/>\n<meta property=\"og:site_name\" content=\"DEV RNV\" \/>\n<meta property=\"article:publisher\" content=\"https:\/\/www.facebook.com\/RadioNacionaldeVenezuela\" \/>\n<meta property=\"article:published_time\" content=\"2019-03-29T15:44:46+00:00\" \/>\n<meta name=\"author\" content=\"Yaneny Berm\u00fadez\" \/>\n<meta name=\"twitter:card\" content=\"summary_large_image\" \/>\n<meta name=\"twitter:creator\" content=\"@RNVinformativa\" \/>\n<meta name=\"twitter:site\" content=\"@RNVinformativa\" \/>\n<meta name=\"twitter:label1\" content=\"Escrito por\" \/>\n\t<meta name=\"twitter:data1\" content=\"Yaneny Berm\u00fadez\" \/>\n\t<meta name=\"twitter:label2\" content=\"Tiempo estimado de lectura\" \/>\n\t<meta name=\"twitter:data2\" content=\"2 minutos\" \/>\n<script type=\"application\/ld+json\" class=\"yoast-schema-graph\">{\"@context\":\"https:\\\/\\\/schema.org\",\"@graph\":[{\"@type\":\"Article\",\"@id\":\"https:\\\/\\\/stage3.rnv.gob.ve\\\/wp\\\/quien-fue-matea-bolivar\\\/#article\",\"isPartOf\":{\"@id\":\"https:\\\/\\\/stage3.rnv.gob.ve\\\/wp\\\/quien-fue-matea-bolivar\\\/\"},\"author\":{\"name\":\"Yaneny Berm\u00fadez\",\"@id\":\"https:\\\/\\\/stage3.rnv.gob.ve\\\/wp\\\/#\\\/schema\\\/person\\\/b18a77cc009f4a5241b81471b5e5e1f2\"},\"headline\":\"\u00bfQui\u00e9n fue Matea Bol\u00edvar?\",\"datePublished\":\"2019-03-29T15:44:46+00:00\",\"mainEntityOfPage\":{\"@id\":\"https:\\\/\\\/stage3.rnv.gob.ve\\\/wp\\\/quien-fue-matea-bolivar\\\/\"},\"wordCount\":338,\"publisher\":{\"@id\":\"https:\\\/\\\/stage3.rnv.gob.ve\\\/wp\\\/#organization\"},\"image\":{\"@id\":\"https:\\\/\\\/stage3.rnv.gob.ve\\\/wp\\\/quien-fue-matea-bolivar\\\/#primaryimage\"},\"thumbnailUrl\":\"\",\"keywords\":[\"Matea Bol\u00edvar\",\"negra matea\",\"Simon Bolivar\"],\"articleSection\":[\"Cultura\"],\"inLanguage\":\"es\"},{\"@type\":\"WebPage\",\"@id\":\"https:\\\/\\\/stage3.rnv.gob.ve\\\/wp\\\/quien-fue-matea-bolivar\\\/\",\"url\":\"https:\\\/\\\/stage3.rnv.gob.ve\\\/wp\\\/quien-fue-matea-bolivar\\\/\",\"name\":\"\u00bfQui\u00e9n fue Matea Bol\u00edvar? - DEV RNV\",\"isPartOf\":{\"@id\":\"https:\\\/\\\/stage3.rnv.gob.ve\\\/wp\\\/#website\"},\"primaryImageOfPage\":{\"@id\":\"https:\\\/\\\/stage3.rnv.gob.ve\\\/wp\\\/quien-fue-matea-bolivar\\\/#primaryimage\"},\"image\":{\"@id\":\"https:\\\/\\\/stage3.rnv.gob.ve\\\/wp\\\/quien-fue-matea-bolivar\\\/#primaryimage\"},\"thumbnailUrl\":\"\",\"datePublished\":\"2019-03-29T15:44:46+00:00\",\"breadcrumb\":{\"@id\":\"https:\\\/\\\/stage3.rnv.gob.ve\\\/wp\\\/quien-fue-matea-bolivar\\\/#breadcrumb\"},\"inLanguage\":\"es\",\"potentialAction\":[{\"@type\":\"ReadAction\",\"target\":[\"https:\\\/\\\/stage3.rnv.gob.ve\\\/wp\\\/quien-fue-matea-bolivar\\\/\"]}]},{\"@type\":\"ImageObject\",\"inLanguage\":\"es\",\"@id\":\"https:\\\/\\\/stage3.rnv.gob.ve\\\/wp\\\/quien-fue-matea-bolivar\\\/#primaryimage\",\"url\":\"\",\"contentUrl\":\"\"},{\"@type\":\"BreadcrumbList\",\"@id\":\"https:\\\/\\\/stage3.rnv.gob.ve\\\/wp\\\/quien-fue-matea-bolivar\\\/#breadcrumb\",\"itemListElement\":[{\"@type\":\"ListItem\",\"position\":1,\"name\":\"Portada\",\"item\":\"https:\\\/\\\/stage3.rnv.gob.ve\\\/wp\\\/\"},{\"@type\":\"ListItem\",\"position\":2,\"name\":\"\u00bfQui\u00e9n Fue Matea Bol\u00edvar?\"}]},{\"@type\":\"WebSite\",\"@id\":\"https:\\\/\\\/stage3.rnv.gob.ve\\\/wp\\\/#website\",\"url\":\"https:\\\/\\\/stage3.rnv.gob.ve\\\/wp\\\/\",\"name\":\"DEV RNV\",\"description\":\"Radio Nacional de Venezuela C.A.\",\"publisher\":{\"@id\":\"https:\\\/\\\/stage3.rnv.gob.ve\\\/wp\\\/#organization\"},\"potentialAction\":[{\"@type\":\"SearchAction\",\"target\":{\"@type\":\"EntryPoint\",\"urlTemplate\":\"https:\\\/\\\/stage3.rnv.gob.ve\\\/wp\\\/?s={search_term_string}\"},\"query-input\":{\"@type\":\"PropertyValueSpecification\",\"valueRequired\":true,\"valueName\":\"search_term_string\"}}],\"inLanguage\":\"es\"},{\"@type\":\"Organization\",\"@id\":\"https:\\\/\\\/stage3.rnv.gob.ve\\\/wp\\\/#organization\",\"name\":\"Radio Nacional de Venezuela C.A.\",\"url\":\"https:\\\/\\\/stage3.rnv.gob.ve\\\/wp\\\/\",\"logo\":{\"@type\":\"ImageObject\",\"inLanguage\":\"es\",\"@id\":\"https:\\\/\\\/stage3.rnv.gob.ve\\\/wp\\\/#\\\/schema\\\/logo\\\/image\\\/\",\"url\":\"http:\\\/\\\/rnv.ddns.net\\\/prensa\\\/wp-content\\\/uploads\\\/2022\\\/04\\\/rnv-1-300x227-1.jpg\",\"contentUrl\":\"http:\\\/\\\/rnv.ddns.net\\\/prensa\\\/wp-content\\\/uploads\\\/2022\\\/04\\\/rnv-1-300x227-1.jpg\",\"width\":800,\"height\":455,\"caption\":\"Radio Nacional de Venezuela C.A.\"},\"image\":{\"@id\":\"https:\\\/\\\/stage3.rnv.gob.ve\\\/wp\\\/#\\\/schema\\\/logo\\\/image\\\/\"},\"sameAs\":[\"https:\\\/\\\/www.facebook.com\\\/RadioNacionaldeVenezuela\",\"https:\\\/\\\/x.com\\\/RNVinformativa\",\"https:\\\/\\\/www.instagram.com\\\/rnvinformativa\\\/\",\"https:\\\/\\\/www.youtube.com\\\/user\\\/RNVContigo\"]},{\"@type\":\"Person\",\"@id\":\"https:\\\/\\\/stage3.rnv.gob.ve\\\/wp\\\/#\\\/schema\\\/person\\\/b18a77cc009f4a5241b81471b5e5e1f2\",\"name\":\"Yaneny Berm\u00fadez\",\"url\":\"https:\\\/\\\/stage3.rnv.gob.ve\\\/wp\\\/author\\\/yaneny_bermudez\\\/\"}]}<\/script>\n<!-- \/ Yoast SEO plugin. -->","yoast_head_json":{"title":"\u00bfQui\u00e9n fue Matea Bol\u00edvar? - DEV RNV","robots":{"index":"noindex","follow":"follow","max-snippet":"max-snippet:-1","max-image-preview":"max-image-preview:large","max-video-preview":"max-video-preview:-1"},"og_locale":"es_ES","og_type":"article","og_title":"\u00bfQui\u00e9n fue Matea Bol\u00edvar? - DEV RNV","og_description":"La Negra Matea Bol\u00edvar naci\u00f3 el 21 de septiembre de 1773 en la hacienda el Totumo, en San Jos\u00e9 de Tiznados, estado Gu\u00e1rico. Matea lleg\u00f3 siendo ni\u00f1a a la familia Bol\u00edvar, llegando a convertirse en la nodriza del peque\u00f1o Sim\u00f3n.","og_url":"https:\/\/stage3.rnv.gob.ve\/wp\/quien-fue-matea-bolivar\/","og_site_name":"DEV RNV","article_publisher":"https:\/\/www.facebook.com\/RadioNacionaldeVenezuela","article_published_time":"2019-03-29T15:44:46+00:00","author":"Yaneny Berm\u00fadez","twitter_card":"summary_large_image","twitter_creator":"@RNVinformativa","twitter_site":"@RNVinformativa","twitter_misc":{"Escrito por":"Yaneny Berm\u00fadez","Tiempo estimado de lectura":"2 minutos"},"schema":{"@context":"https:\/\/schema.org","@graph":[{"@type":"Article","@id":"https:\/\/stage3.rnv.gob.ve\/wp\/quien-fue-matea-bolivar\/#article","isPartOf":{"@id":"https:\/\/stage3.rnv.gob.ve\/wp\/quien-fue-matea-bolivar\/"},"author":{"name":"Yaneny Berm\u00fadez","@id":"https:\/\/stage3.rnv.gob.ve\/wp\/#\/schema\/person\/b18a77cc009f4a5241b81471b5e5e1f2"},"headline":"\u00bfQui\u00e9n fue Matea Bol\u00edvar?","datePublished":"2019-03-29T15:44:46+00:00","mainEntityOfPage":{"@id":"https:\/\/stage3.rnv.gob.ve\/wp\/quien-fue-matea-bolivar\/"},"wordCount":338,"publisher":{"@id":"https:\/\/stage3.rnv.gob.ve\/wp\/#organization"},"image":{"@id":"https:\/\/stage3.rnv.gob.ve\/wp\/quien-fue-matea-bolivar\/#primaryimage"},"thumbnailUrl":"","keywords":["Matea Bol\u00edvar","negra matea","Simon Bolivar"],"articleSection":["Cultura"],"inLanguage":"es"},{"@type":"WebPage","@id":"https:\/\/stage3.rnv.gob.ve\/wp\/quien-fue-matea-bolivar\/","url":"https:\/\/stage3.rnv.gob.ve\/wp\/quien-fue-matea-bolivar\/","name":"\u00bfQui\u00e9n fue Matea Bol\u00edvar? - DEV RNV","isPartOf":{"@id":"https:\/\/stage3.rnv.gob.ve\/wp\/#website"},"primaryImageOfPage":{"@id":"https:\/\/stage3.rnv.gob.ve\/wp\/quien-fue-matea-bolivar\/#primaryimage"},"image":{"@id":"https:\/\/stage3.rnv.gob.ve\/wp\/quien-fue-matea-bolivar\/#primaryimage"},"thumbnailUrl":"","datePublished":"2019-03-29T15:44:46+00:00","breadcrumb":{"@id":"https:\/\/stage3.rnv.gob.ve\/wp\/quien-fue-matea-bolivar\/#breadcrumb"},"inLanguage":"es","potentialAction":[{"@type":"ReadAction","target":["https:\/\/stage3.rnv.gob.ve\/wp\/quien-fue-matea-bolivar\/"]}]},{"@type":"ImageObject","inLanguage":"es","@id":"https:\/\/stage3.rnv.gob.ve\/wp\/quien-fue-matea-bolivar\/#primaryimage","url":"","contentUrl":""},{"@type":"BreadcrumbList","@id":"https:\/\/stage3.rnv.gob.ve\/wp\/quien-fue-matea-bolivar\/#breadcrumb","itemListElement":[{"@type":"ListItem","position":1,"name":"Portada","item":"https:\/\/stage3.rnv.gob.ve\/wp\/"},{"@type":"ListItem","position":2,"name":"\u00bfQui\u00e9n Fue Matea Bol\u00edvar?"}]},{"@type":"WebSite","@id":"https:\/\/stage3.rnv.gob.ve\/wp\/#website","url":"https:\/\/stage3.rnv.gob.ve\/wp\/","name":"DEV RNV","description":"Radio Nacional de Venezuela C.A.","publisher":{"@id":"https:\/\/stage3.rnv.gob.ve\/wp\/#organization"},"potentialAction":[{"@type":"SearchAction","target":{"@type":"EntryPoint","urlTemplate":"https:\/\/stage3.rnv.gob.ve\/wp\/?s={search_term_string}"},"query-input":{"@type":"PropertyValueSpecification","valueRequired":true,"valueName":"search_term_string"}}],"inLanguage":"es"},{"@type":"Organization","@id":"https:\/\/stage3.rnv.gob.ve\/wp\/#organization","name":"Radio Nacional de Venezuela C.A.","url":"https:\/\/stage3.rnv.gob.ve\/wp\/","logo":{"@type":"ImageObject","inLanguage":"es","@id":"https:\/\/stage3.rnv.gob.ve\/wp\/#\/schema\/logo\/image\/","url":"http:\/\/rnv.ddns.net\/prensa\/wp-content\/uploads\/2022\/04\/rnv-1-300x227-1.jpg","contentUrl":"http:\/\/rnv.ddns.net\/prensa\/wp-content\/uploads\/2022\/04\/rnv-1-300x227-1.jpg","width":800,"height":455,"caption":"Radio Nacional de Venezuela C.A."},"image":{"@id":"https:\/\/stage3.rnv.gob.ve\/wp\/#\/schema\/logo\/image\/"},"sameAs":["https:\/\/www.facebook.com\/RadioNacionaldeVenezuela","https:\/\/x.com\/RNVinformativa","https:\/\/www.instagram.com\/rnvinformativa\/","https:\/\/www.youtube.com\/user\/RNVContigo"]},{"@type":"Person","@id":"https:\/\/stage3.rnv.gob.ve\/wp\/#\/schema\/person\/b18a77cc009f4a5241b81471b5e5e1f2","name":"Yaneny Berm\u00fadez","url":"https:\/\/stage3.rnv.gob.ve\/wp\/author\/yaneny_bermudez\/"}]}},"jetpack_featured_media_url":"","_links":{"self":[{"href":"https:\/\/stage3.rnv.gob.ve\/wp\/wp-json\/wp\/v2\/posts\/258358","targetHints":{"allow":["GET"]}}],"collection":[{"href":"https:\/\/stage3.rnv.gob.ve\/wp\/wp-json\/wp\/v2\/posts"}],"about":[{"href":"https:\/\/stage3.rnv.gob.ve\/wp\/wp-json\/wp\/v2\/types\/post"}],"author":[{"embeddable":true,"href":"https:\/\/stage3.rnv.gob.ve\/wp\/wp-json\/wp\/v2\/users\/3"}],"replies":[{"embeddable":true,"href":"https:\/\/stage3.rnv.gob.ve\/wp\/wp-json\/wp\/v2\/comments?post=258358"}],"version-history":[{"count":0,"href":"https:\/\/stage3.rnv.gob.ve\/wp\/wp-json\/wp\/v2\/posts\/258358\/revisions"}],"wp:featuredmedia":[{"embeddable":true,"href":"https:\/\/stage3.rnv.gob.ve\/wp\/wp-json\/"}],"wp:attachment":[{"href":"https:\/\/stage3.rnv.gob.ve\/wp\/wp-json\/wp\/v2\/media?parent=258358"}],"wp:term":[{"taxonomy":"category","embeddable":true,"href":"https:\/\/stage3.rnv.gob.ve\/wp\/wp-json\/wp\/v2\/categories?post=258358"},{"taxonomy":"post_tag","embeddable":true,"href":"https:\/\/stage3.rnv.gob.ve\/wp\/wp-json\/wp\/v2\/tags?post=258358"}],"curies":[{"name":"wp","href":"https:\/\/api.w.org\/{rel}","templated":true}]}}