{"id":256073,"date":"2019-02-22T15:07:14","date_gmt":"2019-02-22T19:37:14","guid":{"rendered":"https:\/\/stage3.rnv.gob.ve\/wp\/?p=256073"},"modified":"2019-02-22T15:07:14","modified_gmt":"2019-02-22T19:37:14","slug":"consejo-presidencial-para-la-ciencia-tecnologia-e-innovacion-fortalece-el-desarrollo-social-economico-y-cultural-de-la-patria","status":"publish","type":"post","link":"https:\/\/stage3.rnv.gob.ve\/wp\/consejo-presidencial-para-la-ciencia-tecnologia-e-innovacion-fortalece-el-desarrollo-social-economico-y-cultural-de-la-patria\/","title":{"rendered":"Consejo Presidencial para la Ciencia, Tecnolog\u00eda e Innovaci\u00f3n\u00a0fortalece el desarrollo social, econ\u00f3mico y cultural de la Patria"},"content":{"rendered":"<div class=\"field field-name-body field-type-text-with-summary field-label-hidden\">\n<div class=\"field-items\">\n<div class=\"field-item even\">\n<p class=\"rtejustify\" style=\"text-align: justify;\"><img fetchpriority=\"high\" decoding=\"async\" class=\"wp-image-256077 alignleft\" src=\"https:\/\/stage3.rnv.gob.ve\/wp\/wp-content\/uploads\/2019\/02\/D0B2zu_W0AEDicS-300x200.jpg\" alt=\"\" width=\"414\" height=\"276\" \/>La Vicepresidenta Ejecutiva de la Rep\u00fablica, Delcy Rodr\u00edguez, encabez\u00f3 reuni\u00f3n con el Consejo Presidencial para la Ciencia, Tecnolog\u00eda e Innovaci\u00f3n\u00a0a fin de fortalecer el desarrollo social, econ\u00f3mico y cultural de la Patria.<\/p>\n<p class=\"rtejustify\" style=\"text-align: justify;\">Desde la sede de la vicepresidencia en el centro de \u00a0Caracas,\u00a0 la Vicepresidenta anunci\u00f3 la conformaci\u00f3n de\u00a07 \u00e1reas de trabajo, siendo la primera la referida al tema de Petr\u00f3leo y petroqu\u00edmica, servicios p\u00fablicos, electricidad, transporte, medicamentos, alimentos y telecomunicaciones; enfocadas en el \u00e1mbito productivo y de mantenimiento.<\/p>\n<p class=\"rtejustify\" style=\"text-align: justify;\">Rodr\u00edguez indic\u00f3 que la mesa de Petr\u00f3leo y Petroqu\u00edmica ser\u00e1 dirigida por Magaly Henr\u00edquez; la de servicios p\u00fablicos est\u00e1 integrada por la mesa de agua al mando de Francisco Dur\u00e1n; la mesa de electricidad ser\u00e1 comandada por Gloria Carvallo.<\/p>\n<p class=\"rtejustify\" style=\"text-align: justify;\">La alta funcionaria precis\u00f3 que en la mesa de Transporte tambi\u00e9n definida durante la reuni\u00f3n ser\u00e1 presidida por Jos\u00e9 Chity \u00abcon el objetivo de garantizar que el transporte p\u00fablico sea efectivo y tenga la capacidad de garantizar su funcionamiento\u00bb.<\/p>\n<p class=\"rtejustify\" style=\"text-align: justify;\">La mesa de medicamentos estar\u00e1 bajo la direcci\u00f3n del m\u00e9dico Gregorio S\u00e1nchez. Por otra parte detall\u00f3 que la mesa de Alimentos, \u00e1rea trascendental, deber\u00e1 trabajar para garantizar la soberan\u00eda alimentaria, la que ser\u00e1 bajo la \u00e9gida de Gabriela Jim\u00e9nez;\u00a0<span style=\"line-height: inherit;\">la mesa de Telecomunicaciones estar\u00e1 bajo el mando de<\/span> Camilo Torres,\u00a0<span style=\"line-height: inherit;\">esencial para garantizar los procesos productivos y de mantenimiento del sector.<\/span><\/p>\n<p class=\"rtejustify\" style=\"text-align: justify;\">Para culminar calific\u00f3 como falsa la \u00abayuda humanitaria\u00bb. Yo podr\u00eda catalogarla como la gran estafa del siglo imperial que se ha propuesto con un \u00fanico objetivo: Busca la intervenci\u00f3n de nuestro pa\u00eds con fines antihumanos.<\/p>\n<p><strong>Escuche a la Vicepresidenta Ejecutiva de la Rep\u00fablica, Delcy Rodr\u00edguez\u00a0<\/strong><br \/>\n&nbsp;<br \/>\n<audio class=\"wp-audio-shortcode\" id=\"audio-256073-1\" preload=\"none\" style=\"width: 100%;\" controls=\"controls\"><source type=\"audio\/mpeg\" src=\"https:\/\/stage3.rnv.gob.ve\/wp\/wp-content\/uploads\/2019\/02\/DELCY-1.mp3?_=1\" \/><a href=\"https:\/\/stage3.rnv.gob.ve\/wp\/wp-content\/uploads\/2019\/02\/DELCY-1.mp3\">https:\/\/stage3.rnv.gob.ve\/wp\/wp-content\/uploads\/2019\/02\/DELCY-1.mp3<\/a><\/audio><br \/>\n<strong>T\/RNV Web\u00a0<\/strong>\n<\/div>\n<\/div>\n<\/div>\n<div class=\"fondo2\"><\/div>\n","protected":false},"excerpt":{"rendered":"<p>La Vicepresidenta Ejecutiva de la Rep\u00fablica, Delcy Rodr\u00edguez, encabez\u00f3 reuni\u00f3n con el Consejo Presidencial para la Ciencia, Tecnolog\u00eda e Innovaci\u00f3n\u00a0a fin de fortalecer el desarrollo social, econ\u00f3mico y cultural de la Patria. Desde la sede de la vicepresidencia en el centro de \u00a0Caracas,\u00a0 la Vicepresidenta anunci\u00f3 la conformaci\u00f3n de\u00a07 \u00e1reas de trabajo, siendo la primera [&hellip;]<\/p>\n","protected":false},"author":26,"featured_media":256077,"comment_status":"closed","ping_status":"open","sticky":false,"template":"","format":"standard","meta":{"_acf_changed":false,"footnotes":""},"categories":[73],"tags":[20161,334,2491,104],"class_list":["post-256073","post","type-post","status-publish","format-standard","has-post-thumbnail","hentry","category-ciencia-y-tecnologia","tag-mesas-tecnicas","tag-revolucion","tag-saberes","tag-venezuela"],"acf":[],"yoast_head":"<!-- This site is optimized with the Yoast SEO plugin v27.4 - https:\/\/yoast.com\/product\/yoast-seo-wordpress\/ -->\n<title>Consejo Presidencial para la Ciencia, Tecnolog\u00eda e Innovaci\u00f3n\u00a0fortalece el desarrollo social, econ\u00f3mico y cultural de la Patria - DEV RNV<\/title>\n<meta name=\"robots\" content=\"noindex, follow, max-snippet:-1, max-image-preview:large, max-video-preview:-1\" \/>\n<meta property=\"og:locale\" content=\"es_ES\" \/>\n<meta property=\"og:type\" content=\"article\" \/>\n<meta property=\"og:title\" content=\"Consejo Presidencial para la Ciencia, Tecnolog\u00eda e Innovaci\u00f3n\u00a0fortalece el desarrollo social, econ\u00f3mico y cultural de la Patria - DEV RNV\" \/>\n<meta property=\"og:description\" content=\"La Vicepresidenta Ejecutiva de la Rep\u00fablica, Delcy Rodr\u00edguez, encabez\u00f3 reuni\u00f3n con el Consejo Presidencial para la Ciencia, Tecnolog\u00eda e Innovaci\u00f3n\u00a0a fin de fortalecer el desarrollo social, econ\u00f3mico y cultural de la Patria. Desde la sede de la vicepresidencia en el centro de \u00a0Caracas,\u00a0 la Vicepresidenta anunci\u00f3 la conformaci\u00f3n de\u00a07 \u00e1reas de trabajo, siendo la primera [&hellip;]\" \/>\n<meta property=\"og:url\" content=\"https:\/\/stage3.rnv.gob.ve\/wp\/consejo-presidencial-para-la-ciencia-tecnologia-e-innovacion-fortalece-el-desarrollo-social-economico-y-cultural-de-la-patria\/\" \/>\n<meta property=\"og:site_name\" content=\"DEV RNV\" \/>\n<meta property=\"article:publisher\" content=\"https:\/\/www.facebook.com\/RadioNacionaldeVenezuela\" \/>\n<meta property=\"article:published_time\" content=\"2019-02-22T19:37:14+00:00\" \/>\n<meta name=\"author\" content=\"Xamanta Conde\" \/>\n<meta name=\"twitter:card\" content=\"summary_large_image\" \/>\n<meta name=\"twitter:creator\" content=\"@RNVinformativa\" \/>\n<meta name=\"twitter:site\" content=\"@RNVinformativa\" \/>\n<meta name=\"twitter:label1\" content=\"Escrito por\" \/>\n\t<meta name=\"twitter:data1\" content=\"Xamanta Conde\" \/>\n\t<meta name=\"twitter:label2\" content=\"Tiempo estimado de lectura\" \/>\n\t<meta name=\"twitter:data2\" content=\"2 minutos\" \/>\n<script type=\"application\/ld+json\" class=\"yoast-schema-graph\">{\"@context\":\"https:\\\/\\\/schema.org\",\"@graph\":[{\"@type\":\"Article\",\"@id\":\"https:\\\/\\\/stage3.rnv.gob.ve\\\/wp\\\/consejo-presidencial-para-la-ciencia-tecnologia-e-innovacion-fortalece-el-desarrollo-social-economico-y-cultural-de-la-patria\\\/#article\",\"isPartOf\":{\"@id\":\"https:\\\/\\\/stage3.rnv.gob.ve\\\/wp\\\/consejo-presidencial-para-la-ciencia-tecnologia-e-innovacion-fortalece-el-desarrollo-social-economico-y-cultural-de-la-patria\\\/\"},\"author\":{\"name\":\"Xamanta Conde\",\"@id\":\"https:\\\/\\\/stage3.rnv.gob.ve\\\/wp\\\/#\\\/schema\\\/person\\\/6d27d8ecadab20f003f3e7047789a7ac\"},\"headline\":\"Consejo Presidencial para la Ciencia, Tecnolog\u00eda e Innovaci\u00f3n\u00a0fortalece el desarrollo social, econ\u00f3mico y cultural de la Patria\",\"datePublished\":\"2019-02-22T19:37:14+00:00\",\"mainEntityOfPage\":{\"@id\":\"https:\\\/\\\/stage3.rnv.gob.ve\\\/wp\\\/consejo-presidencial-para-la-ciencia-tecnologia-e-innovacion-fortalece-el-desarrollo-social-economico-y-cultural-de-la-patria\\\/\"},\"wordCount\":331,\"publisher\":{\"@id\":\"https:\\\/\\\/stage3.rnv.gob.ve\\\/wp\\\/#organization\"},\"image\":{\"@id\":\"https:\\\/\\\/stage3.rnv.gob.ve\\\/wp\\\/consejo-presidencial-para-la-ciencia-tecnologia-e-innovacion-fortalece-el-desarrollo-social-economico-y-cultural-de-la-patria\\\/#primaryimage\"},\"thumbnailUrl\":\"\",\"keywords\":[\"mesas t\u00e9cnicas\",\"revolucion\",\"saberes\",\"Venezuela\"],\"articleSection\":[\"Ciencia y Tecnolog\u00eda\"],\"inLanguage\":\"es\"},{\"@type\":\"WebPage\",\"@id\":\"https:\\\/\\\/stage3.rnv.gob.ve\\\/wp\\\/consejo-presidencial-para-la-ciencia-tecnologia-e-innovacion-fortalece-el-desarrollo-social-economico-y-cultural-de-la-patria\\\/\",\"url\":\"https:\\\/\\\/stage3.rnv.gob.ve\\\/wp\\\/consejo-presidencial-para-la-ciencia-tecnologia-e-innovacion-fortalece-el-desarrollo-social-economico-y-cultural-de-la-patria\\\/\",\"name\":\"Consejo Presidencial para la Ciencia, Tecnolog\u00eda e Innovaci\u00f3n\u00a0fortalece el desarrollo social, econ\u00f3mico y cultural de la Patria - DEV RNV\",\"isPartOf\":{\"@id\":\"https:\\\/\\\/stage3.rnv.gob.ve\\\/wp\\\/#website\"},\"primaryImageOfPage\":{\"@id\":\"https:\\\/\\\/stage3.rnv.gob.ve\\\/wp\\\/consejo-presidencial-para-la-ciencia-tecnologia-e-innovacion-fortalece-el-desarrollo-social-economico-y-cultural-de-la-patria\\\/#primaryimage\"},\"image\":{\"@id\":\"https:\\\/\\\/stage3.rnv.gob.ve\\\/wp\\\/consejo-presidencial-para-la-ciencia-tecnologia-e-innovacion-fortalece-el-desarrollo-social-economico-y-cultural-de-la-patria\\\/#primaryimage\"},\"thumbnailUrl\":\"\",\"datePublished\":\"2019-02-22T19:37:14+00:00\",\"breadcrumb\":{\"@id\":\"https:\\\/\\\/stage3.rnv.gob.ve\\\/wp\\\/consejo-presidencial-para-la-ciencia-tecnologia-e-innovacion-fortalece-el-desarrollo-social-economico-y-cultural-de-la-patria\\\/#breadcrumb\"},\"inLanguage\":\"es\",\"potentialAction\":[{\"@type\":\"ReadAction\",\"target\":[\"https:\\\/\\\/stage3.rnv.gob.ve\\\/wp\\\/consejo-presidencial-para-la-ciencia-tecnologia-e-innovacion-fortalece-el-desarrollo-social-economico-y-cultural-de-la-patria\\\/\"]}]},{\"@type\":\"ImageObject\",\"inLanguage\":\"es\",\"@id\":\"https:\\\/\\\/stage3.rnv.gob.ve\\\/wp\\\/consejo-presidencial-para-la-ciencia-tecnologia-e-innovacion-fortalece-el-desarrollo-social-economico-y-cultural-de-la-patria\\\/#primaryimage\",\"url\":\"\",\"contentUrl\":\"\"},{\"@type\":\"BreadcrumbList\",\"@id\":\"https:\\\/\\\/stage3.rnv.gob.ve\\\/wp\\\/consejo-presidencial-para-la-ciencia-tecnologia-e-innovacion-fortalece-el-desarrollo-social-economico-y-cultural-de-la-patria\\\/#breadcrumb\",\"itemListElement\":[{\"@type\":\"ListItem\",\"position\":1,\"name\":\"Portada\",\"item\":\"https:\\\/\\\/stage3.rnv.gob.ve\\\/wp\\\/\"},{\"@type\":\"ListItem\",\"position\":2,\"name\":\"Consejo Presidencial Para La Ciencia, Tecnolog\u00eda E Innovaci\u00f3n\u00a0Fortalece El Desarrollo Social, Econ\u00f3mico Y Cultural De La Patria\"}]},{\"@type\":\"WebSite\",\"@id\":\"https:\\\/\\\/stage3.rnv.gob.ve\\\/wp\\\/#website\",\"url\":\"https:\\\/\\\/stage3.rnv.gob.ve\\\/wp\\\/\",\"name\":\"DEV RNV\",\"description\":\"Radio Nacional de Venezuela C.A.\",\"publisher\":{\"@id\":\"https:\\\/\\\/stage3.rnv.gob.ve\\\/wp\\\/#organization\"},\"potentialAction\":[{\"@type\":\"SearchAction\",\"target\":{\"@type\":\"EntryPoint\",\"urlTemplate\":\"https:\\\/\\\/stage3.rnv.gob.ve\\\/wp\\\/?s={search_term_string}\"},\"query-input\":{\"@type\":\"PropertyValueSpecification\",\"valueRequired\":true,\"valueName\":\"search_term_string\"}}],\"inLanguage\":\"es\"},{\"@type\":\"Organization\",\"@id\":\"https:\\\/\\\/stage3.rnv.gob.ve\\\/wp\\\/#organization\",\"name\":\"Radio Nacional de Venezuela C.A.\",\"url\":\"https:\\\/\\\/stage3.rnv.gob.ve\\\/wp\\\/\",\"logo\":{\"@type\":\"ImageObject\",\"inLanguage\":\"es\",\"@id\":\"https:\\\/\\\/stage3.rnv.gob.ve\\\/wp\\\/#\\\/schema\\\/logo\\\/image\\\/\",\"url\":\"http:\\\/\\\/rnv.ddns.net\\\/prensa\\\/wp-content\\\/uploads\\\/2022\\\/04\\\/rnv-1-300x227-1.jpg\",\"contentUrl\":\"http:\\\/\\\/rnv.ddns.net\\\/prensa\\\/wp-content\\\/uploads\\\/2022\\\/04\\\/rnv-1-300x227-1.jpg\",\"width\":800,\"height\":455,\"caption\":\"Radio Nacional de Venezuela C.A.\"},\"image\":{\"@id\":\"https:\\\/\\\/stage3.rnv.gob.ve\\\/wp\\\/#\\\/schema\\\/logo\\\/image\\\/\"},\"sameAs\":[\"https:\\\/\\\/www.facebook.com\\\/RadioNacionaldeVenezuela\",\"https:\\\/\\\/x.com\\\/RNVinformativa\",\"https:\\\/\\\/www.instagram.com\\\/rnvinformativa\\\/\",\"https:\\\/\\\/www.youtube.com\\\/user\\\/RNVContigo\"]},{\"@type\":\"Person\",\"@id\":\"https:\\\/\\\/stage3.rnv.gob.ve\\\/wp\\\/#\\\/schema\\\/person\\\/6d27d8ecadab20f003f3e7047789a7ac\",\"name\":\"Xamanta Conde\",\"url\":\"https:\\\/\\\/stage3.rnv.gob.ve\\\/wp\\\/author\\\/xamanta_conde\\\/\"}]}<\/script>\n<!-- \/ Yoast SEO plugin. -->","yoast_head_json":{"title":"Consejo Presidencial para la Ciencia, Tecnolog\u00eda e Innovaci\u00f3n\u00a0fortalece el desarrollo social, econ\u00f3mico y cultural de la Patria - DEV RNV","robots":{"index":"noindex","follow":"follow","max-snippet":"max-snippet:-1","max-image-preview":"max-image-preview:large","max-video-preview":"max-video-preview:-1"},"og_locale":"es_ES","og_type":"article","og_title":"Consejo Presidencial para la Ciencia, Tecnolog\u00eda e Innovaci\u00f3n\u00a0fortalece el desarrollo social, econ\u00f3mico y cultural de la Patria - DEV RNV","og_description":"La Vicepresidenta Ejecutiva de la Rep\u00fablica, Delcy Rodr\u00edguez, encabez\u00f3 reuni\u00f3n con el Consejo Presidencial para la Ciencia, Tecnolog\u00eda e Innovaci\u00f3n\u00a0a fin de fortalecer el desarrollo social, econ\u00f3mico y cultural de la Patria. Desde la sede de la vicepresidencia en el centro de \u00a0Caracas,\u00a0 la Vicepresidenta anunci\u00f3 la conformaci\u00f3n de\u00a07 \u00e1reas de trabajo, siendo la primera [&hellip;]","og_url":"https:\/\/stage3.rnv.gob.ve\/wp\/consejo-presidencial-para-la-ciencia-tecnologia-e-innovacion-fortalece-el-desarrollo-social-economico-y-cultural-de-la-patria\/","og_site_name":"DEV RNV","article_publisher":"https:\/\/www.facebook.com\/RadioNacionaldeVenezuela","article_published_time":"2019-02-22T19:37:14+00:00","author":"Xamanta Conde","twitter_card":"summary_large_image","twitter_creator":"@RNVinformativa","twitter_site":"@RNVinformativa","twitter_misc":{"Escrito por":"Xamanta Conde","Tiempo estimado de lectura":"2 minutos"},"schema":{"@context":"https:\/\/schema.org","@graph":[{"@type":"Article","@id":"https:\/\/stage3.rnv.gob.ve\/wp\/consejo-presidencial-para-la-ciencia-tecnologia-e-innovacion-fortalece-el-desarrollo-social-economico-y-cultural-de-la-patria\/#article","isPartOf":{"@id":"https:\/\/stage3.rnv.gob.ve\/wp\/consejo-presidencial-para-la-ciencia-tecnologia-e-innovacion-fortalece-el-desarrollo-social-economico-y-cultural-de-la-patria\/"},"author":{"name":"Xamanta Conde","@id":"https:\/\/stage3.rnv.gob.ve\/wp\/#\/schema\/person\/6d27d8ecadab20f003f3e7047789a7ac"},"headline":"Consejo Presidencial para la Ciencia, Tecnolog\u00eda e Innovaci\u00f3n\u00a0fortalece el desarrollo social, econ\u00f3mico y cultural de la Patria","datePublished":"2019-02-22T19:37:14+00:00","mainEntityOfPage":{"@id":"https:\/\/stage3.rnv.gob.ve\/wp\/consejo-presidencial-para-la-ciencia-tecnologia-e-innovacion-fortalece-el-desarrollo-social-economico-y-cultural-de-la-patria\/"},"wordCount":331,"publisher":{"@id":"https:\/\/stage3.rnv.gob.ve\/wp\/#organization"},"image":{"@id":"https:\/\/stage3.rnv.gob.ve\/wp\/consejo-presidencial-para-la-ciencia-tecnologia-e-innovacion-fortalece-el-desarrollo-social-economico-y-cultural-de-la-patria\/#primaryimage"},"thumbnailUrl":"","keywords":["mesas t\u00e9cnicas","revolucion","saberes","Venezuela"],"articleSection":["Ciencia y Tecnolog\u00eda"],"inLanguage":"es"},{"@type":"WebPage","@id":"https:\/\/stage3.rnv.gob.ve\/wp\/consejo-presidencial-para-la-ciencia-tecnologia-e-innovacion-fortalece-el-desarrollo-social-economico-y-cultural-de-la-patria\/","url":"https:\/\/stage3.rnv.gob.ve\/wp\/consejo-presidencial-para-la-ciencia-tecnologia-e-innovacion-fortalece-el-desarrollo-social-economico-y-cultural-de-la-patria\/","name":"Consejo Presidencial para la Ciencia, Tecnolog\u00eda e Innovaci\u00f3n\u00a0fortalece el desarrollo social, econ\u00f3mico y cultural de la Patria - DEV RNV","isPartOf":{"@id":"https:\/\/stage3.rnv.gob.ve\/wp\/#website"},"primaryImageOfPage":{"@id":"https:\/\/stage3.rnv.gob.ve\/wp\/consejo-presidencial-para-la-ciencia-tecnologia-e-innovacion-fortalece-el-desarrollo-social-economico-y-cultural-de-la-patria\/#primaryimage"},"image":{"@id":"https:\/\/stage3.rnv.gob.ve\/wp\/consejo-presidencial-para-la-ciencia-tecnologia-e-innovacion-fortalece-el-desarrollo-social-economico-y-cultural-de-la-patria\/#primaryimage"},"thumbnailUrl":"","datePublished":"2019-02-22T19:37:14+00:00","breadcrumb":{"@id":"https:\/\/stage3.rnv.gob.ve\/wp\/consejo-presidencial-para-la-ciencia-tecnologia-e-innovacion-fortalece-el-desarrollo-social-economico-y-cultural-de-la-patria\/#breadcrumb"},"inLanguage":"es","potentialAction":[{"@type":"ReadAction","target":["https:\/\/stage3.rnv.gob.ve\/wp\/consejo-presidencial-para-la-ciencia-tecnologia-e-innovacion-fortalece-el-desarrollo-social-economico-y-cultural-de-la-patria\/"]}]},{"@type":"ImageObject","inLanguage":"es","@id":"https:\/\/stage3.rnv.gob.ve\/wp\/consejo-presidencial-para-la-ciencia-tecnologia-e-innovacion-fortalece-el-desarrollo-social-economico-y-cultural-de-la-patria\/#primaryimage","url":"","contentUrl":""},{"@type":"BreadcrumbList","@id":"https:\/\/stage3.rnv.gob.ve\/wp\/consejo-presidencial-para-la-ciencia-tecnologia-e-innovacion-fortalece-el-desarrollo-social-economico-y-cultural-de-la-patria\/#breadcrumb","itemListElement":[{"@type":"ListItem","position":1,"name":"Portada","item":"https:\/\/stage3.rnv.gob.ve\/wp\/"},{"@type":"ListItem","position":2,"name":"Consejo Presidencial Para La Ciencia, Tecnolog\u00eda E Innovaci\u00f3n\u00a0Fortalece El Desarrollo Social, Econ\u00f3mico Y Cultural De La Patria"}]},{"@type":"WebSite","@id":"https:\/\/stage3.rnv.gob.ve\/wp\/#website","url":"https:\/\/stage3.rnv.gob.ve\/wp\/","name":"DEV RNV","description":"Radio Nacional de Venezuela C.A.","publisher":{"@id":"https:\/\/stage3.rnv.gob.ve\/wp\/#organization"},"potentialAction":[{"@type":"SearchAction","target":{"@type":"EntryPoint","urlTemplate":"https:\/\/stage3.rnv.gob.ve\/wp\/?s={search_term_string}"},"query-input":{"@type":"PropertyValueSpecification","valueRequired":true,"valueName":"search_term_string"}}],"inLanguage":"es"},{"@type":"Organization","@id":"https:\/\/stage3.rnv.gob.ve\/wp\/#organization","name":"Radio Nacional de Venezuela C.A.","url":"https:\/\/stage3.rnv.gob.ve\/wp\/","logo":{"@type":"ImageObject","inLanguage":"es","@id":"https:\/\/stage3.rnv.gob.ve\/wp\/#\/schema\/logo\/image\/","url":"http:\/\/rnv.ddns.net\/prensa\/wp-content\/uploads\/2022\/04\/rnv-1-300x227-1.jpg","contentUrl":"http:\/\/rnv.ddns.net\/prensa\/wp-content\/uploads\/2022\/04\/rnv-1-300x227-1.jpg","width":800,"height":455,"caption":"Radio Nacional de Venezuela C.A."},"image":{"@id":"https:\/\/stage3.rnv.gob.ve\/wp\/#\/schema\/logo\/image\/"},"sameAs":["https:\/\/www.facebook.com\/RadioNacionaldeVenezuela","https:\/\/x.com\/RNVinformativa","https:\/\/www.instagram.com\/rnvinformativa\/","https:\/\/www.youtube.com\/user\/RNVContigo"]},{"@type":"Person","@id":"https:\/\/stage3.rnv.gob.ve\/wp\/#\/schema\/person\/6d27d8ecadab20f003f3e7047789a7ac","name":"Xamanta Conde","url":"https:\/\/stage3.rnv.gob.ve\/wp\/author\/xamanta_conde\/"}]}},"jetpack_featured_media_url":"","_links":{"self":[{"href":"https:\/\/stage3.rnv.gob.ve\/wp\/wp-json\/wp\/v2\/posts\/256073","targetHints":{"allow":["GET"]}}],"collection":[{"href":"https:\/\/stage3.rnv.gob.ve\/wp\/wp-json\/wp\/v2\/posts"}],"about":[{"href":"https:\/\/stage3.rnv.gob.ve\/wp\/wp-json\/wp\/v2\/types\/post"}],"author":[{"embeddable":true,"href":"https:\/\/stage3.rnv.gob.ve\/wp\/wp-json\/wp\/v2\/users\/26"}],"replies":[{"embeddable":true,"href":"https:\/\/stage3.rnv.gob.ve\/wp\/wp-json\/wp\/v2\/comments?post=256073"}],"version-history":[{"count":0,"href":"https:\/\/stage3.rnv.gob.ve\/wp\/wp-json\/wp\/v2\/posts\/256073\/revisions"}],"wp:featuredmedia":[{"embeddable":true,"href":"https:\/\/stage3.rnv.gob.ve\/wp\/wp-json\/"}],"wp:attachment":[{"href":"https:\/\/stage3.rnv.gob.ve\/wp\/wp-json\/wp\/v2\/media?parent=256073"}],"wp:term":[{"taxonomy":"category","embeddable":true,"href":"https:\/\/stage3.rnv.gob.ve\/wp\/wp-json\/wp\/v2\/categories?post=256073"},{"taxonomy":"post_tag","embeddable":true,"href":"https:\/\/stage3.rnv.gob.ve\/wp\/wp-json\/wp\/v2\/tags?post=256073"}],"curies":[{"name":"wp","href":"https:\/\/api.w.org\/{rel}","templated":true}]}}