{"id":246936,"date":"2018-11-30T16:15:46","date_gmt":"2018-11-30T20:45:46","guid":{"rendered":"https:\/\/stage3.rnv.gob.ve\/wp\/?p=246936"},"modified":"2018-11-30T16:15:46","modified_gmt":"2018-11-30T20:45:46","slug":"seran-ocupados-21-mataderos-en-todo-el-pais","status":"publish","type":"post","link":"https:\/\/stage3.rnv.gob.ve\/wp\/seran-ocupados-21-mataderos-en-todo-el-pais\/","title":{"rendered":"Ser\u00e1n ocupados 21 mataderos en todo el pa\u00eds"},"content":{"rendered":"<div class=\"contenido\">\n<p style=\"text-align: justify;\"><img fetchpriority=\"high\" decoding=\"async\" class=\"alignleft wp-image-246941\" src=\"https:\/\/stage3.rnv.gob.ve\/wp\/wp-content\/uploads\/2018\/11\/f751074571090945a7b8a2b71cc8cf15-300x179.jpg\" alt=\"\" width=\"397\" height=\"237\" \/>El vicepresidente del \u00e1rea econ\u00f3mica, Tareck El Aissammi, precis\u00f3 que 21 mataderos p\u00fablicos y privados ser\u00e1n ocupados temporalmente por parte del Gobierno Bolivariano\u00a0 por un lapso de 180 d\u00edas \u00abprorrogables\u00bb para el mejoramiento de la distribuci\u00f3n y el respeto de los precios de los productos c\u00e1rnicos.<\/p>\n<p style=\"text-align: justify;\">Desde el Palacio de Miraflores, El Aissammi destac\u00f3\u00a0que en los primeros 100 d\u00edas de vigencia del <strong>Programa de Recuperaci\u00f3n, Crecimiento y Prosperidad Econ\u00f3mica<\/strong> ha tenido un balance positivo.<\/p>\n<p style=\"text-align: justify;\">Inform\u00f3 que esta medida responde a la conducta observada de este rubro durante los 100 d\u00edas que han pasado desde el primer anunci\u00f3 de la estructura de costos, que en su opini\u00f3n funcion\u00f3 correctamente en un principio pero que luego sufri\u00f3 irregularidades originadas por los due\u00f1os de los mataderos.<\/p>\n<p style=\"text-align: justify;\">El ministro de Industria y Producci\u00f3n Nacional solicit\u00f3 al Ministerio P\u00fablico iniciar las investigaciones penales correspondientes para determinar la responsabilidad de los due\u00f1os de los mataderos, a quienes acus\u00f3 de cometer distintos delitos, entre ellos involucrar a intermediarios para encarecer el costo de estos productos, adem\u00e1s de extorsionar a los productores primarios a quienes le exig\u00edan pago en d\u00f3lares, actuaci\u00f3n que calific\u00f3 de chantaje.<\/p>\n<p style=\"text-align: justify;\">Por \u00faltimo El Aissami garantiz\u00f3 la estabilidad laboral de los trabajadores de dichos mataderos cuyo pago ser\u00e1 asumido por el Gobierno Bolivariano,\u00a0\u201cEsta medida se tomar\u00e1 para garantizar que la carne no se convierta en un producto de especulaci\u00f3n, de reventa y que llegue a la familia venezolana\u201d, detall\u00f3.<\/p>\n<p><strong>Escuche al\u00a0vicepresidente del \u00e1rea econ\u00f3mica, Tareck El Aissammi<\/strong><\/p>\n<audio class=\"wp-audio-shortcode\" id=\"audio-246936-1\" preload=\"none\" style=\"width: 100%;\" controls=\"controls\"><source type=\"audio\/mpeg\" src=\"https:\/\/stage3.rnv.gob.ve\/wp\/wp-content\/uploads\/2018\/11\/EL-AISSAMMI-CARNE.mp3?_=1\" \/><a href=\"https:\/\/stage3.rnv.gob.ve\/wp\/wp-content\/uploads\/2018\/11\/EL-AISSAMMI-CARNE.mp3\">https:\/\/stage3.rnv.gob.ve\/wp\/wp-content\/uploads\/2018\/11\/EL-AISSAMMI-CARNE.mp3<\/a><\/audio>\n<p><strong>T\/RNV Web<\/strong><\/p>\n<\/div>\n","protected":false},"excerpt":{"rendered":"<p>El vicepresidente del \u00e1rea econ\u00f3mica, Tareck El Aissammi, precis\u00f3 que 21 mataderos p\u00fablicos y privados ser\u00e1n ocupados temporalmente por parte del Gobierno Bolivariano\u00a0 por un lapso de 180 d\u00edas \u00abprorrogables\u00bb para el mejoramiento de la distribuci\u00f3n y el respeto de los precios de los productos c\u00e1rnicos. Desde el Palacio de Miraflores, El Aissammi destac\u00f3\u00a0que en [&hellip;]<\/p>\n","protected":false},"author":1,"featured_media":246941,"comment_status":"closed","ping_status":"open","sticky":false,"template":"","format":"standard","meta":{"_acf_changed":false,"footnotes":""},"categories":[58],"tags":[2363,28193,28194],"class_list":["post-246936","post","type-post","status-publish","format-standard","has-post-thumbnail","hentry","category-economia","tag-carne","tag-mataderos","tag-productos-carnicos"],"acf":[],"yoast_head":"<!-- This site is optimized with the Yoast SEO plugin v27.4 - https:\/\/yoast.com\/product\/yoast-seo-wordpress\/ -->\n<title>Ser\u00e1n ocupados 21 mataderos en todo el pa\u00eds - DEV RNV<\/title>\n<meta name=\"robots\" content=\"noindex, follow, max-snippet:-1, max-image-preview:large, max-video-preview:-1\" \/>\n<meta property=\"og:locale\" content=\"es_ES\" \/>\n<meta property=\"og:type\" content=\"article\" \/>\n<meta property=\"og:title\" content=\"Ser\u00e1n ocupados 21 mataderos en todo el pa\u00eds - DEV RNV\" \/>\n<meta property=\"og:description\" content=\"El vicepresidente del \u00e1rea econ\u00f3mica, Tareck El Aissammi, precis\u00f3 que 21 mataderos p\u00fablicos y privados ser\u00e1n ocupados temporalmente por parte del Gobierno Bolivariano\u00a0 por un lapso de 180 d\u00edas \u00abprorrogables\u00bb para el mejoramiento de la distribuci\u00f3n y el respeto de los precios de los productos c\u00e1rnicos. Desde el Palacio de Miraflores, El Aissammi destac\u00f3\u00a0que en [&hellip;]\" \/>\n<meta property=\"og:url\" content=\"https:\/\/stage3.rnv.gob.ve\/wp\/seran-ocupados-21-mataderos-en-todo-el-pais\/\" \/>\n<meta property=\"og:site_name\" content=\"DEV RNV\" \/>\n<meta property=\"article:publisher\" content=\"https:\/\/www.facebook.com\/RadioNacionaldeVenezuela\" \/>\n<meta property=\"article:published_time\" content=\"2018-11-30T20:45:46+00:00\" \/>\n<meta name=\"author\" content=\"administrador\" \/>\n<meta name=\"twitter:card\" content=\"summary_large_image\" \/>\n<meta name=\"twitter:creator\" content=\"@RNVinformativa\" \/>\n<meta name=\"twitter:site\" content=\"@RNVinformativa\" \/>\n<meta name=\"twitter:label1\" content=\"Escrito por\" \/>\n\t<meta name=\"twitter:data1\" content=\"administrador\" \/>\n\t<meta name=\"twitter:label2\" content=\"Tiempo estimado de lectura\" \/>\n\t<meta name=\"twitter:data2\" content=\"1 minuto\" \/>\n<script type=\"application\/ld+json\" class=\"yoast-schema-graph\">{\"@context\":\"https:\\\/\\\/schema.org\",\"@graph\":[{\"@type\":\"Article\",\"@id\":\"https:\\\/\\\/stage3.rnv.gob.ve\\\/wp\\\/seran-ocupados-21-mataderos-en-todo-el-pais\\\/#article\",\"isPartOf\":{\"@id\":\"https:\\\/\\\/stage3.rnv.gob.ve\\\/wp\\\/seran-ocupados-21-mataderos-en-todo-el-pais\\\/\"},\"author\":{\"name\":\"administrador\",\"@id\":\"https:\\\/\\\/stage3.rnv.gob.ve\\\/wp\\\/#\\\/schema\\\/person\\\/0862ce8cde332e0bc63b8a243f0eea2c\"},\"headline\":\"Ser\u00e1n ocupados 21 mataderos en todo el pa\u00eds\",\"datePublished\":\"2018-11-30T20:45:46+00:00\",\"mainEntityOfPage\":{\"@id\":\"https:\\\/\\\/stage3.rnv.gob.ve\\\/wp\\\/seran-ocupados-21-mataderos-en-todo-el-pais\\\/\"},\"wordCount\":288,\"publisher\":{\"@id\":\"https:\\\/\\\/stage3.rnv.gob.ve\\\/wp\\\/#organization\"},\"image\":{\"@id\":\"https:\\\/\\\/stage3.rnv.gob.ve\\\/wp\\\/seran-ocupados-21-mataderos-en-todo-el-pais\\\/#primaryimage\"},\"thumbnailUrl\":\"\",\"keywords\":[\"carne\",\"mataderos\",\"productos carnicos\"],\"articleSection\":[\"Econom\u00eda\"],\"inLanguage\":\"es\"},{\"@type\":\"WebPage\",\"@id\":\"https:\\\/\\\/stage3.rnv.gob.ve\\\/wp\\\/seran-ocupados-21-mataderos-en-todo-el-pais\\\/\",\"url\":\"https:\\\/\\\/stage3.rnv.gob.ve\\\/wp\\\/seran-ocupados-21-mataderos-en-todo-el-pais\\\/\",\"name\":\"Ser\u00e1n ocupados 21 mataderos en todo el pa\u00eds - DEV RNV\",\"isPartOf\":{\"@id\":\"https:\\\/\\\/stage3.rnv.gob.ve\\\/wp\\\/#website\"},\"primaryImageOfPage\":{\"@id\":\"https:\\\/\\\/stage3.rnv.gob.ve\\\/wp\\\/seran-ocupados-21-mataderos-en-todo-el-pais\\\/#primaryimage\"},\"image\":{\"@id\":\"https:\\\/\\\/stage3.rnv.gob.ve\\\/wp\\\/seran-ocupados-21-mataderos-en-todo-el-pais\\\/#primaryimage\"},\"thumbnailUrl\":\"\",\"datePublished\":\"2018-11-30T20:45:46+00:00\",\"breadcrumb\":{\"@id\":\"https:\\\/\\\/stage3.rnv.gob.ve\\\/wp\\\/seran-ocupados-21-mataderos-en-todo-el-pais\\\/#breadcrumb\"},\"inLanguage\":\"es\",\"potentialAction\":[{\"@type\":\"ReadAction\",\"target\":[\"https:\\\/\\\/stage3.rnv.gob.ve\\\/wp\\\/seran-ocupados-21-mataderos-en-todo-el-pais\\\/\"]}]},{\"@type\":\"ImageObject\",\"inLanguage\":\"es\",\"@id\":\"https:\\\/\\\/stage3.rnv.gob.ve\\\/wp\\\/seran-ocupados-21-mataderos-en-todo-el-pais\\\/#primaryimage\",\"url\":\"\",\"contentUrl\":\"\"},{\"@type\":\"BreadcrumbList\",\"@id\":\"https:\\\/\\\/stage3.rnv.gob.ve\\\/wp\\\/seran-ocupados-21-mataderos-en-todo-el-pais\\\/#breadcrumb\",\"itemListElement\":[{\"@type\":\"ListItem\",\"position\":1,\"name\":\"Portada\",\"item\":\"https:\\\/\\\/stage3.rnv.gob.ve\\\/wp\\\/\"},{\"@type\":\"ListItem\",\"position\":2,\"name\":\"Ser\u00e1n Ocupados 21 Mataderos En Todo El Pa\u00eds\"}]},{\"@type\":\"WebSite\",\"@id\":\"https:\\\/\\\/stage3.rnv.gob.ve\\\/wp\\\/#website\",\"url\":\"https:\\\/\\\/stage3.rnv.gob.ve\\\/wp\\\/\",\"name\":\"DEV RNV\",\"description\":\"Radio Nacional de Venezuela C.A.\",\"publisher\":{\"@id\":\"https:\\\/\\\/stage3.rnv.gob.ve\\\/wp\\\/#organization\"},\"potentialAction\":[{\"@type\":\"SearchAction\",\"target\":{\"@type\":\"EntryPoint\",\"urlTemplate\":\"https:\\\/\\\/stage3.rnv.gob.ve\\\/wp\\\/?s={search_term_string}\"},\"query-input\":{\"@type\":\"PropertyValueSpecification\",\"valueRequired\":true,\"valueName\":\"search_term_string\"}}],\"inLanguage\":\"es\"},{\"@type\":\"Organization\",\"@id\":\"https:\\\/\\\/stage3.rnv.gob.ve\\\/wp\\\/#organization\",\"name\":\"Radio Nacional de Venezuela C.A.\",\"url\":\"https:\\\/\\\/stage3.rnv.gob.ve\\\/wp\\\/\",\"logo\":{\"@type\":\"ImageObject\",\"inLanguage\":\"es\",\"@id\":\"https:\\\/\\\/stage3.rnv.gob.ve\\\/wp\\\/#\\\/schema\\\/logo\\\/image\\\/\",\"url\":\"http:\\\/\\\/rnv.ddns.net\\\/prensa\\\/wp-content\\\/uploads\\\/2022\\\/04\\\/rnv-1-300x227-1.jpg\",\"contentUrl\":\"http:\\\/\\\/rnv.ddns.net\\\/prensa\\\/wp-content\\\/uploads\\\/2022\\\/04\\\/rnv-1-300x227-1.jpg\",\"width\":800,\"height\":455,\"caption\":\"Radio Nacional de Venezuela C.A.\"},\"image\":{\"@id\":\"https:\\\/\\\/stage3.rnv.gob.ve\\\/wp\\\/#\\\/schema\\\/logo\\\/image\\\/\"},\"sameAs\":[\"https:\\\/\\\/www.facebook.com\\\/RadioNacionaldeVenezuela\",\"https:\\\/\\\/x.com\\\/RNVinformativa\",\"https:\\\/\\\/www.instagram.com\\\/rnvinformativa\\\/\",\"https:\\\/\\\/www.youtube.com\\\/user\\\/RNVContigo\"]},{\"@type\":\"Person\",\"@id\":\"https:\\\/\\\/stage3.rnv.gob.ve\\\/wp\\\/#\\\/schema\\\/person\\\/0862ce8cde332e0bc63b8a243f0eea2c\",\"name\":\"administrador\",\"sameAs\":[\"http:\\\/\\\/arnoldoeloy.net\"],\"url\":\"https:\\\/\\\/stage3.rnv.gob.ve\\\/wp\\\/author\\\/administrador\\\/\"}]}<\/script>\n<!-- \/ Yoast SEO plugin. -->","yoast_head_json":{"title":"Ser\u00e1n ocupados 21 mataderos en todo el pa\u00eds - DEV RNV","robots":{"index":"noindex","follow":"follow","max-snippet":"max-snippet:-1","max-image-preview":"max-image-preview:large","max-video-preview":"max-video-preview:-1"},"og_locale":"es_ES","og_type":"article","og_title":"Ser\u00e1n ocupados 21 mataderos en todo el pa\u00eds - DEV RNV","og_description":"El vicepresidente del \u00e1rea econ\u00f3mica, Tareck El Aissammi, precis\u00f3 que 21 mataderos p\u00fablicos y privados ser\u00e1n ocupados temporalmente por parte del Gobierno Bolivariano\u00a0 por un lapso de 180 d\u00edas \u00abprorrogables\u00bb para el mejoramiento de la distribuci\u00f3n y el respeto de los precios de los productos c\u00e1rnicos. Desde el Palacio de Miraflores, El Aissammi destac\u00f3\u00a0que en [&hellip;]","og_url":"https:\/\/stage3.rnv.gob.ve\/wp\/seran-ocupados-21-mataderos-en-todo-el-pais\/","og_site_name":"DEV RNV","article_publisher":"https:\/\/www.facebook.com\/RadioNacionaldeVenezuela","article_published_time":"2018-11-30T20:45:46+00:00","author":"administrador","twitter_card":"summary_large_image","twitter_creator":"@RNVinformativa","twitter_site":"@RNVinformativa","twitter_misc":{"Escrito por":"administrador","Tiempo estimado de lectura":"1 minuto"},"schema":{"@context":"https:\/\/schema.org","@graph":[{"@type":"Article","@id":"https:\/\/stage3.rnv.gob.ve\/wp\/seran-ocupados-21-mataderos-en-todo-el-pais\/#article","isPartOf":{"@id":"https:\/\/stage3.rnv.gob.ve\/wp\/seran-ocupados-21-mataderos-en-todo-el-pais\/"},"author":{"name":"administrador","@id":"https:\/\/stage3.rnv.gob.ve\/wp\/#\/schema\/person\/0862ce8cde332e0bc63b8a243f0eea2c"},"headline":"Ser\u00e1n ocupados 21 mataderos en todo el pa\u00eds","datePublished":"2018-11-30T20:45:46+00:00","mainEntityOfPage":{"@id":"https:\/\/stage3.rnv.gob.ve\/wp\/seran-ocupados-21-mataderos-en-todo-el-pais\/"},"wordCount":288,"publisher":{"@id":"https:\/\/stage3.rnv.gob.ve\/wp\/#organization"},"image":{"@id":"https:\/\/stage3.rnv.gob.ve\/wp\/seran-ocupados-21-mataderos-en-todo-el-pais\/#primaryimage"},"thumbnailUrl":"","keywords":["carne","mataderos","productos carnicos"],"articleSection":["Econom\u00eda"],"inLanguage":"es"},{"@type":"WebPage","@id":"https:\/\/stage3.rnv.gob.ve\/wp\/seran-ocupados-21-mataderos-en-todo-el-pais\/","url":"https:\/\/stage3.rnv.gob.ve\/wp\/seran-ocupados-21-mataderos-en-todo-el-pais\/","name":"Ser\u00e1n ocupados 21 mataderos en todo el pa\u00eds - DEV RNV","isPartOf":{"@id":"https:\/\/stage3.rnv.gob.ve\/wp\/#website"},"primaryImageOfPage":{"@id":"https:\/\/stage3.rnv.gob.ve\/wp\/seran-ocupados-21-mataderos-en-todo-el-pais\/#primaryimage"},"image":{"@id":"https:\/\/stage3.rnv.gob.ve\/wp\/seran-ocupados-21-mataderos-en-todo-el-pais\/#primaryimage"},"thumbnailUrl":"","datePublished":"2018-11-30T20:45:46+00:00","breadcrumb":{"@id":"https:\/\/stage3.rnv.gob.ve\/wp\/seran-ocupados-21-mataderos-en-todo-el-pais\/#breadcrumb"},"inLanguage":"es","potentialAction":[{"@type":"ReadAction","target":["https:\/\/stage3.rnv.gob.ve\/wp\/seran-ocupados-21-mataderos-en-todo-el-pais\/"]}]},{"@type":"ImageObject","inLanguage":"es","@id":"https:\/\/stage3.rnv.gob.ve\/wp\/seran-ocupados-21-mataderos-en-todo-el-pais\/#primaryimage","url":"","contentUrl":""},{"@type":"BreadcrumbList","@id":"https:\/\/stage3.rnv.gob.ve\/wp\/seran-ocupados-21-mataderos-en-todo-el-pais\/#breadcrumb","itemListElement":[{"@type":"ListItem","position":1,"name":"Portada","item":"https:\/\/stage3.rnv.gob.ve\/wp\/"},{"@type":"ListItem","position":2,"name":"Ser\u00e1n Ocupados 21 Mataderos En Todo El Pa\u00eds"}]},{"@type":"WebSite","@id":"https:\/\/stage3.rnv.gob.ve\/wp\/#website","url":"https:\/\/stage3.rnv.gob.ve\/wp\/","name":"DEV RNV","description":"Radio Nacional de Venezuela C.A.","publisher":{"@id":"https:\/\/stage3.rnv.gob.ve\/wp\/#organization"},"potentialAction":[{"@type":"SearchAction","target":{"@type":"EntryPoint","urlTemplate":"https:\/\/stage3.rnv.gob.ve\/wp\/?s={search_term_string}"},"query-input":{"@type":"PropertyValueSpecification","valueRequired":true,"valueName":"search_term_string"}}],"inLanguage":"es"},{"@type":"Organization","@id":"https:\/\/stage3.rnv.gob.ve\/wp\/#organization","name":"Radio Nacional de Venezuela C.A.","url":"https:\/\/stage3.rnv.gob.ve\/wp\/","logo":{"@type":"ImageObject","inLanguage":"es","@id":"https:\/\/stage3.rnv.gob.ve\/wp\/#\/schema\/logo\/image\/","url":"http:\/\/rnv.ddns.net\/prensa\/wp-content\/uploads\/2022\/04\/rnv-1-300x227-1.jpg","contentUrl":"http:\/\/rnv.ddns.net\/prensa\/wp-content\/uploads\/2022\/04\/rnv-1-300x227-1.jpg","width":800,"height":455,"caption":"Radio Nacional de Venezuela C.A."},"image":{"@id":"https:\/\/stage3.rnv.gob.ve\/wp\/#\/schema\/logo\/image\/"},"sameAs":["https:\/\/www.facebook.com\/RadioNacionaldeVenezuela","https:\/\/x.com\/RNVinformativa","https:\/\/www.instagram.com\/rnvinformativa\/","https:\/\/www.youtube.com\/user\/RNVContigo"]},{"@type":"Person","@id":"https:\/\/stage3.rnv.gob.ve\/wp\/#\/schema\/person\/0862ce8cde332e0bc63b8a243f0eea2c","name":"administrador","sameAs":["http:\/\/arnoldoeloy.net"],"url":"https:\/\/stage3.rnv.gob.ve\/wp\/author\/administrador\/"}]}},"jetpack_featured_media_url":"","_links":{"self":[{"href":"https:\/\/stage3.rnv.gob.ve\/wp\/wp-json\/wp\/v2\/posts\/246936","targetHints":{"allow":["GET"]}}],"collection":[{"href":"https:\/\/stage3.rnv.gob.ve\/wp\/wp-json\/wp\/v2\/posts"}],"about":[{"href":"https:\/\/stage3.rnv.gob.ve\/wp\/wp-json\/wp\/v2\/types\/post"}],"author":[{"embeddable":true,"href":"https:\/\/stage3.rnv.gob.ve\/wp\/wp-json\/wp\/v2\/users\/1"}],"replies":[{"embeddable":true,"href":"https:\/\/stage3.rnv.gob.ve\/wp\/wp-json\/wp\/v2\/comments?post=246936"}],"version-history":[{"count":0,"href":"https:\/\/stage3.rnv.gob.ve\/wp\/wp-json\/wp\/v2\/posts\/246936\/revisions"}],"wp:featuredmedia":[{"embeddable":true,"href":"https:\/\/stage3.rnv.gob.ve\/wp\/wp-json\/"}],"wp:attachment":[{"href":"https:\/\/stage3.rnv.gob.ve\/wp\/wp-json\/wp\/v2\/media?parent=246936"}],"wp:term":[{"taxonomy":"category","embeddable":true,"href":"https:\/\/stage3.rnv.gob.ve\/wp\/wp-json\/wp\/v2\/categories?post=246936"},{"taxonomy":"post_tag","embeddable":true,"href":"https:\/\/stage3.rnv.gob.ve\/wp\/wp-json\/wp\/v2\/tags?post=246936"}],"curies":[{"name":"wp","href":"https:\/\/api.w.org\/{rel}","templated":true}]}}