{"id":24506,"date":"2016-05-05T08:00:33","date_gmt":"2016-05-05T12:30:33","guid":{"rendered":"http:\/\/wpeditor.rnv.gob.ve\/?p=24506"},"modified":"2016-05-05T08:00:33","modified_gmt":"2016-05-05T12:30:33","slug":"del-4-al-11-de-mayo-cierre-parcial-de-la-francisco-fajardo-en-antimano-por-socavado-de-embaulamiento-del-rio-guaire","status":"publish","type":"post","link":"https:\/\/stage3.rnv.gob.ve\/wp\/del-4-al-11-de-mayo-cierre-parcial-de-la-francisco-fajardo-en-antimano-por-socavado-de-embaulamiento-del-rio-guaire\/","title":{"rendered":"\u00a1Del 4 al 11 de mayo! Cierre parcial de la Francisco Fajardo en Ant\u00edmano"},"content":{"rendered":"<figure id=\"attachment_24507\" aria-describedby=\"caption-attachment-24507\" style=\"width: 300px\" class=\"wp-caption alignleft\"><img fetchpriority=\"high\" decoding=\"async\" class=\"size-medium wp-image-24507\" src=\"http:\/\/wpeditor.rnv.gob.ve\/app\/uploads\/2016\/05\/pizap.com14624006809141-300x180.jpg\" alt=\"Foto: @LuisSauceN\" width=\"300\" height=\"180\" \/><figcaption id=\"caption-attachment-24507\" class=\"wp-caption-text\">Foto: @LuisSauceN<\/figcaption><\/figure>\n<p style=\"text-align: justify;\">Debido a la emergencia presentada en la autopista Francisco Fajardo a la Altura de Ant\u00edmano, por el socavamiento del embaulamiento del R\u00edo Guaire detectado por el Ministerio de Transporte y Obras P\u00fablicas, se realizar\u00e1 un cierre parcial del canal r\u00e1pido de dicha autopista, a la altura de la estaci\u00f3n Ant\u00edmano, sentido este-oeste para facilitar las labores de rehabilitaci\u00f3n.<!--more--><\/p>\n<p style=\"text-align: justify;\">El cierre parcial ser\u00e1 por 7 d\u00edas, desde hoy mi\u00e9rcoles 4 de mayo de 2016, a las 9:00 pm y hasta el mi\u00e9rcoles 11 de mayo de 2016, a las 5:00 am, para acometer los trabajos de estabilizaci\u00f3n y de embaulamiento del r\u00edo, acopio y relleno de material y construcci\u00f3n de losas, entre otros,\u00a0inform\u00f3 el ministro de Transporte Terrestre y Obras P\u00fablicas, Luis Sauce, en su cuenta @LuisSauceN.<\/p>\n<p>&nbsp;<br \/>\n&nbsp;<\/p>\n<blockquote class=\"twitter-tweet\" data-lang=\"es\">\n<p dir=\"ltr\" lang=\"es\"><a href=\"https:\/\/twitter.com\/hashtag\/AHORA?src=hash\">#AHORA<\/a> atendemos y evaluamos socavamiento detectado en embaulamiento del r\u00edo Guaire a nivel de Ant\u00edmano <a href=\"https:\/\/t.co\/X9da9obAX5\">pic.twitter.com\/X9da9obAX5<\/a><\/p>\n<p>\u2014 Luis A Sauce Navarro (@LuisSauceN) <a href=\"https:\/\/twitter.com\/LuisSauceN\/status\/727956890550976512\">4 de mayo de 2016<\/a><\/p><\/blockquote>\n<p><script src=\"\/\/platform.twitter.com\/widgets.js\" async=\"\" charset=\"utf-8\"><\/script><\/p>\n<blockquote class=\"twitter-tweet\" data-lang=\"es\"><p>\nAl detectar la situaci\u00f3n activamos inmediatamente equipos del <a href=\"https:\/\/twitter.com\/minpptt\">@Minpptt<\/a> para evaluaci\u00f3n t\u00e9cnica y determinar acciones <a href=\"https:\/\/t.co\/vobSjT3yxm\">pic.twitter.com\/vobSjT3yxm<\/a><br \/>\n\u2014 Luis A Sauce Navarro (@LuisSauceN) <a href=\"https:\/\/twitter.com\/LuisSauceN\/status\/727957542404554752\">4 de mayo de 2016<\/a>\n<\/p><\/blockquote>\n<p><script src=\"\/\/platform.twitter.com\/widgets.js\" async=\"\" charset=\"utf-8\"><\/script><\/p>\n<blockquote class=\"twitter-tweet\" data-lang=\"es\">\n<p dir=\"ltr\" lang=\"es\">Intervendremos desde esta misma noche para acometer trabajos d estabilizaci\u00f3n del embaulamiento del r\u00edo <a href=\"https:\/\/t.co\/VrryCGslSB\">pic.twitter.com\/VrryCGslSB<\/a><\/p>\n<p>\u2014 Luis A Sauce Navarro (@LuisSauceN) <a href=\"https:\/\/twitter.com\/LuisSauceN\/status\/727957787100250112\">4 de mayo de 2016<\/a><\/p><\/blockquote>\n<p><script src=\"\/\/platform.twitter.com\/widgets.js\" async=\"\" charset=\"utf-8\"><\/script><\/p>\n<blockquote class=\"twitter-tweet\" data-lang=\"es\"><p>\nAdem\u00e1s trabajaremos en acopio y relleno de material y construcci\u00f3n de losas<br \/>\n\u2014 Luis A Sauce Navarro (@LuisSauceN) <a href=\"https:\/\/twitter.com\/LuisSauceN\/status\/727957885460819969\">4 de mayo de 2016<\/a>\n<\/p><\/blockquote>\n<p><script src=\"\/\/platform.twitter.com\/widgets.js\" async=\"\" charset=\"utf-8\"><\/script><\/p>\n<blockquote class=\"twitter-tweet\" data-lang=\"es\">\n<p dir=\"ltr\" lang=\"es\">Estas acciones son necesarias para evitar el aumento en socavaci\u00f3n del terrapl\u00e9n y el colapso d este tramo d la <a href=\"https:\/\/twitter.com\/hashtag\/FF?src=hash\">#FF<\/a> <a href=\"https:\/\/t.co\/H7kqENvkIu\">pic.twitter.com\/H7kqENvkIu<\/a><\/p>\n<p>\u2014 Luis A Sauce Navarro (@LuisSauceN) <a href=\"https:\/\/twitter.com\/LuisSauceN\/status\/727958083096477696\">4 de mayo de 2016<\/a><\/p><\/blockquote>\n<p><script src=\"\/\/platform.twitter.com\/widgets.js\" async=\"\" charset=\"utf-8\"><\/script><\/p>\n<blockquote class=\"twitter-tweet\" data-lang=\"es\"><p>\nPara ejecutar labores es necesario cerrar canal r\u00e1pido tramo Ant\u00edmano <a href=\"https:\/\/twitter.com\/hashtag\/FF?src=hash\">#FF<\/a> sentEste-Oeste desde 9pm HOY hasta <a href=\"https:\/\/twitter.com\/hashtag\/11May?src=hash\">#11May<\/a> <a href=\"https:\/\/t.co\/PiXCw8aOQy\">pic.twitter.com\/PiXCw8aOQy<\/a><br \/>\n\u2014 Luis A Sauce Navarro (@LuisSauceN) <a href=\"https:\/\/twitter.com\/LuisSauceN\/status\/727959019604807681\">4 de mayo de 2016<\/a>\n<\/p><\/blockquote>\n<p><script src=\"\/\/platform.twitter.com\/widgets.js\" async=\"\" charset=\"utf-8\"><\/script><\/p>\n<blockquote class=\"twitter-tweet\" data-lang=\"es\">\n<p dir=\"ltr\" lang=\"es\">Esta afectaci\u00f3n fue detectada a tiempo gracias al monitoreo permanente q ejecuta el <a href=\"https:\/\/twitter.com\/hashtag\/GobiernoBolivariano?src=hash\">#GobiernoBolivariano<\/a> a trav\u00e9s del <a href=\"https:\/\/twitter.com\/minpptt\">@Minpptt<\/a> en las v\u00edas<\/p>\n<p>\u2014 Luis A Sauce Navarro (@LuisSauceN) <a href=\"https:\/\/twitter.com\/LuisSauceN\/status\/727959116052836356\">4 de mayo de 2016<\/a><\/p><\/blockquote>\n<p>&nbsp;<br \/>\n&nbsp;<br \/>\n&nbsp;<br \/>\n<script src=\"\/\/platform.twitter.com\/widgets.js\" async=\"\" charset=\"utf-8\"><\/script><\/p>\n","protected":false},"excerpt":{"rendered":"<p>Debido a la emergencia presentada en la autopista Francisco Fajardo a la Altura de Ant\u00edmano, por el socavamiento del embaulamiento del R\u00edo Guaire detectado por el Ministerio de Transporte y Obras P\u00fablicas, se realizar\u00e1 un cierre parcial del canal r\u00e1pido de dicha autopista, a la altura de la estaci\u00f3n Ant\u00edmano, sentido este-oeste para facilitar las [&hellip;]<\/p>\n","protected":false},"author":12,"featured_media":24507,"comment_status":"closed","ping_status":"open","sticky":false,"template":"","format":"standard","meta":{"_acf_changed":false,"footnotes":""},"categories":[52],"tags":[4014,4015,4016,82],"class_list":["post-24506","post","type-post","status-publish","format-standard","has-post-thumbnail","hentry","category-ciudad","tag-cierre","tag-francisco-fajardo","tag-rio-guaire","tag-rnv"],"acf":[],"yoast_head":"<!-- This site is optimized with the Yoast SEO plugin v27.4 - https:\/\/yoast.com\/product\/yoast-seo-wordpress\/ -->\n<title>\u00a1Del 4 al 11 de mayo! Cierre parcial de la Francisco Fajardo en Ant\u00edmano - DEV RNV<\/title>\n<meta name=\"robots\" content=\"noindex, follow, max-snippet:-1, max-image-preview:large, max-video-preview:-1\" \/>\n<meta property=\"og:locale\" content=\"es_ES\" \/>\n<meta property=\"og:type\" content=\"article\" \/>\n<meta property=\"og:title\" content=\"\u00a1Del 4 al 11 de mayo! Cierre parcial de la Francisco Fajardo en Ant\u00edmano - DEV RNV\" \/>\n<meta property=\"og:description\" content=\"Debido a la emergencia presentada en la autopista Francisco Fajardo a la Altura de Ant\u00edmano, por el socavamiento del embaulamiento del R\u00edo Guaire detectado por el Ministerio de Transporte y Obras P\u00fablicas, se realizar\u00e1 un cierre parcial del canal r\u00e1pido de dicha autopista, a la altura de la estaci\u00f3n Ant\u00edmano, sentido este-oeste para facilitar las [&hellip;]\" \/>\n<meta property=\"og:url\" content=\"https:\/\/stage3.rnv.gob.ve\/wp\/del-4-al-11-de-mayo-cierre-parcial-de-la-francisco-fajardo-en-antimano-por-socavado-de-embaulamiento-del-rio-guaire\/\" \/>\n<meta property=\"og:site_name\" content=\"DEV RNV\" \/>\n<meta property=\"article:publisher\" content=\"https:\/\/www.facebook.com\/RadioNacionaldeVenezuela\" \/>\n<meta property=\"article:published_time\" content=\"2016-05-05T12:30:33+00:00\" \/>\n<meta name=\"author\" content=\"Emilia Franco\" \/>\n<meta name=\"twitter:card\" content=\"summary_large_image\" \/>\n<meta name=\"twitter:creator\" content=\"@RNVinformativa\" \/>\n<meta name=\"twitter:site\" content=\"@RNVinformativa\" \/>\n<meta name=\"twitter:label1\" content=\"Escrito por\" \/>\n\t<meta name=\"twitter:data1\" content=\"Emilia Franco\" \/>\n\t<meta name=\"twitter:label2\" content=\"Tiempo estimado de lectura\" \/>\n\t<meta name=\"twitter:data2\" content=\"2 minutos\" \/>\n<script type=\"application\/ld+json\" class=\"yoast-schema-graph\">{\"@context\":\"https:\\\/\\\/schema.org\",\"@graph\":[{\"@type\":\"Article\",\"@id\":\"https:\\\/\\\/stage3.rnv.gob.ve\\\/wp\\\/del-4-al-11-de-mayo-cierre-parcial-de-la-francisco-fajardo-en-antimano-por-socavado-de-embaulamiento-del-rio-guaire\\\/#article\",\"isPartOf\":{\"@id\":\"https:\\\/\\\/stage3.rnv.gob.ve\\\/wp\\\/del-4-al-11-de-mayo-cierre-parcial-de-la-francisco-fajardo-en-antimano-por-socavado-de-embaulamiento-del-rio-guaire\\\/\"},\"author\":{\"name\":\"Emilia Franco\",\"@id\":\"https:\\\/\\\/stage3.rnv.gob.ve\\\/wp\\\/#\\\/schema\\\/person\\\/c6eeca4c518249937c326dd28193d509\"},\"headline\":\"\u00a1Del 4 al 11 de mayo! Cierre parcial de la Francisco Fajardo en Ant\u00edmano\",\"datePublished\":\"2016-05-05T12:30:33+00:00\",\"mainEntityOfPage\":{\"@id\":\"https:\\\/\\\/stage3.rnv.gob.ve\\\/wp\\\/del-4-al-11-de-mayo-cierre-parcial-de-la-francisco-fajardo-en-antimano-por-socavado-de-embaulamiento-del-rio-guaire\\\/\"},\"wordCount\":373,\"publisher\":{\"@id\":\"https:\\\/\\\/stage3.rnv.gob.ve\\\/wp\\\/#organization\"},\"image\":{\"@id\":\"https:\\\/\\\/stage3.rnv.gob.ve\\\/wp\\\/del-4-al-11-de-mayo-cierre-parcial-de-la-francisco-fajardo-en-antimano-por-socavado-de-embaulamiento-del-rio-guaire\\\/#primaryimage\"},\"thumbnailUrl\":\"\",\"keywords\":[\"cierre\",\"francisco fajardo\",\"rio guaire\",\"RNV\"],\"articleSection\":[\"Ciudad\"],\"inLanguage\":\"es\"},{\"@type\":\"WebPage\",\"@id\":\"https:\\\/\\\/stage3.rnv.gob.ve\\\/wp\\\/del-4-al-11-de-mayo-cierre-parcial-de-la-francisco-fajardo-en-antimano-por-socavado-de-embaulamiento-del-rio-guaire\\\/\",\"url\":\"https:\\\/\\\/stage3.rnv.gob.ve\\\/wp\\\/del-4-al-11-de-mayo-cierre-parcial-de-la-francisco-fajardo-en-antimano-por-socavado-de-embaulamiento-del-rio-guaire\\\/\",\"name\":\"\u00a1Del 4 al 11 de mayo! Cierre parcial de la Francisco Fajardo en Ant\u00edmano - DEV RNV\",\"isPartOf\":{\"@id\":\"https:\\\/\\\/stage3.rnv.gob.ve\\\/wp\\\/#website\"},\"primaryImageOfPage\":{\"@id\":\"https:\\\/\\\/stage3.rnv.gob.ve\\\/wp\\\/del-4-al-11-de-mayo-cierre-parcial-de-la-francisco-fajardo-en-antimano-por-socavado-de-embaulamiento-del-rio-guaire\\\/#primaryimage\"},\"image\":{\"@id\":\"https:\\\/\\\/stage3.rnv.gob.ve\\\/wp\\\/del-4-al-11-de-mayo-cierre-parcial-de-la-francisco-fajardo-en-antimano-por-socavado-de-embaulamiento-del-rio-guaire\\\/#primaryimage\"},\"thumbnailUrl\":\"\",\"datePublished\":\"2016-05-05T12:30:33+00:00\",\"breadcrumb\":{\"@id\":\"https:\\\/\\\/stage3.rnv.gob.ve\\\/wp\\\/del-4-al-11-de-mayo-cierre-parcial-de-la-francisco-fajardo-en-antimano-por-socavado-de-embaulamiento-del-rio-guaire\\\/#breadcrumb\"},\"inLanguage\":\"es\",\"potentialAction\":[{\"@type\":\"ReadAction\",\"target\":[\"https:\\\/\\\/stage3.rnv.gob.ve\\\/wp\\\/del-4-al-11-de-mayo-cierre-parcial-de-la-francisco-fajardo-en-antimano-por-socavado-de-embaulamiento-del-rio-guaire\\\/\"]}]},{\"@type\":\"ImageObject\",\"inLanguage\":\"es\",\"@id\":\"https:\\\/\\\/stage3.rnv.gob.ve\\\/wp\\\/del-4-al-11-de-mayo-cierre-parcial-de-la-francisco-fajardo-en-antimano-por-socavado-de-embaulamiento-del-rio-guaire\\\/#primaryimage\",\"url\":\"\",\"contentUrl\":\"\"},{\"@type\":\"BreadcrumbList\",\"@id\":\"https:\\\/\\\/stage3.rnv.gob.ve\\\/wp\\\/del-4-al-11-de-mayo-cierre-parcial-de-la-francisco-fajardo-en-antimano-por-socavado-de-embaulamiento-del-rio-guaire\\\/#breadcrumb\",\"itemListElement\":[{\"@type\":\"ListItem\",\"position\":1,\"name\":\"Portada\",\"item\":\"https:\\\/\\\/stage3.rnv.gob.ve\\\/wp\\\/\"},{\"@type\":\"ListItem\",\"position\":2,\"name\":\"\u00a1Del 4 Al 11 De Mayo! Cierre Parcial De La Francisco Fajardo En Ant\u00edmano\"}]},{\"@type\":\"WebSite\",\"@id\":\"https:\\\/\\\/stage3.rnv.gob.ve\\\/wp\\\/#website\",\"url\":\"https:\\\/\\\/stage3.rnv.gob.ve\\\/wp\\\/\",\"name\":\"DEV RNV\",\"description\":\"Radio Nacional de Venezuela C.A.\",\"publisher\":{\"@id\":\"https:\\\/\\\/stage3.rnv.gob.ve\\\/wp\\\/#organization\"},\"potentialAction\":[{\"@type\":\"SearchAction\",\"target\":{\"@type\":\"EntryPoint\",\"urlTemplate\":\"https:\\\/\\\/stage3.rnv.gob.ve\\\/wp\\\/?s={search_term_string}\"},\"query-input\":{\"@type\":\"PropertyValueSpecification\",\"valueRequired\":true,\"valueName\":\"search_term_string\"}}],\"inLanguage\":\"es\"},{\"@type\":\"Organization\",\"@id\":\"https:\\\/\\\/stage3.rnv.gob.ve\\\/wp\\\/#organization\",\"name\":\"Radio Nacional de Venezuela C.A.\",\"url\":\"https:\\\/\\\/stage3.rnv.gob.ve\\\/wp\\\/\",\"logo\":{\"@type\":\"ImageObject\",\"inLanguage\":\"es\",\"@id\":\"https:\\\/\\\/stage3.rnv.gob.ve\\\/wp\\\/#\\\/schema\\\/logo\\\/image\\\/\",\"url\":\"http:\\\/\\\/rnv.ddns.net\\\/prensa\\\/wp-content\\\/uploads\\\/2022\\\/04\\\/rnv-1-300x227-1.jpg\",\"contentUrl\":\"http:\\\/\\\/rnv.ddns.net\\\/prensa\\\/wp-content\\\/uploads\\\/2022\\\/04\\\/rnv-1-300x227-1.jpg\",\"width\":800,\"height\":455,\"caption\":\"Radio Nacional de Venezuela C.A.\"},\"image\":{\"@id\":\"https:\\\/\\\/stage3.rnv.gob.ve\\\/wp\\\/#\\\/schema\\\/logo\\\/image\\\/\"},\"sameAs\":[\"https:\\\/\\\/www.facebook.com\\\/RadioNacionaldeVenezuela\",\"https:\\\/\\\/x.com\\\/RNVinformativa\",\"https:\\\/\\\/www.instagram.com\\\/rnvinformativa\\\/\",\"https:\\\/\\\/www.youtube.com\\\/user\\\/RNVContigo\"]},{\"@type\":\"Person\",\"@id\":\"https:\\\/\\\/stage3.rnv.gob.ve\\\/wp\\\/#\\\/schema\\\/person\\\/c6eeca4c518249937c326dd28193d509\",\"name\":\"Emilia Franco\",\"url\":\"https:\\\/\\\/stage3.rnv.gob.ve\\\/wp\\\/author\\\/emilia_franco\\\/\"}]}<\/script>\n<!-- \/ Yoast SEO plugin. -->","yoast_head_json":{"title":"\u00a1Del 4 al 11 de mayo! Cierre parcial de la Francisco Fajardo en Ant\u00edmano - DEV RNV","robots":{"index":"noindex","follow":"follow","max-snippet":"max-snippet:-1","max-image-preview":"max-image-preview:large","max-video-preview":"max-video-preview:-1"},"og_locale":"es_ES","og_type":"article","og_title":"\u00a1Del 4 al 11 de mayo! Cierre parcial de la Francisco Fajardo en Ant\u00edmano - DEV RNV","og_description":"Debido a la emergencia presentada en la autopista Francisco Fajardo a la Altura de Ant\u00edmano, por el socavamiento del embaulamiento del R\u00edo Guaire detectado por el Ministerio de Transporte y Obras P\u00fablicas, se realizar\u00e1 un cierre parcial del canal r\u00e1pido de dicha autopista, a la altura de la estaci\u00f3n Ant\u00edmano, sentido este-oeste para facilitar las [&hellip;]","og_url":"https:\/\/stage3.rnv.gob.ve\/wp\/del-4-al-11-de-mayo-cierre-parcial-de-la-francisco-fajardo-en-antimano-por-socavado-de-embaulamiento-del-rio-guaire\/","og_site_name":"DEV RNV","article_publisher":"https:\/\/www.facebook.com\/RadioNacionaldeVenezuela","article_published_time":"2016-05-05T12:30:33+00:00","author":"Emilia Franco","twitter_card":"summary_large_image","twitter_creator":"@RNVinformativa","twitter_site":"@RNVinformativa","twitter_misc":{"Escrito por":"Emilia Franco","Tiempo estimado de lectura":"2 minutos"},"schema":{"@context":"https:\/\/schema.org","@graph":[{"@type":"Article","@id":"https:\/\/stage3.rnv.gob.ve\/wp\/del-4-al-11-de-mayo-cierre-parcial-de-la-francisco-fajardo-en-antimano-por-socavado-de-embaulamiento-del-rio-guaire\/#article","isPartOf":{"@id":"https:\/\/stage3.rnv.gob.ve\/wp\/del-4-al-11-de-mayo-cierre-parcial-de-la-francisco-fajardo-en-antimano-por-socavado-de-embaulamiento-del-rio-guaire\/"},"author":{"name":"Emilia Franco","@id":"https:\/\/stage3.rnv.gob.ve\/wp\/#\/schema\/person\/c6eeca4c518249937c326dd28193d509"},"headline":"\u00a1Del 4 al 11 de mayo! Cierre parcial de la Francisco Fajardo en Ant\u00edmano","datePublished":"2016-05-05T12:30:33+00:00","mainEntityOfPage":{"@id":"https:\/\/stage3.rnv.gob.ve\/wp\/del-4-al-11-de-mayo-cierre-parcial-de-la-francisco-fajardo-en-antimano-por-socavado-de-embaulamiento-del-rio-guaire\/"},"wordCount":373,"publisher":{"@id":"https:\/\/stage3.rnv.gob.ve\/wp\/#organization"},"image":{"@id":"https:\/\/stage3.rnv.gob.ve\/wp\/del-4-al-11-de-mayo-cierre-parcial-de-la-francisco-fajardo-en-antimano-por-socavado-de-embaulamiento-del-rio-guaire\/#primaryimage"},"thumbnailUrl":"","keywords":["cierre","francisco fajardo","rio guaire","RNV"],"articleSection":["Ciudad"],"inLanguage":"es"},{"@type":"WebPage","@id":"https:\/\/stage3.rnv.gob.ve\/wp\/del-4-al-11-de-mayo-cierre-parcial-de-la-francisco-fajardo-en-antimano-por-socavado-de-embaulamiento-del-rio-guaire\/","url":"https:\/\/stage3.rnv.gob.ve\/wp\/del-4-al-11-de-mayo-cierre-parcial-de-la-francisco-fajardo-en-antimano-por-socavado-de-embaulamiento-del-rio-guaire\/","name":"\u00a1Del 4 al 11 de mayo! Cierre parcial de la Francisco Fajardo en Ant\u00edmano - DEV RNV","isPartOf":{"@id":"https:\/\/stage3.rnv.gob.ve\/wp\/#website"},"primaryImageOfPage":{"@id":"https:\/\/stage3.rnv.gob.ve\/wp\/del-4-al-11-de-mayo-cierre-parcial-de-la-francisco-fajardo-en-antimano-por-socavado-de-embaulamiento-del-rio-guaire\/#primaryimage"},"image":{"@id":"https:\/\/stage3.rnv.gob.ve\/wp\/del-4-al-11-de-mayo-cierre-parcial-de-la-francisco-fajardo-en-antimano-por-socavado-de-embaulamiento-del-rio-guaire\/#primaryimage"},"thumbnailUrl":"","datePublished":"2016-05-05T12:30:33+00:00","breadcrumb":{"@id":"https:\/\/stage3.rnv.gob.ve\/wp\/del-4-al-11-de-mayo-cierre-parcial-de-la-francisco-fajardo-en-antimano-por-socavado-de-embaulamiento-del-rio-guaire\/#breadcrumb"},"inLanguage":"es","potentialAction":[{"@type":"ReadAction","target":["https:\/\/stage3.rnv.gob.ve\/wp\/del-4-al-11-de-mayo-cierre-parcial-de-la-francisco-fajardo-en-antimano-por-socavado-de-embaulamiento-del-rio-guaire\/"]}]},{"@type":"ImageObject","inLanguage":"es","@id":"https:\/\/stage3.rnv.gob.ve\/wp\/del-4-al-11-de-mayo-cierre-parcial-de-la-francisco-fajardo-en-antimano-por-socavado-de-embaulamiento-del-rio-guaire\/#primaryimage","url":"","contentUrl":""},{"@type":"BreadcrumbList","@id":"https:\/\/stage3.rnv.gob.ve\/wp\/del-4-al-11-de-mayo-cierre-parcial-de-la-francisco-fajardo-en-antimano-por-socavado-de-embaulamiento-del-rio-guaire\/#breadcrumb","itemListElement":[{"@type":"ListItem","position":1,"name":"Portada","item":"https:\/\/stage3.rnv.gob.ve\/wp\/"},{"@type":"ListItem","position":2,"name":"\u00a1Del 4 Al 11 De Mayo! Cierre Parcial De La Francisco Fajardo En Ant\u00edmano"}]},{"@type":"WebSite","@id":"https:\/\/stage3.rnv.gob.ve\/wp\/#website","url":"https:\/\/stage3.rnv.gob.ve\/wp\/","name":"DEV RNV","description":"Radio Nacional de Venezuela C.A.","publisher":{"@id":"https:\/\/stage3.rnv.gob.ve\/wp\/#organization"},"potentialAction":[{"@type":"SearchAction","target":{"@type":"EntryPoint","urlTemplate":"https:\/\/stage3.rnv.gob.ve\/wp\/?s={search_term_string}"},"query-input":{"@type":"PropertyValueSpecification","valueRequired":true,"valueName":"search_term_string"}}],"inLanguage":"es"},{"@type":"Organization","@id":"https:\/\/stage3.rnv.gob.ve\/wp\/#organization","name":"Radio Nacional de Venezuela C.A.","url":"https:\/\/stage3.rnv.gob.ve\/wp\/","logo":{"@type":"ImageObject","inLanguage":"es","@id":"https:\/\/stage3.rnv.gob.ve\/wp\/#\/schema\/logo\/image\/","url":"http:\/\/rnv.ddns.net\/prensa\/wp-content\/uploads\/2022\/04\/rnv-1-300x227-1.jpg","contentUrl":"http:\/\/rnv.ddns.net\/prensa\/wp-content\/uploads\/2022\/04\/rnv-1-300x227-1.jpg","width":800,"height":455,"caption":"Radio Nacional de Venezuela C.A."},"image":{"@id":"https:\/\/stage3.rnv.gob.ve\/wp\/#\/schema\/logo\/image\/"},"sameAs":["https:\/\/www.facebook.com\/RadioNacionaldeVenezuela","https:\/\/x.com\/RNVinformativa","https:\/\/www.instagram.com\/rnvinformativa\/","https:\/\/www.youtube.com\/user\/RNVContigo"]},{"@type":"Person","@id":"https:\/\/stage3.rnv.gob.ve\/wp\/#\/schema\/person\/c6eeca4c518249937c326dd28193d509","name":"Emilia Franco","url":"https:\/\/stage3.rnv.gob.ve\/wp\/author\/emilia_franco\/"}]}},"jetpack_featured_media_url":"","_links":{"self":[{"href":"https:\/\/stage3.rnv.gob.ve\/wp\/wp-json\/wp\/v2\/posts\/24506","targetHints":{"allow":["GET"]}}],"collection":[{"href":"https:\/\/stage3.rnv.gob.ve\/wp\/wp-json\/wp\/v2\/posts"}],"about":[{"href":"https:\/\/stage3.rnv.gob.ve\/wp\/wp-json\/wp\/v2\/types\/post"}],"author":[{"embeddable":true,"href":"https:\/\/stage3.rnv.gob.ve\/wp\/wp-json\/wp\/v2\/users\/12"}],"replies":[{"embeddable":true,"href":"https:\/\/stage3.rnv.gob.ve\/wp\/wp-json\/wp\/v2\/comments?post=24506"}],"version-history":[{"count":0,"href":"https:\/\/stage3.rnv.gob.ve\/wp\/wp-json\/wp\/v2\/posts\/24506\/revisions"}],"wp:featuredmedia":[{"embeddable":true,"href":"https:\/\/stage3.rnv.gob.ve\/wp\/wp-json\/"}],"wp:attachment":[{"href":"https:\/\/stage3.rnv.gob.ve\/wp\/wp-json\/wp\/v2\/media?parent=24506"}],"wp:term":[{"taxonomy":"category","embeddable":true,"href":"https:\/\/stage3.rnv.gob.ve\/wp\/wp-json\/wp\/v2\/categories?post=24506"},{"taxonomy":"post_tag","embeddable":true,"href":"https:\/\/stage3.rnv.gob.ve\/wp\/wp-json\/wp\/v2\/tags?post=24506"}],"curies":[{"name":"wp","href":"https:\/\/api.w.org\/{rel}","templated":true}]}}