{"id":243645,"date":"2018-11-04T18:00:27","date_gmt":"2018-11-04T22:30:27","guid":{"rendered":"https:\/\/stage3.rnv.gob.ve\/wp\/?p=243645"},"modified":"2018-11-04T18:00:27","modified_gmt":"2018-11-04T22:30:27","slug":"detalles-del-1er-congreso-de-viviendo-venezolanos","status":"publish","type":"post","link":"https:\/\/stage3.rnv.gob.ve\/wp\/detalles-del-1er-congreso-de-viviendo-venezolanos\/","title":{"rendered":"Detalles del 1er Congreso de Viviendo Venezolanos"},"content":{"rendered":"<p><img fetchpriority=\"high\" decoding=\"async\" class=\"alignnone size-full wp-image-72368 aligncenter\" src=\"http:\/\/vtv.mippci.gob.ve\/wp-content\/uploads\/2018\/11\/gmvv2.jpg\" alt=\"\" width=\"600\" height=\"400\" \/><\/p>\n<p>&nbsp;<\/p>\n<p>El 17 de noviembre se instalar\u00e1 en \u00a0Caracas el 1er \u00a0Congreso de Viviendo Venezolanos que tendr\u00e1 como proyecto el fortalecimiento del poder popular en los urbanismos de la Gran Misi\u00f3n Vivienda Venezuela (GMVV).<\/p>\n<p>El ministro del poder popular para H\u00e1bitat y Vivienda, Ildemaro Villarroel asisti\u00f3 a una Asamblea Popular en Barquisimeto, Estado Lara, como parte de los preparativos al 1er Congreso en el cual inform\u00f3 sobre los temas y detalles que se debatir\u00e1n en el mismo.<\/p>\n<h5><\/h5>\n<h5><strong>Participar\u00e1n:<\/strong><\/h5>\n<ul>\n<li>485 Delegados.<\/li>\n<li>407 de esos delegados son territoriales.<\/li>\n<li>78 Delegados sectoriales elegidos.<\/li>\n<\/ul>\n<h5><\/h5>\n<h5><strong>Objetivos del 1er Congreso:<\/strong><\/h5>\n<p>El congreso busca mejorar tres temas principales:<\/p>\n<ul>\n<li>El fortalecimiento de la organizaci\u00f3n, de la potencia y del Poder Popular que hacen vida en los urbanismos y terrenos de las asambleas de viviendo venezolano.<\/li>\n<li>La Gran Misi\u00f3n Vivienda Venezuela hacia el futuro.<\/li>\n<li>La GMVV para llevarla al conocimiento del mundo.<\/li>\n<\/ul>\n<h5><\/h5>\n<h5><strong>\u00a0Etapa organizativa previa al congreso:<\/strong><\/h5>\n<p>Este s\u00e1bado se llev\u00f3 a cabo el proceso de instalaci\u00f3n de mesas de trabajo para discutir ejes tem\u00e1ticos previos a la instalaci\u00f3n del denominado \u201cCongreso Nacional de Viviendo Venezolanos\u201d, estas mesas estar\u00e1n activas hasta el 10 de noviembre en Ciudad Tiuna, Caracas.<\/p>\n<h5><\/h5>\n<h5><strong>4 ejes a discutir<\/strong><\/h5>\n<ol>\n<li>Se discutir\u00e1n propuestas sobre la organizaci\u00f3n del llamado \u201cpoder popular\u201d desde las estructuras de los urbanismos de la Gran Misi\u00f3n Vivienda Venezuela (GMVV).<\/li>\n<li>El segundo eje tem\u00e1tico responder\u00e1 al factor productivo que busca impulsar la utilizaci\u00f3n de los espacios socioproductivos en los urbanismos, y lograr que desde los comit\u00e9s multifamiliares, consejos comunales y el poder popular la producci\u00f3n para contribuir al Plan de Recuperaci\u00f3n, Crecimiento y Prosperidad Econ\u00f3mica.<\/li>\n<li>La propuesta de constitucionalizaci\u00f3n de la GMVV y de la Gran Misi\u00f3n Barrio Nuevo, Barrio Tricolor.<\/li>\n<li>Cambiar la \u201cl\u00f3gica clasificatoria\u201d, el cual contempla un nuevo sistema clasificatorio que propone: GMVV para las personas, que tendr\u00e1 tres subsectores: hacia los estudiantes, hacia los adultos y hacia el adulto mayor.<\/li>\n<\/ol>\n<h5><\/h5>\n<h5><strong>Otros Puntos a tratar:<\/strong><\/h5>\n<ul>\n<li>El congreso tratar\u00e1 sobre la escolaridad en los urbanismos, se va a detectar a trav\u00e9s de\u00a0 diagnosticos los niveles de escolaridad en los urbanismos, se debe garantizar en los urbanismos de la GMVV\u00a0 que los ni\u00f1os y ni\u00f1as en edad escolar est\u00e9n asistiendo a la escuela.<\/li>\n<li>Se presentar\u00e1 un\u00a0nuevo plan de la Gran Misi\u00f3n Vivienda Venezuela para la Prosperidad.<\/li>\n<li>Un punto que consideraron importante a ser tratado en el congreso es la GMVV para la familia, para atender a las familias con un padre o una madre de familia.<\/li>\n<\/ul>\n<p>Destac\u00f3 el titular de la cartera de H\u00e1bitat y Vivienda, que \u201cen los 1.175 urbanismos en todo el pa\u00eds tenemos activados 335\u00a0 asambleas populares que re\u00fanen a los diferentes delegados de cada regi\u00f3n para discutir otros temas importantes que podr\u00e1n incluirse para el debate dentro del congreso\u201d.<\/p>\n<p><strong>T\/ Con informaci\u00f3n de VTV<\/strong><\/p>\n","protected":false},"excerpt":{"rendered":"<p>&nbsp; El 17 de noviembre se instalar\u00e1 en \u00a0Caracas el 1er \u00a0Congreso de Viviendo Venezolanos que tendr\u00e1 como proyecto el fortalecimiento del poder popular en los urbanismos de la Gran Misi\u00f3n Vivienda Venezuela (GMVV). El ministro del poder popular para H\u00e1bitat y Vivienda, Ildemaro Villarroel asisti\u00f3 a una Asamblea Popular en Barquisimeto, Estado Lara, como [&hellip;]<\/p>\n","protected":false},"author":1,"featured_media":243648,"comment_status":"closed","ping_status":"open","sticky":false,"template":"","format":"standard","meta":{"_acf_changed":false,"footnotes":""},"categories":[65],"tags":[1180,192,23903,24280],"class_list":["post-243645","post","type-post","status-publish","format-standard","has-post-thumbnail","hentry","category-nacional","tag-congreso","tag-gmvv","tag-habitat-y-vivienda","tag-viviendo-venezolanos"],"acf":[],"yoast_head":"<!-- This site is optimized with the Yoast SEO plugin v27.4 - https:\/\/yoast.com\/product\/yoast-seo-wordpress\/ -->\n<title>Detalles del 1er Congreso de Viviendo Venezolanos - DEV RNV<\/title>\n<meta name=\"robots\" content=\"noindex, follow, max-snippet:-1, max-image-preview:large, max-video-preview:-1\" \/>\n<meta property=\"og:locale\" content=\"es_ES\" \/>\n<meta property=\"og:type\" content=\"article\" \/>\n<meta property=\"og:title\" content=\"Detalles del 1er Congreso de Viviendo Venezolanos - DEV RNV\" \/>\n<meta property=\"og:description\" content=\"&nbsp; El 17 de noviembre se instalar\u00e1 en \u00a0Caracas el 1er \u00a0Congreso de Viviendo Venezolanos que tendr\u00e1 como proyecto el fortalecimiento del poder popular en los urbanismos de la Gran Misi\u00f3n Vivienda Venezuela (GMVV). El ministro del poder popular para H\u00e1bitat y Vivienda, Ildemaro Villarroel asisti\u00f3 a una Asamblea Popular en Barquisimeto, Estado Lara, como [&hellip;]\" \/>\n<meta property=\"og:url\" content=\"https:\/\/stage3.rnv.gob.ve\/wp\/detalles-del-1er-congreso-de-viviendo-venezolanos\/\" \/>\n<meta property=\"og:site_name\" content=\"DEV RNV\" \/>\n<meta property=\"article:publisher\" content=\"https:\/\/www.facebook.com\/RadioNacionaldeVenezuela\" \/>\n<meta property=\"article:published_time\" content=\"2018-11-04T22:30:27+00:00\" \/>\n<meta name=\"author\" content=\"administrador\" \/>\n<meta name=\"twitter:card\" content=\"summary_large_image\" \/>\n<meta name=\"twitter:creator\" content=\"@RNVinformativa\" \/>\n<meta name=\"twitter:site\" content=\"@RNVinformativa\" \/>\n<meta name=\"twitter:label1\" content=\"Escrito por\" \/>\n\t<meta name=\"twitter:data1\" content=\"administrador\" \/>\n\t<meta name=\"twitter:label2\" content=\"Tiempo estimado de lectura\" \/>\n\t<meta name=\"twitter:data2\" content=\"2 minutos\" \/>\n<script type=\"application\/ld+json\" class=\"yoast-schema-graph\">{\"@context\":\"https:\\\/\\\/schema.org\",\"@graph\":[{\"@type\":\"Article\",\"@id\":\"https:\\\/\\\/stage3.rnv.gob.ve\\\/wp\\\/detalles-del-1er-congreso-de-viviendo-venezolanos\\\/#article\",\"isPartOf\":{\"@id\":\"https:\\\/\\\/stage3.rnv.gob.ve\\\/wp\\\/detalles-del-1er-congreso-de-viviendo-venezolanos\\\/\"},\"author\":{\"name\":\"administrador\",\"@id\":\"https:\\\/\\\/stage3.rnv.gob.ve\\\/wp\\\/#\\\/schema\\\/person\\\/0862ce8cde332e0bc63b8a243f0eea2c\"},\"headline\":\"Detalles del 1er Congreso de Viviendo Venezolanos\",\"datePublished\":\"2018-11-04T22:30:27+00:00\",\"mainEntityOfPage\":{\"@id\":\"https:\\\/\\\/stage3.rnv.gob.ve\\\/wp\\\/detalles-del-1er-congreso-de-viviendo-venezolanos\\\/\"},\"wordCount\":489,\"publisher\":{\"@id\":\"https:\\\/\\\/stage3.rnv.gob.ve\\\/wp\\\/#organization\"},\"image\":{\"@id\":\"https:\\\/\\\/stage3.rnv.gob.ve\\\/wp\\\/detalles-del-1er-congreso-de-viviendo-venezolanos\\\/#primaryimage\"},\"thumbnailUrl\":\"\",\"keywords\":[\"congreso\",\"gmvv\",\"Habitat y Vivienda\",\"viviendo venezolanos\"],\"articleSection\":[\"Nacional\"],\"inLanguage\":\"es\"},{\"@type\":\"WebPage\",\"@id\":\"https:\\\/\\\/stage3.rnv.gob.ve\\\/wp\\\/detalles-del-1er-congreso-de-viviendo-venezolanos\\\/\",\"url\":\"https:\\\/\\\/stage3.rnv.gob.ve\\\/wp\\\/detalles-del-1er-congreso-de-viviendo-venezolanos\\\/\",\"name\":\"Detalles del 1er Congreso de Viviendo Venezolanos - DEV RNV\",\"isPartOf\":{\"@id\":\"https:\\\/\\\/stage3.rnv.gob.ve\\\/wp\\\/#website\"},\"primaryImageOfPage\":{\"@id\":\"https:\\\/\\\/stage3.rnv.gob.ve\\\/wp\\\/detalles-del-1er-congreso-de-viviendo-venezolanos\\\/#primaryimage\"},\"image\":{\"@id\":\"https:\\\/\\\/stage3.rnv.gob.ve\\\/wp\\\/detalles-del-1er-congreso-de-viviendo-venezolanos\\\/#primaryimage\"},\"thumbnailUrl\":\"\",\"datePublished\":\"2018-11-04T22:30:27+00:00\",\"breadcrumb\":{\"@id\":\"https:\\\/\\\/stage3.rnv.gob.ve\\\/wp\\\/detalles-del-1er-congreso-de-viviendo-venezolanos\\\/#breadcrumb\"},\"inLanguage\":\"es\",\"potentialAction\":[{\"@type\":\"ReadAction\",\"target\":[\"https:\\\/\\\/stage3.rnv.gob.ve\\\/wp\\\/detalles-del-1er-congreso-de-viviendo-venezolanos\\\/\"]}]},{\"@type\":\"ImageObject\",\"inLanguage\":\"es\",\"@id\":\"https:\\\/\\\/stage3.rnv.gob.ve\\\/wp\\\/detalles-del-1er-congreso-de-viviendo-venezolanos\\\/#primaryimage\",\"url\":\"\",\"contentUrl\":\"\"},{\"@type\":\"BreadcrumbList\",\"@id\":\"https:\\\/\\\/stage3.rnv.gob.ve\\\/wp\\\/detalles-del-1er-congreso-de-viviendo-venezolanos\\\/#breadcrumb\",\"itemListElement\":[{\"@type\":\"ListItem\",\"position\":1,\"name\":\"Portada\",\"item\":\"https:\\\/\\\/stage3.rnv.gob.ve\\\/wp\\\/\"},{\"@type\":\"ListItem\",\"position\":2,\"name\":\"Detalles Del 1Er Congreso De Viviendo Venezolanos\"}]},{\"@type\":\"WebSite\",\"@id\":\"https:\\\/\\\/stage3.rnv.gob.ve\\\/wp\\\/#website\",\"url\":\"https:\\\/\\\/stage3.rnv.gob.ve\\\/wp\\\/\",\"name\":\"DEV RNV\",\"description\":\"Radio Nacional de Venezuela C.A.\",\"publisher\":{\"@id\":\"https:\\\/\\\/stage3.rnv.gob.ve\\\/wp\\\/#organization\"},\"potentialAction\":[{\"@type\":\"SearchAction\",\"target\":{\"@type\":\"EntryPoint\",\"urlTemplate\":\"https:\\\/\\\/stage3.rnv.gob.ve\\\/wp\\\/?s={search_term_string}\"},\"query-input\":{\"@type\":\"PropertyValueSpecification\",\"valueRequired\":true,\"valueName\":\"search_term_string\"}}],\"inLanguage\":\"es\"},{\"@type\":\"Organization\",\"@id\":\"https:\\\/\\\/stage3.rnv.gob.ve\\\/wp\\\/#organization\",\"name\":\"Radio Nacional de Venezuela C.A.\",\"url\":\"https:\\\/\\\/stage3.rnv.gob.ve\\\/wp\\\/\",\"logo\":{\"@type\":\"ImageObject\",\"inLanguage\":\"es\",\"@id\":\"https:\\\/\\\/stage3.rnv.gob.ve\\\/wp\\\/#\\\/schema\\\/logo\\\/image\\\/\",\"url\":\"http:\\\/\\\/rnv.ddns.net\\\/prensa\\\/wp-content\\\/uploads\\\/2022\\\/04\\\/rnv-1-300x227-1.jpg\",\"contentUrl\":\"http:\\\/\\\/rnv.ddns.net\\\/prensa\\\/wp-content\\\/uploads\\\/2022\\\/04\\\/rnv-1-300x227-1.jpg\",\"width\":800,\"height\":455,\"caption\":\"Radio Nacional de Venezuela C.A.\"},\"image\":{\"@id\":\"https:\\\/\\\/stage3.rnv.gob.ve\\\/wp\\\/#\\\/schema\\\/logo\\\/image\\\/\"},\"sameAs\":[\"https:\\\/\\\/www.facebook.com\\\/RadioNacionaldeVenezuela\",\"https:\\\/\\\/x.com\\\/RNVinformativa\",\"https:\\\/\\\/www.instagram.com\\\/rnvinformativa\\\/\",\"https:\\\/\\\/www.youtube.com\\\/user\\\/RNVContigo\"]},{\"@type\":\"Person\",\"@id\":\"https:\\\/\\\/stage3.rnv.gob.ve\\\/wp\\\/#\\\/schema\\\/person\\\/0862ce8cde332e0bc63b8a243f0eea2c\",\"name\":\"administrador\",\"sameAs\":[\"http:\\\/\\\/arnoldoeloy.net\"],\"url\":\"https:\\\/\\\/stage3.rnv.gob.ve\\\/wp\\\/author\\\/administrador\\\/\"}]}<\/script>\n<!-- \/ Yoast SEO plugin. -->","yoast_head_json":{"title":"Detalles del 1er Congreso de Viviendo Venezolanos - DEV RNV","robots":{"index":"noindex","follow":"follow","max-snippet":"max-snippet:-1","max-image-preview":"max-image-preview:large","max-video-preview":"max-video-preview:-1"},"og_locale":"es_ES","og_type":"article","og_title":"Detalles del 1er Congreso de Viviendo Venezolanos - DEV RNV","og_description":"&nbsp; El 17 de noviembre se instalar\u00e1 en \u00a0Caracas el 1er \u00a0Congreso de Viviendo Venezolanos que tendr\u00e1 como proyecto el fortalecimiento del poder popular en los urbanismos de la Gran Misi\u00f3n Vivienda Venezuela (GMVV). El ministro del poder popular para H\u00e1bitat y Vivienda, Ildemaro Villarroel asisti\u00f3 a una Asamblea Popular en Barquisimeto, Estado Lara, como [&hellip;]","og_url":"https:\/\/stage3.rnv.gob.ve\/wp\/detalles-del-1er-congreso-de-viviendo-venezolanos\/","og_site_name":"DEV RNV","article_publisher":"https:\/\/www.facebook.com\/RadioNacionaldeVenezuela","article_published_time":"2018-11-04T22:30:27+00:00","author":"administrador","twitter_card":"summary_large_image","twitter_creator":"@RNVinformativa","twitter_site":"@RNVinformativa","twitter_misc":{"Escrito por":"administrador","Tiempo estimado de lectura":"2 minutos"},"schema":{"@context":"https:\/\/schema.org","@graph":[{"@type":"Article","@id":"https:\/\/stage3.rnv.gob.ve\/wp\/detalles-del-1er-congreso-de-viviendo-venezolanos\/#article","isPartOf":{"@id":"https:\/\/stage3.rnv.gob.ve\/wp\/detalles-del-1er-congreso-de-viviendo-venezolanos\/"},"author":{"name":"administrador","@id":"https:\/\/stage3.rnv.gob.ve\/wp\/#\/schema\/person\/0862ce8cde332e0bc63b8a243f0eea2c"},"headline":"Detalles del 1er Congreso de Viviendo Venezolanos","datePublished":"2018-11-04T22:30:27+00:00","mainEntityOfPage":{"@id":"https:\/\/stage3.rnv.gob.ve\/wp\/detalles-del-1er-congreso-de-viviendo-venezolanos\/"},"wordCount":489,"publisher":{"@id":"https:\/\/stage3.rnv.gob.ve\/wp\/#organization"},"image":{"@id":"https:\/\/stage3.rnv.gob.ve\/wp\/detalles-del-1er-congreso-de-viviendo-venezolanos\/#primaryimage"},"thumbnailUrl":"","keywords":["congreso","gmvv","Habitat y Vivienda","viviendo venezolanos"],"articleSection":["Nacional"],"inLanguage":"es"},{"@type":"WebPage","@id":"https:\/\/stage3.rnv.gob.ve\/wp\/detalles-del-1er-congreso-de-viviendo-venezolanos\/","url":"https:\/\/stage3.rnv.gob.ve\/wp\/detalles-del-1er-congreso-de-viviendo-venezolanos\/","name":"Detalles del 1er Congreso de Viviendo Venezolanos - DEV RNV","isPartOf":{"@id":"https:\/\/stage3.rnv.gob.ve\/wp\/#website"},"primaryImageOfPage":{"@id":"https:\/\/stage3.rnv.gob.ve\/wp\/detalles-del-1er-congreso-de-viviendo-venezolanos\/#primaryimage"},"image":{"@id":"https:\/\/stage3.rnv.gob.ve\/wp\/detalles-del-1er-congreso-de-viviendo-venezolanos\/#primaryimage"},"thumbnailUrl":"","datePublished":"2018-11-04T22:30:27+00:00","breadcrumb":{"@id":"https:\/\/stage3.rnv.gob.ve\/wp\/detalles-del-1er-congreso-de-viviendo-venezolanos\/#breadcrumb"},"inLanguage":"es","potentialAction":[{"@type":"ReadAction","target":["https:\/\/stage3.rnv.gob.ve\/wp\/detalles-del-1er-congreso-de-viviendo-venezolanos\/"]}]},{"@type":"ImageObject","inLanguage":"es","@id":"https:\/\/stage3.rnv.gob.ve\/wp\/detalles-del-1er-congreso-de-viviendo-venezolanos\/#primaryimage","url":"","contentUrl":""},{"@type":"BreadcrumbList","@id":"https:\/\/stage3.rnv.gob.ve\/wp\/detalles-del-1er-congreso-de-viviendo-venezolanos\/#breadcrumb","itemListElement":[{"@type":"ListItem","position":1,"name":"Portada","item":"https:\/\/stage3.rnv.gob.ve\/wp\/"},{"@type":"ListItem","position":2,"name":"Detalles Del 1Er Congreso De Viviendo Venezolanos"}]},{"@type":"WebSite","@id":"https:\/\/stage3.rnv.gob.ve\/wp\/#website","url":"https:\/\/stage3.rnv.gob.ve\/wp\/","name":"DEV RNV","description":"Radio Nacional de Venezuela C.A.","publisher":{"@id":"https:\/\/stage3.rnv.gob.ve\/wp\/#organization"},"potentialAction":[{"@type":"SearchAction","target":{"@type":"EntryPoint","urlTemplate":"https:\/\/stage3.rnv.gob.ve\/wp\/?s={search_term_string}"},"query-input":{"@type":"PropertyValueSpecification","valueRequired":true,"valueName":"search_term_string"}}],"inLanguage":"es"},{"@type":"Organization","@id":"https:\/\/stage3.rnv.gob.ve\/wp\/#organization","name":"Radio Nacional de Venezuela C.A.","url":"https:\/\/stage3.rnv.gob.ve\/wp\/","logo":{"@type":"ImageObject","inLanguage":"es","@id":"https:\/\/stage3.rnv.gob.ve\/wp\/#\/schema\/logo\/image\/","url":"http:\/\/rnv.ddns.net\/prensa\/wp-content\/uploads\/2022\/04\/rnv-1-300x227-1.jpg","contentUrl":"http:\/\/rnv.ddns.net\/prensa\/wp-content\/uploads\/2022\/04\/rnv-1-300x227-1.jpg","width":800,"height":455,"caption":"Radio Nacional de Venezuela C.A."},"image":{"@id":"https:\/\/stage3.rnv.gob.ve\/wp\/#\/schema\/logo\/image\/"},"sameAs":["https:\/\/www.facebook.com\/RadioNacionaldeVenezuela","https:\/\/x.com\/RNVinformativa","https:\/\/www.instagram.com\/rnvinformativa\/","https:\/\/www.youtube.com\/user\/RNVContigo"]},{"@type":"Person","@id":"https:\/\/stage3.rnv.gob.ve\/wp\/#\/schema\/person\/0862ce8cde332e0bc63b8a243f0eea2c","name":"administrador","sameAs":["http:\/\/arnoldoeloy.net"],"url":"https:\/\/stage3.rnv.gob.ve\/wp\/author\/administrador\/"}]}},"jetpack_featured_media_url":"","_links":{"self":[{"href":"https:\/\/stage3.rnv.gob.ve\/wp\/wp-json\/wp\/v2\/posts\/243645","targetHints":{"allow":["GET"]}}],"collection":[{"href":"https:\/\/stage3.rnv.gob.ve\/wp\/wp-json\/wp\/v2\/posts"}],"about":[{"href":"https:\/\/stage3.rnv.gob.ve\/wp\/wp-json\/wp\/v2\/types\/post"}],"author":[{"embeddable":true,"href":"https:\/\/stage3.rnv.gob.ve\/wp\/wp-json\/wp\/v2\/users\/1"}],"replies":[{"embeddable":true,"href":"https:\/\/stage3.rnv.gob.ve\/wp\/wp-json\/wp\/v2\/comments?post=243645"}],"version-history":[{"count":0,"href":"https:\/\/stage3.rnv.gob.ve\/wp\/wp-json\/wp\/v2\/posts\/243645\/revisions"}],"wp:featuredmedia":[{"embeddable":true,"href":"https:\/\/stage3.rnv.gob.ve\/wp\/wp-json\/"}],"wp:attachment":[{"href":"https:\/\/stage3.rnv.gob.ve\/wp\/wp-json\/wp\/v2\/media?parent=243645"}],"wp:term":[{"taxonomy":"category","embeddable":true,"href":"https:\/\/stage3.rnv.gob.ve\/wp\/wp-json\/wp\/v2\/categories?post=243645"},{"taxonomy":"post_tag","embeddable":true,"href":"https:\/\/stage3.rnv.gob.ve\/wp\/wp-json\/wp\/v2\/tags?post=243645"}],"curies":[{"name":"wp","href":"https:\/\/api.w.org\/{rel}","templated":true}]}}