{"id":243323,"date":"2018-11-02T09:13:52","date_gmt":"2018-11-02T13:43:52","guid":{"rendered":"https:\/\/stage3.rnv.gob.ve\/wp\/?p=243323"},"modified":"2018-11-02T09:13:52","modified_gmt":"2018-11-02T13:43:52","slug":"hace-116-anos-nacio-el-revolucionario-eduardo-machado","status":"publish","type":"post","link":"https:\/\/stage3.rnv.gob.ve\/wp\/hace-116-anos-nacio-el-revolucionario-eduardo-machado\/","title":{"rendered":"Hace 116 a\u00f1os naci\u00f3 el Revolucionario Eduardo Machado"},"content":{"rendered":"<p><img fetchpriority=\"high\" decoding=\"async\" class=\"aligncenter wp-image-243324 size-full\" src=\"https:\/\/stage3.rnv.gob.ve\/wp\/wp-content\/uploads\/2018\/11\/Dq_-5C8WsAA5AG7.jpg\" alt=\"\" width=\"600\" height=\"400\" \/><\/p>\n<p>Hace 116 a\u00f1os naci\u00f3 en Caracas, Eduardo Machado, revolucionario, militante y uno de los fundadores del Partido Comunista de Venezuela, as\u00ed lo record\u00f3 desde su cuenta oficial en la red social Twitter, el presidente de la Rep\u00fablica Bolivariana de Venezuela, Nicol\u00e1s Maduro.<!--more--><\/p>\n<p>A pesar de provenir de una familia de acaudalados terratenientes, abandon\u00f3 la comodidad del hogar formado por sus padres Carlos Machado Romero y Mar\u00eda Morales, para militar en la causa del proletariado internacional. Curs\u00f3 estudios en el Colegio Cat\u00f3lico Alem\u00e1n y secundarios en Liceo Caracas.<\/p>\n<p>Dadas su pasi\u00f3n y condiciones deportivas, fund\u00f3 con sus hermanos Gustavo y Roberto, Los Samanes BBC, uno de los clubes de b\u00e9isbol que entre 1914 y 1918 mantuvo f\u00e9rrea rivalidad con el Independencia, que polarizaba a los aficionados caraque\u00f1os del b\u00e9isbol de la \u00e9poca; tambi\u00e9n sobresali\u00f3 en la pr\u00e1ctica del tenis, llegando a ser campe\u00f3n nacional en 1923.<\/p>\n<p>Desde muy joven particip\u00f3 en las luchas antigomecistas, lo que le vali\u00f3 la persecuci\u00f3n y el destierro. En 1924 abandon\u00f3 el pa\u00eds y se radic\u00f3 en Cuba, donde colabor\u00f3 en la redacci\u00f3n del peri\u00f3dico Venezuela Libre; particip\u00f3 activamente en los trabajos de la Universidad Popular Jos\u00e9 Mart\u00ed y en la fundaci\u00f3n del Partido Comunista Cubano (1925) junto con Julio Antonio Mella y otros activistas pol\u00edticos.<\/p>\n<p>&nbsp;<\/p>\n<p><strong>T\/RNV WEB\u00a0<\/strong><\/p>\n<blockquote class=\"twitter-tweet\" data-lang=\"es\">\n<p dir=\"ltr\" lang=\"es\">Hace 116 a\u00f1os naci\u00f3 en Caracas, Eduardo Machado. Revolucionario, militante y uno de los fundadores del Partido Comunista de Venezuela. Su firme y decidida determinaci\u00f3n por la defensa de los trabajadores, es ejemplo y motivaci\u00f3n para todos los Revolucionarios. <a href=\"https:\/\/t.co\/jX2B7z8ng6\">pic.twitter.com\/jX2B7z8ng6<\/a><\/p>\n<p>\u2014 Nicol\u00e1s Maduro (@NicolasMaduro) <a href=\"https:\/\/twitter.com\/NicolasMaduro\/status\/1058344706386608128?ref_src=twsrc%5Etfw\">2 de noviembre de 2018<\/a><\/p><\/blockquote>\n<p><script async src=\"https:\/\/platform.twitter.com\/widgets.js\" charset=\"utf-8\"><\/script><\/p>\n","protected":false},"excerpt":{"rendered":"<p>Hace 116 a\u00f1os naci\u00f3 en Caracas, Eduardo Machado, revolucionario, militante y uno de los fundadores del Partido Comunista de Venezuela, as\u00ed lo record\u00f3 desde su cuenta oficial en la red social Twitter, el presidente de la Rep\u00fablica Bolivariana de Venezuela, Nicol\u00e1s Maduro.<\/p>\n","protected":false},"author":1,"featured_media":243324,"comment_status":"closed","ping_status":"open","sticky":false,"template":"","format":"standard","meta":{"_acf_changed":false,"footnotes":""},"categories":[65],"tags":[7040,15212,82],"class_list":["post-243323","post","type-post","status-publish","format-standard","has-post-thumbnail","hentry","category-nacional","tag-eduardo","tag-machado","tag-rnv"],"acf":[],"yoast_head":"<!-- This site is optimized with the Yoast SEO plugin v27.4 - https:\/\/yoast.com\/product\/yoast-seo-wordpress\/ -->\n<title>Hace 116 a\u00f1os naci\u00f3 el Revolucionario Eduardo Machado - DEV RNV<\/title>\n<meta name=\"robots\" content=\"noindex, follow, max-snippet:-1, max-image-preview:large, max-video-preview:-1\" \/>\n<meta property=\"og:locale\" content=\"es_ES\" \/>\n<meta property=\"og:type\" content=\"article\" \/>\n<meta property=\"og:title\" content=\"Hace 116 a\u00f1os naci\u00f3 el Revolucionario Eduardo Machado - DEV RNV\" \/>\n<meta property=\"og:description\" content=\"Hace 116 a\u00f1os naci\u00f3 en Caracas, Eduardo Machado, revolucionario, militante y uno de los fundadores del Partido Comunista de Venezuela, as\u00ed lo record\u00f3 desde su cuenta oficial en la red social Twitter, el presidente de la Rep\u00fablica Bolivariana de Venezuela, Nicol\u00e1s Maduro.\" \/>\n<meta property=\"og:url\" content=\"https:\/\/stage3.rnv.gob.ve\/wp\/hace-116-anos-nacio-el-revolucionario-eduardo-machado\/\" \/>\n<meta property=\"og:site_name\" content=\"DEV RNV\" \/>\n<meta property=\"article:publisher\" content=\"https:\/\/www.facebook.com\/RadioNacionaldeVenezuela\" \/>\n<meta property=\"article:published_time\" content=\"2018-11-02T13:43:52+00:00\" \/>\n<meta name=\"author\" content=\"administrador\" \/>\n<meta name=\"twitter:card\" content=\"summary_large_image\" \/>\n<meta name=\"twitter:creator\" content=\"@RNVinformativa\" \/>\n<meta name=\"twitter:site\" content=\"@RNVinformativa\" \/>\n<meta name=\"twitter:label1\" content=\"Escrito por\" \/>\n\t<meta name=\"twitter:data1\" content=\"administrador\" \/>\n\t<meta name=\"twitter:label2\" content=\"Tiempo estimado de lectura\" \/>\n\t<meta name=\"twitter:data2\" content=\"1 minuto\" \/>\n<script type=\"application\/ld+json\" class=\"yoast-schema-graph\">{\"@context\":\"https:\\\/\\\/schema.org\",\"@graph\":[{\"@type\":\"Article\",\"@id\":\"https:\\\/\\\/stage3.rnv.gob.ve\\\/wp\\\/hace-116-anos-nacio-el-revolucionario-eduardo-machado\\\/#article\",\"isPartOf\":{\"@id\":\"https:\\\/\\\/stage3.rnv.gob.ve\\\/wp\\\/hace-116-anos-nacio-el-revolucionario-eduardo-machado\\\/\"},\"author\":{\"name\":\"administrador\",\"@id\":\"https:\\\/\\\/stage3.rnv.gob.ve\\\/wp\\\/#\\\/schema\\\/person\\\/0862ce8cde332e0bc63b8a243f0eea2c\"},\"headline\":\"Hace 116 a\u00f1os naci\u00f3 el Revolucionario Eduardo Machado\",\"datePublished\":\"2018-11-02T13:43:52+00:00\",\"mainEntityOfPage\":{\"@id\":\"https:\\\/\\\/stage3.rnv.gob.ve\\\/wp\\\/hace-116-anos-nacio-el-revolucionario-eduardo-machado\\\/\"},\"wordCount\":291,\"publisher\":{\"@id\":\"https:\\\/\\\/stage3.rnv.gob.ve\\\/wp\\\/#organization\"},\"image\":{\"@id\":\"https:\\\/\\\/stage3.rnv.gob.ve\\\/wp\\\/hace-116-anos-nacio-el-revolucionario-eduardo-machado\\\/#primaryimage\"},\"thumbnailUrl\":\"\",\"keywords\":[\"eduardo\",\"machado\",\"RNV\"],\"articleSection\":[\"Nacional\"],\"inLanguage\":\"es\"},{\"@type\":\"WebPage\",\"@id\":\"https:\\\/\\\/stage3.rnv.gob.ve\\\/wp\\\/hace-116-anos-nacio-el-revolucionario-eduardo-machado\\\/\",\"url\":\"https:\\\/\\\/stage3.rnv.gob.ve\\\/wp\\\/hace-116-anos-nacio-el-revolucionario-eduardo-machado\\\/\",\"name\":\"Hace 116 a\u00f1os naci\u00f3 el Revolucionario Eduardo Machado - DEV RNV\",\"isPartOf\":{\"@id\":\"https:\\\/\\\/stage3.rnv.gob.ve\\\/wp\\\/#website\"},\"primaryImageOfPage\":{\"@id\":\"https:\\\/\\\/stage3.rnv.gob.ve\\\/wp\\\/hace-116-anos-nacio-el-revolucionario-eduardo-machado\\\/#primaryimage\"},\"image\":{\"@id\":\"https:\\\/\\\/stage3.rnv.gob.ve\\\/wp\\\/hace-116-anos-nacio-el-revolucionario-eduardo-machado\\\/#primaryimage\"},\"thumbnailUrl\":\"\",\"datePublished\":\"2018-11-02T13:43:52+00:00\",\"breadcrumb\":{\"@id\":\"https:\\\/\\\/stage3.rnv.gob.ve\\\/wp\\\/hace-116-anos-nacio-el-revolucionario-eduardo-machado\\\/#breadcrumb\"},\"inLanguage\":\"es\",\"potentialAction\":[{\"@type\":\"ReadAction\",\"target\":[\"https:\\\/\\\/stage3.rnv.gob.ve\\\/wp\\\/hace-116-anos-nacio-el-revolucionario-eduardo-machado\\\/\"]}]},{\"@type\":\"ImageObject\",\"inLanguage\":\"es\",\"@id\":\"https:\\\/\\\/stage3.rnv.gob.ve\\\/wp\\\/hace-116-anos-nacio-el-revolucionario-eduardo-machado\\\/#primaryimage\",\"url\":\"\",\"contentUrl\":\"\"},{\"@type\":\"BreadcrumbList\",\"@id\":\"https:\\\/\\\/stage3.rnv.gob.ve\\\/wp\\\/hace-116-anos-nacio-el-revolucionario-eduardo-machado\\\/#breadcrumb\",\"itemListElement\":[{\"@type\":\"ListItem\",\"position\":1,\"name\":\"Portada\",\"item\":\"https:\\\/\\\/stage3.rnv.gob.ve\\\/wp\\\/\"},{\"@type\":\"ListItem\",\"position\":2,\"name\":\"Hace 116 A\u00f1os Naci\u00f3 El Revolucionario Eduardo Machado\"}]},{\"@type\":\"WebSite\",\"@id\":\"https:\\\/\\\/stage3.rnv.gob.ve\\\/wp\\\/#website\",\"url\":\"https:\\\/\\\/stage3.rnv.gob.ve\\\/wp\\\/\",\"name\":\"DEV RNV\",\"description\":\"Radio Nacional de Venezuela C.A.\",\"publisher\":{\"@id\":\"https:\\\/\\\/stage3.rnv.gob.ve\\\/wp\\\/#organization\"},\"potentialAction\":[{\"@type\":\"SearchAction\",\"target\":{\"@type\":\"EntryPoint\",\"urlTemplate\":\"https:\\\/\\\/stage3.rnv.gob.ve\\\/wp\\\/?s={search_term_string}\"},\"query-input\":{\"@type\":\"PropertyValueSpecification\",\"valueRequired\":true,\"valueName\":\"search_term_string\"}}],\"inLanguage\":\"es\"},{\"@type\":\"Organization\",\"@id\":\"https:\\\/\\\/stage3.rnv.gob.ve\\\/wp\\\/#organization\",\"name\":\"Radio Nacional de Venezuela C.A.\",\"url\":\"https:\\\/\\\/stage3.rnv.gob.ve\\\/wp\\\/\",\"logo\":{\"@type\":\"ImageObject\",\"inLanguage\":\"es\",\"@id\":\"https:\\\/\\\/stage3.rnv.gob.ve\\\/wp\\\/#\\\/schema\\\/logo\\\/image\\\/\",\"url\":\"http:\\\/\\\/rnv.ddns.net\\\/prensa\\\/wp-content\\\/uploads\\\/2022\\\/04\\\/rnv-1-300x227-1.jpg\",\"contentUrl\":\"http:\\\/\\\/rnv.ddns.net\\\/prensa\\\/wp-content\\\/uploads\\\/2022\\\/04\\\/rnv-1-300x227-1.jpg\",\"width\":800,\"height\":455,\"caption\":\"Radio Nacional de Venezuela C.A.\"},\"image\":{\"@id\":\"https:\\\/\\\/stage3.rnv.gob.ve\\\/wp\\\/#\\\/schema\\\/logo\\\/image\\\/\"},\"sameAs\":[\"https:\\\/\\\/www.facebook.com\\\/RadioNacionaldeVenezuela\",\"https:\\\/\\\/x.com\\\/RNVinformativa\",\"https:\\\/\\\/www.instagram.com\\\/rnvinformativa\\\/\",\"https:\\\/\\\/www.youtube.com\\\/user\\\/RNVContigo\"]},{\"@type\":\"Person\",\"@id\":\"https:\\\/\\\/stage3.rnv.gob.ve\\\/wp\\\/#\\\/schema\\\/person\\\/0862ce8cde332e0bc63b8a243f0eea2c\",\"name\":\"administrador\",\"sameAs\":[\"http:\\\/\\\/arnoldoeloy.net\"],\"url\":\"https:\\\/\\\/stage3.rnv.gob.ve\\\/wp\\\/author\\\/administrador\\\/\"}]}<\/script>\n<!-- \/ Yoast SEO plugin. -->","yoast_head_json":{"title":"Hace 116 a\u00f1os naci\u00f3 el Revolucionario Eduardo Machado - DEV RNV","robots":{"index":"noindex","follow":"follow","max-snippet":"max-snippet:-1","max-image-preview":"max-image-preview:large","max-video-preview":"max-video-preview:-1"},"og_locale":"es_ES","og_type":"article","og_title":"Hace 116 a\u00f1os naci\u00f3 el Revolucionario Eduardo Machado - DEV RNV","og_description":"Hace 116 a\u00f1os naci\u00f3 en Caracas, Eduardo Machado, revolucionario, militante y uno de los fundadores del Partido Comunista de Venezuela, as\u00ed lo record\u00f3 desde su cuenta oficial en la red social Twitter, el presidente de la Rep\u00fablica Bolivariana de Venezuela, Nicol\u00e1s Maduro.","og_url":"https:\/\/stage3.rnv.gob.ve\/wp\/hace-116-anos-nacio-el-revolucionario-eduardo-machado\/","og_site_name":"DEV RNV","article_publisher":"https:\/\/www.facebook.com\/RadioNacionaldeVenezuela","article_published_time":"2018-11-02T13:43:52+00:00","author":"administrador","twitter_card":"summary_large_image","twitter_creator":"@RNVinformativa","twitter_site":"@RNVinformativa","twitter_misc":{"Escrito por":"administrador","Tiempo estimado de lectura":"1 minuto"},"schema":{"@context":"https:\/\/schema.org","@graph":[{"@type":"Article","@id":"https:\/\/stage3.rnv.gob.ve\/wp\/hace-116-anos-nacio-el-revolucionario-eduardo-machado\/#article","isPartOf":{"@id":"https:\/\/stage3.rnv.gob.ve\/wp\/hace-116-anos-nacio-el-revolucionario-eduardo-machado\/"},"author":{"name":"administrador","@id":"https:\/\/stage3.rnv.gob.ve\/wp\/#\/schema\/person\/0862ce8cde332e0bc63b8a243f0eea2c"},"headline":"Hace 116 a\u00f1os naci\u00f3 el Revolucionario Eduardo Machado","datePublished":"2018-11-02T13:43:52+00:00","mainEntityOfPage":{"@id":"https:\/\/stage3.rnv.gob.ve\/wp\/hace-116-anos-nacio-el-revolucionario-eduardo-machado\/"},"wordCount":291,"publisher":{"@id":"https:\/\/stage3.rnv.gob.ve\/wp\/#organization"},"image":{"@id":"https:\/\/stage3.rnv.gob.ve\/wp\/hace-116-anos-nacio-el-revolucionario-eduardo-machado\/#primaryimage"},"thumbnailUrl":"","keywords":["eduardo","machado","RNV"],"articleSection":["Nacional"],"inLanguage":"es"},{"@type":"WebPage","@id":"https:\/\/stage3.rnv.gob.ve\/wp\/hace-116-anos-nacio-el-revolucionario-eduardo-machado\/","url":"https:\/\/stage3.rnv.gob.ve\/wp\/hace-116-anos-nacio-el-revolucionario-eduardo-machado\/","name":"Hace 116 a\u00f1os naci\u00f3 el Revolucionario Eduardo Machado - DEV RNV","isPartOf":{"@id":"https:\/\/stage3.rnv.gob.ve\/wp\/#website"},"primaryImageOfPage":{"@id":"https:\/\/stage3.rnv.gob.ve\/wp\/hace-116-anos-nacio-el-revolucionario-eduardo-machado\/#primaryimage"},"image":{"@id":"https:\/\/stage3.rnv.gob.ve\/wp\/hace-116-anos-nacio-el-revolucionario-eduardo-machado\/#primaryimage"},"thumbnailUrl":"","datePublished":"2018-11-02T13:43:52+00:00","breadcrumb":{"@id":"https:\/\/stage3.rnv.gob.ve\/wp\/hace-116-anos-nacio-el-revolucionario-eduardo-machado\/#breadcrumb"},"inLanguage":"es","potentialAction":[{"@type":"ReadAction","target":["https:\/\/stage3.rnv.gob.ve\/wp\/hace-116-anos-nacio-el-revolucionario-eduardo-machado\/"]}]},{"@type":"ImageObject","inLanguage":"es","@id":"https:\/\/stage3.rnv.gob.ve\/wp\/hace-116-anos-nacio-el-revolucionario-eduardo-machado\/#primaryimage","url":"","contentUrl":""},{"@type":"BreadcrumbList","@id":"https:\/\/stage3.rnv.gob.ve\/wp\/hace-116-anos-nacio-el-revolucionario-eduardo-machado\/#breadcrumb","itemListElement":[{"@type":"ListItem","position":1,"name":"Portada","item":"https:\/\/stage3.rnv.gob.ve\/wp\/"},{"@type":"ListItem","position":2,"name":"Hace 116 A\u00f1os Naci\u00f3 El Revolucionario Eduardo Machado"}]},{"@type":"WebSite","@id":"https:\/\/stage3.rnv.gob.ve\/wp\/#website","url":"https:\/\/stage3.rnv.gob.ve\/wp\/","name":"DEV RNV","description":"Radio Nacional de Venezuela C.A.","publisher":{"@id":"https:\/\/stage3.rnv.gob.ve\/wp\/#organization"},"potentialAction":[{"@type":"SearchAction","target":{"@type":"EntryPoint","urlTemplate":"https:\/\/stage3.rnv.gob.ve\/wp\/?s={search_term_string}"},"query-input":{"@type":"PropertyValueSpecification","valueRequired":true,"valueName":"search_term_string"}}],"inLanguage":"es"},{"@type":"Organization","@id":"https:\/\/stage3.rnv.gob.ve\/wp\/#organization","name":"Radio Nacional de Venezuela C.A.","url":"https:\/\/stage3.rnv.gob.ve\/wp\/","logo":{"@type":"ImageObject","inLanguage":"es","@id":"https:\/\/stage3.rnv.gob.ve\/wp\/#\/schema\/logo\/image\/","url":"http:\/\/rnv.ddns.net\/prensa\/wp-content\/uploads\/2022\/04\/rnv-1-300x227-1.jpg","contentUrl":"http:\/\/rnv.ddns.net\/prensa\/wp-content\/uploads\/2022\/04\/rnv-1-300x227-1.jpg","width":800,"height":455,"caption":"Radio Nacional de Venezuela C.A."},"image":{"@id":"https:\/\/stage3.rnv.gob.ve\/wp\/#\/schema\/logo\/image\/"},"sameAs":["https:\/\/www.facebook.com\/RadioNacionaldeVenezuela","https:\/\/x.com\/RNVinformativa","https:\/\/www.instagram.com\/rnvinformativa\/","https:\/\/www.youtube.com\/user\/RNVContigo"]},{"@type":"Person","@id":"https:\/\/stage3.rnv.gob.ve\/wp\/#\/schema\/person\/0862ce8cde332e0bc63b8a243f0eea2c","name":"administrador","sameAs":["http:\/\/arnoldoeloy.net"],"url":"https:\/\/stage3.rnv.gob.ve\/wp\/author\/administrador\/"}]}},"jetpack_featured_media_url":"","_links":{"self":[{"href":"https:\/\/stage3.rnv.gob.ve\/wp\/wp-json\/wp\/v2\/posts\/243323","targetHints":{"allow":["GET"]}}],"collection":[{"href":"https:\/\/stage3.rnv.gob.ve\/wp\/wp-json\/wp\/v2\/posts"}],"about":[{"href":"https:\/\/stage3.rnv.gob.ve\/wp\/wp-json\/wp\/v2\/types\/post"}],"author":[{"embeddable":true,"href":"https:\/\/stage3.rnv.gob.ve\/wp\/wp-json\/wp\/v2\/users\/1"}],"replies":[{"embeddable":true,"href":"https:\/\/stage3.rnv.gob.ve\/wp\/wp-json\/wp\/v2\/comments?post=243323"}],"version-history":[{"count":0,"href":"https:\/\/stage3.rnv.gob.ve\/wp\/wp-json\/wp\/v2\/posts\/243323\/revisions"}],"wp:featuredmedia":[{"embeddable":true,"href":"https:\/\/stage3.rnv.gob.ve\/wp\/wp-json\/"}],"wp:attachment":[{"href":"https:\/\/stage3.rnv.gob.ve\/wp\/wp-json\/wp\/v2\/media?parent=243323"}],"wp:term":[{"taxonomy":"category","embeddable":true,"href":"https:\/\/stage3.rnv.gob.ve\/wp\/wp-json\/wp\/v2\/categories?post=243323"},{"taxonomy":"post_tag","embeddable":true,"href":"https:\/\/stage3.rnv.gob.ve\/wp\/wp-json\/wp\/v2\/tags?post=243323"}],"curies":[{"name":"wp","href":"https:\/\/api.w.org\/{rel}","templated":true}]}}