{"id":241895,"date":"2018-10-23T14:05:05","date_gmt":"2018-10-23T18:35:05","guid":{"rendered":"https:\/\/stage3.rnv.gob.ve\/wp\/?p=241895"},"modified":"2026-04-14T20:55:13","modified_gmt":"2026-04-15T00:55:13","slug":"consumado-exito-para-el-deporte-paralimpico-en-barranquilla-2018","status":"publish","type":"post","link":"https:\/\/stage3.rnv.gob.ve\/wp\/consumado-exito-para-el-deporte-paralimpico-en-barranquilla-2018\/","title":{"rendered":"Consumado \u00e9xito para el deporte paral\u00edmpico en Barranquilla 2018"},"content":{"rendered":"<p><img fetchpriority=\"high\" decoding=\"async\" class=\"alignnone size-full wp-image-241897 aligncenter\" src=\"https:\/\/stage3.rnv.gob.ve\/wp\/wp-content\/uploads\/2018\/10\/Paral\u00edmpicos-4-adentro.jpeg\" alt=\"\" width=\"640\" height=\"480\" \/><\/p>\n<p>La delegaci\u00f3n de deporte adaptado que represent\u00f3 a Venezuela en los Abiertos Nacionales Barranquilla 2018, cumpli\u00f3 con \u00e9xito su primer tope internacional, logrando cosechar 29 medallas de oro, 15 de plata, 16 de bronce para un total de 60 preseas y posiciones en el ranking internacional con opciones de clasificaci\u00f3n a los Juegos Parapanamericanos Lima 2019.<\/p>\n<p>Con una participaci\u00f3n de 1092 atletas de 19 pa\u00edses del globo como Argentina, Brasil, Canad\u00e1, Costa Rica, Cuba, Jap\u00f3n, Colombia, entre otros, la representaci\u00f3n venezolana logr\u00f3 ubicarse entre los mejores del mundo en los deportes de atletismo paral\u00edmpico, para-potencia y nataci\u00f3n paral\u00edmpica.<\/p>\n<p>Edwards Valera de para-atletismo F37 (par\u00e1lisis cerebral), super\u00f3 el r\u00e9cord de las Am\u00e9ricas en lanzamiento de disco con una distancia de 47,88 metros. \u201cEstoy contento de haber participado en este evento, donde se vio calidad de atletas de muchas partes del mundo (\u2026) Estos resultados se los dedicamos a la nueva directiva del Comit\u00e9 Paral\u00edmpico Venezolano (COPAVEN) por los esfuerzos realizados para que pudi\u00e9ramos asistir a este evento\u201d, dijo Valera.<\/p>\n<p><strong>M\u00e1s talento<\/strong><\/p>\n<p>Otra de las buenas nuevas fue Lisbely Vera, de atletismo clase T46, quien obtuvo tres medallas de oro en las pruebas 100, 200 y 400 metros planos, registrando marca 12,16 segundos en 100, que la ubica como n\u00famero 1 del mundo en la distancia.<\/p>\n<p>La atleta Wendys Mej\u00edas figur\u00f3 en la primera posici\u00f3n en el impulso de bala clase F35. \u201cEstoy muy feliz porque logr\u00e9 mi objetivo producto de la preparaci\u00f3n que ven\u00eda haciendo desde mi pa\u00eds, entrenando todos los d\u00edas para lograr la medalla de oro y poner el nombre de mi pa\u00eds en alto es un orgullo. Fue una experiencia fant\u00e1stica\u201d, expres\u00f3 la medallista<\/p>\n<p>La selecci\u00f3n de atletismo dio para Venezuela 23 de las 29 medallas doradas, dejando sensaciones insuperables pese al tiempo de inactividad competitiva de alto nivel.<\/p>\n<p>Los resultados anteriores son solo una muestra de los registros positivos que arrojaron los juegos, donde se realizaron marcas y n\u00fameros importantes, como es el caso del equipo de para-nataci\u00f3n, integrado por Belkis Mota, Jos\u00e9 Lucena, Erickson Berm\u00fadez y Gabriel Campero, al obtener 12 marcas A y 10 marcas B, que los dejan con las mejores sensaciones en su ruta a Lima 2019.<\/p>\n<p>Este evento sirvi\u00f3 para colocar a la delegaci\u00f3n venezolana en el radar internacional y as\u00ed continuar con sus aspiraciones de clasificaci\u00f3n a Tokio 2020.<\/p>\n<p>T\/RNV\/IND<\/p>\n","protected":false},"excerpt":{"rendered":"<p>La delegaci\u00f3n de deporte adaptado que represent\u00f3 a Venezuela en los Abiertos Nacionales Barranquilla 2018, cumpli\u00f3 con \u00e9xito su primer tope internacional, logrando cosechar 29 medallas de oro, 15 de plata, 16 de bronce para un total de 60 preseas y posiciones en el ranking internacional con opciones de clasificaci\u00f3n a los Juegos Parapanamericanos Lima [&hellip;]<\/p>\n","protected":false},"author":1,"featured_media":241896,"comment_status":"closed","ping_status":"open","sticky":false,"template":"","format":"standard","meta":{"_acf_changed":false,"footnotes":""},"categories":[56],"tags":[1904,7816,7992,27797,3138,476],"class_list":["post-241895","post","type-post","status-publish","format-standard","has-post-thumbnail","hentry","category-deporte","tag-atletas","tag-barranquilla","tag-paralimpico","tag-preseas","tag-tokio","tag-venezuela-deportiva"],"acf":[],"yoast_head":"<!-- This site is optimized with the Yoast SEO plugin v27.4 - https:\/\/yoast.com\/product\/yoast-seo-wordpress\/ -->\n<title>Consumado \u00e9xito para el deporte paral\u00edmpico en Barranquilla 2018 - DEV RNV<\/title>\n<meta name=\"robots\" content=\"noindex, follow, max-snippet:-1, max-image-preview:large, max-video-preview:-1\" \/>\n<meta property=\"og:locale\" content=\"es_ES\" \/>\n<meta property=\"og:type\" content=\"article\" \/>\n<meta property=\"og:title\" content=\"Consumado \u00e9xito para el deporte paral\u00edmpico en Barranquilla 2018 - DEV RNV\" \/>\n<meta property=\"og:description\" content=\"La delegaci\u00f3n de deporte adaptado que represent\u00f3 a Venezuela en los Abiertos Nacionales Barranquilla 2018, cumpli\u00f3 con \u00e9xito su primer tope internacional, logrando cosechar 29 medallas de oro, 15 de plata, 16 de bronce para un total de 60 preseas y posiciones en el ranking internacional con opciones de clasificaci\u00f3n a los Juegos Parapanamericanos Lima [&hellip;]\" \/>\n<meta property=\"og:url\" content=\"https:\/\/stage3.rnv.gob.ve\/wp\/consumado-exito-para-el-deporte-paralimpico-en-barranquilla-2018\/\" \/>\n<meta property=\"og:site_name\" content=\"DEV RNV\" \/>\n<meta property=\"article:publisher\" content=\"https:\/\/www.facebook.com\/RadioNacionaldeVenezuela\" \/>\n<meta property=\"article:published_time\" content=\"2018-10-23T18:35:05+00:00\" \/>\n<meta property=\"article:modified_time\" content=\"2026-04-15T00:55:13+00:00\" \/>\n<meta name=\"author\" content=\"administrador\" \/>\n<meta name=\"twitter:card\" content=\"summary_large_image\" \/>\n<meta name=\"twitter:creator\" content=\"@RNVinformativa\" \/>\n<meta name=\"twitter:site\" content=\"@RNVinformativa\" \/>\n<meta name=\"twitter:label1\" content=\"Escrito por\" \/>\n\t<meta name=\"twitter:data1\" content=\"administrador\" \/>\n\t<meta name=\"twitter:label2\" content=\"Tiempo estimado de lectura\" \/>\n\t<meta name=\"twitter:data2\" content=\"2 minutos\" \/>\n<script type=\"application\/ld+json\" class=\"yoast-schema-graph\">{\"@context\":\"https:\\\/\\\/schema.org\",\"@graph\":[{\"@type\":\"Article\",\"@id\":\"https:\\\/\\\/stage3.rnv.gob.ve\\\/wp\\\/consumado-exito-para-el-deporte-paralimpico-en-barranquilla-2018\\\/#article\",\"isPartOf\":{\"@id\":\"https:\\\/\\\/stage3.rnv.gob.ve\\\/wp\\\/consumado-exito-para-el-deporte-paralimpico-en-barranquilla-2018\\\/\"},\"author\":{\"name\":\"administrador\",\"@id\":\"https:\\\/\\\/stage3.rnv.gob.ve\\\/wp\\\/#\\\/schema\\\/person\\\/0862ce8cde332e0bc63b8a243f0eea2c\"},\"headline\":\"Consumado \u00e9xito para el deporte paral\u00edmpico en Barranquilla 2018\",\"datePublished\":\"2018-10-23T18:35:05+00:00\",\"dateModified\":\"2026-04-15T00:55:13+00:00\",\"mainEntityOfPage\":{\"@id\":\"https:\\\/\\\/stage3.rnv.gob.ve\\\/wp\\\/consumado-exito-para-el-deporte-paralimpico-en-barranquilla-2018\\\/\"},\"wordCount\":408,\"publisher\":{\"@id\":\"https:\\\/\\\/stage3.rnv.gob.ve\\\/wp\\\/#organization\"},\"image\":{\"@id\":\"https:\\\/\\\/stage3.rnv.gob.ve\\\/wp\\\/consumado-exito-para-el-deporte-paralimpico-en-barranquilla-2018\\\/#primaryimage\"},\"thumbnailUrl\":\"\",\"keywords\":[\"atletas\",\"barranquilla\",\"paralimpico\",\"Preseas\",\"tokio\",\"Venezuela Deportiva\"],\"articleSection\":[\"Deporte\"],\"inLanguage\":\"es\"},{\"@type\":\"WebPage\",\"@id\":\"https:\\\/\\\/stage3.rnv.gob.ve\\\/wp\\\/consumado-exito-para-el-deporte-paralimpico-en-barranquilla-2018\\\/\",\"url\":\"https:\\\/\\\/stage3.rnv.gob.ve\\\/wp\\\/consumado-exito-para-el-deporte-paralimpico-en-barranquilla-2018\\\/\",\"name\":\"Consumado \u00e9xito para el deporte paral\u00edmpico en Barranquilla 2018 - DEV RNV\",\"isPartOf\":{\"@id\":\"https:\\\/\\\/stage3.rnv.gob.ve\\\/wp\\\/#website\"},\"primaryImageOfPage\":{\"@id\":\"https:\\\/\\\/stage3.rnv.gob.ve\\\/wp\\\/consumado-exito-para-el-deporte-paralimpico-en-barranquilla-2018\\\/#primaryimage\"},\"image\":{\"@id\":\"https:\\\/\\\/stage3.rnv.gob.ve\\\/wp\\\/consumado-exito-para-el-deporte-paralimpico-en-barranquilla-2018\\\/#primaryimage\"},\"thumbnailUrl\":\"\",\"datePublished\":\"2018-10-23T18:35:05+00:00\",\"dateModified\":\"2026-04-15T00:55:13+00:00\",\"breadcrumb\":{\"@id\":\"https:\\\/\\\/stage3.rnv.gob.ve\\\/wp\\\/consumado-exito-para-el-deporte-paralimpico-en-barranquilla-2018\\\/#breadcrumb\"},\"inLanguage\":\"es\",\"potentialAction\":[{\"@type\":\"ReadAction\",\"target\":[\"https:\\\/\\\/stage3.rnv.gob.ve\\\/wp\\\/consumado-exito-para-el-deporte-paralimpico-en-barranquilla-2018\\\/\"]}]},{\"@type\":\"ImageObject\",\"inLanguage\":\"es\",\"@id\":\"https:\\\/\\\/stage3.rnv.gob.ve\\\/wp\\\/consumado-exito-para-el-deporte-paralimpico-en-barranquilla-2018\\\/#primaryimage\",\"url\":\"\",\"contentUrl\":\"\"},{\"@type\":\"BreadcrumbList\",\"@id\":\"https:\\\/\\\/stage3.rnv.gob.ve\\\/wp\\\/consumado-exito-para-el-deporte-paralimpico-en-barranquilla-2018\\\/#breadcrumb\",\"itemListElement\":[{\"@type\":\"ListItem\",\"position\":1,\"name\":\"Portada\",\"item\":\"https:\\\/\\\/stage3.rnv.gob.ve\\\/wp\\\/\"},{\"@type\":\"ListItem\",\"position\":2,\"name\":\"Consumado \u00c9xito Para El Deporte Paral\u00edmpico En Barranquilla 2018\"}]},{\"@type\":\"WebSite\",\"@id\":\"https:\\\/\\\/stage3.rnv.gob.ve\\\/wp\\\/#website\",\"url\":\"https:\\\/\\\/stage3.rnv.gob.ve\\\/wp\\\/\",\"name\":\"DEV RNV\",\"description\":\"Radio Nacional de Venezuela C.A.\",\"publisher\":{\"@id\":\"https:\\\/\\\/stage3.rnv.gob.ve\\\/wp\\\/#organization\"},\"potentialAction\":[{\"@type\":\"SearchAction\",\"target\":{\"@type\":\"EntryPoint\",\"urlTemplate\":\"https:\\\/\\\/stage3.rnv.gob.ve\\\/wp\\\/?s={search_term_string}\"},\"query-input\":{\"@type\":\"PropertyValueSpecification\",\"valueRequired\":true,\"valueName\":\"search_term_string\"}}],\"inLanguage\":\"es\"},{\"@type\":\"Organization\",\"@id\":\"https:\\\/\\\/stage3.rnv.gob.ve\\\/wp\\\/#organization\",\"name\":\"Radio Nacional de Venezuela C.A.\",\"url\":\"https:\\\/\\\/stage3.rnv.gob.ve\\\/wp\\\/\",\"logo\":{\"@type\":\"ImageObject\",\"inLanguage\":\"es\",\"@id\":\"https:\\\/\\\/stage3.rnv.gob.ve\\\/wp\\\/#\\\/schema\\\/logo\\\/image\\\/\",\"url\":\"http:\\\/\\\/rnv.ddns.net\\\/prensa\\\/wp-content\\\/uploads\\\/2022\\\/04\\\/rnv-1-300x227-1.jpg\",\"contentUrl\":\"http:\\\/\\\/rnv.ddns.net\\\/prensa\\\/wp-content\\\/uploads\\\/2022\\\/04\\\/rnv-1-300x227-1.jpg\",\"width\":800,\"height\":455,\"caption\":\"Radio Nacional de Venezuela C.A.\"},\"image\":{\"@id\":\"https:\\\/\\\/stage3.rnv.gob.ve\\\/wp\\\/#\\\/schema\\\/logo\\\/image\\\/\"},\"sameAs\":[\"https:\\\/\\\/www.facebook.com\\\/RadioNacionaldeVenezuela\",\"https:\\\/\\\/x.com\\\/RNVinformativa\",\"https:\\\/\\\/www.instagram.com\\\/rnvinformativa\\\/\",\"https:\\\/\\\/www.youtube.com\\\/user\\\/RNVContigo\"]},{\"@type\":\"Person\",\"@id\":\"https:\\\/\\\/stage3.rnv.gob.ve\\\/wp\\\/#\\\/schema\\\/person\\\/0862ce8cde332e0bc63b8a243f0eea2c\",\"name\":\"administrador\",\"sameAs\":[\"http:\\\/\\\/arnoldoeloy.net\"],\"url\":\"https:\\\/\\\/stage3.rnv.gob.ve\\\/wp\\\/author\\\/administrador\\\/\"}]}<\/script>\n<!-- \/ Yoast SEO plugin. -->","yoast_head_json":{"title":"Consumado \u00e9xito para el deporte paral\u00edmpico en Barranquilla 2018 - DEV RNV","robots":{"index":"noindex","follow":"follow","max-snippet":"max-snippet:-1","max-image-preview":"max-image-preview:large","max-video-preview":"max-video-preview:-1"},"og_locale":"es_ES","og_type":"article","og_title":"Consumado \u00e9xito para el deporte paral\u00edmpico en Barranquilla 2018 - DEV RNV","og_description":"La delegaci\u00f3n de deporte adaptado que represent\u00f3 a Venezuela en los Abiertos Nacionales Barranquilla 2018, cumpli\u00f3 con \u00e9xito su primer tope internacional, logrando cosechar 29 medallas de oro, 15 de plata, 16 de bronce para un total de 60 preseas y posiciones en el ranking internacional con opciones de clasificaci\u00f3n a los Juegos Parapanamericanos Lima [&hellip;]","og_url":"https:\/\/stage3.rnv.gob.ve\/wp\/consumado-exito-para-el-deporte-paralimpico-en-barranquilla-2018\/","og_site_name":"DEV RNV","article_publisher":"https:\/\/www.facebook.com\/RadioNacionaldeVenezuela","article_published_time":"2018-10-23T18:35:05+00:00","article_modified_time":"2026-04-15T00:55:13+00:00","author":"administrador","twitter_card":"summary_large_image","twitter_creator":"@RNVinformativa","twitter_site":"@RNVinformativa","twitter_misc":{"Escrito por":"administrador","Tiempo estimado de lectura":"2 minutos"},"schema":{"@context":"https:\/\/schema.org","@graph":[{"@type":"Article","@id":"https:\/\/stage3.rnv.gob.ve\/wp\/consumado-exito-para-el-deporte-paralimpico-en-barranquilla-2018\/#article","isPartOf":{"@id":"https:\/\/stage3.rnv.gob.ve\/wp\/consumado-exito-para-el-deporte-paralimpico-en-barranquilla-2018\/"},"author":{"name":"administrador","@id":"https:\/\/stage3.rnv.gob.ve\/wp\/#\/schema\/person\/0862ce8cde332e0bc63b8a243f0eea2c"},"headline":"Consumado \u00e9xito para el deporte paral\u00edmpico en Barranquilla 2018","datePublished":"2018-10-23T18:35:05+00:00","dateModified":"2026-04-15T00:55:13+00:00","mainEntityOfPage":{"@id":"https:\/\/stage3.rnv.gob.ve\/wp\/consumado-exito-para-el-deporte-paralimpico-en-barranquilla-2018\/"},"wordCount":408,"publisher":{"@id":"https:\/\/stage3.rnv.gob.ve\/wp\/#organization"},"image":{"@id":"https:\/\/stage3.rnv.gob.ve\/wp\/consumado-exito-para-el-deporte-paralimpico-en-barranquilla-2018\/#primaryimage"},"thumbnailUrl":"","keywords":["atletas","barranquilla","paralimpico","Preseas","tokio","Venezuela Deportiva"],"articleSection":["Deporte"],"inLanguage":"es"},{"@type":"WebPage","@id":"https:\/\/stage3.rnv.gob.ve\/wp\/consumado-exito-para-el-deporte-paralimpico-en-barranquilla-2018\/","url":"https:\/\/stage3.rnv.gob.ve\/wp\/consumado-exito-para-el-deporte-paralimpico-en-barranquilla-2018\/","name":"Consumado \u00e9xito para el deporte paral\u00edmpico en Barranquilla 2018 - DEV RNV","isPartOf":{"@id":"https:\/\/stage3.rnv.gob.ve\/wp\/#website"},"primaryImageOfPage":{"@id":"https:\/\/stage3.rnv.gob.ve\/wp\/consumado-exito-para-el-deporte-paralimpico-en-barranquilla-2018\/#primaryimage"},"image":{"@id":"https:\/\/stage3.rnv.gob.ve\/wp\/consumado-exito-para-el-deporte-paralimpico-en-barranquilla-2018\/#primaryimage"},"thumbnailUrl":"","datePublished":"2018-10-23T18:35:05+00:00","dateModified":"2026-04-15T00:55:13+00:00","breadcrumb":{"@id":"https:\/\/stage3.rnv.gob.ve\/wp\/consumado-exito-para-el-deporte-paralimpico-en-barranquilla-2018\/#breadcrumb"},"inLanguage":"es","potentialAction":[{"@type":"ReadAction","target":["https:\/\/stage3.rnv.gob.ve\/wp\/consumado-exito-para-el-deporte-paralimpico-en-barranquilla-2018\/"]}]},{"@type":"ImageObject","inLanguage":"es","@id":"https:\/\/stage3.rnv.gob.ve\/wp\/consumado-exito-para-el-deporte-paralimpico-en-barranquilla-2018\/#primaryimage","url":"","contentUrl":""},{"@type":"BreadcrumbList","@id":"https:\/\/stage3.rnv.gob.ve\/wp\/consumado-exito-para-el-deporte-paralimpico-en-barranquilla-2018\/#breadcrumb","itemListElement":[{"@type":"ListItem","position":1,"name":"Portada","item":"https:\/\/stage3.rnv.gob.ve\/wp\/"},{"@type":"ListItem","position":2,"name":"Consumado \u00c9xito Para El Deporte Paral\u00edmpico En Barranquilla 2018"}]},{"@type":"WebSite","@id":"https:\/\/stage3.rnv.gob.ve\/wp\/#website","url":"https:\/\/stage3.rnv.gob.ve\/wp\/","name":"DEV RNV","description":"Radio Nacional de Venezuela C.A.","publisher":{"@id":"https:\/\/stage3.rnv.gob.ve\/wp\/#organization"},"potentialAction":[{"@type":"SearchAction","target":{"@type":"EntryPoint","urlTemplate":"https:\/\/stage3.rnv.gob.ve\/wp\/?s={search_term_string}"},"query-input":{"@type":"PropertyValueSpecification","valueRequired":true,"valueName":"search_term_string"}}],"inLanguage":"es"},{"@type":"Organization","@id":"https:\/\/stage3.rnv.gob.ve\/wp\/#organization","name":"Radio Nacional de Venezuela C.A.","url":"https:\/\/stage3.rnv.gob.ve\/wp\/","logo":{"@type":"ImageObject","inLanguage":"es","@id":"https:\/\/stage3.rnv.gob.ve\/wp\/#\/schema\/logo\/image\/","url":"http:\/\/rnv.ddns.net\/prensa\/wp-content\/uploads\/2022\/04\/rnv-1-300x227-1.jpg","contentUrl":"http:\/\/rnv.ddns.net\/prensa\/wp-content\/uploads\/2022\/04\/rnv-1-300x227-1.jpg","width":800,"height":455,"caption":"Radio Nacional de Venezuela C.A."},"image":{"@id":"https:\/\/stage3.rnv.gob.ve\/wp\/#\/schema\/logo\/image\/"},"sameAs":["https:\/\/www.facebook.com\/RadioNacionaldeVenezuela","https:\/\/x.com\/RNVinformativa","https:\/\/www.instagram.com\/rnvinformativa\/","https:\/\/www.youtube.com\/user\/RNVContigo"]},{"@type":"Person","@id":"https:\/\/stage3.rnv.gob.ve\/wp\/#\/schema\/person\/0862ce8cde332e0bc63b8a243f0eea2c","name":"administrador","sameAs":["http:\/\/arnoldoeloy.net"],"url":"https:\/\/stage3.rnv.gob.ve\/wp\/author\/administrador\/"}]}},"jetpack_featured_media_url":"","_links":{"self":[{"href":"https:\/\/stage3.rnv.gob.ve\/wp\/wp-json\/wp\/v2\/posts\/241895","targetHints":{"allow":["GET"]}}],"collection":[{"href":"https:\/\/stage3.rnv.gob.ve\/wp\/wp-json\/wp\/v2\/posts"}],"about":[{"href":"https:\/\/stage3.rnv.gob.ve\/wp\/wp-json\/wp\/v2\/types\/post"}],"author":[{"embeddable":true,"href":"https:\/\/stage3.rnv.gob.ve\/wp\/wp-json\/wp\/v2\/users\/1"}],"replies":[{"embeddable":true,"href":"https:\/\/stage3.rnv.gob.ve\/wp\/wp-json\/wp\/v2\/comments?post=241895"}],"version-history":[{"count":0,"href":"https:\/\/stage3.rnv.gob.ve\/wp\/wp-json\/wp\/v2\/posts\/241895\/revisions"}],"wp:featuredmedia":[{"embeddable":true,"href":"https:\/\/stage3.rnv.gob.ve\/wp\/wp-json\/"}],"wp:attachment":[{"href":"https:\/\/stage3.rnv.gob.ve\/wp\/wp-json\/wp\/v2\/media?parent=241895"}],"wp:term":[{"taxonomy":"category","embeddable":true,"href":"https:\/\/stage3.rnv.gob.ve\/wp\/wp-json\/wp\/v2\/categories?post=241895"},{"taxonomy":"post_tag","embeddable":true,"href":"https:\/\/stage3.rnv.gob.ve\/wp\/wp-json\/wp\/v2\/tags?post=241895"}],"curies":[{"name":"wp","href":"https:\/\/api.w.org\/{rel}","templated":true}]}}