{"id":241561,"date":"2018-10-20T22:17:57","date_gmt":"2018-10-21T02:47:57","guid":{"rendered":"https:\/\/stage3.rnv.gob.ve\/wp\/?p=241561"},"modified":"2018-10-20T22:17:57","modified_gmt":"2018-10-21T02:47:57","slug":"maduro-autocritica-es-la-esencia-de-la-revolucion","status":"publish","type":"post","link":"https:\/\/stage3.rnv.gob.ve\/wp\/maduro-autocritica-es-la-esencia-de-la-revolucion\/","title":{"rendered":"Maduro: Autocr\u00edtica es la esencia de la Revoluci\u00f3n"},"content":{"rendered":"<p><img fetchpriority=\"high\" decoding=\"async\" class=\"aligncenter wp-image-241587 size-full\" src=\"https:\/\/stage3.rnv.gob.ve\/wp\/wp-content\/uploads\/2018\/10\/WhatsApp-Image-2018-10-20-at-9.16.52-PM-e1540089983659.jpeg\" alt=\"\" width=\"580\" height=\"386\" \/><\/p>\n<p>&nbsp;<\/p>\n<p>La autocr\u00edtica es una herramienta esencial utilizada por la Revoluci\u00f3n Bolivariana para avanzar en nuevos mecanismos que permitan alcanzar soluciones efectivas a los errores, afirm\u00f3 el presidente de la Rep\u00fablica, Nicol\u00e1s Maduro.<\/p>\n<p>\u201cEl chavismo cr\u00edtico y autocr\u00edtico es la esencia de nuestro ser, pero para fortalecer las bases del antiimperialismo, del anticolonialismo, del proyecto socialista, no para debilitarlo. Es para fortalecer la conciencia colectiva y avanzar sobre los problemas, no para hundirnos\u201d, se\u00f1al\u00f3 el Jefe de Estado durante el I Congreso Nacional de Comunas y Movimientos Sociales, desde el Palacio de Miraflores.<\/p>\n<p>A prop\u00f3sito de conmemorarse este s\u00e1bado seis a\u00f1os del emblem\u00e1tico Golpe de Tim\u00f3n del l\u00edder Hugo Ch\u00e1vez, Maduro invit\u00f3 al poder popular organizado a realizar cr\u00edticas constructivas que impulsen a la Revoluci\u00f3n Bolivariana y comprenda orientaciones hacia el futuro del pa\u00eds.<\/p>\n<p>\u201cCh\u00e1vez fue muy claro y dej\u00f3 orientaciones: la comuna es el centro\u00a0 de construcci\u00f3n del socialismo territorial, humanista y cristiano de Venezuela\u201d, puntualiz\u00f3.<\/p>\n<p>En esa l\u00ednea, acot\u00f3 que el Congreso de las Comunas \u201ces una renovaci\u00f3n de los compromisos y del plan de futuro con Ch\u00e1vez\u201d.<\/p>\n<p><strong>T\/ MINCI<\/strong><\/p>\n","protected":false},"excerpt":{"rendered":"<p>&nbsp; La autocr\u00edtica es una herramienta esencial utilizada por la Revoluci\u00f3n Bolivariana para avanzar en nuevos mecanismos que permitan alcanzar soluciones efectivas a los errores, afirm\u00f3 el presidente de la Rep\u00fablica, Nicol\u00e1s Maduro. \u201cEl chavismo cr\u00edtico y autocr\u00edtico es la esencia de nuestro ser, pero para fortalecer las bases del antiimperialismo, del anticolonialismo, del proyecto [&hellip;]<\/p>\n","protected":false},"author":1,"featured_media":241586,"comment_status":"closed","ping_status":"open","sticky":false,"template":"","format":"standard","meta":{"_acf_changed":false,"footnotes":""},"categories":[67],"tags":[9056,751,1180,1105],"class_list":["post-241561","post","type-post","status-publish","format-standard","has-post-thumbnail","hentry","category-politica","tag-autocritica","tag-comunas","tag-congreso","tag-critica"],"acf":[],"yoast_head":"<!-- This site is optimized with the Yoast SEO plugin v27.4 - https:\/\/yoast.com\/product\/yoast-seo-wordpress\/ -->\n<title>Maduro: Autocr\u00edtica es la esencia de la Revoluci\u00f3n - DEV RNV<\/title>\n<meta name=\"robots\" content=\"noindex, follow, max-snippet:-1, max-image-preview:large, max-video-preview:-1\" \/>\n<meta property=\"og:locale\" content=\"es_ES\" \/>\n<meta property=\"og:type\" content=\"article\" \/>\n<meta property=\"og:title\" content=\"Maduro: Autocr\u00edtica es la esencia de la Revoluci\u00f3n - DEV RNV\" \/>\n<meta property=\"og:description\" content=\"&nbsp; La autocr\u00edtica es una herramienta esencial utilizada por la Revoluci\u00f3n Bolivariana para avanzar en nuevos mecanismos que permitan alcanzar soluciones efectivas a los errores, afirm\u00f3 el presidente de la Rep\u00fablica, Nicol\u00e1s Maduro. \u201cEl chavismo cr\u00edtico y autocr\u00edtico es la esencia de nuestro ser, pero para fortalecer las bases del antiimperialismo, del anticolonialismo, del proyecto [&hellip;]\" \/>\n<meta property=\"og:url\" content=\"https:\/\/stage3.rnv.gob.ve\/wp\/maduro-autocritica-es-la-esencia-de-la-revolucion\/\" \/>\n<meta property=\"og:site_name\" content=\"DEV RNV\" \/>\n<meta property=\"article:publisher\" content=\"https:\/\/www.facebook.com\/RadioNacionaldeVenezuela\" \/>\n<meta property=\"article:published_time\" content=\"2018-10-21T02:47:57+00:00\" \/>\n<meta name=\"author\" content=\"administrador\" \/>\n<meta name=\"twitter:card\" content=\"summary_large_image\" \/>\n<meta name=\"twitter:creator\" content=\"@RNVinformativa\" \/>\n<meta name=\"twitter:site\" content=\"@RNVinformativa\" \/>\n<meta name=\"twitter:label1\" content=\"Escrito por\" \/>\n\t<meta name=\"twitter:data1\" content=\"administrador\" \/>\n\t<meta name=\"twitter:label2\" content=\"Tiempo estimado de lectura\" \/>\n\t<meta name=\"twitter:data2\" content=\"1 minuto\" \/>\n<script type=\"application\/ld+json\" class=\"yoast-schema-graph\">{\"@context\":\"https:\\\/\\\/schema.org\",\"@graph\":[{\"@type\":\"Article\",\"@id\":\"https:\\\/\\\/stage3.rnv.gob.ve\\\/wp\\\/maduro-autocritica-es-la-esencia-de-la-revolucion\\\/#article\",\"isPartOf\":{\"@id\":\"https:\\\/\\\/stage3.rnv.gob.ve\\\/wp\\\/maduro-autocritica-es-la-esencia-de-la-revolucion\\\/\"},\"author\":{\"name\":\"administrador\",\"@id\":\"https:\\\/\\\/stage3.rnv.gob.ve\\\/wp\\\/#\\\/schema\\\/person\\\/0862ce8cde332e0bc63b8a243f0eea2c\"},\"headline\":\"Maduro: Autocr\u00edtica es la esencia de la Revoluci\u00f3n\",\"datePublished\":\"2018-10-21T02:47:57+00:00\",\"mainEntityOfPage\":{\"@id\":\"https:\\\/\\\/stage3.rnv.gob.ve\\\/wp\\\/maduro-autocritica-es-la-esencia-de-la-revolucion\\\/\"},\"wordCount\":214,\"publisher\":{\"@id\":\"https:\\\/\\\/stage3.rnv.gob.ve\\\/wp\\\/#organization\"},\"image\":{\"@id\":\"https:\\\/\\\/stage3.rnv.gob.ve\\\/wp\\\/maduro-autocritica-es-la-esencia-de-la-revolucion\\\/#primaryimage\"},\"thumbnailUrl\":\"\",\"keywords\":[\"autocr\u00edtica\",\"comunas\",\"congreso\",\"critica\"],\"articleSection\":[\"Pol\u00edtica\"],\"inLanguage\":\"es\"},{\"@type\":\"WebPage\",\"@id\":\"https:\\\/\\\/stage3.rnv.gob.ve\\\/wp\\\/maduro-autocritica-es-la-esencia-de-la-revolucion\\\/\",\"url\":\"https:\\\/\\\/stage3.rnv.gob.ve\\\/wp\\\/maduro-autocritica-es-la-esencia-de-la-revolucion\\\/\",\"name\":\"Maduro: Autocr\u00edtica es la esencia de la Revoluci\u00f3n - DEV RNV\",\"isPartOf\":{\"@id\":\"https:\\\/\\\/stage3.rnv.gob.ve\\\/wp\\\/#website\"},\"primaryImageOfPage\":{\"@id\":\"https:\\\/\\\/stage3.rnv.gob.ve\\\/wp\\\/maduro-autocritica-es-la-esencia-de-la-revolucion\\\/#primaryimage\"},\"image\":{\"@id\":\"https:\\\/\\\/stage3.rnv.gob.ve\\\/wp\\\/maduro-autocritica-es-la-esencia-de-la-revolucion\\\/#primaryimage\"},\"thumbnailUrl\":\"\",\"datePublished\":\"2018-10-21T02:47:57+00:00\",\"breadcrumb\":{\"@id\":\"https:\\\/\\\/stage3.rnv.gob.ve\\\/wp\\\/maduro-autocritica-es-la-esencia-de-la-revolucion\\\/#breadcrumb\"},\"inLanguage\":\"es\",\"potentialAction\":[{\"@type\":\"ReadAction\",\"target\":[\"https:\\\/\\\/stage3.rnv.gob.ve\\\/wp\\\/maduro-autocritica-es-la-esencia-de-la-revolucion\\\/\"]}]},{\"@type\":\"ImageObject\",\"inLanguage\":\"es\",\"@id\":\"https:\\\/\\\/stage3.rnv.gob.ve\\\/wp\\\/maduro-autocritica-es-la-esencia-de-la-revolucion\\\/#primaryimage\",\"url\":\"\",\"contentUrl\":\"\"},{\"@type\":\"BreadcrumbList\",\"@id\":\"https:\\\/\\\/stage3.rnv.gob.ve\\\/wp\\\/maduro-autocritica-es-la-esencia-de-la-revolucion\\\/#breadcrumb\",\"itemListElement\":[{\"@type\":\"ListItem\",\"position\":1,\"name\":\"Portada\",\"item\":\"https:\\\/\\\/stage3.rnv.gob.ve\\\/wp\\\/\"},{\"@type\":\"ListItem\",\"position\":2,\"name\":\"Maduro: Autocr\u00edtica Es La Esencia De La Revoluci\u00f3n\"}]},{\"@type\":\"WebSite\",\"@id\":\"https:\\\/\\\/stage3.rnv.gob.ve\\\/wp\\\/#website\",\"url\":\"https:\\\/\\\/stage3.rnv.gob.ve\\\/wp\\\/\",\"name\":\"DEV RNV\",\"description\":\"Radio Nacional de Venezuela C.A.\",\"publisher\":{\"@id\":\"https:\\\/\\\/stage3.rnv.gob.ve\\\/wp\\\/#organization\"},\"potentialAction\":[{\"@type\":\"SearchAction\",\"target\":{\"@type\":\"EntryPoint\",\"urlTemplate\":\"https:\\\/\\\/stage3.rnv.gob.ve\\\/wp\\\/?s={search_term_string}\"},\"query-input\":{\"@type\":\"PropertyValueSpecification\",\"valueRequired\":true,\"valueName\":\"search_term_string\"}}],\"inLanguage\":\"es\"},{\"@type\":\"Organization\",\"@id\":\"https:\\\/\\\/stage3.rnv.gob.ve\\\/wp\\\/#organization\",\"name\":\"Radio Nacional de Venezuela C.A.\",\"url\":\"https:\\\/\\\/stage3.rnv.gob.ve\\\/wp\\\/\",\"logo\":{\"@type\":\"ImageObject\",\"inLanguage\":\"es\",\"@id\":\"https:\\\/\\\/stage3.rnv.gob.ve\\\/wp\\\/#\\\/schema\\\/logo\\\/image\\\/\",\"url\":\"http:\\\/\\\/rnv.ddns.net\\\/prensa\\\/wp-content\\\/uploads\\\/2022\\\/04\\\/rnv-1-300x227-1.jpg\",\"contentUrl\":\"http:\\\/\\\/rnv.ddns.net\\\/prensa\\\/wp-content\\\/uploads\\\/2022\\\/04\\\/rnv-1-300x227-1.jpg\",\"width\":800,\"height\":455,\"caption\":\"Radio Nacional de Venezuela C.A.\"},\"image\":{\"@id\":\"https:\\\/\\\/stage3.rnv.gob.ve\\\/wp\\\/#\\\/schema\\\/logo\\\/image\\\/\"},\"sameAs\":[\"https:\\\/\\\/www.facebook.com\\\/RadioNacionaldeVenezuela\",\"https:\\\/\\\/x.com\\\/RNVinformativa\",\"https:\\\/\\\/www.instagram.com\\\/rnvinformativa\\\/\",\"https:\\\/\\\/www.youtube.com\\\/user\\\/RNVContigo\"]},{\"@type\":\"Person\",\"@id\":\"https:\\\/\\\/stage3.rnv.gob.ve\\\/wp\\\/#\\\/schema\\\/person\\\/0862ce8cde332e0bc63b8a243f0eea2c\",\"name\":\"administrador\",\"sameAs\":[\"http:\\\/\\\/arnoldoeloy.net\"],\"url\":\"https:\\\/\\\/stage3.rnv.gob.ve\\\/wp\\\/author\\\/administrador\\\/\"}]}<\/script>\n<!-- \/ Yoast SEO plugin. -->","yoast_head_json":{"title":"Maduro: Autocr\u00edtica es la esencia de la Revoluci\u00f3n - DEV RNV","robots":{"index":"noindex","follow":"follow","max-snippet":"max-snippet:-1","max-image-preview":"max-image-preview:large","max-video-preview":"max-video-preview:-1"},"og_locale":"es_ES","og_type":"article","og_title":"Maduro: Autocr\u00edtica es la esencia de la Revoluci\u00f3n - DEV RNV","og_description":"&nbsp; La autocr\u00edtica es una herramienta esencial utilizada por la Revoluci\u00f3n Bolivariana para avanzar en nuevos mecanismos que permitan alcanzar soluciones efectivas a los errores, afirm\u00f3 el presidente de la Rep\u00fablica, Nicol\u00e1s Maduro. \u201cEl chavismo cr\u00edtico y autocr\u00edtico es la esencia de nuestro ser, pero para fortalecer las bases del antiimperialismo, del anticolonialismo, del proyecto [&hellip;]","og_url":"https:\/\/stage3.rnv.gob.ve\/wp\/maduro-autocritica-es-la-esencia-de-la-revolucion\/","og_site_name":"DEV RNV","article_publisher":"https:\/\/www.facebook.com\/RadioNacionaldeVenezuela","article_published_time":"2018-10-21T02:47:57+00:00","author":"administrador","twitter_card":"summary_large_image","twitter_creator":"@RNVinformativa","twitter_site":"@RNVinformativa","twitter_misc":{"Escrito por":"administrador","Tiempo estimado de lectura":"1 minuto"},"schema":{"@context":"https:\/\/schema.org","@graph":[{"@type":"Article","@id":"https:\/\/stage3.rnv.gob.ve\/wp\/maduro-autocritica-es-la-esencia-de-la-revolucion\/#article","isPartOf":{"@id":"https:\/\/stage3.rnv.gob.ve\/wp\/maduro-autocritica-es-la-esencia-de-la-revolucion\/"},"author":{"name":"administrador","@id":"https:\/\/stage3.rnv.gob.ve\/wp\/#\/schema\/person\/0862ce8cde332e0bc63b8a243f0eea2c"},"headline":"Maduro: Autocr\u00edtica es la esencia de la Revoluci\u00f3n","datePublished":"2018-10-21T02:47:57+00:00","mainEntityOfPage":{"@id":"https:\/\/stage3.rnv.gob.ve\/wp\/maduro-autocritica-es-la-esencia-de-la-revolucion\/"},"wordCount":214,"publisher":{"@id":"https:\/\/stage3.rnv.gob.ve\/wp\/#organization"},"image":{"@id":"https:\/\/stage3.rnv.gob.ve\/wp\/maduro-autocritica-es-la-esencia-de-la-revolucion\/#primaryimage"},"thumbnailUrl":"","keywords":["autocr\u00edtica","comunas","congreso","critica"],"articleSection":["Pol\u00edtica"],"inLanguage":"es"},{"@type":"WebPage","@id":"https:\/\/stage3.rnv.gob.ve\/wp\/maduro-autocritica-es-la-esencia-de-la-revolucion\/","url":"https:\/\/stage3.rnv.gob.ve\/wp\/maduro-autocritica-es-la-esencia-de-la-revolucion\/","name":"Maduro: Autocr\u00edtica es la esencia de la Revoluci\u00f3n - DEV RNV","isPartOf":{"@id":"https:\/\/stage3.rnv.gob.ve\/wp\/#website"},"primaryImageOfPage":{"@id":"https:\/\/stage3.rnv.gob.ve\/wp\/maduro-autocritica-es-la-esencia-de-la-revolucion\/#primaryimage"},"image":{"@id":"https:\/\/stage3.rnv.gob.ve\/wp\/maduro-autocritica-es-la-esencia-de-la-revolucion\/#primaryimage"},"thumbnailUrl":"","datePublished":"2018-10-21T02:47:57+00:00","breadcrumb":{"@id":"https:\/\/stage3.rnv.gob.ve\/wp\/maduro-autocritica-es-la-esencia-de-la-revolucion\/#breadcrumb"},"inLanguage":"es","potentialAction":[{"@type":"ReadAction","target":["https:\/\/stage3.rnv.gob.ve\/wp\/maduro-autocritica-es-la-esencia-de-la-revolucion\/"]}]},{"@type":"ImageObject","inLanguage":"es","@id":"https:\/\/stage3.rnv.gob.ve\/wp\/maduro-autocritica-es-la-esencia-de-la-revolucion\/#primaryimage","url":"","contentUrl":""},{"@type":"BreadcrumbList","@id":"https:\/\/stage3.rnv.gob.ve\/wp\/maduro-autocritica-es-la-esencia-de-la-revolucion\/#breadcrumb","itemListElement":[{"@type":"ListItem","position":1,"name":"Portada","item":"https:\/\/stage3.rnv.gob.ve\/wp\/"},{"@type":"ListItem","position":2,"name":"Maduro: Autocr\u00edtica Es La Esencia De La Revoluci\u00f3n"}]},{"@type":"WebSite","@id":"https:\/\/stage3.rnv.gob.ve\/wp\/#website","url":"https:\/\/stage3.rnv.gob.ve\/wp\/","name":"DEV RNV","description":"Radio Nacional de Venezuela C.A.","publisher":{"@id":"https:\/\/stage3.rnv.gob.ve\/wp\/#organization"},"potentialAction":[{"@type":"SearchAction","target":{"@type":"EntryPoint","urlTemplate":"https:\/\/stage3.rnv.gob.ve\/wp\/?s={search_term_string}"},"query-input":{"@type":"PropertyValueSpecification","valueRequired":true,"valueName":"search_term_string"}}],"inLanguage":"es"},{"@type":"Organization","@id":"https:\/\/stage3.rnv.gob.ve\/wp\/#organization","name":"Radio Nacional de Venezuela C.A.","url":"https:\/\/stage3.rnv.gob.ve\/wp\/","logo":{"@type":"ImageObject","inLanguage":"es","@id":"https:\/\/stage3.rnv.gob.ve\/wp\/#\/schema\/logo\/image\/","url":"http:\/\/rnv.ddns.net\/prensa\/wp-content\/uploads\/2022\/04\/rnv-1-300x227-1.jpg","contentUrl":"http:\/\/rnv.ddns.net\/prensa\/wp-content\/uploads\/2022\/04\/rnv-1-300x227-1.jpg","width":800,"height":455,"caption":"Radio Nacional de Venezuela C.A."},"image":{"@id":"https:\/\/stage3.rnv.gob.ve\/wp\/#\/schema\/logo\/image\/"},"sameAs":["https:\/\/www.facebook.com\/RadioNacionaldeVenezuela","https:\/\/x.com\/RNVinformativa","https:\/\/www.instagram.com\/rnvinformativa\/","https:\/\/www.youtube.com\/user\/RNVContigo"]},{"@type":"Person","@id":"https:\/\/stage3.rnv.gob.ve\/wp\/#\/schema\/person\/0862ce8cde332e0bc63b8a243f0eea2c","name":"administrador","sameAs":["http:\/\/arnoldoeloy.net"],"url":"https:\/\/stage3.rnv.gob.ve\/wp\/author\/administrador\/"}]}},"jetpack_featured_media_url":"","_links":{"self":[{"href":"https:\/\/stage3.rnv.gob.ve\/wp\/wp-json\/wp\/v2\/posts\/241561","targetHints":{"allow":["GET"]}}],"collection":[{"href":"https:\/\/stage3.rnv.gob.ve\/wp\/wp-json\/wp\/v2\/posts"}],"about":[{"href":"https:\/\/stage3.rnv.gob.ve\/wp\/wp-json\/wp\/v2\/types\/post"}],"author":[{"embeddable":true,"href":"https:\/\/stage3.rnv.gob.ve\/wp\/wp-json\/wp\/v2\/users\/1"}],"replies":[{"embeddable":true,"href":"https:\/\/stage3.rnv.gob.ve\/wp\/wp-json\/wp\/v2\/comments?post=241561"}],"version-history":[{"count":0,"href":"https:\/\/stage3.rnv.gob.ve\/wp\/wp-json\/wp\/v2\/posts\/241561\/revisions"}],"wp:featuredmedia":[{"embeddable":true,"href":"https:\/\/stage3.rnv.gob.ve\/wp\/wp-json\/"}],"wp:attachment":[{"href":"https:\/\/stage3.rnv.gob.ve\/wp\/wp-json\/wp\/v2\/media?parent=241561"}],"wp:term":[{"taxonomy":"category","embeddable":true,"href":"https:\/\/stage3.rnv.gob.ve\/wp\/wp-json\/wp\/v2\/categories?post=241561"},{"taxonomy":"post_tag","embeddable":true,"href":"https:\/\/stage3.rnv.gob.ve\/wp\/wp-json\/wp\/v2\/tags?post=241561"}],"curies":[{"name":"wp","href":"https:\/\/api.w.org\/{rel}","templated":true}]}}