{"id":237701,"date":"2018-09-23T18:50:27","date_gmt":"2018-09-23T23:20:27","guid":{"rendered":"https:\/\/stage3.rnv.gob.ve\/wp\/?p=237701"},"modified":"2018-09-23T18:50:27","modified_gmt":"2018-09-23T23:20:27","slug":"150-bolivares-soberanos-sera-el-costo-de-los-combos-escolares","status":"publish","type":"post","link":"https:\/\/stage3.rnv.gob.ve\/wp\/150-bolivares-soberanos-sera-el-costo-de-los-combos-escolares\/","title":{"rendered":"150 Bol\u00edvares Soberanos ser\u00e1 el costo de los Combos Escolares"},"content":{"rendered":"<p><img fetchpriority=\"high\" decoding=\"async\" class=\"aligncenter wp-image-237705\" src=\"https:\/\/stage3.rnv.gob.ve\/wp\/wp-content\/uploads\/2018\/09\/combos-300x230.jpg\" alt=\"\" width=\"600\" height=\"460\" \/><\/p>\n<p>&nbsp;<\/p>\n<p>El ministro del Poder Popular para la Educaci\u00f3n, Arist\u00f3bulo Ist\u00fariz, inform\u00f3 este domingo que los combos escolares que ser\u00e1n distribuidos a los estudiantes venezolanos de las escuelas p\u00fablicas tendr\u00e1n un costo total subsidiado de 150 Bol\u00edvares soberanos.<\/p>\n<p>\u00abEl morral le va a costar 50 bol\u00edvares soberanos, el par de zapatos en 50, el uniforme en 50. Eso lo va a pagar desde los 200 bol\u00edvares que tendr\u00e1 del bono educativo y todav\u00eda le queda 50 bol\u00edvares. Habr\u00e1 quien no pueda pagarlo, eso lo sabemos, habr\u00e1 sus excepciones, entonces el gobernador y las alcald\u00edas deben asumir ese pago\u00bb, detall\u00f3 Ist\u00fariz en una transmisi\u00f3n de VTV desde el estado Barinas.<\/p>\n<p>El ministro record\u00f3 que se distribuir\u00e1n en todo el pa\u00eds m\u00e1s de 5 millones de kits escolares para ni\u00f1as, ni\u00f1os y adolescentes. \u00abEso lo compr\u00f3 el presidente Nicol\u00e1s Maduro con petros gracias al Programa de Recuperaci\u00f3n Econ\u00f3mica\u00bb, dijo.<\/p>\n<p>El ministro para la Educaci\u00f3n tambi\u00e9n inform\u00f3 que el pr\u00f3ximo viernes se realizar\u00e1 mantenimiento de los planteles educativos de todo el territorio nacional, y que estas jornadas se llevar\u00e1n a cabo todos los \u00faltimos viernes de cada mes.<\/p>\n<p><strong>T\/ <a href=\"http:\/\/www.avn.info.ve\/contenido\/combos-escolares-tendr%C3%A1n-costo-bs-s-150\">AVN<\/a><\/strong><\/p>\n","protected":false},"excerpt":{"rendered":"<p>&nbsp; El ministro del Poder Popular para la Educaci\u00f3n, Arist\u00f3bulo Ist\u00fariz, inform\u00f3 este domingo que los combos escolares que ser\u00e1n distribuidos a los estudiantes venezolanos de las escuelas p\u00fablicas tendr\u00e1n un costo total subsidiado de 150 Bol\u00edvares soberanos. \u00abEl morral le va a costar 50 bol\u00edvares soberanos, el par de zapatos en 50, el uniforme [&hellip;]<\/p>\n","protected":false},"author":1,"featured_media":237704,"comment_status":"closed","ping_status":"open","sticky":false,"template":"","format":"standard","meta":{"_acf_changed":false,"footnotes":""},"categories":[59],"tags":[2459,202,23474,12446,704],"class_list":["post-237701","post","type-post","status-publish","format-standard","has-post-thumbnail","hentry","category-educacion","tag-aristobulo-isturiz","tag-barinas","tag-combos-escolares","tag-kits-escolares","tag-precios"],"acf":[],"yoast_head":"<!-- This site is optimized with the Yoast SEO plugin v27.4 - https:\/\/yoast.com\/product\/yoast-seo-wordpress\/ -->\n<title>150 Bol\u00edvares Soberanos ser\u00e1 el costo de los Combos Escolares - DEV RNV<\/title>\n<meta name=\"robots\" content=\"noindex, follow, max-snippet:-1, max-image-preview:large, max-video-preview:-1\" \/>\n<meta property=\"og:locale\" content=\"es_ES\" \/>\n<meta property=\"og:type\" content=\"article\" \/>\n<meta property=\"og:title\" content=\"150 Bol\u00edvares Soberanos ser\u00e1 el costo de los Combos Escolares - DEV RNV\" \/>\n<meta property=\"og:description\" content=\"&nbsp; El ministro del Poder Popular para la Educaci\u00f3n, Arist\u00f3bulo Ist\u00fariz, inform\u00f3 este domingo que los combos escolares que ser\u00e1n distribuidos a los estudiantes venezolanos de las escuelas p\u00fablicas tendr\u00e1n un costo total subsidiado de 150 Bol\u00edvares soberanos. \u00abEl morral le va a costar 50 bol\u00edvares soberanos, el par de zapatos en 50, el uniforme [&hellip;]\" \/>\n<meta property=\"og:url\" content=\"https:\/\/stage3.rnv.gob.ve\/wp\/150-bolivares-soberanos-sera-el-costo-de-los-combos-escolares\/\" \/>\n<meta property=\"og:site_name\" content=\"DEV RNV\" \/>\n<meta property=\"article:publisher\" content=\"https:\/\/www.facebook.com\/RadioNacionaldeVenezuela\" \/>\n<meta property=\"article:published_time\" content=\"2018-09-23T23:20:27+00:00\" \/>\n<meta name=\"author\" content=\"administrador\" \/>\n<meta name=\"twitter:card\" content=\"summary_large_image\" \/>\n<meta name=\"twitter:creator\" content=\"@RNVinformativa\" \/>\n<meta name=\"twitter:site\" content=\"@RNVinformativa\" \/>\n<meta name=\"twitter:label1\" content=\"Escrito por\" \/>\n\t<meta name=\"twitter:data1\" content=\"administrador\" \/>\n\t<meta name=\"twitter:label2\" content=\"Tiempo estimado de lectura\" \/>\n\t<meta name=\"twitter:data2\" content=\"1 minuto\" \/>\n<script type=\"application\/ld+json\" class=\"yoast-schema-graph\">{\"@context\":\"https:\\\/\\\/schema.org\",\"@graph\":[{\"@type\":\"Article\",\"@id\":\"https:\\\/\\\/stage3.rnv.gob.ve\\\/wp\\\/150-bolivares-soberanos-sera-el-costo-de-los-combos-escolares\\\/#article\",\"isPartOf\":{\"@id\":\"https:\\\/\\\/stage3.rnv.gob.ve\\\/wp\\\/150-bolivares-soberanos-sera-el-costo-de-los-combos-escolares\\\/\"},\"author\":{\"name\":\"administrador\",\"@id\":\"https:\\\/\\\/stage3.rnv.gob.ve\\\/wp\\\/#\\\/schema\\\/person\\\/0862ce8cde332e0bc63b8a243f0eea2c\"},\"headline\":\"150 Bol\u00edvares Soberanos ser\u00e1 el costo de los Combos Escolares\",\"datePublished\":\"2018-09-23T23:20:27+00:00\",\"mainEntityOfPage\":{\"@id\":\"https:\\\/\\\/stage3.rnv.gob.ve\\\/wp\\\/150-bolivares-soberanos-sera-el-costo-de-los-combos-escolares\\\/\"},\"wordCount\":216,\"publisher\":{\"@id\":\"https:\\\/\\\/stage3.rnv.gob.ve\\\/wp\\\/#organization\"},\"image\":{\"@id\":\"https:\\\/\\\/stage3.rnv.gob.ve\\\/wp\\\/150-bolivares-soberanos-sera-el-costo-de-los-combos-escolares\\\/#primaryimage\"},\"thumbnailUrl\":\"\",\"keywords\":[\"Arist\u00f3bulo Ist\u00fariz\",\"barinas\",\"Combos escolares\",\"kits escolares\",\"precios\"],\"articleSection\":[\"Educaci\u00f3n\"],\"inLanguage\":\"es\"},{\"@type\":\"WebPage\",\"@id\":\"https:\\\/\\\/stage3.rnv.gob.ve\\\/wp\\\/150-bolivares-soberanos-sera-el-costo-de-los-combos-escolares\\\/\",\"url\":\"https:\\\/\\\/stage3.rnv.gob.ve\\\/wp\\\/150-bolivares-soberanos-sera-el-costo-de-los-combos-escolares\\\/\",\"name\":\"150 Bol\u00edvares Soberanos ser\u00e1 el costo de los Combos Escolares - DEV RNV\",\"isPartOf\":{\"@id\":\"https:\\\/\\\/stage3.rnv.gob.ve\\\/wp\\\/#website\"},\"primaryImageOfPage\":{\"@id\":\"https:\\\/\\\/stage3.rnv.gob.ve\\\/wp\\\/150-bolivares-soberanos-sera-el-costo-de-los-combos-escolares\\\/#primaryimage\"},\"image\":{\"@id\":\"https:\\\/\\\/stage3.rnv.gob.ve\\\/wp\\\/150-bolivares-soberanos-sera-el-costo-de-los-combos-escolares\\\/#primaryimage\"},\"thumbnailUrl\":\"\",\"datePublished\":\"2018-09-23T23:20:27+00:00\",\"breadcrumb\":{\"@id\":\"https:\\\/\\\/stage3.rnv.gob.ve\\\/wp\\\/150-bolivares-soberanos-sera-el-costo-de-los-combos-escolares\\\/#breadcrumb\"},\"inLanguage\":\"es\",\"potentialAction\":[{\"@type\":\"ReadAction\",\"target\":[\"https:\\\/\\\/stage3.rnv.gob.ve\\\/wp\\\/150-bolivares-soberanos-sera-el-costo-de-los-combos-escolares\\\/\"]}]},{\"@type\":\"ImageObject\",\"inLanguage\":\"es\",\"@id\":\"https:\\\/\\\/stage3.rnv.gob.ve\\\/wp\\\/150-bolivares-soberanos-sera-el-costo-de-los-combos-escolares\\\/#primaryimage\",\"url\":\"\",\"contentUrl\":\"\"},{\"@type\":\"BreadcrumbList\",\"@id\":\"https:\\\/\\\/stage3.rnv.gob.ve\\\/wp\\\/150-bolivares-soberanos-sera-el-costo-de-los-combos-escolares\\\/#breadcrumb\",\"itemListElement\":[{\"@type\":\"ListItem\",\"position\":1,\"name\":\"Portada\",\"item\":\"https:\\\/\\\/stage3.rnv.gob.ve\\\/wp\\\/\"},{\"@type\":\"ListItem\",\"position\":2,\"name\":\"150 Bol\u00edvares Soberanos Ser\u00e1 El Costo De Los Combos Escolares\"}]},{\"@type\":\"WebSite\",\"@id\":\"https:\\\/\\\/stage3.rnv.gob.ve\\\/wp\\\/#website\",\"url\":\"https:\\\/\\\/stage3.rnv.gob.ve\\\/wp\\\/\",\"name\":\"DEV RNV\",\"description\":\"Radio Nacional de Venezuela C.A.\",\"publisher\":{\"@id\":\"https:\\\/\\\/stage3.rnv.gob.ve\\\/wp\\\/#organization\"},\"potentialAction\":[{\"@type\":\"SearchAction\",\"target\":{\"@type\":\"EntryPoint\",\"urlTemplate\":\"https:\\\/\\\/stage3.rnv.gob.ve\\\/wp\\\/?s={search_term_string}\"},\"query-input\":{\"@type\":\"PropertyValueSpecification\",\"valueRequired\":true,\"valueName\":\"search_term_string\"}}],\"inLanguage\":\"es\"},{\"@type\":\"Organization\",\"@id\":\"https:\\\/\\\/stage3.rnv.gob.ve\\\/wp\\\/#organization\",\"name\":\"Radio Nacional de Venezuela C.A.\",\"url\":\"https:\\\/\\\/stage3.rnv.gob.ve\\\/wp\\\/\",\"logo\":{\"@type\":\"ImageObject\",\"inLanguage\":\"es\",\"@id\":\"https:\\\/\\\/stage3.rnv.gob.ve\\\/wp\\\/#\\\/schema\\\/logo\\\/image\\\/\",\"url\":\"http:\\\/\\\/rnv.ddns.net\\\/prensa\\\/wp-content\\\/uploads\\\/2022\\\/04\\\/rnv-1-300x227-1.jpg\",\"contentUrl\":\"http:\\\/\\\/rnv.ddns.net\\\/prensa\\\/wp-content\\\/uploads\\\/2022\\\/04\\\/rnv-1-300x227-1.jpg\",\"width\":800,\"height\":455,\"caption\":\"Radio Nacional de Venezuela C.A.\"},\"image\":{\"@id\":\"https:\\\/\\\/stage3.rnv.gob.ve\\\/wp\\\/#\\\/schema\\\/logo\\\/image\\\/\"},\"sameAs\":[\"https:\\\/\\\/www.facebook.com\\\/RadioNacionaldeVenezuela\",\"https:\\\/\\\/x.com\\\/RNVinformativa\",\"https:\\\/\\\/www.instagram.com\\\/rnvinformativa\\\/\",\"https:\\\/\\\/www.youtube.com\\\/user\\\/RNVContigo\"]},{\"@type\":\"Person\",\"@id\":\"https:\\\/\\\/stage3.rnv.gob.ve\\\/wp\\\/#\\\/schema\\\/person\\\/0862ce8cde332e0bc63b8a243f0eea2c\",\"name\":\"administrador\",\"sameAs\":[\"http:\\\/\\\/arnoldoeloy.net\"],\"url\":\"https:\\\/\\\/stage3.rnv.gob.ve\\\/wp\\\/author\\\/administrador\\\/\"}]}<\/script>\n<!-- \/ Yoast SEO plugin. -->","yoast_head_json":{"title":"150 Bol\u00edvares Soberanos ser\u00e1 el costo de los Combos Escolares - DEV RNV","robots":{"index":"noindex","follow":"follow","max-snippet":"max-snippet:-1","max-image-preview":"max-image-preview:large","max-video-preview":"max-video-preview:-1"},"og_locale":"es_ES","og_type":"article","og_title":"150 Bol\u00edvares Soberanos ser\u00e1 el costo de los Combos Escolares - DEV RNV","og_description":"&nbsp; El ministro del Poder Popular para la Educaci\u00f3n, Arist\u00f3bulo Ist\u00fariz, inform\u00f3 este domingo que los combos escolares que ser\u00e1n distribuidos a los estudiantes venezolanos de las escuelas p\u00fablicas tendr\u00e1n un costo total subsidiado de 150 Bol\u00edvares soberanos. \u00abEl morral le va a costar 50 bol\u00edvares soberanos, el par de zapatos en 50, el uniforme [&hellip;]","og_url":"https:\/\/stage3.rnv.gob.ve\/wp\/150-bolivares-soberanos-sera-el-costo-de-los-combos-escolares\/","og_site_name":"DEV RNV","article_publisher":"https:\/\/www.facebook.com\/RadioNacionaldeVenezuela","article_published_time":"2018-09-23T23:20:27+00:00","author":"administrador","twitter_card":"summary_large_image","twitter_creator":"@RNVinformativa","twitter_site":"@RNVinformativa","twitter_misc":{"Escrito por":"administrador","Tiempo estimado de lectura":"1 minuto"},"schema":{"@context":"https:\/\/schema.org","@graph":[{"@type":"Article","@id":"https:\/\/stage3.rnv.gob.ve\/wp\/150-bolivares-soberanos-sera-el-costo-de-los-combos-escolares\/#article","isPartOf":{"@id":"https:\/\/stage3.rnv.gob.ve\/wp\/150-bolivares-soberanos-sera-el-costo-de-los-combos-escolares\/"},"author":{"name":"administrador","@id":"https:\/\/stage3.rnv.gob.ve\/wp\/#\/schema\/person\/0862ce8cde332e0bc63b8a243f0eea2c"},"headline":"150 Bol\u00edvares Soberanos ser\u00e1 el costo de los Combos Escolares","datePublished":"2018-09-23T23:20:27+00:00","mainEntityOfPage":{"@id":"https:\/\/stage3.rnv.gob.ve\/wp\/150-bolivares-soberanos-sera-el-costo-de-los-combos-escolares\/"},"wordCount":216,"publisher":{"@id":"https:\/\/stage3.rnv.gob.ve\/wp\/#organization"},"image":{"@id":"https:\/\/stage3.rnv.gob.ve\/wp\/150-bolivares-soberanos-sera-el-costo-de-los-combos-escolares\/#primaryimage"},"thumbnailUrl":"","keywords":["Arist\u00f3bulo Ist\u00fariz","barinas","Combos escolares","kits escolares","precios"],"articleSection":["Educaci\u00f3n"],"inLanguage":"es"},{"@type":"WebPage","@id":"https:\/\/stage3.rnv.gob.ve\/wp\/150-bolivares-soberanos-sera-el-costo-de-los-combos-escolares\/","url":"https:\/\/stage3.rnv.gob.ve\/wp\/150-bolivares-soberanos-sera-el-costo-de-los-combos-escolares\/","name":"150 Bol\u00edvares Soberanos ser\u00e1 el costo de los Combos Escolares - DEV RNV","isPartOf":{"@id":"https:\/\/stage3.rnv.gob.ve\/wp\/#website"},"primaryImageOfPage":{"@id":"https:\/\/stage3.rnv.gob.ve\/wp\/150-bolivares-soberanos-sera-el-costo-de-los-combos-escolares\/#primaryimage"},"image":{"@id":"https:\/\/stage3.rnv.gob.ve\/wp\/150-bolivares-soberanos-sera-el-costo-de-los-combos-escolares\/#primaryimage"},"thumbnailUrl":"","datePublished":"2018-09-23T23:20:27+00:00","breadcrumb":{"@id":"https:\/\/stage3.rnv.gob.ve\/wp\/150-bolivares-soberanos-sera-el-costo-de-los-combos-escolares\/#breadcrumb"},"inLanguage":"es","potentialAction":[{"@type":"ReadAction","target":["https:\/\/stage3.rnv.gob.ve\/wp\/150-bolivares-soberanos-sera-el-costo-de-los-combos-escolares\/"]}]},{"@type":"ImageObject","inLanguage":"es","@id":"https:\/\/stage3.rnv.gob.ve\/wp\/150-bolivares-soberanos-sera-el-costo-de-los-combos-escolares\/#primaryimage","url":"","contentUrl":""},{"@type":"BreadcrumbList","@id":"https:\/\/stage3.rnv.gob.ve\/wp\/150-bolivares-soberanos-sera-el-costo-de-los-combos-escolares\/#breadcrumb","itemListElement":[{"@type":"ListItem","position":1,"name":"Portada","item":"https:\/\/stage3.rnv.gob.ve\/wp\/"},{"@type":"ListItem","position":2,"name":"150 Bol\u00edvares Soberanos Ser\u00e1 El Costo De Los Combos Escolares"}]},{"@type":"WebSite","@id":"https:\/\/stage3.rnv.gob.ve\/wp\/#website","url":"https:\/\/stage3.rnv.gob.ve\/wp\/","name":"DEV RNV","description":"Radio Nacional de Venezuela C.A.","publisher":{"@id":"https:\/\/stage3.rnv.gob.ve\/wp\/#organization"},"potentialAction":[{"@type":"SearchAction","target":{"@type":"EntryPoint","urlTemplate":"https:\/\/stage3.rnv.gob.ve\/wp\/?s={search_term_string}"},"query-input":{"@type":"PropertyValueSpecification","valueRequired":true,"valueName":"search_term_string"}}],"inLanguage":"es"},{"@type":"Organization","@id":"https:\/\/stage3.rnv.gob.ve\/wp\/#organization","name":"Radio Nacional de Venezuela C.A.","url":"https:\/\/stage3.rnv.gob.ve\/wp\/","logo":{"@type":"ImageObject","inLanguage":"es","@id":"https:\/\/stage3.rnv.gob.ve\/wp\/#\/schema\/logo\/image\/","url":"http:\/\/rnv.ddns.net\/prensa\/wp-content\/uploads\/2022\/04\/rnv-1-300x227-1.jpg","contentUrl":"http:\/\/rnv.ddns.net\/prensa\/wp-content\/uploads\/2022\/04\/rnv-1-300x227-1.jpg","width":800,"height":455,"caption":"Radio Nacional de Venezuela C.A."},"image":{"@id":"https:\/\/stage3.rnv.gob.ve\/wp\/#\/schema\/logo\/image\/"},"sameAs":["https:\/\/www.facebook.com\/RadioNacionaldeVenezuela","https:\/\/x.com\/RNVinformativa","https:\/\/www.instagram.com\/rnvinformativa\/","https:\/\/www.youtube.com\/user\/RNVContigo"]},{"@type":"Person","@id":"https:\/\/stage3.rnv.gob.ve\/wp\/#\/schema\/person\/0862ce8cde332e0bc63b8a243f0eea2c","name":"administrador","sameAs":["http:\/\/arnoldoeloy.net"],"url":"https:\/\/stage3.rnv.gob.ve\/wp\/author\/administrador\/"}]}},"jetpack_featured_media_url":"","_links":{"self":[{"href":"https:\/\/stage3.rnv.gob.ve\/wp\/wp-json\/wp\/v2\/posts\/237701","targetHints":{"allow":["GET"]}}],"collection":[{"href":"https:\/\/stage3.rnv.gob.ve\/wp\/wp-json\/wp\/v2\/posts"}],"about":[{"href":"https:\/\/stage3.rnv.gob.ve\/wp\/wp-json\/wp\/v2\/types\/post"}],"author":[{"embeddable":true,"href":"https:\/\/stage3.rnv.gob.ve\/wp\/wp-json\/wp\/v2\/users\/1"}],"replies":[{"embeddable":true,"href":"https:\/\/stage3.rnv.gob.ve\/wp\/wp-json\/wp\/v2\/comments?post=237701"}],"version-history":[{"count":0,"href":"https:\/\/stage3.rnv.gob.ve\/wp\/wp-json\/wp\/v2\/posts\/237701\/revisions"}],"wp:featuredmedia":[{"embeddable":true,"href":"https:\/\/stage3.rnv.gob.ve\/wp\/wp-json\/"}],"wp:attachment":[{"href":"https:\/\/stage3.rnv.gob.ve\/wp\/wp-json\/wp\/v2\/media?parent=237701"}],"wp:term":[{"taxonomy":"category","embeddable":true,"href":"https:\/\/stage3.rnv.gob.ve\/wp\/wp-json\/wp\/v2\/categories?post=237701"},{"taxonomy":"post_tag","embeddable":true,"href":"https:\/\/stage3.rnv.gob.ve\/wp\/wp-json\/wp\/v2\/tags?post=237701"}],"curies":[{"name":"wp","href":"https:\/\/api.w.org\/{rel}","templated":true}]}}