{"id":234349,"date":"2018-08-17T08:21:24","date_gmt":"2018-08-17T12:51:24","guid":{"rendered":"https:\/\/stage3.rnv.gob.ve\/wp\/?p=234349"},"modified":"2018-08-17T08:21:24","modified_gmt":"2018-08-17T12:51:24","slug":"realizan-homenaje-a-victimas-de-atentado-terrorista-en-barcelona-espana","status":"publish","type":"post","link":"https:\/\/stage3.rnv.gob.ve\/wp\/realizan-homenaje-a-victimas-de-atentado-terrorista-en-barcelona-espana\/","title":{"rendered":"Realizan homenaje a v\u00edctimas de atentado terrorista en Barcelona, Espa\u00f1a"},"content":{"rendered":"<p><img fetchpriority=\"high\" decoding=\"async\" class=\"aligncenter wp-image-234350 size-full\" src=\"https:\/\/stage3.rnv.gob.ve\/wp\/wp-content\/uploads\/2018\/08\/barcelona2_twitter_1.jpg_1718483347.jpg\" alt=\"\" width=\"600\" height=\"338\" \/><\/p>\n<p>Diversas instituciones, en cooperaci\u00f3n con el Ayuntamiento de Barcelona, programaron para este viernes varios actos para conmemorar un a\u00f1o de losatentados terroristas en las localidades de Barcelona y Cambrils (noreste deEspa\u00f1a) en los que fallecieron 16 personas y hubo cerca de 140 heridos.<!--more--><\/p>\n<p>Entre los actos se incluye una\u00a0ofrenda floral en Las Ramblas de Barcelona, donde 14 personas perdieron la vida al ser atropelladas.<\/p>\n<p>Inicialmente,\u00a0se realiz\u00f3 una recepci\u00f3n privada en el Ayuntamiento de la Ciudad Condal, a la que asistieron parte de los familiares de las v\u00edctimas, que comenzaban a llegar a partir de las 08H30 hora local.<\/p>\n<p>Asimismo, est\u00e1 previsto un acto en la Plaza de Catalu\u00f1a, donde se leer\u00e1n unas palabras en los idiomas de las v\u00edctimas mortales: catal\u00e1n, castellano, ingl\u00e9s, franc\u00e9s, portugu\u00e9s, italiano y alem\u00e1n, y tambi\u00e9n se escuchar\u00e1n interpretaciones musicales del Conservatorio Municipal y las Escuelas Municipales de M\u00fasica.<\/p>\n<p>Duerante estos eventos, se espera la presencia de la alcaldesa de Barcelona, Ada Colau, el presidente de la Generalidad catalana, Quim Torra, el presidente del Gobierno espa\u00f1ol, Pedro S\u00e1nchez, as\u00ed como los reyes de Espa\u00f1a Felipe VI y Letizia Ortiz.<\/p>\n<p>Han sido muchas las voces (especialmente independentistas) que han criticado la visita del rey espa\u00f1ol a Barcelona, principalmente por las acusaciones emitidas por el monarca en 2017 sobre los intentos del Gobierno catal\u00e1n de intentar \u00abquebrar la unidad nacional\u00bb.<\/p>\n<p><strong>V\u00edctimas abandonadas<\/strong><\/p>\n<p>Varias v\u00edctimas del fatal suceso declararon recientemente que se han sentido abandonadas por las autoridades durante este a\u00f1o e instan a que no \u00abmanipulen\u00bb ni \u00abpoliticen\u00bb su dolor, seg\u00fan informan medios locales.<\/p>\n<p>Tras una rueda de prensa las v\u00edctimas agrupadas en torno de la Unidad de Atenci\u00f3n y Valoraci\u00f3n a Afectados por el Terrorismo (UAVAT) pidieron este jueves a la clase pol\u00edtica que hagan \u00abuna tregua\u00bb y que el 17 de agosto las v\u00edctimas de los atentados sean las protagonistas.<\/p>\n<p>&nbsp;<\/p>\n<p><strong>T\/AVN\u00a0<\/strong><\/p>\n","protected":false},"excerpt":{"rendered":"<p>Diversas instituciones, en cooperaci\u00f3n con el Ayuntamiento de Barcelona, programaron para este viernes varios actos para conmemorar un a\u00f1o de losatentados terroristas en las localidades de Barcelona y Cambrils (noreste deEspa\u00f1a) en los que fallecieron 16 personas y hubo cerca de 140 heridos.<\/p>\n","protected":false},"author":1,"featured_media":234350,"comment_status":"closed","ping_status":"open","sticky":false,"template":"","format":"standard","meta":{"_acf_changed":false,"footnotes":""},"categories":[61],"tags":[1734,855,82],"class_list":["post-234349","post","type-post","status-publish","format-standard","has-post-thumbnail","hentry","category-internacional","tag-atentado","tag-barcelona","tag-rnv"],"acf":[],"yoast_head":"<!-- This site is optimized with the Yoast SEO plugin v27.4 - https:\/\/yoast.com\/product\/yoast-seo-wordpress\/ -->\n<title>Realizan homenaje a v\u00edctimas de atentado terrorista en Barcelona, Espa\u00f1a - DEV RNV<\/title>\n<meta name=\"robots\" content=\"noindex, follow, max-snippet:-1, max-image-preview:large, max-video-preview:-1\" \/>\n<meta property=\"og:locale\" content=\"es_ES\" \/>\n<meta property=\"og:type\" content=\"article\" \/>\n<meta property=\"og:title\" content=\"Realizan homenaje a v\u00edctimas de atentado terrorista en Barcelona, Espa\u00f1a - DEV RNV\" \/>\n<meta property=\"og:description\" content=\"Diversas instituciones, en cooperaci\u00f3n con el Ayuntamiento de Barcelona, programaron para este viernes varios actos para conmemorar un a\u00f1o de losatentados terroristas en las localidades de Barcelona y Cambrils (noreste deEspa\u00f1a) en los que fallecieron 16 personas y hubo cerca de 140 heridos.\" \/>\n<meta property=\"og:url\" content=\"https:\/\/stage3.rnv.gob.ve\/wp\/realizan-homenaje-a-victimas-de-atentado-terrorista-en-barcelona-espana\/\" \/>\n<meta property=\"og:site_name\" content=\"DEV RNV\" \/>\n<meta property=\"article:publisher\" content=\"https:\/\/www.facebook.com\/RadioNacionaldeVenezuela\" \/>\n<meta property=\"article:published_time\" content=\"2018-08-17T12:51:24+00:00\" \/>\n<meta name=\"author\" content=\"administrador\" \/>\n<meta name=\"twitter:card\" content=\"summary_large_image\" \/>\n<meta name=\"twitter:creator\" content=\"@RNVinformativa\" \/>\n<meta name=\"twitter:site\" content=\"@RNVinformativa\" \/>\n<meta name=\"twitter:label1\" content=\"Escrito por\" \/>\n\t<meta name=\"twitter:data1\" content=\"administrador\" \/>\n\t<meta name=\"twitter:label2\" content=\"Tiempo estimado de lectura\" \/>\n\t<meta name=\"twitter:data2\" content=\"2 minutos\" \/>\n<script type=\"application\/ld+json\" class=\"yoast-schema-graph\">{\"@context\":\"https:\\\/\\\/schema.org\",\"@graph\":[{\"@type\":\"Article\",\"@id\":\"https:\\\/\\\/stage3.rnv.gob.ve\\\/wp\\\/realizan-homenaje-a-victimas-de-atentado-terrorista-en-barcelona-espana\\\/#article\",\"isPartOf\":{\"@id\":\"https:\\\/\\\/stage3.rnv.gob.ve\\\/wp\\\/realizan-homenaje-a-victimas-de-atentado-terrorista-en-barcelona-espana\\\/\"},\"author\":{\"name\":\"administrador\",\"@id\":\"https:\\\/\\\/stage3.rnv.gob.ve\\\/wp\\\/#\\\/schema\\\/person\\\/0862ce8cde332e0bc63b8a243f0eea2c\"},\"headline\":\"Realizan homenaje a v\u00edctimas de atentado terrorista en Barcelona, Espa\u00f1a\",\"datePublished\":\"2018-08-17T12:51:24+00:00\",\"mainEntityOfPage\":{\"@id\":\"https:\\\/\\\/stage3.rnv.gob.ve\\\/wp\\\/realizan-homenaje-a-victimas-de-atentado-terrorista-en-barcelona-espana\\\/\"},\"wordCount\":346,\"publisher\":{\"@id\":\"https:\\\/\\\/stage3.rnv.gob.ve\\\/wp\\\/#organization\"},\"image\":{\"@id\":\"https:\\\/\\\/stage3.rnv.gob.ve\\\/wp\\\/realizan-homenaje-a-victimas-de-atentado-terrorista-en-barcelona-espana\\\/#primaryimage\"},\"thumbnailUrl\":\"\",\"keywords\":[\"atentado\",\"barcelona\",\"RNV\"],\"articleSection\":[\"Internacional\"],\"inLanguage\":\"es\"},{\"@type\":\"WebPage\",\"@id\":\"https:\\\/\\\/stage3.rnv.gob.ve\\\/wp\\\/realizan-homenaje-a-victimas-de-atentado-terrorista-en-barcelona-espana\\\/\",\"url\":\"https:\\\/\\\/stage3.rnv.gob.ve\\\/wp\\\/realizan-homenaje-a-victimas-de-atentado-terrorista-en-barcelona-espana\\\/\",\"name\":\"Realizan homenaje a v\u00edctimas de atentado terrorista en Barcelona, Espa\u00f1a - DEV RNV\",\"isPartOf\":{\"@id\":\"https:\\\/\\\/stage3.rnv.gob.ve\\\/wp\\\/#website\"},\"primaryImageOfPage\":{\"@id\":\"https:\\\/\\\/stage3.rnv.gob.ve\\\/wp\\\/realizan-homenaje-a-victimas-de-atentado-terrorista-en-barcelona-espana\\\/#primaryimage\"},\"image\":{\"@id\":\"https:\\\/\\\/stage3.rnv.gob.ve\\\/wp\\\/realizan-homenaje-a-victimas-de-atentado-terrorista-en-barcelona-espana\\\/#primaryimage\"},\"thumbnailUrl\":\"\",\"datePublished\":\"2018-08-17T12:51:24+00:00\",\"breadcrumb\":{\"@id\":\"https:\\\/\\\/stage3.rnv.gob.ve\\\/wp\\\/realizan-homenaje-a-victimas-de-atentado-terrorista-en-barcelona-espana\\\/#breadcrumb\"},\"inLanguage\":\"es\",\"potentialAction\":[{\"@type\":\"ReadAction\",\"target\":[\"https:\\\/\\\/stage3.rnv.gob.ve\\\/wp\\\/realizan-homenaje-a-victimas-de-atentado-terrorista-en-barcelona-espana\\\/\"]}]},{\"@type\":\"ImageObject\",\"inLanguage\":\"es\",\"@id\":\"https:\\\/\\\/stage3.rnv.gob.ve\\\/wp\\\/realizan-homenaje-a-victimas-de-atentado-terrorista-en-barcelona-espana\\\/#primaryimage\",\"url\":\"\",\"contentUrl\":\"\"},{\"@type\":\"BreadcrumbList\",\"@id\":\"https:\\\/\\\/stage3.rnv.gob.ve\\\/wp\\\/realizan-homenaje-a-victimas-de-atentado-terrorista-en-barcelona-espana\\\/#breadcrumb\",\"itemListElement\":[{\"@type\":\"ListItem\",\"position\":1,\"name\":\"Portada\",\"item\":\"https:\\\/\\\/stage3.rnv.gob.ve\\\/wp\\\/\"},{\"@type\":\"ListItem\",\"position\":2,\"name\":\"Realizan Homenaje A V\u00edctimas De Atentado Terrorista En Barcelona, Espa\u00f1a\"}]},{\"@type\":\"WebSite\",\"@id\":\"https:\\\/\\\/stage3.rnv.gob.ve\\\/wp\\\/#website\",\"url\":\"https:\\\/\\\/stage3.rnv.gob.ve\\\/wp\\\/\",\"name\":\"DEV RNV\",\"description\":\"Radio Nacional de Venezuela C.A.\",\"publisher\":{\"@id\":\"https:\\\/\\\/stage3.rnv.gob.ve\\\/wp\\\/#organization\"},\"potentialAction\":[{\"@type\":\"SearchAction\",\"target\":{\"@type\":\"EntryPoint\",\"urlTemplate\":\"https:\\\/\\\/stage3.rnv.gob.ve\\\/wp\\\/?s={search_term_string}\"},\"query-input\":{\"@type\":\"PropertyValueSpecification\",\"valueRequired\":true,\"valueName\":\"search_term_string\"}}],\"inLanguage\":\"es\"},{\"@type\":\"Organization\",\"@id\":\"https:\\\/\\\/stage3.rnv.gob.ve\\\/wp\\\/#organization\",\"name\":\"Radio Nacional de Venezuela C.A.\",\"url\":\"https:\\\/\\\/stage3.rnv.gob.ve\\\/wp\\\/\",\"logo\":{\"@type\":\"ImageObject\",\"inLanguage\":\"es\",\"@id\":\"https:\\\/\\\/stage3.rnv.gob.ve\\\/wp\\\/#\\\/schema\\\/logo\\\/image\\\/\",\"url\":\"http:\\\/\\\/rnv.ddns.net\\\/prensa\\\/wp-content\\\/uploads\\\/2022\\\/04\\\/rnv-1-300x227-1.jpg\",\"contentUrl\":\"http:\\\/\\\/rnv.ddns.net\\\/prensa\\\/wp-content\\\/uploads\\\/2022\\\/04\\\/rnv-1-300x227-1.jpg\",\"width\":800,\"height\":455,\"caption\":\"Radio Nacional de Venezuela C.A.\"},\"image\":{\"@id\":\"https:\\\/\\\/stage3.rnv.gob.ve\\\/wp\\\/#\\\/schema\\\/logo\\\/image\\\/\"},\"sameAs\":[\"https:\\\/\\\/www.facebook.com\\\/RadioNacionaldeVenezuela\",\"https:\\\/\\\/x.com\\\/RNVinformativa\",\"https:\\\/\\\/www.instagram.com\\\/rnvinformativa\\\/\",\"https:\\\/\\\/www.youtube.com\\\/user\\\/RNVContigo\"]},{\"@type\":\"Person\",\"@id\":\"https:\\\/\\\/stage3.rnv.gob.ve\\\/wp\\\/#\\\/schema\\\/person\\\/0862ce8cde332e0bc63b8a243f0eea2c\",\"name\":\"administrador\",\"sameAs\":[\"http:\\\/\\\/arnoldoeloy.net\"],\"url\":\"https:\\\/\\\/stage3.rnv.gob.ve\\\/wp\\\/author\\\/administrador\\\/\"}]}<\/script>\n<!-- \/ Yoast SEO plugin. -->","yoast_head_json":{"title":"Realizan homenaje a v\u00edctimas de atentado terrorista en Barcelona, Espa\u00f1a - DEV RNV","robots":{"index":"noindex","follow":"follow","max-snippet":"max-snippet:-1","max-image-preview":"max-image-preview:large","max-video-preview":"max-video-preview:-1"},"og_locale":"es_ES","og_type":"article","og_title":"Realizan homenaje a v\u00edctimas de atentado terrorista en Barcelona, Espa\u00f1a - DEV RNV","og_description":"Diversas instituciones, en cooperaci\u00f3n con el Ayuntamiento de Barcelona, programaron para este viernes varios actos para conmemorar un a\u00f1o de losatentados terroristas en las localidades de Barcelona y Cambrils (noreste deEspa\u00f1a) en los que fallecieron 16 personas y hubo cerca de 140 heridos.","og_url":"https:\/\/stage3.rnv.gob.ve\/wp\/realizan-homenaje-a-victimas-de-atentado-terrorista-en-barcelona-espana\/","og_site_name":"DEV RNV","article_publisher":"https:\/\/www.facebook.com\/RadioNacionaldeVenezuela","article_published_time":"2018-08-17T12:51:24+00:00","author":"administrador","twitter_card":"summary_large_image","twitter_creator":"@RNVinformativa","twitter_site":"@RNVinformativa","twitter_misc":{"Escrito por":"administrador","Tiempo estimado de lectura":"2 minutos"},"schema":{"@context":"https:\/\/schema.org","@graph":[{"@type":"Article","@id":"https:\/\/stage3.rnv.gob.ve\/wp\/realizan-homenaje-a-victimas-de-atentado-terrorista-en-barcelona-espana\/#article","isPartOf":{"@id":"https:\/\/stage3.rnv.gob.ve\/wp\/realizan-homenaje-a-victimas-de-atentado-terrorista-en-barcelona-espana\/"},"author":{"name":"administrador","@id":"https:\/\/stage3.rnv.gob.ve\/wp\/#\/schema\/person\/0862ce8cde332e0bc63b8a243f0eea2c"},"headline":"Realizan homenaje a v\u00edctimas de atentado terrorista en Barcelona, Espa\u00f1a","datePublished":"2018-08-17T12:51:24+00:00","mainEntityOfPage":{"@id":"https:\/\/stage3.rnv.gob.ve\/wp\/realizan-homenaje-a-victimas-de-atentado-terrorista-en-barcelona-espana\/"},"wordCount":346,"publisher":{"@id":"https:\/\/stage3.rnv.gob.ve\/wp\/#organization"},"image":{"@id":"https:\/\/stage3.rnv.gob.ve\/wp\/realizan-homenaje-a-victimas-de-atentado-terrorista-en-barcelona-espana\/#primaryimage"},"thumbnailUrl":"","keywords":["atentado","barcelona","RNV"],"articleSection":["Internacional"],"inLanguage":"es"},{"@type":"WebPage","@id":"https:\/\/stage3.rnv.gob.ve\/wp\/realizan-homenaje-a-victimas-de-atentado-terrorista-en-barcelona-espana\/","url":"https:\/\/stage3.rnv.gob.ve\/wp\/realizan-homenaje-a-victimas-de-atentado-terrorista-en-barcelona-espana\/","name":"Realizan homenaje a v\u00edctimas de atentado terrorista en Barcelona, Espa\u00f1a - DEV RNV","isPartOf":{"@id":"https:\/\/stage3.rnv.gob.ve\/wp\/#website"},"primaryImageOfPage":{"@id":"https:\/\/stage3.rnv.gob.ve\/wp\/realizan-homenaje-a-victimas-de-atentado-terrorista-en-barcelona-espana\/#primaryimage"},"image":{"@id":"https:\/\/stage3.rnv.gob.ve\/wp\/realizan-homenaje-a-victimas-de-atentado-terrorista-en-barcelona-espana\/#primaryimage"},"thumbnailUrl":"","datePublished":"2018-08-17T12:51:24+00:00","breadcrumb":{"@id":"https:\/\/stage3.rnv.gob.ve\/wp\/realizan-homenaje-a-victimas-de-atentado-terrorista-en-barcelona-espana\/#breadcrumb"},"inLanguage":"es","potentialAction":[{"@type":"ReadAction","target":["https:\/\/stage3.rnv.gob.ve\/wp\/realizan-homenaje-a-victimas-de-atentado-terrorista-en-barcelona-espana\/"]}]},{"@type":"ImageObject","inLanguage":"es","@id":"https:\/\/stage3.rnv.gob.ve\/wp\/realizan-homenaje-a-victimas-de-atentado-terrorista-en-barcelona-espana\/#primaryimage","url":"","contentUrl":""},{"@type":"BreadcrumbList","@id":"https:\/\/stage3.rnv.gob.ve\/wp\/realizan-homenaje-a-victimas-de-atentado-terrorista-en-barcelona-espana\/#breadcrumb","itemListElement":[{"@type":"ListItem","position":1,"name":"Portada","item":"https:\/\/stage3.rnv.gob.ve\/wp\/"},{"@type":"ListItem","position":2,"name":"Realizan Homenaje A V\u00edctimas De Atentado Terrorista En Barcelona, Espa\u00f1a"}]},{"@type":"WebSite","@id":"https:\/\/stage3.rnv.gob.ve\/wp\/#website","url":"https:\/\/stage3.rnv.gob.ve\/wp\/","name":"DEV RNV","description":"Radio Nacional de Venezuela C.A.","publisher":{"@id":"https:\/\/stage3.rnv.gob.ve\/wp\/#organization"},"potentialAction":[{"@type":"SearchAction","target":{"@type":"EntryPoint","urlTemplate":"https:\/\/stage3.rnv.gob.ve\/wp\/?s={search_term_string}"},"query-input":{"@type":"PropertyValueSpecification","valueRequired":true,"valueName":"search_term_string"}}],"inLanguage":"es"},{"@type":"Organization","@id":"https:\/\/stage3.rnv.gob.ve\/wp\/#organization","name":"Radio Nacional de Venezuela C.A.","url":"https:\/\/stage3.rnv.gob.ve\/wp\/","logo":{"@type":"ImageObject","inLanguage":"es","@id":"https:\/\/stage3.rnv.gob.ve\/wp\/#\/schema\/logo\/image\/","url":"http:\/\/rnv.ddns.net\/prensa\/wp-content\/uploads\/2022\/04\/rnv-1-300x227-1.jpg","contentUrl":"http:\/\/rnv.ddns.net\/prensa\/wp-content\/uploads\/2022\/04\/rnv-1-300x227-1.jpg","width":800,"height":455,"caption":"Radio Nacional de Venezuela C.A."},"image":{"@id":"https:\/\/stage3.rnv.gob.ve\/wp\/#\/schema\/logo\/image\/"},"sameAs":["https:\/\/www.facebook.com\/RadioNacionaldeVenezuela","https:\/\/x.com\/RNVinformativa","https:\/\/www.instagram.com\/rnvinformativa\/","https:\/\/www.youtube.com\/user\/RNVContigo"]},{"@type":"Person","@id":"https:\/\/stage3.rnv.gob.ve\/wp\/#\/schema\/person\/0862ce8cde332e0bc63b8a243f0eea2c","name":"administrador","sameAs":["http:\/\/arnoldoeloy.net"],"url":"https:\/\/stage3.rnv.gob.ve\/wp\/author\/administrador\/"}]}},"jetpack_featured_media_url":"","_links":{"self":[{"href":"https:\/\/stage3.rnv.gob.ve\/wp\/wp-json\/wp\/v2\/posts\/234349","targetHints":{"allow":["GET"]}}],"collection":[{"href":"https:\/\/stage3.rnv.gob.ve\/wp\/wp-json\/wp\/v2\/posts"}],"about":[{"href":"https:\/\/stage3.rnv.gob.ve\/wp\/wp-json\/wp\/v2\/types\/post"}],"author":[{"embeddable":true,"href":"https:\/\/stage3.rnv.gob.ve\/wp\/wp-json\/wp\/v2\/users\/1"}],"replies":[{"embeddable":true,"href":"https:\/\/stage3.rnv.gob.ve\/wp\/wp-json\/wp\/v2\/comments?post=234349"}],"version-history":[{"count":0,"href":"https:\/\/stage3.rnv.gob.ve\/wp\/wp-json\/wp\/v2\/posts\/234349\/revisions"}],"wp:featuredmedia":[{"embeddable":true,"href":"https:\/\/stage3.rnv.gob.ve\/wp\/wp-json\/"}],"wp:attachment":[{"href":"https:\/\/stage3.rnv.gob.ve\/wp\/wp-json\/wp\/v2\/media?parent=234349"}],"wp:term":[{"taxonomy":"category","embeddable":true,"href":"https:\/\/stage3.rnv.gob.ve\/wp\/wp-json\/wp\/v2\/categories?post=234349"},{"taxonomy":"post_tag","embeddable":true,"href":"https:\/\/stage3.rnv.gob.ve\/wp\/wp-json\/wp\/v2\/tags?post=234349"}],"curies":[{"name":"wp","href":"https:\/\/api.w.org\/{rel}","templated":true}]}}