{"id":233361,"date":"2018-08-09T15:21:14","date_gmt":"2018-08-09T19:51:14","guid":{"rendered":"https:\/\/stage3.rnv.gob.ve\/wp\/?p=233361"},"modified":"2018-08-09T15:21:14","modified_gmt":"2018-08-09T19:51:14","slug":"venezuela-solicita-ante-representante-de-colombia-extradicion-de-implicados-en-magnicidio-frustrado","status":"publish","type":"post","link":"https:\/\/stage3.rnv.gob.ve\/wp\/venezuela-solicita-ante-representante-de-colombia-extradicion-de-implicados-en-magnicidio-frustrado\/","title":{"rendered":"Venezuela solicita ante representante de Colombia extradici\u00f3n de implicados en magnicidio frustrado"},"content":{"rendered":"<figure id=\"attachment_233362\" aria-describedby=\"caption-attachment-233362\" style=\"width: 640px\" class=\"wp-caption aligncenter\"><img fetchpriority=\"high\" decoding=\"async\" class=\"wp-image-233362\" src=\"https:\/\/stage3.rnv.gob.ve\/wp\/wp-content\/uploads\/2018\/08\/Vzla-Colomvia9AGO-300x200.jpg\" alt=\"\" width=\"640\" height=\"427\" \/><figcaption id=\"caption-attachment-233362\" class=\"wp-caption-text\">Foto: Twitter Canciller\u00eda<\/figcaption><\/figure>\n<p>Venezuela solicit\u00f3 formalmente la extradici\u00f3n de los autores materiales e intelectuales del magnicidio en grado de frustraci\u00f3n perpetrado contra el presidente de la Rep\u00fablica,\u00a0Nicol\u00e1s Maduro,\u00a0 en un acto conmemorativo del 81 aniversario de la Guardia Nacional Bolivariana, celebrado en la avenida Bol\u00edvar de Caracas, el pasado s\u00e1bado cuatro de agosto.<\/p>\n<p>As\u00ed lo confirm\u00f3 el canciller de la Rep\u00fablica Bolivariana de Venezuela,\u00a0Jorge Arreaza al t\u00e9rmino\u00a0del encuentro que sostuvo este jueves con el consejero de la embajada de Colombia,\u00a0Augusto Blanco.<\/p>\n<p>En la naci\u00f3n neogranadina se encuentran el coronel retirado Oswaldo Valent\u00edn Garc\u00eda Palomo, Gregorio Jos\u00e9 Yaguas Monje, Mauricio Jim\u00e9nez Pinz\u00f3n, Gilbert Alberto Escalona Torrealba y Julio Borges, implicados en este hecho, de acuerdo con las investigaciones realizadas por los cuerpos de seguridad del Estado.<\/p>\n<p>Arreaza precis\u00f3 que el vecino pa\u00eds sirvi\u00f3 de locaci\u00f3n \u201cpara el entrenamiento de este grupo de terroristas que atentaron contra la vida del presidente Nicol\u00e1s Maduro y pr\u00e1cticamente de todo el alto mando pol\u00edtico y militar de Venezuela, poniendo en riesgo la estabilidad y la paz del\u00a0 pa\u00eds\u201d.<\/p>\n<p>Por otra parte, resalt\u00f3 que este mi\u00e9rcoles tambi\u00e9n se reuni\u00f3 con el encargado de negocios de la Embajada de Estados Unidos en Venezuela,\u00a0James Story, para implementar acciones que ser\u00e1n formalizadas por el Poder Ciudadano y el Poder Judicial venezolano.<\/p>\n<p>T\/<a href=\"http:\/\/vtv.mippci.gob.ve\/venezuela-solicita-extradicion-de-autores-de-intento-de-magnicidio-contra-presidente-maduro\/\" target=\"_blank\" rel=\"noopener\">VTV<\/a><\/p>\n","protected":false},"excerpt":{"rendered":"<p>Venezuela solicit\u00f3 formalmente la extradici\u00f3n de los autores materiales e intelectuales del magnicidio en grado de frustraci\u00f3n perpetrado contra el presidente de la Rep\u00fablica,\u00a0Nicol\u00e1s Maduro,\u00a0 en un acto conmemorativo del 81 aniversario de la Guardia Nacional Bolivariana, celebrado en la avenida Bol\u00edvar de Caracas, el pasado s\u00e1bado cuatro de agosto. As\u00ed lo confirm\u00f3 el canciller [&hellip;]<\/p>\n","protected":false},"author":1,"featured_media":233362,"comment_status":"closed","ping_status":"open","sticky":false,"template":"","format":"standard","meta":{"_acf_changed":false,"footnotes":""},"categories":[63],"tags":[483,4648,21796,104],"class_list":["post-233361","post","type-post","status-publish","format-standard","has-post-thumbnail","hentry","category-latinoamerica","tag-colombia","tag-extradicion","tag-magnicidio-frustrado","tag-venezuela"],"acf":[],"yoast_head":"<!-- This site is optimized with the Yoast SEO plugin v27.4 - https:\/\/yoast.com\/product\/yoast-seo-wordpress\/ -->\n<title>Venezuela solicita ante representante de Colombia extradici\u00f3n de implicados en magnicidio frustrado - DEV RNV<\/title>\n<meta name=\"robots\" content=\"noindex, follow, max-snippet:-1, max-image-preview:large, max-video-preview:-1\" \/>\n<meta property=\"og:locale\" content=\"es_ES\" \/>\n<meta property=\"og:type\" content=\"article\" \/>\n<meta property=\"og:title\" content=\"Venezuela solicita ante representante de Colombia extradici\u00f3n de implicados en magnicidio frustrado - DEV RNV\" \/>\n<meta property=\"og:description\" content=\"Venezuela solicit\u00f3 formalmente la extradici\u00f3n de los autores materiales e intelectuales del magnicidio en grado de frustraci\u00f3n perpetrado contra el presidente de la Rep\u00fablica,\u00a0Nicol\u00e1s Maduro,\u00a0 en un acto conmemorativo del 81 aniversario de la Guardia Nacional Bolivariana, celebrado en la avenida Bol\u00edvar de Caracas, el pasado s\u00e1bado cuatro de agosto. As\u00ed lo confirm\u00f3 el canciller [&hellip;]\" \/>\n<meta property=\"og:url\" content=\"https:\/\/stage3.rnv.gob.ve\/wp\/venezuela-solicita-ante-representante-de-colombia-extradicion-de-implicados-en-magnicidio-frustrado\/\" \/>\n<meta property=\"og:site_name\" content=\"DEV RNV\" \/>\n<meta property=\"article:publisher\" content=\"https:\/\/www.facebook.com\/RadioNacionaldeVenezuela\" \/>\n<meta property=\"article:published_time\" content=\"2018-08-09T19:51:14+00:00\" \/>\n<meta name=\"author\" content=\"administrador\" \/>\n<meta name=\"twitter:card\" content=\"summary_large_image\" \/>\n<meta name=\"twitter:creator\" content=\"@RNVinformativa\" \/>\n<meta name=\"twitter:site\" content=\"@RNVinformativa\" \/>\n<meta name=\"twitter:label1\" content=\"Escrito por\" \/>\n\t<meta name=\"twitter:data1\" content=\"administrador\" \/>\n\t<meta name=\"twitter:label2\" content=\"Tiempo estimado de lectura\" \/>\n\t<meta name=\"twitter:data2\" content=\"1 minuto\" \/>\n<script type=\"application\/ld+json\" class=\"yoast-schema-graph\">{\"@context\":\"https:\\\/\\\/schema.org\",\"@graph\":[{\"@type\":\"Article\",\"@id\":\"https:\\\/\\\/stage3.rnv.gob.ve\\\/wp\\\/venezuela-solicita-ante-representante-de-colombia-extradicion-de-implicados-en-magnicidio-frustrado\\\/#article\",\"isPartOf\":{\"@id\":\"https:\\\/\\\/stage3.rnv.gob.ve\\\/wp\\\/venezuela-solicita-ante-representante-de-colombia-extradicion-de-implicados-en-magnicidio-frustrado\\\/\"},\"author\":{\"name\":\"administrador\",\"@id\":\"https:\\\/\\\/stage3.rnv.gob.ve\\\/wp\\\/#\\\/schema\\\/person\\\/0862ce8cde332e0bc63b8a243f0eea2c\"},\"headline\":\"Venezuela solicita ante representante de Colombia extradici\u00f3n de implicados en magnicidio frustrado\",\"datePublished\":\"2018-08-09T19:51:14+00:00\",\"mainEntityOfPage\":{\"@id\":\"https:\\\/\\\/stage3.rnv.gob.ve\\\/wp\\\/venezuela-solicita-ante-representante-de-colombia-extradicion-de-implicados-en-magnicidio-frustrado\\\/\"},\"wordCount\":261,\"publisher\":{\"@id\":\"https:\\\/\\\/stage3.rnv.gob.ve\\\/wp\\\/#organization\"},\"image\":{\"@id\":\"https:\\\/\\\/stage3.rnv.gob.ve\\\/wp\\\/venezuela-solicita-ante-representante-de-colombia-extradicion-de-implicados-en-magnicidio-frustrado\\\/#primaryimage\"},\"thumbnailUrl\":\"\",\"keywords\":[\"colombia\",\"extradici\u00f3n\",\"magnicidio frustrado\",\"Venezuela\"],\"articleSection\":[\"Latinoam\u00e9rica\"],\"inLanguage\":\"es\"},{\"@type\":\"WebPage\",\"@id\":\"https:\\\/\\\/stage3.rnv.gob.ve\\\/wp\\\/venezuela-solicita-ante-representante-de-colombia-extradicion-de-implicados-en-magnicidio-frustrado\\\/\",\"url\":\"https:\\\/\\\/stage3.rnv.gob.ve\\\/wp\\\/venezuela-solicita-ante-representante-de-colombia-extradicion-de-implicados-en-magnicidio-frustrado\\\/\",\"name\":\"Venezuela solicita ante representante de Colombia extradici\u00f3n de implicados en magnicidio frustrado - DEV RNV\",\"isPartOf\":{\"@id\":\"https:\\\/\\\/stage3.rnv.gob.ve\\\/wp\\\/#website\"},\"primaryImageOfPage\":{\"@id\":\"https:\\\/\\\/stage3.rnv.gob.ve\\\/wp\\\/venezuela-solicita-ante-representante-de-colombia-extradicion-de-implicados-en-magnicidio-frustrado\\\/#primaryimage\"},\"image\":{\"@id\":\"https:\\\/\\\/stage3.rnv.gob.ve\\\/wp\\\/venezuela-solicita-ante-representante-de-colombia-extradicion-de-implicados-en-magnicidio-frustrado\\\/#primaryimage\"},\"thumbnailUrl\":\"\",\"datePublished\":\"2018-08-09T19:51:14+00:00\",\"breadcrumb\":{\"@id\":\"https:\\\/\\\/stage3.rnv.gob.ve\\\/wp\\\/venezuela-solicita-ante-representante-de-colombia-extradicion-de-implicados-en-magnicidio-frustrado\\\/#breadcrumb\"},\"inLanguage\":\"es\",\"potentialAction\":[{\"@type\":\"ReadAction\",\"target\":[\"https:\\\/\\\/stage3.rnv.gob.ve\\\/wp\\\/venezuela-solicita-ante-representante-de-colombia-extradicion-de-implicados-en-magnicidio-frustrado\\\/\"]}]},{\"@type\":\"ImageObject\",\"inLanguage\":\"es\",\"@id\":\"https:\\\/\\\/stage3.rnv.gob.ve\\\/wp\\\/venezuela-solicita-ante-representante-de-colombia-extradicion-de-implicados-en-magnicidio-frustrado\\\/#primaryimage\",\"url\":\"\",\"contentUrl\":\"\"},{\"@type\":\"BreadcrumbList\",\"@id\":\"https:\\\/\\\/stage3.rnv.gob.ve\\\/wp\\\/venezuela-solicita-ante-representante-de-colombia-extradicion-de-implicados-en-magnicidio-frustrado\\\/#breadcrumb\",\"itemListElement\":[{\"@type\":\"ListItem\",\"position\":1,\"name\":\"Portada\",\"item\":\"https:\\\/\\\/stage3.rnv.gob.ve\\\/wp\\\/\"},{\"@type\":\"ListItem\",\"position\":2,\"name\":\"Venezuela Solicita Ante Representante De Colombia Extradici\u00f3n De Implicados En Magnicidio Frustrado\"}]},{\"@type\":\"WebSite\",\"@id\":\"https:\\\/\\\/stage3.rnv.gob.ve\\\/wp\\\/#website\",\"url\":\"https:\\\/\\\/stage3.rnv.gob.ve\\\/wp\\\/\",\"name\":\"DEV RNV\",\"description\":\"Radio Nacional de Venezuela C.A.\",\"publisher\":{\"@id\":\"https:\\\/\\\/stage3.rnv.gob.ve\\\/wp\\\/#organization\"},\"potentialAction\":[{\"@type\":\"SearchAction\",\"target\":{\"@type\":\"EntryPoint\",\"urlTemplate\":\"https:\\\/\\\/stage3.rnv.gob.ve\\\/wp\\\/?s={search_term_string}\"},\"query-input\":{\"@type\":\"PropertyValueSpecification\",\"valueRequired\":true,\"valueName\":\"search_term_string\"}}],\"inLanguage\":\"es\"},{\"@type\":\"Organization\",\"@id\":\"https:\\\/\\\/stage3.rnv.gob.ve\\\/wp\\\/#organization\",\"name\":\"Radio Nacional de Venezuela C.A.\",\"url\":\"https:\\\/\\\/stage3.rnv.gob.ve\\\/wp\\\/\",\"logo\":{\"@type\":\"ImageObject\",\"inLanguage\":\"es\",\"@id\":\"https:\\\/\\\/stage3.rnv.gob.ve\\\/wp\\\/#\\\/schema\\\/logo\\\/image\\\/\",\"url\":\"http:\\\/\\\/rnv.ddns.net\\\/prensa\\\/wp-content\\\/uploads\\\/2022\\\/04\\\/rnv-1-300x227-1.jpg\",\"contentUrl\":\"http:\\\/\\\/rnv.ddns.net\\\/prensa\\\/wp-content\\\/uploads\\\/2022\\\/04\\\/rnv-1-300x227-1.jpg\",\"width\":800,\"height\":455,\"caption\":\"Radio Nacional de Venezuela C.A.\"},\"image\":{\"@id\":\"https:\\\/\\\/stage3.rnv.gob.ve\\\/wp\\\/#\\\/schema\\\/logo\\\/image\\\/\"},\"sameAs\":[\"https:\\\/\\\/www.facebook.com\\\/RadioNacionaldeVenezuela\",\"https:\\\/\\\/x.com\\\/RNVinformativa\",\"https:\\\/\\\/www.instagram.com\\\/rnvinformativa\\\/\",\"https:\\\/\\\/www.youtube.com\\\/user\\\/RNVContigo\"]},{\"@type\":\"Person\",\"@id\":\"https:\\\/\\\/stage3.rnv.gob.ve\\\/wp\\\/#\\\/schema\\\/person\\\/0862ce8cde332e0bc63b8a243f0eea2c\",\"name\":\"administrador\",\"sameAs\":[\"http:\\\/\\\/arnoldoeloy.net\"],\"url\":\"https:\\\/\\\/stage3.rnv.gob.ve\\\/wp\\\/author\\\/administrador\\\/\"}]}<\/script>\n<!-- \/ Yoast SEO plugin. -->","yoast_head_json":{"title":"Venezuela solicita ante representante de Colombia extradici\u00f3n de implicados en magnicidio frustrado - DEV RNV","robots":{"index":"noindex","follow":"follow","max-snippet":"max-snippet:-1","max-image-preview":"max-image-preview:large","max-video-preview":"max-video-preview:-1"},"og_locale":"es_ES","og_type":"article","og_title":"Venezuela solicita ante representante de Colombia extradici\u00f3n de implicados en magnicidio frustrado - DEV RNV","og_description":"Venezuela solicit\u00f3 formalmente la extradici\u00f3n de los autores materiales e intelectuales del magnicidio en grado de frustraci\u00f3n perpetrado contra el presidente de la Rep\u00fablica,\u00a0Nicol\u00e1s Maduro,\u00a0 en un acto conmemorativo del 81 aniversario de la Guardia Nacional Bolivariana, celebrado en la avenida Bol\u00edvar de Caracas, el pasado s\u00e1bado cuatro de agosto. As\u00ed lo confirm\u00f3 el canciller [&hellip;]","og_url":"https:\/\/stage3.rnv.gob.ve\/wp\/venezuela-solicita-ante-representante-de-colombia-extradicion-de-implicados-en-magnicidio-frustrado\/","og_site_name":"DEV RNV","article_publisher":"https:\/\/www.facebook.com\/RadioNacionaldeVenezuela","article_published_time":"2018-08-09T19:51:14+00:00","author":"administrador","twitter_card":"summary_large_image","twitter_creator":"@RNVinformativa","twitter_site":"@RNVinformativa","twitter_misc":{"Escrito por":"administrador","Tiempo estimado de lectura":"1 minuto"},"schema":{"@context":"https:\/\/schema.org","@graph":[{"@type":"Article","@id":"https:\/\/stage3.rnv.gob.ve\/wp\/venezuela-solicita-ante-representante-de-colombia-extradicion-de-implicados-en-magnicidio-frustrado\/#article","isPartOf":{"@id":"https:\/\/stage3.rnv.gob.ve\/wp\/venezuela-solicita-ante-representante-de-colombia-extradicion-de-implicados-en-magnicidio-frustrado\/"},"author":{"name":"administrador","@id":"https:\/\/stage3.rnv.gob.ve\/wp\/#\/schema\/person\/0862ce8cde332e0bc63b8a243f0eea2c"},"headline":"Venezuela solicita ante representante de Colombia extradici\u00f3n de implicados en magnicidio frustrado","datePublished":"2018-08-09T19:51:14+00:00","mainEntityOfPage":{"@id":"https:\/\/stage3.rnv.gob.ve\/wp\/venezuela-solicita-ante-representante-de-colombia-extradicion-de-implicados-en-magnicidio-frustrado\/"},"wordCount":261,"publisher":{"@id":"https:\/\/stage3.rnv.gob.ve\/wp\/#organization"},"image":{"@id":"https:\/\/stage3.rnv.gob.ve\/wp\/venezuela-solicita-ante-representante-de-colombia-extradicion-de-implicados-en-magnicidio-frustrado\/#primaryimage"},"thumbnailUrl":"","keywords":["colombia","extradici\u00f3n","magnicidio frustrado","Venezuela"],"articleSection":["Latinoam\u00e9rica"],"inLanguage":"es"},{"@type":"WebPage","@id":"https:\/\/stage3.rnv.gob.ve\/wp\/venezuela-solicita-ante-representante-de-colombia-extradicion-de-implicados-en-magnicidio-frustrado\/","url":"https:\/\/stage3.rnv.gob.ve\/wp\/venezuela-solicita-ante-representante-de-colombia-extradicion-de-implicados-en-magnicidio-frustrado\/","name":"Venezuela solicita ante representante de Colombia extradici\u00f3n de implicados en magnicidio frustrado - DEV RNV","isPartOf":{"@id":"https:\/\/stage3.rnv.gob.ve\/wp\/#website"},"primaryImageOfPage":{"@id":"https:\/\/stage3.rnv.gob.ve\/wp\/venezuela-solicita-ante-representante-de-colombia-extradicion-de-implicados-en-magnicidio-frustrado\/#primaryimage"},"image":{"@id":"https:\/\/stage3.rnv.gob.ve\/wp\/venezuela-solicita-ante-representante-de-colombia-extradicion-de-implicados-en-magnicidio-frustrado\/#primaryimage"},"thumbnailUrl":"","datePublished":"2018-08-09T19:51:14+00:00","breadcrumb":{"@id":"https:\/\/stage3.rnv.gob.ve\/wp\/venezuela-solicita-ante-representante-de-colombia-extradicion-de-implicados-en-magnicidio-frustrado\/#breadcrumb"},"inLanguage":"es","potentialAction":[{"@type":"ReadAction","target":["https:\/\/stage3.rnv.gob.ve\/wp\/venezuela-solicita-ante-representante-de-colombia-extradicion-de-implicados-en-magnicidio-frustrado\/"]}]},{"@type":"ImageObject","inLanguage":"es","@id":"https:\/\/stage3.rnv.gob.ve\/wp\/venezuela-solicita-ante-representante-de-colombia-extradicion-de-implicados-en-magnicidio-frustrado\/#primaryimage","url":"","contentUrl":""},{"@type":"BreadcrumbList","@id":"https:\/\/stage3.rnv.gob.ve\/wp\/venezuela-solicita-ante-representante-de-colombia-extradicion-de-implicados-en-magnicidio-frustrado\/#breadcrumb","itemListElement":[{"@type":"ListItem","position":1,"name":"Portada","item":"https:\/\/stage3.rnv.gob.ve\/wp\/"},{"@type":"ListItem","position":2,"name":"Venezuela Solicita Ante Representante De Colombia Extradici\u00f3n De Implicados En Magnicidio Frustrado"}]},{"@type":"WebSite","@id":"https:\/\/stage3.rnv.gob.ve\/wp\/#website","url":"https:\/\/stage3.rnv.gob.ve\/wp\/","name":"DEV RNV","description":"Radio Nacional de Venezuela C.A.","publisher":{"@id":"https:\/\/stage3.rnv.gob.ve\/wp\/#organization"},"potentialAction":[{"@type":"SearchAction","target":{"@type":"EntryPoint","urlTemplate":"https:\/\/stage3.rnv.gob.ve\/wp\/?s={search_term_string}"},"query-input":{"@type":"PropertyValueSpecification","valueRequired":true,"valueName":"search_term_string"}}],"inLanguage":"es"},{"@type":"Organization","@id":"https:\/\/stage3.rnv.gob.ve\/wp\/#organization","name":"Radio Nacional de Venezuela C.A.","url":"https:\/\/stage3.rnv.gob.ve\/wp\/","logo":{"@type":"ImageObject","inLanguage":"es","@id":"https:\/\/stage3.rnv.gob.ve\/wp\/#\/schema\/logo\/image\/","url":"http:\/\/rnv.ddns.net\/prensa\/wp-content\/uploads\/2022\/04\/rnv-1-300x227-1.jpg","contentUrl":"http:\/\/rnv.ddns.net\/prensa\/wp-content\/uploads\/2022\/04\/rnv-1-300x227-1.jpg","width":800,"height":455,"caption":"Radio Nacional de Venezuela C.A."},"image":{"@id":"https:\/\/stage3.rnv.gob.ve\/wp\/#\/schema\/logo\/image\/"},"sameAs":["https:\/\/www.facebook.com\/RadioNacionaldeVenezuela","https:\/\/x.com\/RNVinformativa","https:\/\/www.instagram.com\/rnvinformativa\/","https:\/\/www.youtube.com\/user\/RNVContigo"]},{"@type":"Person","@id":"https:\/\/stage3.rnv.gob.ve\/wp\/#\/schema\/person\/0862ce8cde332e0bc63b8a243f0eea2c","name":"administrador","sameAs":["http:\/\/arnoldoeloy.net"],"url":"https:\/\/stage3.rnv.gob.ve\/wp\/author\/administrador\/"}]}},"jetpack_featured_media_url":"","_links":{"self":[{"href":"https:\/\/stage3.rnv.gob.ve\/wp\/wp-json\/wp\/v2\/posts\/233361","targetHints":{"allow":["GET"]}}],"collection":[{"href":"https:\/\/stage3.rnv.gob.ve\/wp\/wp-json\/wp\/v2\/posts"}],"about":[{"href":"https:\/\/stage3.rnv.gob.ve\/wp\/wp-json\/wp\/v2\/types\/post"}],"author":[{"embeddable":true,"href":"https:\/\/stage3.rnv.gob.ve\/wp\/wp-json\/wp\/v2\/users\/1"}],"replies":[{"embeddable":true,"href":"https:\/\/stage3.rnv.gob.ve\/wp\/wp-json\/wp\/v2\/comments?post=233361"}],"version-history":[{"count":0,"href":"https:\/\/stage3.rnv.gob.ve\/wp\/wp-json\/wp\/v2\/posts\/233361\/revisions"}],"wp:featuredmedia":[{"embeddable":true,"href":"https:\/\/stage3.rnv.gob.ve\/wp\/wp-json\/"}],"wp:attachment":[{"href":"https:\/\/stage3.rnv.gob.ve\/wp\/wp-json\/wp\/v2\/media?parent=233361"}],"wp:term":[{"taxonomy":"category","embeddable":true,"href":"https:\/\/stage3.rnv.gob.ve\/wp\/wp-json\/wp\/v2\/categories?post=233361"},{"taxonomy":"post_tag","embeddable":true,"href":"https:\/\/stage3.rnv.gob.ve\/wp\/wp-json\/wp\/v2\/tags?post=233361"}],"curies":[{"name":"wp","href":"https:\/\/api.w.org\/{rel}","templated":true}]}}