{"id":231649,"date":"2018-07-29T17:07:52","date_gmt":"2018-07-29T21:37:52","guid":{"rendered":"https:\/\/stage3.rnv.gob.ve\/wp\/?p=231649"},"modified":"2018-07-29T17:07:52","modified_gmt":"2018-07-29T21:37:52","slug":"el-pueblo-organizado-es-el-unico-capaz-de-contener-las-arremetidas-del-imperialismo","status":"publish","type":"post","link":"https:\/\/stage3.rnv.gob.ve\/wp\/el-pueblo-organizado-es-el-unico-capaz-de-contener-las-arremetidas-del-imperialismo\/","title":{"rendered":"El pueblo organizado es el \u00fanico capaz de contener las arremetidas del imperialismo"},"content":{"rendered":"<p><img fetchpriority=\"high\" decoding=\"async\" class=\"size-medium wp-image-231650 alignleft\" src=\"https:\/\/stage3.rnv.gob.ve\/wp\/wp-content\/uploads\/2018\/07\/A-300x200.jpg\" alt=\"\" width=\"300\" height=\"200\" \/>El canciller de la \u00a0Rep\u00fablica Bolivariana de Venezuela,\u00a0Jorge Arreaza, sostuvo este domingo que el pueblo organizado es el \u00fanico capaz de contener las arremetidas del imperialismo contra el pa\u00eds y que son ejecutadas de varias formas, en el marco del IV congreso del Psuv, donde destac\u00f3 su unidad y organizaci\u00f3n en medio de la persecuci\u00f3n de los enemigos del pa\u00eds.<\/p>\n<p>\u201cEl PSUV tiene mucho que aportar, nosotros estamos siendo perseguidos financieramente, pol\u00edticamente, medi\u00e1ticamente por el imperialismo (\u2026) si no hay un pueblo organizado el imperialismo no solo nos interviene, difumina el poder popular\u201d, sostuvo.<\/p>\n<p>Argument\u00f3 que al fortalecer el partido socialista \u201cno solo estamos fortaleciendo las estructuras para ganar elecciones o para gobernar, estamos fortaleciendo la defensa y seguridad de la naci\u00f3n\u201d.<\/p>\n<p>El titular de la diplomacia bolivariana de paz asegur\u00f3 que el Psuv es la tolda pol\u00edtica m\u00e1s s\u00f3lida y popular del continente.\u00a0Sostuvo que ante los ataques de los factores imperialistas al proceso revolucionario \u201cla defensa de la Revoluci\u00f3n Bolivariana no es solo responsabilidad de las venezolanas y venezolanos, es responsabilidad de todos aquellos seres humanos que creen en la igualdad y que al capitalismo hay que ponerle un punto final para salvar al planeta\u201d.<\/p>\n<h4>Nicol\u00e1s Maduro ser\u00e1 ratificado en la presidencia del Psuv<\/h4>\n<p>El canciller se\u00f1al\u00f3 que Nicol\u00e1s Maduro ser\u00e1 ratificado como presidente del Psuv. \u201cEstoy seguro que este congreso lo va a ratificar\u201d, puntualiz\u00f3.<\/p>\n<p>A partir del tercer congreso, en el a\u00f1o 2014, se ha vivido un proceso de unidad necesaria, indispensable que venimos a ratificarla ahora, dijo el canciller al enfatizar que Venezuela es un pa\u00eds que est\u00e1 \u201cbajo bloqueo imperialista\u201d y que ha recibido sanciones contra las finanzas \u00a0que imposibilitan obtener cr\u00e9ditos en el exterior y pagar compras de lo que necesita el pueblo para alimentaci\u00f3n o salud.<\/p>\n<p>\u201cEl Presidente nos ha pedido apoyo como partido, como militantes y tenemos que darle apoyo para que tome las grandes decisiones, para salir de las dificultades\u201d, puntualiz\u00f3.<\/p>\n<p>&nbsp;<\/p>\n<p><strong>Escuche al\u00a0canciller de la \u00a0Rep\u00fablica Bolivariana de Venezuela,\u00a0Jorge Arreaza.<\/strong><\/p>\n<audio class=\"wp-audio-shortcode\" id=\"audio-231649-1\" preload=\"none\" style=\"width: 100%;\" controls=\"controls\"><source type=\"audio\/mpeg\" src=\"https:\/\/stage3.rnv.gob.ve\/wp\/wp-content\/uploads\/2018\/07\/Arreaza-C.mp3?_=1\" \/><a href=\"https:\/\/stage3.rnv.gob.ve\/wp\/wp-content\/uploads\/2018\/07\/Arreaza-C.mp3\">https:\/\/stage3.rnv.gob.ve\/wp\/wp-content\/uploads\/2018\/07\/Arreaza-C.mp3<\/a><\/audio>\n<p><strong>T\/ RNV Web<\/strong><\/p>\n","protected":false},"excerpt":{"rendered":"<p>El canciller de la \u00a0Rep\u00fablica Bolivariana de Venezuela,\u00a0Jorge Arreaza, sostuvo este domingo que el pueblo organizado es el \u00fanico capaz de contener las arremetidas del imperialismo contra el pa\u00eds y que son ejecutadas de varias formas, en el marco del IV congreso del Psuv, donde destac\u00f3 su unidad y organizaci\u00f3n en medio de la persecuci\u00f3n [&hellip;]<\/p>\n","protected":false},"author":1,"featured_media":231650,"comment_status":"closed","ping_status":"open","sticky":false,"template":"","format":"standard","meta":{"_acf_changed":false,"footnotes":""},"categories":[67],"tags":[26934,26935,1180,1375,4539,526,148],"class_list":["post-231649","post","type-post","status-publish","format-standard","has-post-thumbnail","hentry","category-politica","tag-areaza","tag-arremetidas","tag-congreso","tag-imperialismo","tag-organizado","tag-psuv","tag-pueblo"],"acf":[],"yoast_head":"<!-- This site is optimized with the Yoast SEO plugin v27.4 - https:\/\/yoast.com\/product\/yoast-seo-wordpress\/ -->\n<title>El pueblo organizado es el \u00fanico capaz de contener las arremetidas del imperialismo - DEV RNV<\/title>\n<meta name=\"robots\" content=\"noindex, follow, max-snippet:-1, max-image-preview:large, max-video-preview:-1\" \/>\n<meta property=\"og:locale\" content=\"es_ES\" \/>\n<meta property=\"og:type\" content=\"article\" \/>\n<meta property=\"og:title\" content=\"El pueblo organizado es el \u00fanico capaz de contener las arremetidas del imperialismo - DEV RNV\" \/>\n<meta property=\"og:description\" content=\"El canciller de la \u00a0Rep\u00fablica Bolivariana de Venezuela,\u00a0Jorge Arreaza, sostuvo este domingo que el pueblo organizado es el \u00fanico capaz de contener las arremetidas del imperialismo contra el pa\u00eds y que son ejecutadas de varias formas, en el marco del IV congreso del Psuv, donde destac\u00f3 su unidad y organizaci\u00f3n en medio de la persecuci\u00f3n [&hellip;]\" \/>\n<meta property=\"og:url\" content=\"https:\/\/stage3.rnv.gob.ve\/wp\/el-pueblo-organizado-es-el-unico-capaz-de-contener-las-arremetidas-del-imperialismo\/\" \/>\n<meta property=\"og:site_name\" content=\"DEV RNV\" \/>\n<meta property=\"article:publisher\" content=\"https:\/\/www.facebook.com\/RadioNacionaldeVenezuela\" \/>\n<meta property=\"article:published_time\" content=\"2018-07-29T21:37:52+00:00\" \/>\n<meta name=\"author\" content=\"administrador\" \/>\n<meta name=\"twitter:card\" content=\"summary_large_image\" \/>\n<meta name=\"twitter:creator\" content=\"@RNVinformativa\" \/>\n<meta name=\"twitter:site\" content=\"@RNVinformativa\" \/>\n<meta name=\"twitter:label1\" content=\"Escrito por\" \/>\n\t<meta name=\"twitter:data1\" content=\"administrador\" \/>\n\t<meta name=\"twitter:label2\" content=\"Tiempo estimado de lectura\" \/>\n\t<meta name=\"twitter:data2\" content=\"2 minutos\" \/>\n<script type=\"application\/ld+json\" class=\"yoast-schema-graph\">{\"@context\":\"https:\\\/\\\/schema.org\",\"@graph\":[{\"@type\":\"Article\",\"@id\":\"https:\\\/\\\/stage3.rnv.gob.ve\\\/wp\\\/el-pueblo-organizado-es-el-unico-capaz-de-contener-las-arremetidas-del-imperialismo\\\/#article\",\"isPartOf\":{\"@id\":\"https:\\\/\\\/stage3.rnv.gob.ve\\\/wp\\\/el-pueblo-organizado-es-el-unico-capaz-de-contener-las-arremetidas-del-imperialismo\\\/\"},\"author\":{\"name\":\"administrador\",\"@id\":\"https:\\\/\\\/stage3.rnv.gob.ve\\\/wp\\\/#\\\/schema\\\/person\\\/0862ce8cde332e0bc63b8a243f0eea2c\"},\"headline\":\"El pueblo organizado es el \u00fanico capaz de contener las arremetidas del imperialismo\",\"datePublished\":\"2018-07-29T21:37:52+00:00\",\"mainEntityOfPage\":{\"@id\":\"https:\\\/\\\/stage3.rnv.gob.ve\\\/wp\\\/el-pueblo-organizado-es-el-unico-capaz-de-contener-las-arremetidas-del-imperialismo\\\/\"},\"wordCount\":381,\"publisher\":{\"@id\":\"https:\\\/\\\/stage3.rnv.gob.ve\\\/wp\\\/#organization\"},\"image\":{\"@id\":\"https:\\\/\\\/stage3.rnv.gob.ve\\\/wp\\\/el-pueblo-organizado-es-el-unico-capaz-de-contener-las-arremetidas-del-imperialismo\\\/#primaryimage\"},\"thumbnailUrl\":\"\",\"keywords\":[\"Areaza\",\"arremetidas\",\"congreso\",\"imperialismo\",\"organizado\",\"PSUV\",\"pueblo\"],\"articleSection\":[\"Pol\u00edtica\"],\"inLanguage\":\"es\"},{\"@type\":\"WebPage\",\"@id\":\"https:\\\/\\\/stage3.rnv.gob.ve\\\/wp\\\/el-pueblo-organizado-es-el-unico-capaz-de-contener-las-arremetidas-del-imperialismo\\\/\",\"url\":\"https:\\\/\\\/stage3.rnv.gob.ve\\\/wp\\\/el-pueblo-organizado-es-el-unico-capaz-de-contener-las-arremetidas-del-imperialismo\\\/\",\"name\":\"El pueblo organizado es el \u00fanico capaz de contener las arremetidas del imperialismo - DEV RNV\",\"isPartOf\":{\"@id\":\"https:\\\/\\\/stage3.rnv.gob.ve\\\/wp\\\/#website\"},\"primaryImageOfPage\":{\"@id\":\"https:\\\/\\\/stage3.rnv.gob.ve\\\/wp\\\/el-pueblo-organizado-es-el-unico-capaz-de-contener-las-arremetidas-del-imperialismo\\\/#primaryimage\"},\"image\":{\"@id\":\"https:\\\/\\\/stage3.rnv.gob.ve\\\/wp\\\/el-pueblo-organizado-es-el-unico-capaz-de-contener-las-arremetidas-del-imperialismo\\\/#primaryimage\"},\"thumbnailUrl\":\"\",\"datePublished\":\"2018-07-29T21:37:52+00:00\",\"breadcrumb\":{\"@id\":\"https:\\\/\\\/stage3.rnv.gob.ve\\\/wp\\\/el-pueblo-organizado-es-el-unico-capaz-de-contener-las-arremetidas-del-imperialismo\\\/#breadcrumb\"},\"inLanguage\":\"es\",\"potentialAction\":[{\"@type\":\"ReadAction\",\"target\":[\"https:\\\/\\\/stage3.rnv.gob.ve\\\/wp\\\/el-pueblo-organizado-es-el-unico-capaz-de-contener-las-arremetidas-del-imperialismo\\\/\"]}]},{\"@type\":\"ImageObject\",\"inLanguage\":\"es\",\"@id\":\"https:\\\/\\\/stage3.rnv.gob.ve\\\/wp\\\/el-pueblo-organizado-es-el-unico-capaz-de-contener-las-arremetidas-del-imperialismo\\\/#primaryimage\",\"url\":\"\",\"contentUrl\":\"\"},{\"@type\":\"BreadcrumbList\",\"@id\":\"https:\\\/\\\/stage3.rnv.gob.ve\\\/wp\\\/el-pueblo-organizado-es-el-unico-capaz-de-contener-las-arremetidas-del-imperialismo\\\/#breadcrumb\",\"itemListElement\":[{\"@type\":\"ListItem\",\"position\":1,\"name\":\"Portada\",\"item\":\"https:\\\/\\\/stage3.rnv.gob.ve\\\/wp\\\/\"},{\"@type\":\"ListItem\",\"position\":2,\"name\":\"El Pueblo Organizado Es El \u00danico Capaz De Contener Las Arremetidas Del Imperialismo\"}]},{\"@type\":\"WebSite\",\"@id\":\"https:\\\/\\\/stage3.rnv.gob.ve\\\/wp\\\/#website\",\"url\":\"https:\\\/\\\/stage3.rnv.gob.ve\\\/wp\\\/\",\"name\":\"DEV RNV\",\"description\":\"Radio Nacional de Venezuela C.A.\",\"publisher\":{\"@id\":\"https:\\\/\\\/stage3.rnv.gob.ve\\\/wp\\\/#organization\"},\"potentialAction\":[{\"@type\":\"SearchAction\",\"target\":{\"@type\":\"EntryPoint\",\"urlTemplate\":\"https:\\\/\\\/stage3.rnv.gob.ve\\\/wp\\\/?s={search_term_string}\"},\"query-input\":{\"@type\":\"PropertyValueSpecification\",\"valueRequired\":true,\"valueName\":\"search_term_string\"}}],\"inLanguage\":\"es\"},{\"@type\":\"Organization\",\"@id\":\"https:\\\/\\\/stage3.rnv.gob.ve\\\/wp\\\/#organization\",\"name\":\"Radio Nacional de Venezuela C.A.\",\"url\":\"https:\\\/\\\/stage3.rnv.gob.ve\\\/wp\\\/\",\"logo\":{\"@type\":\"ImageObject\",\"inLanguage\":\"es\",\"@id\":\"https:\\\/\\\/stage3.rnv.gob.ve\\\/wp\\\/#\\\/schema\\\/logo\\\/image\\\/\",\"url\":\"http:\\\/\\\/rnv.ddns.net\\\/prensa\\\/wp-content\\\/uploads\\\/2022\\\/04\\\/rnv-1-300x227-1.jpg\",\"contentUrl\":\"http:\\\/\\\/rnv.ddns.net\\\/prensa\\\/wp-content\\\/uploads\\\/2022\\\/04\\\/rnv-1-300x227-1.jpg\",\"width\":800,\"height\":455,\"caption\":\"Radio Nacional de Venezuela C.A.\"},\"image\":{\"@id\":\"https:\\\/\\\/stage3.rnv.gob.ve\\\/wp\\\/#\\\/schema\\\/logo\\\/image\\\/\"},\"sameAs\":[\"https:\\\/\\\/www.facebook.com\\\/RadioNacionaldeVenezuela\",\"https:\\\/\\\/x.com\\\/RNVinformativa\",\"https:\\\/\\\/www.instagram.com\\\/rnvinformativa\\\/\",\"https:\\\/\\\/www.youtube.com\\\/user\\\/RNVContigo\"]},{\"@type\":\"Person\",\"@id\":\"https:\\\/\\\/stage3.rnv.gob.ve\\\/wp\\\/#\\\/schema\\\/person\\\/0862ce8cde332e0bc63b8a243f0eea2c\",\"name\":\"administrador\",\"sameAs\":[\"http:\\\/\\\/arnoldoeloy.net\"],\"url\":\"https:\\\/\\\/stage3.rnv.gob.ve\\\/wp\\\/author\\\/administrador\\\/\"}]}<\/script>\n<!-- \/ Yoast SEO plugin. -->","yoast_head_json":{"title":"El pueblo organizado es el \u00fanico capaz de contener las arremetidas del imperialismo - DEV RNV","robots":{"index":"noindex","follow":"follow","max-snippet":"max-snippet:-1","max-image-preview":"max-image-preview:large","max-video-preview":"max-video-preview:-1"},"og_locale":"es_ES","og_type":"article","og_title":"El pueblo organizado es el \u00fanico capaz de contener las arremetidas del imperialismo - DEV RNV","og_description":"El canciller de la \u00a0Rep\u00fablica Bolivariana de Venezuela,\u00a0Jorge Arreaza, sostuvo este domingo que el pueblo organizado es el \u00fanico capaz de contener las arremetidas del imperialismo contra el pa\u00eds y que son ejecutadas de varias formas, en el marco del IV congreso del Psuv, donde destac\u00f3 su unidad y organizaci\u00f3n en medio de la persecuci\u00f3n [&hellip;]","og_url":"https:\/\/stage3.rnv.gob.ve\/wp\/el-pueblo-organizado-es-el-unico-capaz-de-contener-las-arremetidas-del-imperialismo\/","og_site_name":"DEV RNV","article_publisher":"https:\/\/www.facebook.com\/RadioNacionaldeVenezuela","article_published_time":"2018-07-29T21:37:52+00:00","author":"administrador","twitter_card":"summary_large_image","twitter_creator":"@RNVinformativa","twitter_site":"@RNVinformativa","twitter_misc":{"Escrito por":"administrador","Tiempo estimado de lectura":"2 minutos"},"schema":{"@context":"https:\/\/schema.org","@graph":[{"@type":"Article","@id":"https:\/\/stage3.rnv.gob.ve\/wp\/el-pueblo-organizado-es-el-unico-capaz-de-contener-las-arremetidas-del-imperialismo\/#article","isPartOf":{"@id":"https:\/\/stage3.rnv.gob.ve\/wp\/el-pueblo-organizado-es-el-unico-capaz-de-contener-las-arremetidas-del-imperialismo\/"},"author":{"name":"administrador","@id":"https:\/\/stage3.rnv.gob.ve\/wp\/#\/schema\/person\/0862ce8cde332e0bc63b8a243f0eea2c"},"headline":"El pueblo organizado es el \u00fanico capaz de contener las arremetidas del imperialismo","datePublished":"2018-07-29T21:37:52+00:00","mainEntityOfPage":{"@id":"https:\/\/stage3.rnv.gob.ve\/wp\/el-pueblo-organizado-es-el-unico-capaz-de-contener-las-arremetidas-del-imperialismo\/"},"wordCount":381,"publisher":{"@id":"https:\/\/stage3.rnv.gob.ve\/wp\/#organization"},"image":{"@id":"https:\/\/stage3.rnv.gob.ve\/wp\/el-pueblo-organizado-es-el-unico-capaz-de-contener-las-arremetidas-del-imperialismo\/#primaryimage"},"thumbnailUrl":"","keywords":["Areaza","arremetidas","congreso","imperialismo","organizado","PSUV","pueblo"],"articleSection":["Pol\u00edtica"],"inLanguage":"es"},{"@type":"WebPage","@id":"https:\/\/stage3.rnv.gob.ve\/wp\/el-pueblo-organizado-es-el-unico-capaz-de-contener-las-arremetidas-del-imperialismo\/","url":"https:\/\/stage3.rnv.gob.ve\/wp\/el-pueblo-organizado-es-el-unico-capaz-de-contener-las-arremetidas-del-imperialismo\/","name":"El pueblo organizado es el \u00fanico capaz de contener las arremetidas del imperialismo - DEV RNV","isPartOf":{"@id":"https:\/\/stage3.rnv.gob.ve\/wp\/#website"},"primaryImageOfPage":{"@id":"https:\/\/stage3.rnv.gob.ve\/wp\/el-pueblo-organizado-es-el-unico-capaz-de-contener-las-arremetidas-del-imperialismo\/#primaryimage"},"image":{"@id":"https:\/\/stage3.rnv.gob.ve\/wp\/el-pueblo-organizado-es-el-unico-capaz-de-contener-las-arremetidas-del-imperialismo\/#primaryimage"},"thumbnailUrl":"","datePublished":"2018-07-29T21:37:52+00:00","breadcrumb":{"@id":"https:\/\/stage3.rnv.gob.ve\/wp\/el-pueblo-organizado-es-el-unico-capaz-de-contener-las-arremetidas-del-imperialismo\/#breadcrumb"},"inLanguage":"es","potentialAction":[{"@type":"ReadAction","target":["https:\/\/stage3.rnv.gob.ve\/wp\/el-pueblo-organizado-es-el-unico-capaz-de-contener-las-arremetidas-del-imperialismo\/"]}]},{"@type":"ImageObject","inLanguage":"es","@id":"https:\/\/stage3.rnv.gob.ve\/wp\/el-pueblo-organizado-es-el-unico-capaz-de-contener-las-arremetidas-del-imperialismo\/#primaryimage","url":"","contentUrl":""},{"@type":"BreadcrumbList","@id":"https:\/\/stage3.rnv.gob.ve\/wp\/el-pueblo-organizado-es-el-unico-capaz-de-contener-las-arremetidas-del-imperialismo\/#breadcrumb","itemListElement":[{"@type":"ListItem","position":1,"name":"Portada","item":"https:\/\/stage3.rnv.gob.ve\/wp\/"},{"@type":"ListItem","position":2,"name":"El Pueblo Organizado Es El \u00danico Capaz De Contener Las Arremetidas Del Imperialismo"}]},{"@type":"WebSite","@id":"https:\/\/stage3.rnv.gob.ve\/wp\/#website","url":"https:\/\/stage3.rnv.gob.ve\/wp\/","name":"DEV RNV","description":"Radio Nacional de Venezuela C.A.","publisher":{"@id":"https:\/\/stage3.rnv.gob.ve\/wp\/#organization"},"potentialAction":[{"@type":"SearchAction","target":{"@type":"EntryPoint","urlTemplate":"https:\/\/stage3.rnv.gob.ve\/wp\/?s={search_term_string}"},"query-input":{"@type":"PropertyValueSpecification","valueRequired":true,"valueName":"search_term_string"}}],"inLanguage":"es"},{"@type":"Organization","@id":"https:\/\/stage3.rnv.gob.ve\/wp\/#organization","name":"Radio Nacional de Venezuela C.A.","url":"https:\/\/stage3.rnv.gob.ve\/wp\/","logo":{"@type":"ImageObject","inLanguage":"es","@id":"https:\/\/stage3.rnv.gob.ve\/wp\/#\/schema\/logo\/image\/","url":"http:\/\/rnv.ddns.net\/prensa\/wp-content\/uploads\/2022\/04\/rnv-1-300x227-1.jpg","contentUrl":"http:\/\/rnv.ddns.net\/prensa\/wp-content\/uploads\/2022\/04\/rnv-1-300x227-1.jpg","width":800,"height":455,"caption":"Radio Nacional de Venezuela C.A."},"image":{"@id":"https:\/\/stage3.rnv.gob.ve\/wp\/#\/schema\/logo\/image\/"},"sameAs":["https:\/\/www.facebook.com\/RadioNacionaldeVenezuela","https:\/\/x.com\/RNVinformativa","https:\/\/www.instagram.com\/rnvinformativa\/","https:\/\/www.youtube.com\/user\/RNVContigo"]},{"@type":"Person","@id":"https:\/\/stage3.rnv.gob.ve\/wp\/#\/schema\/person\/0862ce8cde332e0bc63b8a243f0eea2c","name":"administrador","sameAs":["http:\/\/arnoldoeloy.net"],"url":"https:\/\/stage3.rnv.gob.ve\/wp\/author\/administrador\/"}]}},"jetpack_featured_media_url":"","_links":{"self":[{"href":"https:\/\/stage3.rnv.gob.ve\/wp\/wp-json\/wp\/v2\/posts\/231649","targetHints":{"allow":["GET"]}}],"collection":[{"href":"https:\/\/stage3.rnv.gob.ve\/wp\/wp-json\/wp\/v2\/posts"}],"about":[{"href":"https:\/\/stage3.rnv.gob.ve\/wp\/wp-json\/wp\/v2\/types\/post"}],"author":[{"embeddable":true,"href":"https:\/\/stage3.rnv.gob.ve\/wp\/wp-json\/wp\/v2\/users\/1"}],"replies":[{"embeddable":true,"href":"https:\/\/stage3.rnv.gob.ve\/wp\/wp-json\/wp\/v2\/comments?post=231649"}],"version-history":[{"count":0,"href":"https:\/\/stage3.rnv.gob.ve\/wp\/wp-json\/wp\/v2\/posts\/231649\/revisions"}],"wp:featuredmedia":[{"embeddable":true,"href":"https:\/\/stage3.rnv.gob.ve\/wp\/wp-json\/"}],"wp:attachment":[{"href":"https:\/\/stage3.rnv.gob.ve\/wp\/wp-json\/wp\/v2\/media?parent=231649"}],"wp:term":[{"taxonomy":"category","embeddable":true,"href":"https:\/\/stage3.rnv.gob.ve\/wp\/wp-json\/wp\/v2\/categories?post=231649"},{"taxonomy":"post_tag","embeddable":true,"href":"https:\/\/stage3.rnv.gob.ve\/wp\/wp-json\/wp\/v2\/tags?post=231649"}],"curies":[{"name":"wp","href":"https:\/\/api.w.org\/{rel}","templated":true}]}}