{"id":231566,"date":"2018-07-28T21:13:56","date_gmt":"2018-07-29T01:43:56","guid":{"rendered":"https:\/\/stage3.rnv.gob.ve\/wp\/?p=231566"},"modified":"2018-07-28T21:13:56","modified_gmt":"2018-07-29T01:43:56","slug":"desde-el-proximo-3-agosto-iniciara-censo-nacional-automotor","status":"publish","type":"post","link":"https:\/\/stage3.rnv.gob.ve\/wp\/desde-el-proximo-3-agosto-iniciara-censo-nacional-automotor\/","title":{"rendered":"Desde el pr\u00f3ximo 3 agosto iniciar\u00e1 censo nacional automotor"},"content":{"rendered":"<p><img fetchpriority=\"high\" decoding=\"async\" class=\"size-medium wp-image-231568 alignleft\" src=\"https:\/\/stage3.rnv.gob.ve\/wp\/wp-content\/uploads\/2018\/07\/EG__W-11-300x196.jpg\" alt=\"\" width=\"300\" height=\"196\" \/>El presidente de la Rep\u00fablica Bolivariana de Venezuela, Nicol\u00e1s Maduro, anunci\u00f3 que desde el pr\u00f3ximo 3 de agosto iniciar\u00e1 el\u00a0censo nacional automotor a trav\u00e9s del Carnet de la Patria.<\/p>\n<p>\u00abQuiero anunciar que el pr\u00f3ximo viernes 3 de agosto, todas las personas que tengan un carro, una moto, el transporte p\u00fablico de pasajero, el transporte de carga todo el que tenga un veh\u00edculo automotor debe acudir el viernes 3 de agosto, s\u00e1bado 4 y domingo 5 de agosto a los lugares que se van anunciar p\u00fablicamente para el gran censo nacional automotor, para una nueva pol\u00edtica nacional energ\u00e9tica vinculada al Carnet de la Patria\u00bb, inform\u00f3.<\/p>\n<p>El Jefe de Estado asegur\u00f3 que este censo ser\u00e1 el inicio de los grandes cambios que vienen en los pr\u00f3ximos d\u00edas para regularizar la vida econ\u00f3mica de Venezuela. Agreg\u00f3 que el censo permitir\u00e1 una utilizaci\u00f3n eficiente de la gasolina, as\u00ed como la articulaci\u00f3n de ayudas econ\u00f3micas para los conductores del transporte p\u00fablico y privado.<\/p>\n<p>&nbsp;<\/p>\n<p><strong>Escuche al\u00a0presidente de la Rep\u00fablica Bolivariana de Venezuela, Nicol\u00e1s Maduro.<\/strong><\/p>\n<audio class=\"wp-audio-shortcode\" id=\"audio-231566-1\" preload=\"none\" style=\"width: 100%;\" controls=\"controls\"><source type=\"audio\/mpeg\" src=\"https:\/\/stage3.rnv.gob.ve\/wp\/wp-content\/uploads\/2018\/07\/MADURO-9-CENSO-C.mp3?_=1\" \/><a href=\"https:\/\/stage3.rnv.gob.ve\/wp\/wp-content\/uploads\/2018\/07\/MADURO-9-CENSO-C.mp3\">https:\/\/stage3.rnv.gob.ve\/wp\/wp-content\/uploads\/2018\/07\/MADURO-9-CENSO-C.mp3<\/a><\/audio>\n<p><strong>T\/ RNV Web<\/strong><\/p>\n","protected":false},"excerpt":{"rendered":"<p>El presidente de la Rep\u00fablica Bolivariana de Venezuela, Nicol\u00e1s Maduro, anunci\u00f3 que desde el pr\u00f3ximo 3 de agosto iniciar\u00e1 el\u00a0censo nacional automotor a trav\u00e9s del Carnet de la Patria. \u00abQuiero anunciar que el pr\u00f3ximo viernes 3 de agosto, todas las personas que tengan un carro, una moto, el transporte p\u00fablico de pasajero, el transporte de [&hellip;]<\/p>\n","protected":false},"author":1,"featured_media":231568,"comment_status":"closed","ping_status":"open","sticky":false,"template":"","format":"standard","meta":{"_acf_changed":false,"footnotes":""},"categories":[65],"tags":[7956,26931,11199,3152,147,142],"class_list":["post-231566","post","type-post","status-publish","format-standard","has-post-thumbnail","hentry","category-nacional","tag-agosto","tag-automotor","tag-carnet-de-la-patria","tag-censo","tag-maduro","tag-nacional"],"acf":[],"yoast_head":"<!-- This site is optimized with the Yoast SEO plugin v27.4 - https:\/\/yoast.com\/product\/yoast-seo-wordpress\/ -->\n<title>Desde el pr\u00f3ximo 3 agosto iniciar\u00e1 censo nacional automotor - DEV RNV<\/title>\n<meta name=\"robots\" content=\"noindex, follow, max-snippet:-1, max-image-preview:large, max-video-preview:-1\" \/>\n<meta property=\"og:locale\" content=\"es_ES\" \/>\n<meta property=\"og:type\" content=\"article\" \/>\n<meta property=\"og:title\" content=\"Desde el pr\u00f3ximo 3 agosto iniciar\u00e1 censo nacional automotor - DEV RNV\" \/>\n<meta property=\"og:description\" content=\"El presidente de la Rep\u00fablica Bolivariana de Venezuela, Nicol\u00e1s Maduro, anunci\u00f3 que desde el pr\u00f3ximo 3 de agosto iniciar\u00e1 el\u00a0censo nacional automotor a trav\u00e9s del Carnet de la Patria. \u00abQuiero anunciar que el pr\u00f3ximo viernes 3 de agosto, todas las personas que tengan un carro, una moto, el transporte p\u00fablico de pasajero, el transporte de [&hellip;]\" \/>\n<meta property=\"og:url\" content=\"https:\/\/stage3.rnv.gob.ve\/wp\/desde-el-proximo-3-agosto-iniciara-censo-nacional-automotor\/\" \/>\n<meta property=\"og:site_name\" content=\"DEV RNV\" \/>\n<meta property=\"article:publisher\" content=\"https:\/\/www.facebook.com\/RadioNacionaldeVenezuela\" \/>\n<meta property=\"article:published_time\" content=\"2018-07-29T01:43:56+00:00\" \/>\n<meta name=\"author\" content=\"administrador\" \/>\n<meta name=\"twitter:card\" content=\"summary_large_image\" \/>\n<meta name=\"twitter:creator\" content=\"@RNVinformativa\" \/>\n<meta name=\"twitter:site\" content=\"@RNVinformativa\" \/>\n<meta name=\"twitter:label1\" content=\"Escrito por\" \/>\n\t<meta name=\"twitter:data1\" content=\"administrador\" \/>\n\t<meta name=\"twitter:label2\" content=\"Tiempo estimado de lectura\" \/>\n\t<meta name=\"twitter:data2\" content=\"1 minuto\" \/>\n<script type=\"application\/ld+json\" class=\"yoast-schema-graph\">{\"@context\":\"https:\\\/\\\/schema.org\",\"@graph\":[{\"@type\":\"Article\",\"@id\":\"https:\\\/\\\/stage3.rnv.gob.ve\\\/wp\\\/desde-el-proximo-3-agosto-iniciara-censo-nacional-automotor\\\/#article\",\"isPartOf\":{\"@id\":\"https:\\\/\\\/stage3.rnv.gob.ve\\\/wp\\\/desde-el-proximo-3-agosto-iniciara-censo-nacional-automotor\\\/\"},\"author\":{\"name\":\"administrador\",\"@id\":\"https:\\\/\\\/stage3.rnv.gob.ve\\\/wp\\\/#\\\/schema\\\/person\\\/0862ce8cde332e0bc63b8a243f0eea2c\"},\"headline\":\"Desde el pr\u00f3ximo 3 agosto iniciar\u00e1 censo nacional automotor\",\"datePublished\":\"2018-07-29T01:43:56+00:00\",\"mainEntityOfPage\":{\"@id\":\"https:\\\/\\\/stage3.rnv.gob.ve\\\/wp\\\/desde-el-proximo-3-agosto-iniciara-censo-nacional-automotor\\\/\"},\"wordCount\":212,\"publisher\":{\"@id\":\"https:\\\/\\\/stage3.rnv.gob.ve\\\/wp\\\/#organization\"},\"image\":{\"@id\":\"https:\\\/\\\/stage3.rnv.gob.ve\\\/wp\\\/desde-el-proximo-3-agosto-iniciara-censo-nacional-automotor\\\/#primaryimage\"},\"thumbnailUrl\":\"\",\"keywords\":[\"agosto\",\"automotor\",\"Carnet de la patria\",\"censo\",\"maduro\",\"nacional\"],\"articleSection\":[\"Nacional\"],\"inLanguage\":\"es\"},{\"@type\":\"WebPage\",\"@id\":\"https:\\\/\\\/stage3.rnv.gob.ve\\\/wp\\\/desde-el-proximo-3-agosto-iniciara-censo-nacional-automotor\\\/\",\"url\":\"https:\\\/\\\/stage3.rnv.gob.ve\\\/wp\\\/desde-el-proximo-3-agosto-iniciara-censo-nacional-automotor\\\/\",\"name\":\"Desde el pr\u00f3ximo 3 agosto iniciar\u00e1 censo nacional automotor - DEV RNV\",\"isPartOf\":{\"@id\":\"https:\\\/\\\/stage3.rnv.gob.ve\\\/wp\\\/#website\"},\"primaryImageOfPage\":{\"@id\":\"https:\\\/\\\/stage3.rnv.gob.ve\\\/wp\\\/desde-el-proximo-3-agosto-iniciara-censo-nacional-automotor\\\/#primaryimage\"},\"image\":{\"@id\":\"https:\\\/\\\/stage3.rnv.gob.ve\\\/wp\\\/desde-el-proximo-3-agosto-iniciara-censo-nacional-automotor\\\/#primaryimage\"},\"thumbnailUrl\":\"\",\"datePublished\":\"2018-07-29T01:43:56+00:00\",\"breadcrumb\":{\"@id\":\"https:\\\/\\\/stage3.rnv.gob.ve\\\/wp\\\/desde-el-proximo-3-agosto-iniciara-censo-nacional-automotor\\\/#breadcrumb\"},\"inLanguage\":\"es\",\"potentialAction\":[{\"@type\":\"ReadAction\",\"target\":[\"https:\\\/\\\/stage3.rnv.gob.ve\\\/wp\\\/desde-el-proximo-3-agosto-iniciara-censo-nacional-automotor\\\/\"]}]},{\"@type\":\"ImageObject\",\"inLanguage\":\"es\",\"@id\":\"https:\\\/\\\/stage3.rnv.gob.ve\\\/wp\\\/desde-el-proximo-3-agosto-iniciara-censo-nacional-automotor\\\/#primaryimage\",\"url\":\"\",\"contentUrl\":\"\"},{\"@type\":\"BreadcrumbList\",\"@id\":\"https:\\\/\\\/stage3.rnv.gob.ve\\\/wp\\\/desde-el-proximo-3-agosto-iniciara-censo-nacional-automotor\\\/#breadcrumb\",\"itemListElement\":[{\"@type\":\"ListItem\",\"position\":1,\"name\":\"Portada\",\"item\":\"https:\\\/\\\/stage3.rnv.gob.ve\\\/wp\\\/\"},{\"@type\":\"ListItem\",\"position\":2,\"name\":\"Desde El Pr\u00f3ximo 3 Agosto Iniciar\u00e1 Censo Nacional Automotor\"}]},{\"@type\":\"WebSite\",\"@id\":\"https:\\\/\\\/stage3.rnv.gob.ve\\\/wp\\\/#website\",\"url\":\"https:\\\/\\\/stage3.rnv.gob.ve\\\/wp\\\/\",\"name\":\"DEV RNV\",\"description\":\"Radio Nacional de Venezuela C.A.\",\"publisher\":{\"@id\":\"https:\\\/\\\/stage3.rnv.gob.ve\\\/wp\\\/#organization\"},\"potentialAction\":[{\"@type\":\"SearchAction\",\"target\":{\"@type\":\"EntryPoint\",\"urlTemplate\":\"https:\\\/\\\/stage3.rnv.gob.ve\\\/wp\\\/?s={search_term_string}\"},\"query-input\":{\"@type\":\"PropertyValueSpecification\",\"valueRequired\":true,\"valueName\":\"search_term_string\"}}],\"inLanguage\":\"es\"},{\"@type\":\"Organization\",\"@id\":\"https:\\\/\\\/stage3.rnv.gob.ve\\\/wp\\\/#organization\",\"name\":\"Radio Nacional de Venezuela C.A.\",\"url\":\"https:\\\/\\\/stage3.rnv.gob.ve\\\/wp\\\/\",\"logo\":{\"@type\":\"ImageObject\",\"inLanguage\":\"es\",\"@id\":\"https:\\\/\\\/stage3.rnv.gob.ve\\\/wp\\\/#\\\/schema\\\/logo\\\/image\\\/\",\"url\":\"http:\\\/\\\/rnv.ddns.net\\\/prensa\\\/wp-content\\\/uploads\\\/2022\\\/04\\\/rnv-1-300x227-1.jpg\",\"contentUrl\":\"http:\\\/\\\/rnv.ddns.net\\\/prensa\\\/wp-content\\\/uploads\\\/2022\\\/04\\\/rnv-1-300x227-1.jpg\",\"width\":800,\"height\":455,\"caption\":\"Radio Nacional de Venezuela C.A.\"},\"image\":{\"@id\":\"https:\\\/\\\/stage3.rnv.gob.ve\\\/wp\\\/#\\\/schema\\\/logo\\\/image\\\/\"},\"sameAs\":[\"https:\\\/\\\/www.facebook.com\\\/RadioNacionaldeVenezuela\",\"https:\\\/\\\/x.com\\\/RNVinformativa\",\"https:\\\/\\\/www.instagram.com\\\/rnvinformativa\\\/\",\"https:\\\/\\\/www.youtube.com\\\/user\\\/RNVContigo\"]},{\"@type\":\"Person\",\"@id\":\"https:\\\/\\\/stage3.rnv.gob.ve\\\/wp\\\/#\\\/schema\\\/person\\\/0862ce8cde332e0bc63b8a243f0eea2c\",\"name\":\"administrador\",\"sameAs\":[\"http:\\\/\\\/arnoldoeloy.net\"],\"url\":\"https:\\\/\\\/stage3.rnv.gob.ve\\\/wp\\\/author\\\/administrador\\\/\"}]}<\/script>\n<!-- \/ Yoast SEO plugin. -->","yoast_head_json":{"title":"Desde el pr\u00f3ximo 3 agosto iniciar\u00e1 censo nacional automotor - DEV RNV","robots":{"index":"noindex","follow":"follow","max-snippet":"max-snippet:-1","max-image-preview":"max-image-preview:large","max-video-preview":"max-video-preview:-1"},"og_locale":"es_ES","og_type":"article","og_title":"Desde el pr\u00f3ximo 3 agosto iniciar\u00e1 censo nacional automotor - DEV RNV","og_description":"El presidente de la Rep\u00fablica Bolivariana de Venezuela, Nicol\u00e1s Maduro, anunci\u00f3 que desde el pr\u00f3ximo 3 de agosto iniciar\u00e1 el\u00a0censo nacional automotor a trav\u00e9s del Carnet de la Patria. \u00abQuiero anunciar que el pr\u00f3ximo viernes 3 de agosto, todas las personas que tengan un carro, una moto, el transporte p\u00fablico de pasajero, el transporte de [&hellip;]","og_url":"https:\/\/stage3.rnv.gob.ve\/wp\/desde-el-proximo-3-agosto-iniciara-censo-nacional-automotor\/","og_site_name":"DEV RNV","article_publisher":"https:\/\/www.facebook.com\/RadioNacionaldeVenezuela","article_published_time":"2018-07-29T01:43:56+00:00","author":"administrador","twitter_card":"summary_large_image","twitter_creator":"@RNVinformativa","twitter_site":"@RNVinformativa","twitter_misc":{"Escrito por":"administrador","Tiempo estimado de lectura":"1 minuto"},"schema":{"@context":"https:\/\/schema.org","@graph":[{"@type":"Article","@id":"https:\/\/stage3.rnv.gob.ve\/wp\/desde-el-proximo-3-agosto-iniciara-censo-nacional-automotor\/#article","isPartOf":{"@id":"https:\/\/stage3.rnv.gob.ve\/wp\/desde-el-proximo-3-agosto-iniciara-censo-nacional-automotor\/"},"author":{"name":"administrador","@id":"https:\/\/stage3.rnv.gob.ve\/wp\/#\/schema\/person\/0862ce8cde332e0bc63b8a243f0eea2c"},"headline":"Desde el pr\u00f3ximo 3 agosto iniciar\u00e1 censo nacional automotor","datePublished":"2018-07-29T01:43:56+00:00","mainEntityOfPage":{"@id":"https:\/\/stage3.rnv.gob.ve\/wp\/desde-el-proximo-3-agosto-iniciara-censo-nacional-automotor\/"},"wordCount":212,"publisher":{"@id":"https:\/\/stage3.rnv.gob.ve\/wp\/#organization"},"image":{"@id":"https:\/\/stage3.rnv.gob.ve\/wp\/desde-el-proximo-3-agosto-iniciara-censo-nacional-automotor\/#primaryimage"},"thumbnailUrl":"","keywords":["agosto","automotor","Carnet de la patria","censo","maduro","nacional"],"articleSection":["Nacional"],"inLanguage":"es"},{"@type":"WebPage","@id":"https:\/\/stage3.rnv.gob.ve\/wp\/desde-el-proximo-3-agosto-iniciara-censo-nacional-automotor\/","url":"https:\/\/stage3.rnv.gob.ve\/wp\/desde-el-proximo-3-agosto-iniciara-censo-nacional-automotor\/","name":"Desde el pr\u00f3ximo 3 agosto iniciar\u00e1 censo nacional automotor - DEV RNV","isPartOf":{"@id":"https:\/\/stage3.rnv.gob.ve\/wp\/#website"},"primaryImageOfPage":{"@id":"https:\/\/stage3.rnv.gob.ve\/wp\/desde-el-proximo-3-agosto-iniciara-censo-nacional-automotor\/#primaryimage"},"image":{"@id":"https:\/\/stage3.rnv.gob.ve\/wp\/desde-el-proximo-3-agosto-iniciara-censo-nacional-automotor\/#primaryimage"},"thumbnailUrl":"","datePublished":"2018-07-29T01:43:56+00:00","breadcrumb":{"@id":"https:\/\/stage3.rnv.gob.ve\/wp\/desde-el-proximo-3-agosto-iniciara-censo-nacional-automotor\/#breadcrumb"},"inLanguage":"es","potentialAction":[{"@type":"ReadAction","target":["https:\/\/stage3.rnv.gob.ve\/wp\/desde-el-proximo-3-agosto-iniciara-censo-nacional-automotor\/"]}]},{"@type":"ImageObject","inLanguage":"es","@id":"https:\/\/stage3.rnv.gob.ve\/wp\/desde-el-proximo-3-agosto-iniciara-censo-nacional-automotor\/#primaryimage","url":"","contentUrl":""},{"@type":"BreadcrumbList","@id":"https:\/\/stage3.rnv.gob.ve\/wp\/desde-el-proximo-3-agosto-iniciara-censo-nacional-automotor\/#breadcrumb","itemListElement":[{"@type":"ListItem","position":1,"name":"Portada","item":"https:\/\/stage3.rnv.gob.ve\/wp\/"},{"@type":"ListItem","position":2,"name":"Desde El Pr\u00f3ximo 3 Agosto Iniciar\u00e1 Censo Nacional Automotor"}]},{"@type":"WebSite","@id":"https:\/\/stage3.rnv.gob.ve\/wp\/#website","url":"https:\/\/stage3.rnv.gob.ve\/wp\/","name":"DEV RNV","description":"Radio Nacional de Venezuela C.A.","publisher":{"@id":"https:\/\/stage3.rnv.gob.ve\/wp\/#organization"},"potentialAction":[{"@type":"SearchAction","target":{"@type":"EntryPoint","urlTemplate":"https:\/\/stage3.rnv.gob.ve\/wp\/?s={search_term_string}"},"query-input":{"@type":"PropertyValueSpecification","valueRequired":true,"valueName":"search_term_string"}}],"inLanguage":"es"},{"@type":"Organization","@id":"https:\/\/stage3.rnv.gob.ve\/wp\/#organization","name":"Radio Nacional de Venezuela C.A.","url":"https:\/\/stage3.rnv.gob.ve\/wp\/","logo":{"@type":"ImageObject","inLanguage":"es","@id":"https:\/\/stage3.rnv.gob.ve\/wp\/#\/schema\/logo\/image\/","url":"http:\/\/rnv.ddns.net\/prensa\/wp-content\/uploads\/2022\/04\/rnv-1-300x227-1.jpg","contentUrl":"http:\/\/rnv.ddns.net\/prensa\/wp-content\/uploads\/2022\/04\/rnv-1-300x227-1.jpg","width":800,"height":455,"caption":"Radio Nacional de Venezuela C.A."},"image":{"@id":"https:\/\/stage3.rnv.gob.ve\/wp\/#\/schema\/logo\/image\/"},"sameAs":["https:\/\/www.facebook.com\/RadioNacionaldeVenezuela","https:\/\/x.com\/RNVinformativa","https:\/\/www.instagram.com\/rnvinformativa\/","https:\/\/www.youtube.com\/user\/RNVContigo"]},{"@type":"Person","@id":"https:\/\/stage3.rnv.gob.ve\/wp\/#\/schema\/person\/0862ce8cde332e0bc63b8a243f0eea2c","name":"administrador","sameAs":["http:\/\/arnoldoeloy.net"],"url":"https:\/\/stage3.rnv.gob.ve\/wp\/author\/administrador\/"}]}},"jetpack_featured_media_url":"","_links":{"self":[{"href":"https:\/\/stage3.rnv.gob.ve\/wp\/wp-json\/wp\/v2\/posts\/231566","targetHints":{"allow":["GET"]}}],"collection":[{"href":"https:\/\/stage3.rnv.gob.ve\/wp\/wp-json\/wp\/v2\/posts"}],"about":[{"href":"https:\/\/stage3.rnv.gob.ve\/wp\/wp-json\/wp\/v2\/types\/post"}],"author":[{"embeddable":true,"href":"https:\/\/stage3.rnv.gob.ve\/wp\/wp-json\/wp\/v2\/users\/1"}],"replies":[{"embeddable":true,"href":"https:\/\/stage3.rnv.gob.ve\/wp\/wp-json\/wp\/v2\/comments?post=231566"}],"version-history":[{"count":0,"href":"https:\/\/stage3.rnv.gob.ve\/wp\/wp-json\/wp\/v2\/posts\/231566\/revisions"}],"wp:featuredmedia":[{"embeddable":true,"href":"https:\/\/stage3.rnv.gob.ve\/wp\/wp-json\/"}],"wp:attachment":[{"href":"https:\/\/stage3.rnv.gob.ve\/wp\/wp-json\/wp\/v2\/media?parent=231566"}],"wp:term":[{"taxonomy":"category","embeddable":true,"href":"https:\/\/stage3.rnv.gob.ve\/wp\/wp-json\/wp\/v2\/categories?post=231566"},{"taxonomy":"post_tag","embeddable":true,"href":"https:\/\/stage3.rnv.gob.ve\/wp\/wp-json\/wp\/v2\/tags?post=231566"}],"curies":[{"name":"wp","href":"https:\/\/api.w.org\/{rel}","templated":true}]}}