{"id":231143,"date":"2018-07-25T19:46:16","date_gmt":"2018-07-26T00:16:16","guid":{"rendered":"https:\/\/stage3.rnv.gob.ve\/wp\/?p=231143"},"modified":"2018-07-25T19:46:16","modified_gmt":"2018-07-26T00:16:16","slug":"bernal-yo-morire-leal-a-nicolas-maduro-y-a-la-revolucion","status":"publish","type":"post","link":"https:\/\/stage3.rnv.gob.ve\/wp\/bernal-yo-morire-leal-a-nicolas-maduro-y-a-la-revolucion\/","title":{"rendered":"Bernal: Yo morir\u00e9 leal a Nicol\u00e1s Maduro y a la Revoluci\u00f3n"},"content":{"rendered":"<p><img fetchpriority=\"high\" decoding=\"async\" class=\"alignleft size-medium wp-image-231144\" src=\"https:\/\/stage3.rnv.gob.ve\/wp\/wp-content\/uploads\/2018\/07\/bernal002-300x225.jpg\" alt=\"\" width=\"300\" height=\"225\" \/>Freddy Bernal se refiri\u00f3 este mi\u00e9rcoles a\u00a0\u00a0un video difundido a trav\u00e9s de las \u00a0redes sociales, y que algunos medios lo\u00a0\u00a0se\u00f1alan como un distanciamiento con el gobierno nacional.\u00a0\u00a0\u201cLa derecha maltrecha, que controla los grandes medios de comunicaci\u00f3n, quiere ahora tildarme como un desleal a la revoluci\u00f3n, que pienso saltar la talanquera. Me importa un pito lo que ustedes opinen de m\u00ed, no necesito aplausos de una derecha maltrecha nacional e internacional. Este hombre se ha resteado con Ch\u00e1vez y se restea con Nicol\u00e1s Maduro hasta la muerte, en defensa del pueblo y de la patria\u201d.<\/p>\n<p>Bernal ofreci\u00f3 estas declaraciones en compa\u00f1\u00eda del gobernador del estado Zulia, Omar Prieto, durante el acto de juramentaci\u00f3n de un grupo de nuevos comunicadores CLAP, en la sede del Teatro L\u00eda Berm\u00fadez en Maracaibo.<\/p>\n<p>El\u00a0\u00a0secretario general de los Clap, tambi\u00e9n se refiri\u00f3 la tarea fundamental que deben asumir los Comunicadores\u00a0 Clap en defensa de la revoluci\u00f3n. \u201cEste nuevo grupo de mujeres y hombres est\u00e1n preparados para desmontar\u00a0\u00a0los falsos positivos\u00a0\u00a0y las intrigas, deben dar la batalla comunicacional en defensa a la Revoluci\u00f3n Socialista, y\u00a0\u00a0en\u00a0\u00a0lealtad al comandante Ch\u00e1vez y al liderazgo del\u00a0\u00a0Nicol\u00e1s Maduro. Hay que\u00a0\u00a0hacer la Revoluci\u00f3n dentro de la Revoluci\u00f3n\u201d,\u00a0\u00a0expres\u00f3 Bernal.<\/p>\n<p><strong>El trabajo en el T\u00e1chira<\/strong><\/p>\n<p>En\u00a0\u00a0cuanto a\u00a0\u00a0la tarea asumida\u00a0\u00a0como Protector del T\u00e1chira, Bernal\u00a0\u00a0reiter\u00f3 su agradecimiento\u00a0\u00a0al\u00a0\u00a0presidente\u00a0\u00a0Maduro, por confiar en \u00e9l\u00a0\u00a0y\u00a0\u00a0darle todo el respaldo para acabar con las mafias en la frontera. \u201cLa tarea m\u00e1s reciente es extinguir el contrabando de gasolina,\u00a0 en los \u00faltimos d\u00edas \u00a0se logr\u00f3 la detenci\u00f3n de 620 autom\u00f3viles que\u00a0\u00a0utilizaban para atentar contra la integridad del proceso revolucionario.<\/p>\n<p><strong>T\/Prensa Psuv<\/strong><\/p>\n","protected":false},"excerpt":{"rendered":"<p>Freddy Bernal se refiri\u00f3 este mi\u00e9rcoles a\u00a0\u00a0un video difundido a trav\u00e9s de las \u00a0redes sociales, y que algunos medios lo\u00a0\u00a0se\u00f1alan como un distanciamiento con el gobierno nacional.\u00a0\u00a0\u201cLa derecha maltrecha, que controla los grandes medios de comunicaci\u00f3n, quiere ahora tildarme como un desleal a la revoluci\u00f3n, que pienso saltar la talanquera. Me importa un pito lo [&hellip;]<\/p>\n","protected":false},"author":1,"featured_media":231144,"comment_status":"closed","ping_status":"open","sticky":false,"template":"","format":"standard","meta":{"_acf_changed":false,"footnotes":""},"categories":[67],"tags":[9056,2671,1105,3664],"class_list":["post-231143","post","type-post","status-publish","format-standard","has-post-thumbnail","hentry","category-politica","tag-autocritica","tag-bernal","tag-critica","tag-lealtad"],"acf":[],"yoast_head":"<!-- This site is optimized with the Yoast SEO plugin v27.4 - https:\/\/yoast.com\/product\/yoast-seo-wordpress\/ -->\n<title>Bernal: Yo morir\u00e9 leal a Nicol\u00e1s Maduro y a la Revoluci\u00f3n - DEV RNV<\/title>\n<meta name=\"robots\" content=\"noindex, follow, max-snippet:-1, max-image-preview:large, max-video-preview:-1\" \/>\n<meta property=\"og:locale\" content=\"es_ES\" \/>\n<meta property=\"og:type\" content=\"article\" \/>\n<meta property=\"og:title\" content=\"Bernal: Yo morir\u00e9 leal a Nicol\u00e1s Maduro y a la Revoluci\u00f3n - DEV RNV\" \/>\n<meta property=\"og:description\" content=\"Freddy Bernal se refiri\u00f3 este mi\u00e9rcoles a\u00a0\u00a0un video difundido a trav\u00e9s de las \u00a0redes sociales, y que algunos medios lo\u00a0\u00a0se\u00f1alan como un distanciamiento con el gobierno nacional.\u00a0\u00a0\u201cLa derecha maltrecha, que controla los grandes medios de comunicaci\u00f3n, quiere ahora tildarme como un desleal a la revoluci\u00f3n, que pienso saltar la talanquera. Me importa un pito lo [&hellip;]\" \/>\n<meta property=\"og:url\" content=\"https:\/\/stage3.rnv.gob.ve\/wp\/bernal-yo-morire-leal-a-nicolas-maduro-y-a-la-revolucion\/\" \/>\n<meta property=\"og:site_name\" content=\"DEV RNV\" \/>\n<meta property=\"article:publisher\" content=\"https:\/\/www.facebook.com\/RadioNacionaldeVenezuela\" \/>\n<meta property=\"article:published_time\" content=\"2018-07-26T00:16:16+00:00\" \/>\n<meta name=\"author\" content=\"administrador\" \/>\n<meta name=\"twitter:card\" content=\"summary_large_image\" \/>\n<meta name=\"twitter:creator\" content=\"@RNVinformativa\" \/>\n<meta name=\"twitter:site\" content=\"@RNVinformativa\" \/>\n<meta name=\"twitter:label1\" content=\"Escrito por\" \/>\n\t<meta name=\"twitter:data1\" content=\"administrador\" \/>\n\t<meta name=\"twitter:label2\" content=\"Tiempo estimado de lectura\" \/>\n\t<meta name=\"twitter:data2\" content=\"2 minutos\" \/>\n<script type=\"application\/ld+json\" class=\"yoast-schema-graph\">{\"@context\":\"https:\\\/\\\/schema.org\",\"@graph\":[{\"@type\":\"Article\",\"@id\":\"https:\\\/\\\/stage3.rnv.gob.ve\\\/wp\\\/bernal-yo-morire-leal-a-nicolas-maduro-y-a-la-revolucion\\\/#article\",\"isPartOf\":{\"@id\":\"https:\\\/\\\/stage3.rnv.gob.ve\\\/wp\\\/bernal-yo-morire-leal-a-nicolas-maduro-y-a-la-revolucion\\\/\"},\"author\":{\"name\":\"administrador\",\"@id\":\"https:\\\/\\\/stage3.rnv.gob.ve\\\/wp\\\/#\\\/schema\\\/person\\\/0862ce8cde332e0bc63b8a243f0eea2c\"},\"headline\":\"Bernal: Yo morir\u00e9 leal a Nicol\u00e1s Maduro y a la Revoluci\u00f3n\",\"datePublished\":\"2018-07-26T00:16:16+00:00\",\"mainEntityOfPage\":{\"@id\":\"https:\\\/\\\/stage3.rnv.gob.ve\\\/wp\\\/bernal-yo-morire-leal-a-nicolas-maduro-y-a-la-revolucion\\\/\"},\"wordCount\":315,\"publisher\":{\"@id\":\"https:\\\/\\\/stage3.rnv.gob.ve\\\/wp\\\/#organization\"},\"image\":{\"@id\":\"https:\\\/\\\/stage3.rnv.gob.ve\\\/wp\\\/bernal-yo-morire-leal-a-nicolas-maduro-y-a-la-revolucion\\\/#primaryimage\"},\"thumbnailUrl\":\"\",\"keywords\":[\"autocr\u00edtica\",\"bernal\",\"critica\",\"Lealtad\"],\"articleSection\":[\"Pol\u00edtica\"],\"inLanguage\":\"es\"},{\"@type\":\"WebPage\",\"@id\":\"https:\\\/\\\/stage3.rnv.gob.ve\\\/wp\\\/bernal-yo-morire-leal-a-nicolas-maduro-y-a-la-revolucion\\\/\",\"url\":\"https:\\\/\\\/stage3.rnv.gob.ve\\\/wp\\\/bernal-yo-morire-leal-a-nicolas-maduro-y-a-la-revolucion\\\/\",\"name\":\"Bernal: Yo morir\u00e9 leal a Nicol\u00e1s Maduro y a la Revoluci\u00f3n - DEV RNV\",\"isPartOf\":{\"@id\":\"https:\\\/\\\/stage3.rnv.gob.ve\\\/wp\\\/#website\"},\"primaryImageOfPage\":{\"@id\":\"https:\\\/\\\/stage3.rnv.gob.ve\\\/wp\\\/bernal-yo-morire-leal-a-nicolas-maduro-y-a-la-revolucion\\\/#primaryimage\"},\"image\":{\"@id\":\"https:\\\/\\\/stage3.rnv.gob.ve\\\/wp\\\/bernal-yo-morire-leal-a-nicolas-maduro-y-a-la-revolucion\\\/#primaryimage\"},\"thumbnailUrl\":\"\",\"datePublished\":\"2018-07-26T00:16:16+00:00\",\"breadcrumb\":{\"@id\":\"https:\\\/\\\/stage3.rnv.gob.ve\\\/wp\\\/bernal-yo-morire-leal-a-nicolas-maduro-y-a-la-revolucion\\\/#breadcrumb\"},\"inLanguage\":\"es\",\"potentialAction\":[{\"@type\":\"ReadAction\",\"target\":[\"https:\\\/\\\/stage3.rnv.gob.ve\\\/wp\\\/bernal-yo-morire-leal-a-nicolas-maduro-y-a-la-revolucion\\\/\"]}]},{\"@type\":\"ImageObject\",\"inLanguage\":\"es\",\"@id\":\"https:\\\/\\\/stage3.rnv.gob.ve\\\/wp\\\/bernal-yo-morire-leal-a-nicolas-maduro-y-a-la-revolucion\\\/#primaryimage\",\"url\":\"\",\"contentUrl\":\"\"},{\"@type\":\"BreadcrumbList\",\"@id\":\"https:\\\/\\\/stage3.rnv.gob.ve\\\/wp\\\/bernal-yo-morire-leal-a-nicolas-maduro-y-a-la-revolucion\\\/#breadcrumb\",\"itemListElement\":[{\"@type\":\"ListItem\",\"position\":1,\"name\":\"Portada\",\"item\":\"https:\\\/\\\/stage3.rnv.gob.ve\\\/wp\\\/\"},{\"@type\":\"ListItem\",\"position\":2,\"name\":\"Bernal: Yo Morir\u00e9 Leal A Nicol\u00e1s Maduro Y A La Revoluci\u00f3n\"}]},{\"@type\":\"WebSite\",\"@id\":\"https:\\\/\\\/stage3.rnv.gob.ve\\\/wp\\\/#website\",\"url\":\"https:\\\/\\\/stage3.rnv.gob.ve\\\/wp\\\/\",\"name\":\"DEV RNV\",\"description\":\"Radio Nacional de Venezuela C.A.\",\"publisher\":{\"@id\":\"https:\\\/\\\/stage3.rnv.gob.ve\\\/wp\\\/#organization\"},\"potentialAction\":[{\"@type\":\"SearchAction\",\"target\":{\"@type\":\"EntryPoint\",\"urlTemplate\":\"https:\\\/\\\/stage3.rnv.gob.ve\\\/wp\\\/?s={search_term_string}\"},\"query-input\":{\"@type\":\"PropertyValueSpecification\",\"valueRequired\":true,\"valueName\":\"search_term_string\"}}],\"inLanguage\":\"es\"},{\"@type\":\"Organization\",\"@id\":\"https:\\\/\\\/stage3.rnv.gob.ve\\\/wp\\\/#organization\",\"name\":\"Radio Nacional de Venezuela C.A.\",\"url\":\"https:\\\/\\\/stage3.rnv.gob.ve\\\/wp\\\/\",\"logo\":{\"@type\":\"ImageObject\",\"inLanguage\":\"es\",\"@id\":\"https:\\\/\\\/stage3.rnv.gob.ve\\\/wp\\\/#\\\/schema\\\/logo\\\/image\\\/\",\"url\":\"http:\\\/\\\/rnv.ddns.net\\\/prensa\\\/wp-content\\\/uploads\\\/2022\\\/04\\\/rnv-1-300x227-1.jpg\",\"contentUrl\":\"http:\\\/\\\/rnv.ddns.net\\\/prensa\\\/wp-content\\\/uploads\\\/2022\\\/04\\\/rnv-1-300x227-1.jpg\",\"width\":800,\"height\":455,\"caption\":\"Radio Nacional de Venezuela C.A.\"},\"image\":{\"@id\":\"https:\\\/\\\/stage3.rnv.gob.ve\\\/wp\\\/#\\\/schema\\\/logo\\\/image\\\/\"},\"sameAs\":[\"https:\\\/\\\/www.facebook.com\\\/RadioNacionaldeVenezuela\",\"https:\\\/\\\/x.com\\\/RNVinformativa\",\"https:\\\/\\\/www.instagram.com\\\/rnvinformativa\\\/\",\"https:\\\/\\\/www.youtube.com\\\/user\\\/RNVContigo\"]},{\"@type\":\"Person\",\"@id\":\"https:\\\/\\\/stage3.rnv.gob.ve\\\/wp\\\/#\\\/schema\\\/person\\\/0862ce8cde332e0bc63b8a243f0eea2c\",\"name\":\"administrador\",\"sameAs\":[\"http:\\\/\\\/arnoldoeloy.net\"],\"url\":\"https:\\\/\\\/stage3.rnv.gob.ve\\\/wp\\\/author\\\/administrador\\\/\"}]}<\/script>\n<!-- \/ Yoast SEO plugin. -->","yoast_head_json":{"title":"Bernal: Yo morir\u00e9 leal a Nicol\u00e1s Maduro y a la Revoluci\u00f3n - DEV RNV","robots":{"index":"noindex","follow":"follow","max-snippet":"max-snippet:-1","max-image-preview":"max-image-preview:large","max-video-preview":"max-video-preview:-1"},"og_locale":"es_ES","og_type":"article","og_title":"Bernal: Yo morir\u00e9 leal a Nicol\u00e1s Maduro y a la Revoluci\u00f3n - DEV RNV","og_description":"Freddy Bernal se refiri\u00f3 este mi\u00e9rcoles a\u00a0\u00a0un video difundido a trav\u00e9s de las \u00a0redes sociales, y que algunos medios lo\u00a0\u00a0se\u00f1alan como un distanciamiento con el gobierno nacional.\u00a0\u00a0\u201cLa derecha maltrecha, que controla los grandes medios de comunicaci\u00f3n, quiere ahora tildarme como un desleal a la revoluci\u00f3n, que pienso saltar la talanquera. Me importa un pito lo [&hellip;]","og_url":"https:\/\/stage3.rnv.gob.ve\/wp\/bernal-yo-morire-leal-a-nicolas-maduro-y-a-la-revolucion\/","og_site_name":"DEV RNV","article_publisher":"https:\/\/www.facebook.com\/RadioNacionaldeVenezuela","article_published_time":"2018-07-26T00:16:16+00:00","author":"administrador","twitter_card":"summary_large_image","twitter_creator":"@RNVinformativa","twitter_site":"@RNVinformativa","twitter_misc":{"Escrito por":"administrador","Tiempo estimado de lectura":"2 minutos"},"schema":{"@context":"https:\/\/schema.org","@graph":[{"@type":"Article","@id":"https:\/\/stage3.rnv.gob.ve\/wp\/bernal-yo-morire-leal-a-nicolas-maduro-y-a-la-revolucion\/#article","isPartOf":{"@id":"https:\/\/stage3.rnv.gob.ve\/wp\/bernal-yo-morire-leal-a-nicolas-maduro-y-a-la-revolucion\/"},"author":{"name":"administrador","@id":"https:\/\/stage3.rnv.gob.ve\/wp\/#\/schema\/person\/0862ce8cde332e0bc63b8a243f0eea2c"},"headline":"Bernal: Yo morir\u00e9 leal a Nicol\u00e1s Maduro y a la Revoluci\u00f3n","datePublished":"2018-07-26T00:16:16+00:00","mainEntityOfPage":{"@id":"https:\/\/stage3.rnv.gob.ve\/wp\/bernal-yo-morire-leal-a-nicolas-maduro-y-a-la-revolucion\/"},"wordCount":315,"publisher":{"@id":"https:\/\/stage3.rnv.gob.ve\/wp\/#organization"},"image":{"@id":"https:\/\/stage3.rnv.gob.ve\/wp\/bernal-yo-morire-leal-a-nicolas-maduro-y-a-la-revolucion\/#primaryimage"},"thumbnailUrl":"","keywords":["autocr\u00edtica","bernal","critica","Lealtad"],"articleSection":["Pol\u00edtica"],"inLanguage":"es"},{"@type":"WebPage","@id":"https:\/\/stage3.rnv.gob.ve\/wp\/bernal-yo-morire-leal-a-nicolas-maduro-y-a-la-revolucion\/","url":"https:\/\/stage3.rnv.gob.ve\/wp\/bernal-yo-morire-leal-a-nicolas-maduro-y-a-la-revolucion\/","name":"Bernal: Yo morir\u00e9 leal a Nicol\u00e1s Maduro y a la Revoluci\u00f3n - DEV RNV","isPartOf":{"@id":"https:\/\/stage3.rnv.gob.ve\/wp\/#website"},"primaryImageOfPage":{"@id":"https:\/\/stage3.rnv.gob.ve\/wp\/bernal-yo-morire-leal-a-nicolas-maduro-y-a-la-revolucion\/#primaryimage"},"image":{"@id":"https:\/\/stage3.rnv.gob.ve\/wp\/bernal-yo-morire-leal-a-nicolas-maduro-y-a-la-revolucion\/#primaryimage"},"thumbnailUrl":"","datePublished":"2018-07-26T00:16:16+00:00","breadcrumb":{"@id":"https:\/\/stage3.rnv.gob.ve\/wp\/bernal-yo-morire-leal-a-nicolas-maduro-y-a-la-revolucion\/#breadcrumb"},"inLanguage":"es","potentialAction":[{"@type":"ReadAction","target":["https:\/\/stage3.rnv.gob.ve\/wp\/bernal-yo-morire-leal-a-nicolas-maduro-y-a-la-revolucion\/"]}]},{"@type":"ImageObject","inLanguage":"es","@id":"https:\/\/stage3.rnv.gob.ve\/wp\/bernal-yo-morire-leal-a-nicolas-maduro-y-a-la-revolucion\/#primaryimage","url":"","contentUrl":""},{"@type":"BreadcrumbList","@id":"https:\/\/stage3.rnv.gob.ve\/wp\/bernal-yo-morire-leal-a-nicolas-maduro-y-a-la-revolucion\/#breadcrumb","itemListElement":[{"@type":"ListItem","position":1,"name":"Portada","item":"https:\/\/stage3.rnv.gob.ve\/wp\/"},{"@type":"ListItem","position":2,"name":"Bernal: Yo Morir\u00e9 Leal A Nicol\u00e1s Maduro Y A La Revoluci\u00f3n"}]},{"@type":"WebSite","@id":"https:\/\/stage3.rnv.gob.ve\/wp\/#website","url":"https:\/\/stage3.rnv.gob.ve\/wp\/","name":"DEV RNV","description":"Radio Nacional de Venezuela C.A.","publisher":{"@id":"https:\/\/stage3.rnv.gob.ve\/wp\/#organization"},"potentialAction":[{"@type":"SearchAction","target":{"@type":"EntryPoint","urlTemplate":"https:\/\/stage3.rnv.gob.ve\/wp\/?s={search_term_string}"},"query-input":{"@type":"PropertyValueSpecification","valueRequired":true,"valueName":"search_term_string"}}],"inLanguage":"es"},{"@type":"Organization","@id":"https:\/\/stage3.rnv.gob.ve\/wp\/#organization","name":"Radio Nacional de Venezuela C.A.","url":"https:\/\/stage3.rnv.gob.ve\/wp\/","logo":{"@type":"ImageObject","inLanguage":"es","@id":"https:\/\/stage3.rnv.gob.ve\/wp\/#\/schema\/logo\/image\/","url":"http:\/\/rnv.ddns.net\/prensa\/wp-content\/uploads\/2022\/04\/rnv-1-300x227-1.jpg","contentUrl":"http:\/\/rnv.ddns.net\/prensa\/wp-content\/uploads\/2022\/04\/rnv-1-300x227-1.jpg","width":800,"height":455,"caption":"Radio Nacional de Venezuela C.A."},"image":{"@id":"https:\/\/stage3.rnv.gob.ve\/wp\/#\/schema\/logo\/image\/"},"sameAs":["https:\/\/www.facebook.com\/RadioNacionaldeVenezuela","https:\/\/x.com\/RNVinformativa","https:\/\/www.instagram.com\/rnvinformativa\/","https:\/\/www.youtube.com\/user\/RNVContigo"]},{"@type":"Person","@id":"https:\/\/stage3.rnv.gob.ve\/wp\/#\/schema\/person\/0862ce8cde332e0bc63b8a243f0eea2c","name":"administrador","sameAs":["http:\/\/arnoldoeloy.net"],"url":"https:\/\/stage3.rnv.gob.ve\/wp\/author\/administrador\/"}]}},"jetpack_featured_media_url":"","_links":{"self":[{"href":"https:\/\/stage3.rnv.gob.ve\/wp\/wp-json\/wp\/v2\/posts\/231143","targetHints":{"allow":["GET"]}}],"collection":[{"href":"https:\/\/stage3.rnv.gob.ve\/wp\/wp-json\/wp\/v2\/posts"}],"about":[{"href":"https:\/\/stage3.rnv.gob.ve\/wp\/wp-json\/wp\/v2\/types\/post"}],"author":[{"embeddable":true,"href":"https:\/\/stage3.rnv.gob.ve\/wp\/wp-json\/wp\/v2\/users\/1"}],"replies":[{"embeddable":true,"href":"https:\/\/stage3.rnv.gob.ve\/wp\/wp-json\/wp\/v2\/comments?post=231143"}],"version-history":[{"count":0,"href":"https:\/\/stage3.rnv.gob.ve\/wp\/wp-json\/wp\/v2\/posts\/231143\/revisions"}],"wp:featuredmedia":[{"embeddable":true,"href":"https:\/\/stage3.rnv.gob.ve\/wp\/wp-json\/"}],"wp:attachment":[{"href":"https:\/\/stage3.rnv.gob.ve\/wp\/wp-json\/wp\/v2\/media?parent=231143"}],"wp:term":[{"taxonomy":"category","embeddable":true,"href":"https:\/\/stage3.rnv.gob.ve\/wp\/wp-json\/wp\/v2\/categories?post=231143"},{"taxonomy":"post_tag","embeddable":true,"href":"https:\/\/stage3.rnv.gob.ve\/wp\/wp-json\/wp\/v2\/tags?post=231143"}],"curies":[{"name":"wp","href":"https:\/\/api.w.org\/{rel}","templated":true}]}}