{"id":228763,"date":"2018-07-05T06:06:06","date_gmt":"2018-07-05T10:36:06","guid":{"rendered":"https:\/\/stage3.rnv.gob.ve\/wp\/?p=228763"},"modified":"2018-07-05T06:06:06","modified_gmt":"2018-07-05T10:36:06","slug":"con-izada-de-bandera-nacional-se-iniciaron-actos-conmemorativos-del-5-de-julio","status":"publish","type":"post","link":"https:\/\/stage3.rnv.gob.ve\/wp\/con-izada-de-bandera-nacional-se-iniciaron-actos-conmemorativos-del-5-de-julio\/","title":{"rendered":"Con izada de Bandera Nacional se iniciaron actos conmemorativos del 5 de Julio"},"content":{"rendered":"<p><img fetchpriority=\"high\" decoding=\"async\" class=\"aligncenter wp-image-228765 \" src=\"https:\/\/stage3.rnv.gob.ve\/wp\/wp-content\/uploads\/2018\/07\/bandera.jpg\" alt=\"\" width=\"611\" height=\"458\" \/><\/p>\n<p>A tempranas horas de la ma\u00f1ana de este jueves, se realiz\u00f3 la izada de la Bandera Nacional en el Pante\u00f3n Nacional, en Caracas, con motivo de la conmemorativos del 207 aniversario de la firma del Acta de la Declaraci\u00f3n de la Independencia de la Rep\u00fablica Bolivariana de Venezuela, hecho ocurrido el 5 de julio de 1811.<!--more--><\/p>\n<p><img decoding=\"async\" class=\"alignleft wp-image-228766 \" src=\"https:\/\/stage3.rnv.gob.ve\/wp\/wp-content\/uploads\/2018\/07\/bandera3-1024x682.jpg\" alt=\"\" width=\"449\" height=\"299\" \/>En ese acto el ministro para la Defensa, Vladimir Padrino L\u00f3pez, durante el acto resalt\u00f3 ante los restos del Libertador Sim\u00f3n Bol\u00edvar que Venezuela ratifica su irrefrenable condici\u00f3n de ser libre e independiente, \u00ablibres e independientes con dignidad, con respeto para tener paz\u00bb, enfatiz\u00f3.<\/p>\n<p>Resalt\u00f3 que la Naci\u00f3n, busca la paz, \u00abpero no la paz de los sepulcros ni la paz arrastr\u00e1ndonos como se arrastran quienes por obtener priviliegios econ\u00f3micos entregan los intereese de la Patria. Que triste ver despu\u00e9s de 207 a\u00f1os, despu\u00e9s de los que ha costado conseguir la independencia ver a venezolanos por el mundo buscando la intervenci\u00f3n a Venezuela\u00bb, dijo.<\/p>\n<p>El acto protocolar cont\u00f3 con la presencia de los ministros para la Defensa, Vladimir Padrino L\u00f3pez, y para Relaciones Interiores, Justicia y Paz, N\u00e9stor Reverol; ministro del Poder Popular para H\u00e1bitat y Vivienda, Idelmaro Villarroel; el ministro del Poder Popular para el Trabajo, Eduardo Pi\u00f1ate, as\u00ed como por el jefe del Comando Estrat\u00e9gico Operacional de la Fuerza Armada Nacional Bolivariana (Ceofanb), Remigio Ceballos, y dem\u00e1s integrantes del gabinete ejecutivo.<\/p>\n<p>Tambi\u00e9n participaron los ministros para la Cultura, Ernesto Villegas; la ministra para Obras P\u00fablicas, Marleny Contreras; ministro del Poder Popular para la Pesca y la Acuicultura, Dante Rivas; la ministra para Asuntos Penitenciarios, Iris Valera, y el viceministro de Pol\u00edtica Interior y Seguridad Jur\u00eddica, Hanthony Coello, quienes estamparon sus rubricas en el acto de izada de la bandera y colocaci\u00f3n de ofrenda floral ante el sarc\u00f3fago del Padre de la Patria.<\/p>\n<p>&nbsp;<\/p>\n<p><strong>Escuche a el ministro para la Defensa, Vladimir Padrino L\u00f3pez<\/strong><\/p>\n<audio class=\"wp-audio-shortcode\" id=\"audio-228763-1\" preload=\"none\" style=\"width: 100%;\" controls=\"controls\"><source type=\"audio\/mpeg\" src=\"https:\/\/stage3.rnv.gob.ve\/wp\/wp-content\/uploads\/2018\/07\/padrino.mp3?_=1\" \/><a href=\"https:\/\/stage3.rnv.gob.ve\/wp\/wp-content\/uploads\/2018\/07\/padrino.mp3\">https:\/\/stage3.rnv.gob.ve\/wp\/wp-content\/uploads\/2018\/07\/padrino.mp3<\/a><\/audio>\n<p><strong>T\/RNV WEB<\/strong><\/p>\n","protected":false},"excerpt":{"rendered":"<p>A tempranas horas de la ma\u00f1ana de este jueves, se realiz\u00f3 la izada de la Bandera Nacional en el Pante\u00f3n Nacional, en Caracas, con motivo de la conmemorativos del 207 aniversario de la firma del Acta de la Declaraci\u00f3n de la Independencia de la Rep\u00fablica Bolivariana de Venezuela, hecho ocurrido el 5 de julio de [&hellip;]<\/p>\n","protected":false},"author":1,"featured_media":228765,"comment_status":"closed","ping_status":"open","sticky":false,"template":"","format":"standard","meta":{"_acf_changed":false,"footnotes":""},"categories":[65],"tags":[6113,1676,2177,82],"class_list":["post-228763","post","type-post","status-publish","format-standard","has-post-thumbnail","hentry","category-nacional","tag-6113","tag-bandera","tag-julio","tag-rnv"],"acf":[],"yoast_head":"<!-- This site is optimized with the Yoast SEO plugin v27.4 - https:\/\/yoast.com\/product\/yoast-seo-wordpress\/ -->\n<title>Con izada de Bandera Nacional se iniciaron actos conmemorativos del 5 de Julio - DEV RNV<\/title>\n<meta name=\"robots\" content=\"noindex, follow, max-snippet:-1, max-image-preview:large, max-video-preview:-1\" \/>\n<meta property=\"og:locale\" content=\"es_ES\" \/>\n<meta property=\"og:type\" content=\"article\" \/>\n<meta property=\"og:title\" content=\"Con izada de Bandera Nacional se iniciaron actos conmemorativos del 5 de Julio - DEV RNV\" \/>\n<meta property=\"og:description\" content=\"A tempranas horas de la ma\u00f1ana de este jueves, se realiz\u00f3 la izada de la Bandera Nacional en el Pante\u00f3n Nacional, en Caracas, con motivo de la conmemorativos del 207 aniversario de la firma del Acta de la Declaraci\u00f3n de la Independencia de la Rep\u00fablica Bolivariana de Venezuela, hecho ocurrido el 5 de julio de [&hellip;]\" \/>\n<meta property=\"og:url\" content=\"https:\/\/stage3.rnv.gob.ve\/wp\/con-izada-de-bandera-nacional-se-iniciaron-actos-conmemorativos-del-5-de-julio\/\" \/>\n<meta property=\"og:site_name\" content=\"DEV RNV\" \/>\n<meta property=\"article:publisher\" content=\"https:\/\/www.facebook.com\/RadioNacionaldeVenezuela\" \/>\n<meta property=\"article:published_time\" content=\"2018-07-05T10:36:06+00:00\" \/>\n<meta name=\"author\" content=\"administrador\" \/>\n<meta name=\"twitter:card\" content=\"summary_large_image\" \/>\n<meta name=\"twitter:creator\" content=\"@RNVinformativa\" \/>\n<meta name=\"twitter:site\" content=\"@RNVinformativa\" \/>\n<meta name=\"twitter:label1\" content=\"Escrito por\" \/>\n\t<meta name=\"twitter:data1\" content=\"administrador\" \/>\n\t<meta name=\"twitter:label2\" content=\"Tiempo estimado de lectura\" \/>\n\t<meta name=\"twitter:data2\" content=\"2 minutos\" \/>\n<script type=\"application\/ld+json\" class=\"yoast-schema-graph\">{\"@context\":\"https:\\\/\\\/schema.org\",\"@graph\":[{\"@type\":\"Article\",\"@id\":\"https:\\\/\\\/stage3.rnv.gob.ve\\\/wp\\\/con-izada-de-bandera-nacional-se-iniciaron-actos-conmemorativos-del-5-de-julio\\\/#article\",\"isPartOf\":{\"@id\":\"https:\\\/\\\/stage3.rnv.gob.ve\\\/wp\\\/con-izada-de-bandera-nacional-se-iniciaron-actos-conmemorativos-del-5-de-julio\\\/\"},\"author\":{\"name\":\"administrador\",\"@id\":\"https:\\\/\\\/stage3.rnv.gob.ve\\\/wp\\\/#\\\/schema\\\/person\\\/0862ce8cde332e0bc63b8a243f0eea2c\"},\"headline\":\"Con izada de Bandera Nacional se iniciaron actos conmemorativos del 5 de Julio\",\"datePublished\":\"2018-07-05T10:36:06+00:00\",\"mainEntityOfPage\":{\"@id\":\"https:\\\/\\\/stage3.rnv.gob.ve\\\/wp\\\/con-izada-de-bandera-nacional-se-iniciaron-actos-conmemorativos-del-5-de-julio\\\/\"},\"wordCount\":363,\"publisher\":{\"@id\":\"https:\\\/\\\/stage3.rnv.gob.ve\\\/wp\\\/#organization\"},\"image\":{\"@id\":\"https:\\\/\\\/stage3.rnv.gob.ve\\\/wp\\\/con-izada-de-bandera-nacional-se-iniciaron-actos-conmemorativos-del-5-de-julio\\\/#primaryimage\"},\"thumbnailUrl\":\"\",\"keywords\":[\"5\",\"Bandera\",\"julio\",\"RNV\"],\"articleSection\":[\"Nacional\"],\"inLanguage\":\"es\"},{\"@type\":\"WebPage\",\"@id\":\"https:\\\/\\\/stage3.rnv.gob.ve\\\/wp\\\/con-izada-de-bandera-nacional-se-iniciaron-actos-conmemorativos-del-5-de-julio\\\/\",\"url\":\"https:\\\/\\\/stage3.rnv.gob.ve\\\/wp\\\/con-izada-de-bandera-nacional-se-iniciaron-actos-conmemorativos-del-5-de-julio\\\/\",\"name\":\"Con izada de Bandera Nacional se iniciaron actos conmemorativos del 5 de Julio - DEV RNV\",\"isPartOf\":{\"@id\":\"https:\\\/\\\/stage3.rnv.gob.ve\\\/wp\\\/#website\"},\"primaryImageOfPage\":{\"@id\":\"https:\\\/\\\/stage3.rnv.gob.ve\\\/wp\\\/con-izada-de-bandera-nacional-se-iniciaron-actos-conmemorativos-del-5-de-julio\\\/#primaryimage\"},\"image\":{\"@id\":\"https:\\\/\\\/stage3.rnv.gob.ve\\\/wp\\\/con-izada-de-bandera-nacional-se-iniciaron-actos-conmemorativos-del-5-de-julio\\\/#primaryimage\"},\"thumbnailUrl\":\"\",\"datePublished\":\"2018-07-05T10:36:06+00:00\",\"breadcrumb\":{\"@id\":\"https:\\\/\\\/stage3.rnv.gob.ve\\\/wp\\\/con-izada-de-bandera-nacional-se-iniciaron-actos-conmemorativos-del-5-de-julio\\\/#breadcrumb\"},\"inLanguage\":\"es\",\"potentialAction\":[{\"@type\":\"ReadAction\",\"target\":[\"https:\\\/\\\/stage3.rnv.gob.ve\\\/wp\\\/con-izada-de-bandera-nacional-se-iniciaron-actos-conmemorativos-del-5-de-julio\\\/\"]}]},{\"@type\":\"ImageObject\",\"inLanguage\":\"es\",\"@id\":\"https:\\\/\\\/stage3.rnv.gob.ve\\\/wp\\\/con-izada-de-bandera-nacional-se-iniciaron-actos-conmemorativos-del-5-de-julio\\\/#primaryimage\",\"url\":\"\",\"contentUrl\":\"\"},{\"@type\":\"BreadcrumbList\",\"@id\":\"https:\\\/\\\/stage3.rnv.gob.ve\\\/wp\\\/con-izada-de-bandera-nacional-se-iniciaron-actos-conmemorativos-del-5-de-julio\\\/#breadcrumb\",\"itemListElement\":[{\"@type\":\"ListItem\",\"position\":1,\"name\":\"Portada\",\"item\":\"https:\\\/\\\/stage3.rnv.gob.ve\\\/wp\\\/\"},{\"@type\":\"ListItem\",\"position\":2,\"name\":\"Con Izada De Bandera Nacional Se Iniciaron Actos Conmemorativos Del 5 De Julio\"}]},{\"@type\":\"WebSite\",\"@id\":\"https:\\\/\\\/stage3.rnv.gob.ve\\\/wp\\\/#website\",\"url\":\"https:\\\/\\\/stage3.rnv.gob.ve\\\/wp\\\/\",\"name\":\"DEV RNV\",\"description\":\"Radio Nacional de Venezuela C.A.\",\"publisher\":{\"@id\":\"https:\\\/\\\/stage3.rnv.gob.ve\\\/wp\\\/#organization\"},\"potentialAction\":[{\"@type\":\"SearchAction\",\"target\":{\"@type\":\"EntryPoint\",\"urlTemplate\":\"https:\\\/\\\/stage3.rnv.gob.ve\\\/wp\\\/?s={search_term_string}\"},\"query-input\":{\"@type\":\"PropertyValueSpecification\",\"valueRequired\":true,\"valueName\":\"search_term_string\"}}],\"inLanguage\":\"es\"},{\"@type\":\"Organization\",\"@id\":\"https:\\\/\\\/stage3.rnv.gob.ve\\\/wp\\\/#organization\",\"name\":\"Radio Nacional de Venezuela C.A.\",\"url\":\"https:\\\/\\\/stage3.rnv.gob.ve\\\/wp\\\/\",\"logo\":{\"@type\":\"ImageObject\",\"inLanguage\":\"es\",\"@id\":\"https:\\\/\\\/stage3.rnv.gob.ve\\\/wp\\\/#\\\/schema\\\/logo\\\/image\\\/\",\"url\":\"http:\\\/\\\/rnv.ddns.net\\\/prensa\\\/wp-content\\\/uploads\\\/2022\\\/04\\\/rnv-1-300x227-1.jpg\",\"contentUrl\":\"http:\\\/\\\/rnv.ddns.net\\\/prensa\\\/wp-content\\\/uploads\\\/2022\\\/04\\\/rnv-1-300x227-1.jpg\",\"width\":800,\"height\":455,\"caption\":\"Radio Nacional de Venezuela C.A.\"},\"image\":{\"@id\":\"https:\\\/\\\/stage3.rnv.gob.ve\\\/wp\\\/#\\\/schema\\\/logo\\\/image\\\/\"},\"sameAs\":[\"https:\\\/\\\/www.facebook.com\\\/RadioNacionaldeVenezuela\",\"https:\\\/\\\/x.com\\\/RNVinformativa\",\"https:\\\/\\\/www.instagram.com\\\/rnvinformativa\\\/\",\"https:\\\/\\\/www.youtube.com\\\/user\\\/RNVContigo\"]},{\"@type\":\"Person\",\"@id\":\"https:\\\/\\\/stage3.rnv.gob.ve\\\/wp\\\/#\\\/schema\\\/person\\\/0862ce8cde332e0bc63b8a243f0eea2c\",\"name\":\"administrador\",\"sameAs\":[\"http:\\\/\\\/arnoldoeloy.net\"],\"url\":\"https:\\\/\\\/stage3.rnv.gob.ve\\\/wp\\\/author\\\/administrador\\\/\"}]}<\/script>\n<!-- \/ Yoast SEO plugin. -->","yoast_head_json":{"title":"Con izada de Bandera Nacional se iniciaron actos conmemorativos del 5 de Julio - DEV RNV","robots":{"index":"noindex","follow":"follow","max-snippet":"max-snippet:-1","max-image-preview":"max-image-preview:large","max-video-preview":"max-video-preview:-1"},"og_locale":"es_ES","og_type":"article","og_title":"Con izada de Bandera Nacional se iniciaron actos conmemorativos del 5 de Julio - DEV RNV","og_description":"A tempranas horas de la ma\u00f1ana de este jueves, se realiz\u00f3 la izada de la Bandera Nacional en el Pante\u00f3n Nacional, en Caracas, con motivo de la conmemorativos del 207 aniversario de la firma del Acta de la Declaraci\u00f3n de la Independencia de la Rep\u00fablica Bolivariana de Venezuela, hecho ocurrido el 5 de julio de [&hellip;]","og_url":"https:\/\/stage3.rnv.gob.ve\/wp\/con-izada-de-bandera-nacional-se-iniciaron-actos-conmemorativos-del-5-de-julio\/","og_site_name":"DEV RNV","article_publisher":"https:\/\/www.facebook.com\/RadioNacionaldeVenezuela","article_published_time":"2018-07-05T10:36:06+00:00","author":"administrador","twitter_card":"summary_large_image","twitter_creator":"@RNVinformativa","twitter_site":"@RNVinformativa","twitter_misc":{"Escrito por":"administrador","Tiempo estimado de lectura":"2 minutos"},"schema":{"@context":"https:\/\/schema.org","@graph":[{"@type":"Article","@id":"https:\/\/stage3.rnv.gob.ve\/wp\/con-izada-de-bandera-nacional-se-iniciaron-actos-conmemorativos-del-5-de-julio\/#article","isPartOf":{"@id":"https:\/\/stage3.rnv.gob.ve\/wp\/con-izada-de-bandera-nacional-se-iniciaron-actos-conmemorativos-del-5-de-julio\/"},"author":{"name":"administrador","@id":"https:\/\/stage3.rnv.gob.ve\/wp\/#\/schema\/person\/0862ce8cde332e0bc63b8a243f0eea2c"},"headline":"Con izada de Bandera Nacional se iniciaron actos conmemorativos del 5 de Julio","datePublished":"2018-07-05T10:36:06+00:00","mainEntityOfPage":{"@id":"https:\/\/stage3.rnv.gob.ve\/wp\/con-izada-de-bandera-nacional-se-iniciaron-actos-conmemorativos-del-5-de-julio\/"},"wordCount":363,"publisher":{"@id":"https:\/\/stage3.rnv.gob.ve\/wp\/#organization"},"image":{"@id":"https:\/\/stage3.rnv.gob.ve\/wp\/con-izada-de-bandera-nacional-se-iniciaron-actos-conmemorativos-del-5-de-julio\/#primaryimage"},"thumbnailUrl":"","keywords":["5","Bandera","julio","RNV"],"articleSection":["Nacional"],"inLanguage":"es"},{"@type":"WebPage","@id":"https:\/\/stage3.rnv.gob.ve\/wp\/con-izada-de-bandera-nacional-se-iniciaron-actos-conmemorativos-del-5-de-julio\/","url":"https:\/\/stage3.rnv.gob.ve\/wp\/con-izada-de-bandera-nacional-se-iniciaron-actos-conmemorativos-del-5-de-julio\/","name":"Con izada de Bandera Nacional se iniciaron actos conmemorativos del 5 de Julio - DEV RNV","isPartOf":{"@id":"https:\/\/stage3.rnv.gob.ve\/wp\/#website"},"primaryImageOfPage":{"@id":"https:\/\/stage3.rnv.gob.ve\/wp\/con-izada-de-bandera-nacional-se-iniciaron-actos-conmemorativos-del-5-de-julio\/#primaryimage"},"image":{"@id":"https:\/\/stage3.rnv.gob.ve\/wp\/con-izada-de-bandera-nacional-se-iniciaron-actos-conmemorativos-del-5-de-julio\/#primaryimage"},"thumbnailUrl":"","datePublished":"2018-07-05T10:36:06+00:00","breadcrumb":{"@id":"https:\/\/stage3.rnv.gob.ve\/wp\/con-izada-de-bandera-nacional-se-iniciaron-actos-conmemorativos-del-5-de-julio\/#breadcrumb"},"inLanguage":"es","potentialAction":[{"@type":"ReadAction","target":["https:\/\/stage3.rnv.gob.ve\/wp\/con-izada-de-bandera-nacional-se-iniciaron-actos-conmemorativos-del-5-de-julio\/"]}]},{"@type":"ImageObject","inLanguage":"es","@id":"https:\/\/stage3.rnv.gob.ve\/wp\/con-izada-de-bandera-nacional-se-iniciaron-actos-conmemorativos-del-5-de-julio\/#primaryimage","url":"","contentUrl":""},{"@type":"BreadcrumbList","@id":"https:\/\/stage3.rnv.gob.ve\/wp\/con-izada-de-bandera-nacional-se-iniciaron-actos-conmemorativos-del-5-de-julio\/#breadcrumb","itemListElement":[{"@type":"ListItem","position":1,"name":"Portada","item":"https:\/\/stage3.rnv.gob.ve\/wp\/"},{"@type":"ListItem","position":2,"name":"Con Izada De Bandera Nacional Se Iniciaron Actos Conmemorativos Del 5 De Julio"}]},{"@type":"WebSite","@id":"https:\/\/stage3.rnv.gob.ve\/wp\/#website","url":"https:\/\/stage3.rnv.gob.ve\/wp\/","name":"DEV RNV","description":"Radio Nacional de Venezuela C.A.","publisher":{"@id":"https:\/\/stage3.rnv.gob.ve\/wp\/#organization"},"potentialAction":[{"@type":"SearchAction","target":{"@type":"EntryPoint","urlTemplate":"https:\/\/stage3.rnv.gob.ve\/wp\/?s={search_term_string}"},"query-input":{"@type":"PropertyValueSpecification","valueRequired":true,"valueName":"search_term_string"}}],"inLanguage":"es"},{"@type":"Organization","@id":"https:\/\/stage3.rnv.gob.ve\/wp\/#organization","name":"Radio Nacional de Venezuela C.A.","url":"https:\/\/stage3.rnv.gob.ve\/wp\/","logo":{"@type":"ImageObject","inLanguage":"es","@id":"https:\/\/stage3.rnv.gob.ve\/wp\/#\/schema\/logo\/image\/","url":"http:\/\/rnv.ddns.net\/prensa\/wp-content\/uploads\/2022\/04\/rnv-1-300x227-1.jpg","contentUrl":"http:\/\/rnv.ddns.net\/prensa\/wp-content\/uploads\/2022\/04\/rnv-1-300x227-1.jpg","width":800,"height":455,"caption":"Radio Nacional de Venezuela C.A."},"image":{"@id":"https:\/\/stage3.rnv.gob.ve\/wp\/#\/schema\/logo\/image\/"},"sameAs":["https:\/\/www.facebook.com\/RadioNacionaldeVenezuela","https:\/\/x.com\/RNVinformativa","https:\/\/www.instagram.com\/rnvinformativa\/","https:\/\/www.youtube.com\/user\/RNVContigo"]},{"@type":"Person","@id":"https:\/\/stage3.rnv.gob.ve\/wp\/#\/schema\/person\/0862ce8cde332e0bc63b8a243f0eea2c","name":"administrador","sameAs":["http:\/\/arnoldoeloy.net"],"url":"https:\/\/stage3.rnv.gob.ve\/wp\/author\/administrador\/"}]}},"jetpack_featured_media_url":"","_links":{"self":[{"href":"https:\/\/stage3.rnv.gob.ve\/wp\/wp-json\/wp\/v2\/posts\/228763","targetHints":{"allow":["GET"]}}],"collection":[{"href":"https:\/\/stage3.rnv.gob.ve\/wp\/wp-json\/wp\/v2\/posts"}],"about":[{"href":"https:\/\/stage3.rnv.gob.ve\/wp\/wp-json\/wp\/v2\/types\/post"}],"author":[{"embeddable":true,"href":"https:\/\/stage3.rnv.gob.ve\/wp\/wp-json\/wp\/v2\/users\/1"}],"replies":[{"embeddable":true,"href":"https:\/\/stage3.rnv.gob.ve\/wp\/wp-json\/wp\/v2\/comments?post=228763"}],"version-history":[{"count":0,"href":"https:\/\/stage3.rnv.gob.ve\/wp\/wp-json\/wp\/v2\/posts\/228763\/revisions"}],"wp:featuredmedia":[{"embeddable":true,"href":"https:\/\/stage3.rnv.gob.ve\/wp\/wp-json\/"}],"wp:attachment":[{"href":"https:\/\/stage3.rnv.gob.ve\/wp\/wp-json\/wp\/v2\/media?parent=228763"}],"wp:term":[{"taxonomy":"category","embeddable":true,"href":"https:\/\/stage3.rnv.gob.ve\/wp\/wp-json\/wp\/v2\/categories?post=228763"},{"taxonomy":"post_tag","embeddable":true,"href":"https:\/\/stage3.rnv.gob.ve\/wp\/wp-json\/wp\/v2\/tags?post=228763"}],"curies":[{"name":"wp","href":"https:\/\/api.w.org\/{rel}","templated":true}]}}