{"id":227022,"date":"2018-06-20T05:34:36","date_gmt":"2018-06-20T10:04:36","guid":{"rendered":"https:\/\/stage3.rnv.gob.ve\/wp\/?p=227022"},"modified":"2018-06-20T05:34:36","modified_gmt":"2018-06-20T10:04:36","slug":"19-mil-jovenes-llaneros-se-han-incorporado-a-chamba-juvenil-en-barinas","status":"publish","type":"post","link":"https:\/\/stage3.rnv.gob.ve\/wp\/19-mil-jovenes-llaneros-se-han-incorporado-a-chamba-juvenil-en-barinas\/","title":{"rendered":"19 mil j\u00f3venes llaneros se han incorporado a Chamba Juvenil en Barinas"},"content":{"rendered":"<figure id=\"attachment_227023\" aria-describedby=\"caption-attachment-227023\" style=\"width: 300px\" class=\"wp-caption alignleft\"><img fetchpriority=\"high\" decoding=\"async\" class=\"size-medium wp-image-227023\" src=\"https:\/\/stage3.rnv.gob.ve\/wp\/wp-content\/uploads\/2018\/06\/chamba-juvenil_1-300x227.jpg\" alt=\"\" width=\"300\" height=\"227\" \/><figcaption id=\"caption-attachment-227023\" class=\"wp-caption-text\">Foto referencial<\/figcaption><\/figure>\n<p>El programa Chamba Juvenil, creado por el Gobierno Bolivariano hace un a\u00f1o, ha incorporado 9 mil j\u00f3venes de los 12 municipios del estado Barinas a la ocupaci\u00f3n laboral, as\u00ed lo destac\u00f3 la coordinadora del plan social en la entidad, Rossini J\u00e1uregui.<\/p>\n<p>A\u00f1adi\u00f3 que la meta es formar a los j\u00f3venes para consolidar la actividad productiva y combatir la guerra econ\u00f3mica en los llanos venezolanos.<\/p>\n<p>La geograf\u00eda barinesa cuenta con m\u00e1s de 100 promotores que se encargan de la capacitaci\u00f3n de los j\u00f3venes para garantizar el \u00f3ptimo desempe\u00f1o de la poblaci\u00f3n incorporada al programa juvenil.<\/p>\n<p><strong>Escuche el reporte de Mario Rojas para RNV\u00a0<\/strong><\/p>\n<audio class=\"wp-audio-shortcode\" id=\"audio-227022-1\" preload=\"none\" style=\"width: 100%;\" controls=\"controls\"><source type=\"audio\/mpeg\" src=\"https:\/\/stage3.rnv.gob.ve\/wp\/wp-content\/uploads\/2018\/06\/plan-chamba-juvenil-nota.mp3?_=1\" \/><a href=\"https:\/\/stage3.rnv.gob.ve\/wp\/wp-content\/uploads\/2018\/06\/plan-chamba-juvenil-nota.mp3\">https:\/\/stage3.rnv.gob.ve\/wp\/wp-content\/uploads\/2018\/06\/plan-chamba-juvenil-nota.mp3<\/a><\/audio>\n<p>T\/RNV Corresponsal\u00eda\/Barinas<\/p>\n","protected":false},"excerpt":{"rendered":"<p>El programa Chamba Juvenil, creado por el Gobierno Bolivariano hace un a\u00f1o, ha incorporado 9 mil j\u00f3venes de los 12 municipios del estado Barinas a la ocupaci\u00f3n laboral, as\u00ed lo destac\u00f3 la coordinadora del plan social en la entidad, Rossini J\u00e1uregui. A\u00f1adi\u00f3 que la meta es formar a los j\u00f3venes para consolidar la actividad productiva [&hellip;]<\/p>\n","protected":false},"author":1,"featured_media":227023,"comment_status":"closed","ping_status":"open","sticky":false,"template":"","format":"standard","meta":{"_acf_changed":false,"footnotes":""},"categories":[69],"tags":[202,26580,82],"class_list":["post-227022","post","type-post","status-publish","format-standard","has-post-thumbnail","hentry","category-regional","tag-barinas","tag-camba-juvenil","tag-rnv"],"acf":[],"yoast_head":"<!-- This site is optimized with the Yoast SEO plugin v27.4 - https:\/\/yoast.com\/product\/yoast-seo-wordpress\/ -->\n<title>19 mil j\u00f3venes llaneros se han incorporado a Chamba Juvenil en Barinas - DEV RNV<\/title>\n<meta name=\"robots\" content=\"noindex, follow, max-snippet:-1, max-image-preview:large, max-video-preview:-1\" \/>\n<meta property=\"og:locale\" content=\"es_ES\" \/>\n<meta property=\"og:type\" content=\"article\" \/>\n<meta property=\"og:title\" content=\"19 mil j\u00f3venes llaneros se han incorporado a Chamba Juvenil en Barinas - DEV RNV\" \/>\n<meta property=\"og:description\" content=\"El programa Chamba Juvenil, creado por el Gobierno Bolivariano hace un a\u00f1o, ha incorporado 9 mil j\u00f3venes de los 12 municipios del estado Barinas a la ocupaci\u00f3n laboral, as\u00ed lo destac\u00f3 la coordinadora del plan social en la entidad, Rossini J\u00e1uregui. A\u00f1adi\u00f3 que la meta es formar a los j\u00f3venes para consolidar la actividad productiva [&hellip;]\" \/>\n<meta property=\"og:url\" content=\"https:\/\/stage3.rnv.gob.ve\/wp\/19-mil-jovenes-llaneros-se-han-incorporado-a-chamba-juvenil-en-barinas\/\" \/>\n<meta property=\"og:site_name\" content=\"DEV RNV\" \/>\n<meta property=\"article:publisher\" content=\"https:\/\/www.facebook.com\/RadioNacionaldeVenezuela\" \/>\n<meta property=\"article:published_time\" content=\"2018-06-20T10:04:36+00:00\" \/>\n<meta name=\"author\" content=\"administrador\" \/>\n<meta name=\"twitter:card\" content=\"summary_large_image\" \/>\n<meta name=\"twitter:creator\" content=\"@RNVinformativa\" \/>\n<meta name=\"twitter:site\" content=\"@RNVinformativa\" \/>\n<meta name=\"twitter:label1\" content=\"Escrito por\" \/>\n\t<meta name=\"twitter:data1\" content=\"administrador\" \/>\n\t<meta name=\"twitter:label2\" content=\"Tiempo estimado de lectura\" \/>\n\t<meta name=\"twitter:data2\" content=\"1 minuto\" \/>\n<script type=\"application\/ld+json\" class=\"yoast-schema-graph\">{\"@context\":\"https:\\\/\\\/schema.org\",\"@graph\":[{\"@type\":\"Article\",\"@id\":\"https:\\\/\\\/stage3.rnv.gob.ve\\\/wp\\\/19-mil-jovenes-llaneros-se-han-incorporado-a-chamba-juvenil-en-barinas\\\/#article\",\"isPartOf\":{\"@id\":\"https:\\\/\\\/stage3.rnv.gob.ve\\\/wp\\\/19-mil-jovenes-llaneros-se-han-incorporado-a-chamba-juvenil-en-barinas\\\/\"},\"author\":{\"name\":\"administrador\",\"@id\":\"https:\\\/\\\/stage3.rnv.gob.ve\\\/wp\\\/#\\\/schema\\\/person\\\/0862ce8cde332e0bc63b8a243f0eea2c\"},\"headline\":\"19 mil j\u00f3venes llaneros se han incorporado a Chamba Juvenil en Barinas\",\"datePublished\":\"2018-06-20T10:04:36+00:00\",\"mainEntityOfPage\":{\"@id\":\"https:\\\/\\\/stage3.rnv.gob.ve\\\/wp\\\/19-mil-jovenes-llaneros-se-han-incorporado-a-chamba-juvenil-en-barinas\\\/\"},\"wordCount\":151,\"publisher\":{\"@id\":\"https:\\\/\\\/stage3.rnv.gob.ve\\\/wp\\\/#organization\"},\"image\":{\"@id\":\"https:\\\/\\\/stage3.rnv.gob.ve\\\/wp\\\/19-mil-jovenes-llaneros-se-han-incorporado-a-chamba-juvenil-en-barinas\\\/#primaryimage\"},\"thumbnailUrl\":\"\",\"keywords\":[\"barinas\",\"camba juvenil\",\"RNV\"],\"articleSection\":[\"Regional\"],\"inLanguage\":\"es\"},{\"@type\":\"WebPage\",\"@id\":\"https:\\\/\\\/stage3.rnv.gob.ve\\\/wp\\\/19-mil-jovenes-llaneros-se-han-incorporado-a-chamba-juvenil-en-barinas\\\/\",\"url\":\"https:\\\/\\\/stage3.rnv.gob.ve\\\/wp\\\/19-mil-jovenes-llaneros-se-han-incorporado-a-chamba-juvenil-en-barinas\\\/\",\"name\":\"19 mil j\u00f3venes llaneros se han incorporado a Chamba Juvenil en Barinas - DEV RNV\",\"isPartOf\":{\"@id\":\"https:\\\/\\\/stage3.rnv.gob.ve\\\/wp\\\/#website\"},\"primaryImageOfPage\":{\"@id\":\"https:\\\/\\\/stage3.rnv.gob.ve\\\/wp\\\/19-mil-jovenes-llaneros-se-han-incorporado-a-chamba-juvenil-en-barinas\\\/#primaryimage\"},\"image\":{\"@id\":\"https:\\\/\\\/stage3.rnv.gob.ve\\\/wp\\\/19-mil-jovenes-llaneros-se-han-incorporado-a-chamba-juvenil-en-barinas\\\/#primaryimage\"},\"thumbnailUrl\":\"\",\"datePublished\":\"2018-06-20T10:04:36+00:00\",\"breadcrumb\":{\"@id\":\"https:\\\/\\\/stage3.rnv.gob.ve\\\/wp\\\/19-mil-jovenes-llaneros-se-han-incorporado-a-chamba-juvenil-en-barinas\\\/#breadcrumb\"},\"inLanguage\":\"es\",\"potentialAction\":[{\"@type\":\"ReadAction\",\"target\":[\"https:\\\/\\\/stage3.rnv.gob.ve\\\/wp\\\/19-mil-jovenes-llaneros-se-han-incorporado-a-chamba-juvenil-en-barinas\\\/\"]}]},{\"@type\":\"ImageObject\",\"inLanguage\":\"es\",\"@id\":\"https:\\\/\\\/stage3.rnv.gob.ve\\\/wp\\\/19-mil-jovenes-llaneros-se-han-incorporado-a-chamba-juvenil-en-barinas\\\/#primaryimage\",\"url\":\"\",\"contentUrl\":\"\"},{\"@type\":\"BreadcrumbList\",\"@id\":\"https:\\\/\\\/stage3.rnv.gob.ve\\\/wp\\\/19-mil-jovenes-llaneros-se-han-incorporado-a-chamba-juvenil-en-barinas\\\/#breadcrumb\",\"itemListElement\":[{\"@type\":\"ListItem\",\"position\":1,\"name\":\"Portada\",\"item\":\"https:\\\/\\\/stage3.rnv.gob.ve\\\/wp\\\/\"},{\"@type\":\"ListItem\",\"position\":2,\"name\":\"19 Mil J\u00f3venes Llaneros Se Han Incorporado A Chamba Juvenil En Barinas\"}]},{\"@type\":\"WebSite\",\"@id\":\"https:\\\/\\\/stage3.rnv.gob.ve\\\/wp\\\/#website\",\"url\":\"https:\\\/\\\/stage3.rnv.gob.ve\\\/wp\\\/\",\"name\":\"DEV RNV\",\"description\":\"Radio Nacional de Venezuela C.A.\",\"publisher\":{\"@id\":\"https:\\\/\\\/stage3.rnv.gob.ve\\\/wp\\\/#organization\"},\"potentialAction\":[{\"@type\":\"SearchAction\",\"target\":{\"@type\":\"EntryPoint\",\"urlTemplate\":\"https:\\\/\\\/stage3.rnv.gob.ve\\\/wp\\\/?s={search_term_string}\"},\"query-input\":{\"@type\":\"PropertyValueSpecification\",\"valueRequired\":true,\"valueName\":\"search_term_string\"}}],\"inLanguage\":\"es\"},{\"@type\":\"Organization\",\"@id\":\"https:\\\/\\\/stage3.rnv.gob.ve\\\/wp\\\/#organization\",\"name\":\"Radio Nacional de Venezuela C.A.\",\"url\":\"https:\\\/\\\/stage3.rnv.gob.ve\\\/wp\\\/\",\"logo\":{\"@type\":\"ImageObject\",\"inLanguage\":\"es\",\"@id\":\"https:\\\/\\\/stage3.rnv.gob.ve\\\/wp\\\/#\\\/schema\\\/logo\\\/image\\\/\",\"url\":\"http:\\\/\\\/rnv.ddns.net\\\/prensa\\\/wp-content\\\/uploads\\\/2022\\\/04\\\/rnv-1-300x227-1.jpg\",\"contentUrl\":\"http:\\\/\\\/rnv.ddns.net\\\/prensa\\\/wp-content\\\/uploads\\\/2022\\\/04\\\/rnv-1-300x227-1.jpg\",\"width\":800,\"height\":455,\"caption\":\"Radio Nacional de Venezuela C.A.\"},\"image\":{\"@id\":\"https:\\\/\\\/stage3.rnv.gob.ve\\\/wp\\\/#\\\/schema\\\/logo\\\/image\\\/\"},\"sameAs\":[\"https:\\\/\\\/www.facebook.com\\\/RadioNacionaldeVenezuela\",\"https:\\\/\\\/x.com\\\/RNVinformativa\",\"https:\\\/\\\/www.instagram.com\\\/rnvinformativa\\\/\",\"https:\\\/\\\/www.youtube.com\\\/user\\\/RNVContigo\"]},{\"@type\":\"Person\",\"@id\":\"https:\\\/\\\/stage3.rnv.gob.ve\\\/wp\\\/#\\\/schema\\\/person\\\/0862ce8cde332e0bc63b8a243f0eea2c\",\"name\":\"administrador\",\"sameAs\":[\"http:\\\/\\\/arnoldoeloy.net\"],\"url\":\"https:\\\/\\\/stage3.rnv.gob.ve\\\/wp\\\/author\\\/administrador\\\/\"}]}<\/script>\n<!-- \/ Yoast SEO plugin. -->","yoast_head_json":{"title":"19 mil j\u00f3venes llaneros se han incorporado a Chamba Juvenil en Barinas - DEV RNV","robots":{"index":"noindex","follow":"follow","max-snippet":"max-snippet:-1","max-image-preview":"max-image-preview:large","max-video-preview":"max-video-preview:-1"},"og_locale":"es_ES","og_type":"article","og_title":"19 mil j\u00f3venes llaneros se han incorporado a Chamba Juvenil en Barinas - DEV RNV","og_description":"El programa Chamba Juvenil, creado por el Gobierno Bolivariano hace un a\u00f1o, ha incorporado 9 mil j\u00f3venes de los 12 municipios del estado Barinas a la ocupaci\u00f3n laboral, as\u00ed lo destac\u00f3 la coordinadora del plan social en la entidad, Rossini J\u00e1uregui. A\u00f1adi\u00f3 que la meta es formar a los j\u00f3venes para consolidar la actividad productiva [&hellip;]","og_url":"https:\/\/stage3.rnv.gob.ve\/wp\/19-mil-jovenes-llaneros-se-han-incorporado-a-chamba-juvenil-en-barinas\/","og_site_name":"DEV RNV","article_publisher":"https:\/\/www.facebook.com\/RadioNacionaldeVenezuela","article_published_time":"2018-06-20T10:04:36+00:00","author":"administrador","twitter_card":"summary_large_image","twitter_creator":"@RNVinformativa","twitter_site":"@RNVinformativa","twitter_misc":{"Escrito por":"administrador","Tiempo estimado de lectura":"1 minuto"},"schema":{"@context":"https:\/\/schema.org","@graph":[{"@type":"Article","@id":"https:\/\/stage3.rnv.gob.ve\/wp\/19-mil-jovenes-llaneros-se-han-incorporado-a-chamba-juvenil-en-barinas\/#article","isPartOf":{"@id":"https:\/\/stage3.rnv.gob.ve\/wp\/19-mil-jovenes-llaneros-se-han-incorporado-a-chamba-juvenil-en-barinas\/"},"author":{"name":"administrador","@id":"https:\/\/stage3.rnv.gob.ve\/wp\/#\/schema\/person\/0862ce8cde332e0bc63b8a243f0eea2c"},"headline":"19 mil j\u00f3venes llaneros se han incorporado a Chamba Juvenil en Barinas","datePublished":"2018-06-20T10:04:36+00:00","mainEntityOfPage":{"@id":"https:\/\/stage3.rnv.gob.ve\/wp\/19-mil-jovenes-llaneros-se-han-incorporado-a-chamba-juvenil-en-barinas\/"},"wordCount":151,"publisher":{"@id":"https:\/\/stage3.rnv.gob.ve\/wp\/#organization"},"image":{"@id":"https:\/\/stage3.rnv.gob.ve\/wp\/19-mil-jovenes-llaneros-se-han-incorporado-a-chamba-juvenil-en-barinas\/#primaryimage"},"thumbnailUrl":"","keywords":["barinas","camba juvenil","RNV"],"articleSection":["Regional"],"inLanguage":"es"},{"@type":"WebPage","@id":"https:\/\/stage3.rnv.gob.ve\/wp\/19-mil-jovenes-llaneros-se-han-incorporado-a-chamba-juvenil-en-barinas\/","url":"https:\/\/stage3.rnv.gob.ve\/wp\/19-mil-jovenes-llaneros-se-han-incorporado-a-chamba-juvenil-en-barinas\/","name":"19 mil j\u00f3venes llaneros se han incorporado a Chamba Juvenil en Barinas - DEV RNV","isPartOf":{"@id":"https:\/\/stage3.rnv.gob.ve\/wp\/#website"},"primaryImageOfPage":{"@id":"https:\/\/stage3.rnv.gob.ve\/wp\/19-mil-jovenes-llaneros-se-han-incorporado-a-chamba-juvenil-en-barinas\/#primaryimage"},"image":{"@id":"https:\/\/stage3.rnv.gob.ve\/wp\/19-mil-jovenes-llaneros-se-han-incorporado-a-chamba-juvenil-en-barinas\/#primaryimage"},"thumbnailUrl":"","datePublished":"2018-06-20T10:04:36+00:00","breadcrumb":{"@id":"https:\/\/stage3.rnv.gob.ve\/wp\/19-mil-jovenes-llaneros-se-han-incorporado-a-chamba-juvenil-en-barinas\/#breadcrumb"},"inLanguage":"es","potentialAction":[{"@type":"ReadAction","target":["https:\/\/stage3.rnv.gob.ve\/wp\/19-mil-jovenes-llaneros-se-han-incorporado-a-chamba-juvenil-en-barinas\/"]}]},{"@type":"ImageObject","inLanguage":"es","@id":"https:\/\/stage3.rnv.gob.ve\/wp\/19-mil-jovenes-llaneros-se-han-incorporado-a-chamba-juvenil-en-barinas\/#primaryimage","url":"","contentUrl":""},{"@type":"BreadcrumbList","@id":"https:\/\/stage3.rnv.gob.ve\/wp\/19-mil-jovenes-llaneros-se-han-incorporado-a-chamba-juvenil-en-barinas\/#breadcrumb","itemListElement":[{"@type":"ListItem","position":1,"name":"Portada","item":"https:\/\/stage3.rnv.gob.ve\/wp\/"},{"@type":"ListItem","position":2,"name":"19 Mil J\u00f3venes Llaneros Se Han Incorporado A Chamba Juvenil En Barinas"}]},{"@type":"WebSite","@id":"https:\/\/stage3.rnv.gob.ve\/wp\/#website","url":"https:\/\/stage3.rnv.gob.ve\/wp\/","name":"DEV RNV","description":"Radio Nacional de Venezuela C.A.","publisher":{"@id":"https:\/\/stage3.rnv.gob.ve\/wp\/#organization"},"potentialAction":[{"@type":"SearchAction","target":{"@type":"EntryPoint","urlTemplate":"https:\/\/stage3.rnv.gob.ve\/wp\/?s={search_term_string}"},"query-input":{"@type":"PropertyValueSpecification","valueRequired":true,"valueName":"search_term_string"}}],"inLanguage":"es"},{"@type":"Organization","@id":"https:\/\/stage3.rnv.gob.ve\/wp\/#organization","name":"Radio Nacional de Venezuela C.A.","url":"https:\/\/stage3.rnv.gob.ve\/wp\/","logo":{"@type":"ImageObject","inLanguage":"es","@id":"https:\/\/stage3.rnv.gob.ve\/wp\/#\/schema\/logo\/image\/","url":"http:\/\/rnv.ddns.net\/prensa\/wp-content\/uploads\/2022\/04\/rnv-1-300x227-1.jpg","contentUrl":"http:\/\/rnv.ddns.net\/prensa\/wp-content\/uploads\/2022\/04\/rnv-1-300x227-1.jpg","width":800,"height":455,"caption":"Radio Nacional de Venezuela C.A."},"image":{"@id":"https:\/\/stage3.rnv.gob.ve\/wp\/#\/schema\/logo\/image\/"},"sameAs":["https:\/\/www.facebook.com\/RadioNacionaldeVenezuela","https:\/\/x.com\/RNVinformativa","https:\/\/www.instagram.com\/rnvinformativa\/","https:\/\/www.youtube.com\/user\/RNVContigo"]},{"@type":"Person","@id":"https:\/\/stage3.rnv.gob.ve\/wp\/#\/schema\/person\/0862ce8cde332e0bc63b8a243f0eea2c","name":"administrador","sameAs":["http:\/\/arnoldoeloy.net"],"url":"https:\/\/stage3.rnv.gob.ve\/wp\/author\/administrador\/"}]}},"jetpack_featured_media_url":"","_links":{"self":[{"href":"https:\/\/stage3.rnv.gob.ve\/wp\/wp-json\/wp\/v2\/posts\/227022","targetHints":{"allow":["GET"]}}],"collection":[{"href":"https:\/\/stage3.rnv.gob.ve\/wp\/wp-json\/wp\/v2\/posts"}],"about":[{"href":"https:\/\/stage3.rnv.gob.ve\/wp\/wp-json\/wp\/v2\/types\/post"}],"author":[{"embeddable":true,"href":"https:\/\/stage3.rnv.gob.ve\/wp\/wp-json\/wp\/v2\/users\/1"}],"replies":[{"embeddable":true,"href":"https:\/\/stage3.rnv.gob.ve\/wp\/wp-json\/wp\/v2\/comments?post=227022"}],"version-history":[{"count":0,"href":"https:\/\/stage3.rnv.gob.ve\/wp\/wp-json\/wp\/v2\/posts\/227022\/revisions"}],"wp:featuredmedia":[{"embeddable":true,"href":"https:\/\/stage3.rnv.gob.ve\/wp\/wp-json\/"}],"wp:attachment":[{"href":"https:\/\/stage3.rnv.gob.ve\/wp\/wp-json\/wp\/v2\/media?parent=227022"}],"wp:term":[{"taxonomy":"category","embeddable":true,"href":"https:\/\/stage3.rnv.gob.ve\/wp\/wp-json\/wp\/v2\/categories?post=227022"},{"taxonomy":"post_tag","embeddable":true,"href":"https:\/\/stage3.rnv.gob.ve\/wp\/wp-json\/wp\/v2\/tags?post=227022"}],"curies":[{"name":"wp","href":"https:\/\/api.w.org\/{rel}","templated":true}]}}