{"id":226174,"date":"2018-06-12T13:01:50","date_gmt":"2018-06-12T17:31:50","guid":{"rendered":"https:\/\/stage3.rnv.gob.ve\/wp\/?p=226174"},"modified":"2018-06-12T13:01:50","modified_gmt":"2018-06-12T17:31:50","slug":"dos-sismos-en-el-departamento-de-narino-dejan-dos-fallecidos","status":"publish","type":"post","link":"https:\/\/stage3.rnv.gob.ve\/wp\/dos-sismos-en-el-departamento-de-narino-dejan-dos-fallecidos\/","title":{"rendered":"Dos sismos en el departamento de Nari\u00f1o dejan dos fallecidos"},"content":{"rendered":"<figure id=\"attachment_226175\" aria-describedby=\"caption-attachment-226175\" style=\"width: 300px\" class=\"wp-caption alignleft\"><img fetchpriority=\"high\" decoding=\"async\" class=\"size-medium wp-image-226175\" src=\"https:\/\/stage3.rnv.gob.ve\/wp\/wp-content\/uploads\/2018\/06\/Dffu3nbVMAAzYlY-300x225.jpg\" alt=\"\" width=\"300\" height=\"225\" \/><figcaption id=\"caption-attachment-226175\" class=\"wp-caption-text\">Foto v\u00eda Twitter<\/figcaption><\/figure>\n<p>Dos sismos de magnitud 4,5 y 4,3, que tuvieron como epicentro el volc\u00e1n Galeras, sacudieron este martes el departamento colombiano de Nari\u00f1o, fronterizo con Ecuador, y dejaron dos personas muertas en Pasto, la capital regional.<\/p>\n<p>Los sismos, el primero de los cuales ocurri\u00f3 a las 4.35 hora local (9.35 GMT), con una fuerte r\u00e9plica un minuto despu\u00e9s, causaron la muerte a dos personas en el sector de Brice\u00f1o, en Pasto, y una afectaci\u00f3n en la carretera que conduce de esa ciudad al pueblo de Genoy, recoge este martes EFE.<\/p>\n<p>\u00abNo tenemos afectaci\u00f3n en infraestructura de salud. En el sector educativo se est\u00e1 haciendo evaluaci\u00f3n de da\u00f1os y arrancamos a hacer evaluaci\u00f3n de da\u00f1os en viviendas. En la zona de amenaza del Galeras no tenemos ninguna afectaci\u00f3n\u00bb, dijo por tel\u00e9fono a Efe el coordinador del consejo departamental de gesti\u00f3n del riesgo de desastres de Nari\u00f1o, Carlos Bravo.<\/p>\n<p>Los dos movimientos tel\u00faricos tuvieron una profundidad superficial, menor de los 30 kil\u00f3metros, detall\u00f3 el Servicio Geol\u00f3gico Colombiano (SGC) en un comunicado, en el que agreg\u00f3 que la ciudad m\u00e1s cercana al epicentro es Pasto, situada a seis kil\u00f3metros de distancia.<\/p>\n<p>El gobernador de ese departamento, Camilo Romero, afirm\u00f3 en Twitter que fueron \u00abactivados todos los protocolos\u00bb y que articular\u00e1n su trabajo con el de las autoridades de la ciudad para \u00abatender la emergencia\u00bb.<\/p>\n<p>\u00abDe manera preventiva hemos ordenado la suspensi\u00f3n de clases en los municipios de La Florida y Nari\u00f1o. Hasta el momento no hay cambio de alerta volc\u00e1nica. Seguimos estrictamente protocolos y activamos todos los mecanismos de prevenci\u00f3n\u00bb, agreg\u00f3 Romero.<\/p>\n<p>El volc\u00e1n Galeras es de los m\u00e1s activos de Colombia y en los \u00faltimos a\u00f1os ha emitido cenizas y fumarolas en numerosas ocasiones.<\/p>\n<p>T\/AVN<\/p>\n","protected":false},"excerpt":{"rendered":"<p>Dos sismos de magnitud 4,5 y 4,3, que tuvieron como epicentro el volc\u00e1n Galeras, sacudieron este martes el departamento colombiano de Nari\u00f1o, fronterizo con Ecuador, y dejaron dos personas muertas en Pasto, la capital regional. Los sismos, el primero de los cuales ocurri\u00f3 a las 4.35 hora local (9.35 GMT), con una fuerte r\u00e9plica un [&hellip;]<\/p>\n","protected":false},"author":1,"featured_media":226175,"comment_status":"closed","ping_status":"open","sticky":false,"template":"","format":"standard","meta":{"_acf_changed":false,"footnotes":""},"categories":[61],"tags":[483,82,1549],"class_list":["post-226174","post","type-post","status-publish","format-standard","has-post-thumbnail","hentry","category-internacional","tag-colombia","tag-rnv","tag-sismo"],"acf":[],"yoast_head":"<!-- This site is optimized with the Yoast SEO plugin v27.4 - https:\/\/yoast.com\/product\/yoast-seo-wordpress\/ -->\n<title>Dos sismos en el departamento de Nari\u00f1o dejan dos fallecidos - DEV RNV<\/title>\n<meta name=\"robots\" content=\"noindex, follow, max-snippet:-1, max-image-preview:large, max-video-preview:-1\" \/>\n<meta property=\"og:locale\" content=\"es_ES\" \/>\n<meta property=\"og:type\" content=\"article\" \/>\n<meta property=\"og:title\" content=\"Dos sismos en el departamento de Nari\u00f1o dejan dos fallecidos - DEV RNV\" \/>\n<meta property=\"og:description\" content=\"Dos sismos de magnitud 4,5 y 4,3, que tuvieron como epicentro el volc\u00e1n Galeras, sacudieron este martes el departamento colombiano de Nari\u00f1o, fronterizo con Ecuador, y dejaron dos personas muertas en Pasto, la capital regional. Los sismos, el primero de los cuales ocurri\u00f3 a las 4.35 hora local (9.35 GMT), con una fuerte r\u00e9plica un [&hellip;]\" \/>\n<meta property=\"og:url\" content=\"https:\/\/stage3.rnv.gob.ve\/wp\/dos-sismos-en-el-departamento-de-narino-dejan-dos-fallecidos\/\" \/>\n<meta property=\"og:site_name\" content=\"DEV RNV\" \/>\n<meta property=\"article:publisher\" content=\"https:\/\/www.facebook.com\/RadioNacionaldeVenezuela\" \/>\n<meta property=\"article:published_time\" content=\"2018-06-12T17:31:50+00:00\" \/>\n<meta name=\"author\" content=\"administrador\" \/>\n<meta name=\"twitter:card\" content=\"summary_large_image\" \/>\n<meta name=\"twitter:creator\" content=\"@RNVinformativa\" \/>\n<meta name=\"twitter:site\" content=\"@RNVinformativa\" \/>\n<meta name=\"twitter:label1\" content=\"Escrito por\" \/>\n\t<meta name=\"twitter:data1\" content=\"administrador\" \/>\n\t<meta name=\"twitter:label2\" content=\"Tiempo estimado de lectura\" \/>\n\t<meta name=\"twitter:data2\" content=\"2 minutos\" \/>\n<script type=\"application\/ld+json\" class=\"yoast-schema-graph\">{\"@context\":\"https:\\\/\\\/schema.org\",\"@graph\":[{\"@type\":\"Article\",\"@id\":\"https:\\\/\\\/stage3.rnv.gob.ve\\\/wp\\\/dos-sismos-en-el-departamento-de-narino-dejan-dos-fallecidos\\\/#article\",\"isPartOf\":{\"@id\":\"https:\\\/\\\/stage3.rnv.gob.ve\\\/wp\\\/dos-sismos-en-el-departamento-de-narino-dejan-dos-fallecidos\\\/\"},\"author\":{\"name\":\"administrador\",\"@id\":\"https:\\\/\\\/stage3.rnv.gob.ve\\\/wp\\\/#\\\/schema\\\/person\\\/0862ce8cde332e0bc63b8a243f0eea2c\"},\"headline\":\"Dos sismos en el departamento de Nari\u00f1o dejan dos fallecidos\",\"datePublished\":\"2018-06-12T17:31:50+00:00\",\"mainEntityOfPage\":{\"@id\":\"https:\\\/\\\/stage3.rnv.gob.ve\\\/wp\\\/dos-sismos-en-el-departamento-de-narino-dejan-dos-fallecidos\\\/\"},\"wordCount\":328,\"publisher\":{\"@id\":\"https:\\\/\\\/stage3.rnv.gob.ve\\\/wp\\\/#organization\"},\"image\":{\"@id\":\"https:\\\/\\\/stage3.rnv.gob.ve\\\/wp\\\/dos-sismos-en-el-departamento-de-narino-dejan-dos-fallecidos\\\/#primaryimage\"},\"thumbnailUrl\":\"\",\"keywords\":[\"colombia\",\"RNV\",\"Sismo\"],\"articleSection\":[\"Internacional\"],\"inLanguage\":\"es\"},{\"@type\":\"WebPage\",\"@id\":\"https:\\\/\\\/stage3.rnv.gob.ve\\\/wp\\\/dos-sismos-en-el-departamento-de-narino-dejan-dos-fallecidos\\\/\",\"url\":\"https:\\\/\\\/stage3.rnv.gob.ve\\\/wp\\\/dos-sismos-en-el-departamento-de-narino-dejan-dos-fallecidos\\\/\",\"name\":\"Dos sismos en el departamento de Nari\u00f1o dejan dos fallecidos - DEV RNV\",\"isPartOf\":{\"@id\":\"https:\\\/\\\/stage3.rnv.gob.ve\\\/wp\\\/#website\"},\"primaryImageOfPage\":{\"@id\":\"https:\\\/\\\/stage3.rnv.gob.ve\\\/wp\\\/dos-sismos-en-el-departamento-de-narino-dejan-dos-fallecidos\\\/#primaryimage\"},\"image\":{\"@id\":\"https:\\\/\\\/stage3.rnv.gob.ve\\\/wp\\\/dos-sismos-en-el-departamento-de-narino-dejan-dos-fallecidos\\\/#primaryimage\"},\"thumbnailUrl\":\"\",\"datePublished\":\"2018-06-12T17:31:50+00:00\",\"breadcrumb\":{\"@id\":\"https:\\\/\\\/stage3.rnv.gob.ve\\\/wp\\\/dos-sismos-en-el-departamento-de-narino-dejan-dos-fallecidos\\\/#breadcrumb\"},\"inLanguage\":\"es\",\"potentialAction\":[{\"@type\":\"ReadAction\",\"target\":[\"https:\\\/\\\/stage3.rnv.gob.ve\\\/wp\\\/dos-sismos-en-el-departamento-de-narino-dejan-dos-fallecidos\\\/\"]}]},{\"@type\":\"ImageObject\",\"inLanguage\":\"es\",\"@id\":\"https:\\\/\\\/stage3.rnv.gob.ve\\\/wp\\\/dos-sismos-en-el-departamento-de-narino-dejan-dos-fallecidos\\\/#primaryimage\",\"url\":\"\",\"contentUrl\":\"\"},{\"@type\":\"BreadcrumbList\",\"@id\":\"https:\\\/\\\/stage3.rnv.gob.ve\\\/wp\\\/dos-sismos-en-el-departamento-de-narino-dejan-dos-fallecidos\\\/#breadcrumb\",\"itemListElement\":[{\"@type\":\"ListItem\",\"position\":1,\"name\":\"Portada\",\"item\":\"https:\\\/\\\/stage3.rnv.gob.ve\\\/wp\\\/\"},{\"@type\":\"ListItem\",\"position\":2,\"name\":\"Dos Sismos En El Departamento De Nari\u00f1o Dejan Dos Fallecidos\"}]},{\"@type\":\"WebSite\",\"@id\":\"https:\\\/\\\/stage3.rnv.gob.ve\\\/wp\\\/#website\",\"url\":\"https:\\\/\\\/stage3.rnv.gob.ve\\\/wp\\\/\",\"name\":\"DEV RNV\",\"description\":\"Radio Nacional de Venezuela C.A.\",\"publisher\":{\"@id\":\"https:\\\/\\\/stage3.rnv.gob.ve\\\/wp\\\/#organization\"},\"potentialAction\":[{\"@type\":\"SearchAction\",\"target\":{\"@type\":\"EntryPoint\",\"urlTemplate\":\"https:\\\/\\\/stage3.rnv.gob.ve\\\/wp\\\/?s={search_term_string}\"},\"query-input\":{\"@type\":\"PropertyValueSpecification\",\"valueRequired\":true,\"valueName\":\"search_term_string\"}}],\"inLanguage\":\"es\"},{\"@type\":\"Organization\",\"@id\":\"https:\\\/\\\/stage3.rnv.gob.ve\\\/wp\\\/#organization\",\"name\":\"Radio Nacional de Venezuela C.A.\",\"url\":\"https:\\\/\\\/stage3.rnv.gob.ve\\\/wp\\\/\",\"logo\":{\"@type\":\"ImageObject\",\"inLanguage\":\"es\",\"@id\":\"https:\\\/\\\/stage3.rnv.gob.ve\\\/wp\\\/#\\\/schema\\\/logo\\\/image\\\/\",\"url\":\"http:\\\/\\\/rnv.ddns.net\\\/prensa\\\/wp-content\\\/uploads\\\/2022\\\/04\\\/rnv-1-300x227-1.jpg\",\"contentUrl\":\"http:\\\/\\\/rnv.ddns.net\\\/prensa\\\/wp-content\\\/uploads\\\/2022\\\/04\\\/rnv-1-300x227-1.jpg\",\"width\":800,\"height\":455,\"caption\":\"Radio Nacional de Venezuela C.A.\"},\"image\":{\"@id\":\"https:\\\/\\\/stage3.rnv.gob.ve\\\/wp\\\/#\\\/schema\\\/logo\\\/image\\\/\"},\"sameAs\":[\"https:\\\/\\\/www.facebook.com\\\/RadioNacionaldeVenezuela\",\"https:\\\/\\\/x.com\\\/RNVinformativa\",\"https:\\\/\\\/www.instagram.com\\\/rnvinformativa\\\/\",\"https:\\\/\\\/www.youtube.com\\\/user\\\/RNVContigo\"]},{\"@type\":\"Person\",\"@id\":\"https:\\\/\\\/stage3.rnv.gob.ve\\\/wp\\\/#\\\/schema\\\/person\\\/0862ce8cde332e0bc63b8a243f0eea2c\",\"name\":\"administrador\",\"sameAs\":[\"http:\\\/\\\/arnoldoeloy.net\"],\"url\":\"https:\\\/\\\/stage3.rnv.gob.ve\\\/wp\\\/author\\\/administrador\\\/\"}]}<\/script>\n<!-- \/ Yoast SEO plugin. -->","yoast_head_json":{"title":"Dos sismos en el departamento de Nari\u00f1o dejan dos fallecidos - DEV RNV","robots":{"index":"noindex","follow":"follow","max-snippet":"max-snippet:-1","max-image-preview":"max-image-preview:large","max-video-preview":"max-video-preview:-1"},"og_locale":"es_ES","og_type":"article","og_title":"Dos sismos en el departamento de Nari\u00f1o dejan dos fallecidos - DEV RNV","og_description":"Dos sismos de magnitud 4,5 y 4,3, que tuvieron como epicentro el volc\u00e1n Galeras, sacudieron este martes el departamento colombiano de Nari\u00f1o, fronterizo con Ecuador, y dejaron dos personas muertas en Pasto, la capital regional. Los sismos, el primero de los cuales ocurri\u00f3 a las 4.35 hora local (9.35 GMT), con una fuerte r\u00e9plica un [&hellip;]","og_url":"https:\/\/stage3.rnv.gob.ve\/wp\/dos-sismos-en-el-departamento-de-narino-dejan-dos-fallecidos\/","og_site_name":"DEV RNV","article_publisher":"https:\/\/www.facebook.com\/RadioNacionaldeVenezuela","article_published_time":"2018-06-12T17:31:50+00:00","author":"administrador","twitter_card":"summary_large_image","twitter_creator":"@RNVinformativa","twitter_site":"@RNVinformativa","twitter_misc":{"Escrito por":"administrador","Tiempo estimado de lectura":"2 minutos"},"schema":{"@context":"https:\/\/schema.org","@graph":[{"@type":"Article","@id":"https:\/\/stage3.rnv.gob.ve\/wp\/dos-sismos-en-el-departamento-de-narino-dejan-dos-fallecidos\/#article","isPartOf":{"@id":"https:\/\/stage3.rnv.gob.ve\/wp\/dos-sismos-en-el-departamento-de-narino-dejan-dos-fallecidos\/"},"author":{"name":"administrador","@id":"https:\/\/stage3.rnv.gob.ve\/wp\/#\/schema\/person\/0862ce8cde332e0bc63b8a243f0eea2c"},"headline":"Dos sismos en el departamento de Nari\u00f1o dejan dos fallecidos","datePublished":"2018-06-12T17:31:50+00:00","mainEntityOfPage":{"@id":"https:\/\/stage3.rnv.gob.ve\/wp\/dos-sismos-en-el-departamento-de-narino-dejan-dos-fallecidos\/"},"wordCount":328,"publisher":{"@id":"https:\/\/stage3.rnv.gob.ve\/wp\/#organization"},"image":{"@id":"https:\/\/stage3.rnv.gob.ve\/wp\/dos-sismos-en-el-departamento-de-narino-dejan-dos-fallecidos\/#primaryimage"},"thumbnailUrl":"","keywords":["colombia","RNV","Sismo"],"articleSection":["Internacional"],"inLanguage":"es"},{"@type":"WebPage","@id":"https:\/\/stage3.rnv.gob.ve\/wp\/dos-sismos-en-el-departamento-de-narino-dejan-dos-fallecidos\/","url":"https:\/\/stage3.rnv.gob.ve\/wp\/dos-sismos-en-el-departamento-de-narino-dejan-dos-fallecidos\/","name":"Dos sismos en el departamento de Nari\u00f1o dejan dos fallecidos - DEV RNV","isPartOf":{"@id":"https:\/\/stage3.rnv.gob.ve\/wp\/#website"},"primaryImageOfPage":{"@id":"https:\/\/stage3.rnv.gob.ve\/wp\/dos-sismos-en-el-departamento-de-narino-dejan-dos-fallecidos\/#primaryimage"},"image":{"@id":"https:\/\/stage3.rnv.gob.ve\/wp\/dos-sismos-en-el-departamento-de-narino-dejan-dos-fallecidos\/#primaryimage"},"thumbnailUrl":"","datePublished":"2018-06-12T17:31:50+00:00","breadcrumb":{"@id":"https:\/\/stage3.rnv.gob.ve\/wp\/dos-sismos-en-el-departamento-de-narino-dejan-dos-fallecidos\/#breadcrumb"},"inLanguage":"es","potentialAction":[{"@type":"ReadAction","target":["https:\/\/stage3.rnv.gob.ve\/wp\/dos-sismos-en-el-departamento-de-narino-dejan-dos-fallecidos\/"]}]},{"@type":"ImageObject","inLanguage":"es","@id":"https:\/\/stage3.rnv.gob.ve\/wp\/dos-sismos-en-el-departamento-de-narino-dejan-dos-fallecidos\/#primaryimage","url":"","contentUrl":""},{"@type":"BreadcrumbList","@id":"https:\/\/stage3.rnv.gob.ve\/wp\/dos-sismos-en-el-departamento-de-narino-dejan-dos-fallecidos\/#breadcrumb","itemListElement":[{"@type":"ListItem","position":1,"name":"Portada","item":"https:\/\/stage3.rnv.gob.ve\/wp\/"},{"@type":"ListItem","position":2,"name":"Dos Sismos En El Departamento De Nari\u00f1o Dejan Dos Fallecidos"}]},{"@type":"WebSite","@id":"https:\/\/stage3.rnv.gob.ve\/wp\/#website","url":"https:\/\/stage3.rnv.gob.ve\/wp\/","name":"DEV RNV","description":"Radio Nacional de Venezuela C.A.","publisher":{"@id":"https:\/\/stage3.rnv.gob.ve\/wp\/#organization"},"potentialAction":[{"@type":"SearchAction","target":{"@type":"EntryPoint","urlTemplate":"https:\/\/stage3.rnv.gob.ve\/wp\/?s={search_term_string}"},"query-input":{"@type":"PropertyValueSpecification","valueRequired":true,"valueName":"search_term_string"}}],"inLanguage":"es"},{"@type":"Organization","@id":"https:\/\/stage3.rnv.gob.ve\/wp\/#organization","name":"Radio Nacional de Venezuela C.A.","url":"https:\/\/stage3.rnv.gob.ve\/wp\/","logo":{"@type":"ImageObject","inLanguage":"es","@id":"https:\/\/stage3.rnv.gob.ve\/wp\/#\/schema\/logo\/image\/","url":"http:\/\/rnv.ddns.net\/prensa\/wp-content\/uploads\/2022\/04\/rnv-1-300x227-1.jpg","contentUrl":"http:\/\/rnv.ddns.net\/prensa\/wp-content\/uploads\/2022\/04\/rnv-1-300x227-1.jpg","width":800,"height":455,"caption":"Radio Nacional de Venezuela C.A."},"image":{"@id":"https:\/\/stage3.rnv.gob.ve\/wp\/#\/schema\/logo\/image\/"},"sameAs":["https:\/\/www.facebook.com\/RadioNacionaldeVenezuela","https:\/\/x.com\/RNVinformativa","https:\/\/www.instagram.com\/rnvinformativa\/","https:\/\/www.youtube.com\/user\/RNVContigo"]},{"@type":"Person","@id":"https:\/\/stage3.rnv.gob.ve\/wp\/#\/schema\/person\/0862ce8cde332e0bc63b8a243f0eea2c","name":"administrador","sameAs":["http:\/\/arnoldoeloy.net"],"url":"https:\/\/stage3.rnv.gob.ve\/wp\/author\/administrador\/"}]}},"jetpack_featured_media_url":"","_links":{"self":[{"href":"https:\/\/stage3.rnv.gob.ve\/wp\/wp-json\/wp\/v2\/posts\/226174","targetHints":{"allow":["GET"]}}],"collection":[{"href":"https:\/\/stage3.rnv.gob.ve\/wp\/wp-json\/wp\/v2\/posts"}],"about":[{"href":"https:\/\/stage3.rnv.gob.ve\/wp\/wp-json\/wp\/v2\/types\/post"}],"author":[{"embeddable":true,"href":"https:\/\/stage3.rnv.gob.ve\/wp\/wp-json\/wp\/v2\/users\/1"}],"replies":[{"embeddable":true,"href":"https:\/\/stage3.rnv.gob.ve\/wp\/wp-json\/wp\/v2\/comments?post=226174"}],"version-history":[{"count":0,"href":"https:\/\/stage3.rnv.gob.ve\/wp\/wp-json\/wp\/v2\/posts\/226174\/revisions"}],"wp:featuredmedia":[{"embeddable":true,"href":"https:\/\/stage3.rnv.gob.ve\/wp\/wp-json\/"}],"wp:attachment":[{"href":"https:\/\/stage3.rnv.gob.ve\/wp\/wp-json\/wp\/v2\/media?parent=226174"}],"wp:term":[{"taxonomy":"category","embeddable":true,"href":"https:\/\/stage3.rnv.gob.ve\/wp\/wp-json\/wp\/v2\/categories?post=226174"},{"taxonomy":"post_tag","embeddable":true,"href":"https:\/\/stage3.rnv.gob.ve\/wp\/wp-json\/wp\/v2\/tags?post=226174"}],"curies":[{"name":"wp","href":"https:\/\/api.w.org\/{rel}","templated":true}]}}