{"id":221441,"date":"2018-05-11T12:35:18","date_gmt":"2018-05-11T17:05:18","guid":{"rendered":"https:\/\/stage3.rnv.gob.ve\/wp\/?p=221441"},"modified":"2026-04-14T20:57:56","modified_gmt":"2026-04-15T00:57:56","slug":"katherine-diaz-clasifico-a-la-final-en-montpellier","status":"publish","type":"post","link":"https:\/\/stage3.rnv.gob.ve\/wp\/katherine-diaz-clasifico-a-la-final-en-montpellier\/","title":{"rendered":"Katherine D\u00edaz clasific\u00f3 a la final en Montpellier"},"content":{"rendered":"<p>&nbsp;<\/p>\n<p><img fetchpriority=\"high\" decoding=\"async\" class=\"aligncenter wp-image-221454\" src=\"https:\/\/stage3.rnv.gob.ve\/wp\/wp-content\/uploads\/2018\/05\/Katherine-D\u00edaz-1132x670.jpg\" alt=\"\" width=\"602\" height=\"356\" \/><\/p>\n<div class=\"post-body xt-post-content\">\n<p>La ciclista venezolana Katherine D\u00edaz clasific\u00f3 a la final de la tercera parada del Campeonato Mundial de BMX freestyle que se disputa en Montpellier, Francia, correspondiente a la temporada de la FISE World Series.<\/p>\n<p>D\u00edaz logr\u00f3 acumular 53.4 puntos que la llevaron a finalizar entre las diez mejores de las 12 ciclistas que se clasificaron. Para la criolla, este evento es su primera participaci\u00f3n de esta temporada.<\/p>\n<p>La venezolana, subcampeona en el BMX Worlds de 2013 que se llev\u00f3 a cabo en Alemania, disputar\u00e1 hoy en horas de la tarde la gran final de la v\u00e1lida, siendo la \u00fanica atleta latinoamericana que pudo avanzar a la instancia decisiva de la cita.<\/p>\n<p>En esta tercera parada del Mundial, que es avalada por la Uni\u00f3n Cicl\u00edstica Internacional (UCI), tambi\u00e9n ver\u00e1 acci\u00f3n el venezolano Daniel Dhers, quien, en la segunda v\u00e1lida, efectuada en Hiroshima, Jap\u00f3n, se qued\u00f3 con el tercer lugar.<\/p>\n<p>Dhers, cinco veces ganador de la medalla de oro en los X-Games (Juegos Extremos), tambi\u00e9n se titul\u00f3 en la primera v\u00e1lida de este torneo celebrada en marzo, en Jeddah, Arabia Saudita.<\/p>\n<p>\u201cTengo buenas expectativas, esta semana es larga, ya que hay m\u00e1s clasificatorios y fases que en las otras paradas, pero estoy bastante bien\u201d, expres\u00f3 en un video publicado por el Comit\u00e9 Ol\u00edmpico Venezolano en Twitter.<\/p>\n<p>\u201cSiempre me ha gustado Francia, y de verdad que estoy muy contento de regresar aqu\u00ed una vez m\u00e1s\u201d, agreg\u00f3 el criollo.<\/p>\n<p>El BMX freestyle ser\u00e1 una de las nuevas disciplinas que integrar\u00e1n el programa ol\u00edmpico, y estar\u00e1 en acci\u00f3n para los Juegos Ol\u00edmpicos de Tokio-2020.<\/p>\n<p><em><strong>T\/RNV\/CIUDADCCS<\/strong><\/em><\/p>\n<\/div>\n","protected":false},"excerpt":{"rendered":"<p>&nbsp; La ciclista venezolana Katherine D\u00edaz clasific\u00f3 a la final de la tercera parada del Campeonato Mundial de BMX freestyle que se disputa en Montpellier, Francia, correspondiente a la temporada de la FISE World Series. D\u00edaz logr\u00f3 acumular 53.4 puntos que la llevaron a finalizar entre las diez mejores de las 12 ciclistas que se [&hellip;]<\/p>\n","protected":false},"author":1,"featured_media":221454,"comment_status":"closed","ping_status":"open","sticky":false,"template":"","format":"standard","meta":{"_acf_changed":false,"footnotes":""},"categories":[56],"tags":[26189,24997,26190,82,476],"class_list":["post-221441","post","type-post","status-publish","format-standard","has-post-thumbnail","hentry","category-deporte","tag-campeonato-mundial-bmx-freestyle","tag-feveciclismo","tag-katherine-diaz","tag-rnv","tag-venezuela-deportiva"],"acf":[],"yoast_head":"<!-- This site is optimized with the Yoast SEO plugin v27.4 - https:\/\/yoast.com\/product\/yoast-seo-wordpress\/ -->\n<title>Katherine D\u00edaz clasific\u00f3 a la final en Montpellier - DEV RNV<\/title>\n<meta name=\"robots\" content=\"noindex, follow, max-snippet:-1, max-image-preview:large, max-video-preview:-1\" \/>\n<meta property=\"og:locale\" content=\"es_ES\" \/>\n<meta property=\"og:type\" content=\"article\" \/>\n<meta property=\"og:title\" content=\"Katherine D\u00edaz clasific\u00f3 a la final en Montpellier - DEV RNV\" \/>\n<meta property=\"og:description\" content=\"&nbsp; La ciclista venezolana Katherine D\u00edaz clasific\u00f3 a la final de la tercera parada del Campeonato Mundial de BMX freestyle que se disputa en Montpellier, Francia, correspondiente a la temporada de la FISE World Series. D\u00edaz logr\u00f3 acumular 53.4 puntos que la llevaron a finalizar entre las diez mejores de las 12 ciclistas que se [&hellip;]\" \/>\n<meta property=\"og:url\" content=\"https:\/\/stage3.rnv.gob.ve\/wp\/katherine-diaz-clasifico-a-la-final-en-montpellier\/\" \/>\n<meta property=\"og:site_name\" content=\"DEV RNV\" \/>\n<meta property=\"article:publisher\" content=\"https:\/\/www.facebook.com\/RadioNacionaldeVenezuela\" \/>\n<meta property=\"article:published_time\" content=\"2018-05-11T17:05:18+00:00\" \/>\n<meta property=\"article:modified_time\" content=\"2026-04-15T00:57:56+00:00\" \/>\n<meta name=\"author\" content=\"administrador\" \/>\n<meta name=\"twitter:card\" content=\"summary_large_image\" \/>\n<meta name=\"twitter:creator\" content=\"@RNVinformativa\" \/>\n<meta name=\"twitter:site\" content=\"@RNVinformativa\" \/>\n<meta name=\"twitter:label1\" content=\"Escrito por\" \/>\n\t<meta name=\"twitter:data1\" content=\"administrador\" \/>\n\t<meta name=\"twitter:label2\" content=\"Tiempo estimado de lectura\" \/>\n\t<meta name=\"twitter:data2\" content=\"1 minuto\" \/>\n<script type=\"application\/ld+json\" class=\"yoast-schema-graph\">{\"@context\":\"https:\\\/\\\/schema.org\",\"@graph\":[{\"@type\":\"Article\",\"@id\":\"https:\\\/\\\/stage3.rnv.gob.ve\\\/wp\\\/katherine-diaz-clasifico-a-la-final-en-montpellier\\\/#article\",\"isPartOf\":{\"@id\":\"https:\\\/\\\/stage3.rnv.gob.ve\\\/wp\\\/katherine-diaz-clasifico-a-la-final-en-montpellier\\\/\"},\"author\":{\"name\":\"administrador\",\"@id\":\"https:\\\/\\\/stage3.rnv.gob.ve\\\/wp\\\/#\\\/schema\\\/person\\\/0862ce8cde332e0bc63b8a243f0eea2c\"},\"headline\":\"Katherine D\u00edaz clasific\u00f3 a la final en Montpellier\",\"datePublished\":\"2018-05-11T17:05:18+00:00\",\"dateModified\":\"2026-04-15T00:57:56+00:00\",\"mainEntityOfPage\":{\"@id\":\"https:\\\/\\\/stage3.rnv.gob.ve\\\/wp\\\/katherine-diaz-clasifico-a-la-final-en-montpellier\\\/\"},\"wordCount\":288,\"publisher\":{\"@id\":\"https:\\\/\\\/stage3.rnv.gob.ve\\\/wp\\\/#organization\"},\"image\":{\"@id\":\"https:\\\/\\\/stage3.rnv.gob.ve\\\/wp\\\/katherine-diaz-clasifico-a-la-final-en-montpellier\\\/#primaryimage\"},\"thumbnailUrl\":\"\",\"keywords\":[\"campeonato.mundial.bmx.freestyle\",\"feveciclismo\",\"katherine.diaz\",\"RNV\",\"Venezuela Deportiva\"],\"articleSection\":[\"Deporte\"],\"inLanguage\":\"es\"},{\"@type\":\"WebPage\",\"@id\":\"https:\\\/\\\/stage3.rnv.gob.ve\\\/wp\\\/katherine-diaz-clasifico-a-la-final-en-montpellier\\\/\",\"url\":\"https:\\\/\\\/stage3.rnv.gob.ve\\\/wp\\\/katherine-diaz-clasifico-a-la-final-en-montpellier\\\/\",\"name\":\"Katherine D\u00edaz clasific\u00f3 a la final en Montpellier - DEV RNV\",\"isPartOf\":{\"@id\":\"https:\\\/\\\/stage3.rnv.gob.ve\\\/wp\\\/#website\"},\"primaryImageOfPage\":{\"@id\":\"https:\\\/\\\/stage3.rnv.gob.ve\\\/wp\\\/katherine-diaz-clasifico-a-la-final-en-montpellier\\\/#primaryimage\"},\"image\":{\"@id\":\"https:\\\/\\\/stage3.rnv.gob.ve\\\/wp\\\/katherine-diaz-clasifico-a-la-final-en-montpellier\\\/#primaryimage\"},\"thumbnailUrl\":\"\",\"datePublished\":\"2018-05-11T17:05:18+00:00\",\"dateModified\":\"2026-04-15T00:57:56+00:00\",\"breadcrumb\":{\"@id\":\"https:\\\/\\\/stage3.rnv.gob.ve\\\/wp\\\/katherine-diaz-clasifico-a-la-final-en-montpellier\\\/#breadcrumb\"},\"inLanguage\":\"es\",\"potentialAction\":[{\"@type\":\"ReadAction\",\"target\":[\"https:\\\/\\\/stage3.rnv.gob.ve\\\/wp\\\/katherine-diaz-clasifico-a-la-final-en-montpellier\\\/\"]}]},{\"@type\":\"ImageObject\",\"inLanguage\":\"es\",\"@id\":\"https:\\\/\\\/stage3.rnv.gob.ve\\\/wp\\\/katherine-diaz-clasifico-a-la-final-en-montpellier\\\/#primaryimage\",\"url\":\"\",\"contentUrl\":\"\"},{\"@type\":\"BreadcrumbList\",\"@id\":\"https:\\\/\\\/stage3.rnv.gob.ve\\\/wp\\\/katherine-diaz-clasifico-a-la-final-en-montpellier\\\/#breadcrumb\",\"itemListElement\":[{\"@type\":\"ListItem\",\"position\":1,\"name\":\"Portada\",\"item\":\"https:\\\/\\\/stage3.rnv.gob.ve\\\/wp\\\/\"},{\"@type\":\"ListItem\",\"position\":2,\"name\":\"Katherine D\u00edaz Clasific\u00f3 A La Final En Montpellier\"}]},{\"@type\":\"WebSite\",\"@id\":\"https:\\\/\\\/stage3.rnv.gob.ve\\\/wp\\\/#website\",\"url\":\"https:\\\/\\\/stage3.rnv.gob.ve\\\/wp\\\/\",\"name\":\"DEV RNV\",\"description\":\"Radio Nacional de Venezuela C.A.\",\"publisher\":{\"@id\":\"https:\\\/\\\/stage3.rnv.gob.ve\\\/wp\\\/#organization\"},\"potentialAction\":[{\"@type\":\"SearchAction\",\"target\":{\"@type\":\"EntryPoint\",\"urlTemplate\":\"https:\\\/\\\/stage3.rnv.gob.ve\\\/wp\\\/?s={search_term_string}\"},\"query-input\":{\"@type\":\"PropertyValueSpecification\",\"valueRequired\":true,\"valueName\":\"search_term_string\"}}],\"inLanguage\":\"es\"},{\"@type\":\"Organization\",\"@id\":\"https:\\\/\\\/stage3.rnv.gob.ve\\\/wp\\\/#organization\",\"name\":\"Radio Nacional de Venezuela C.A.\",\"url\":\"https:\\\/\\\/stage3.rnv.gob.ve\\\/wp\\\/\",\"logo\":{\"@type\":\"ImageObject\",\"inLanguage\":\"es\",\"@id\":\"https:\\\/\\\/stage3.rnv.gob.ve\\\/wp\\\/#\\\/schema\\\/logo\\\/image\\\/\",\"url\":\"http:\\\/\\\/rnv.ddns.net\\\/prensa\\\/wp-content\\\/uploads\\\/2022\\\/04\\\/rnv-1-300x227-1.jpg\",\"contentUrl\":\"http:\\\/\\\/rnv.ddns.net\\\/prensa\\\/wp-content\\\/uploads\\\/2022\\\/04\\\/rnv-1-300x227-1.jpg\",\"width\":800,\"height\":455,\"caption\":\"Radio Nacional de Venezuela C.A.\"},\"image\":{\"@id\":\"https:\\\/\\\/stage3.rnv.gob.ve\\\/wp\\\/#\\\/schema\\\/logo\\\/image\\\/\"},\"sameAs\":[\"https:\\\/\\\/www.facebook.com\\\/RadioNacionaldeVenezuela\",\"https:\\\/\\\/x.com\\\/RNVinformativa\",\"https:\\\/\\\/www.instagram.com\\\/rnvinformativa\\\/\",\"https:\\\/\\\/www.youtube.com\\\/user\\\/RNVContigo\"]},{\"@type\":\"Person\",\"@id\":\"https:\\\/\\\/stage3.rnv.gob.ve\\\/wp\\\/#\\\/schema\\\/person\\\/0862ce8cde332e0bc63b8a243f0eea2c\",\"name\":\"administrador\",\"sameAs\":[\"http:\\\/\\\/arnoldoeloy.net\"],\"url\":\"https:\\\/\\\/stage3.rnv.gob.ve\\\/wp\\\/author\\\/administrador\\\/\"}]}<\/script>\n<!-- \/ Yoast SEO plugin. -->","yoast_head_json":{"title":"Katherine D\u00edaz clasific\u00f3 a la final en Montpellier - DEV RNV","robots":{"index":"noindex","follow":"follow","max-snippet":"max-snippet:-1","max-image-preview":"max-image-preview:large","max-video-preview":"max-video-preview:-1"},"og_locale":"es_ES","og_type":"article","og_title":"Katherine D\u00edaz clasific\u00f3 a la final en Montpellier - DEV RNV","og_description":"&nbsp; La ciclista venezolana Katherine D\u00edaz clasific\u00f3 a la final de la tercera parada del Campeonato Mundial de BMX freestyle que se disputa en Montpellier, Francia, correspondiente a la temporada de la FISE World Series. D\u00edaz logr\u00f3 acumular 53.4 puntos que la llevaron a finalizar entre las diez mejores de las 12 ciclistas que se [&hellip;]","og_url":"https:\/\/stage3.rnv.gob.ve\/wp\/katherine-diaz-clasifico-a-la-final-en-montpellier\/","og_site_name":"DEV RNV","article_publisher":"https:\/\/www.facebook.com\/RadioNacionaldeVenezuela","article_published_time":"2018-05-11T17:05:18+00:00","article_modified_time":"2026-04-15T00:57:56+00:00","author":"administrador","twitter_card":"summary_large_image","twitter_creator":"@RNVinformativa","twitter_site":"@RNVinformativa","twitter_misc":{"Escrito por":"administrador","Tiempo estimado de lectura":"1 minuto"},"schema":{"@context":"https:\/\/schema.org","@graph":[{"@type":"Article","@id":"https:\/\/stage3.rnv.gob.ve\/wp\/katherine-diaz-clasifico-a-la-final-en-montpellier\/#article","isPartOf":{"@id":"https:\/\/stage3.rnv.gob.ve\/wp\/katherine-diaz-clasifico-a-la-final-en-montpellier\/"},"author":{"name":"administrador","@id":"https:\/\/stage3.rnv.gob.ve\/wp\/#\/schema\/person\/0862ce8cde332e0bc63b8a243f0eea2c"},"headline":"Katherine D\u00edaz clasific\u00f3 a la final en Montpellier","datePublished":"2018-05-11T17:05:18+00:00","dateModified":"2026-04-15T00:57:56+00:00","mainEntityOfPage":{"@id":"https:\/\/stage3.rnv.gob.ve\/wp\/katherine-diaz-clasifico-a-la-final-en-montpellier\/"},"wordCount":288,"publisher":{"@id":"https:\/\/stage3.rnv.gob.ve\/wp\/#organization"},"image":{"@id":"https:\/\/stage3.rnv.gob.ve\/wp\/katherine-diaz-clasifico-a-la-final-en-montpellier\/#primaryimage"},"thumbnailUrl":"","keywords":["campeonato.mundial.bmx.freestyle","feveciclismo","katherine.diaz","RNV","Venezuela Deportiva"],"articleSection":["Deporte"],"inLanguage":"es"},{"@type":"WebPage","@id":"https:\/\/stage3.rnv.gob.ve\/wp\/katherine-diaz-clasifico-a-la-final-en-montpellier\/","url":"https:\/\/stage3.rnv.gob.ve\/wp\/katherine-diaz-clasifico-a-la-final-en-montpellier\/","name":"Katherine D\u00edaz clasific\u00f3 a la final en Montpellier - DEV RNV","isPartOf":{"@id":"https:\/\/stage3.rnv.gob.ve\/wp\/#website"},"primaryImageOfPage":{"@id":"https:\/\/stage3.rnv.gob.ve\/wp\/katherine-diaz-clasifico-a-la-final-en-montpellier\/#primaryimage"},"image":{"@id":"https:\/\/stage3.rnv.gob.ve\/wp\/katherine-diaz-clasifico-a-la-final-en-montpellier\/#primaryimage"},"thumbnailUrl":"","datePublished":"2018-05-11T17:05:18+00:00","dateModified":"2026-04-15T00:57:56+00:00","breadcrumb":{"@id":"https:\/\/stage3.rnv.gob.ve\/wp\/katherine-diaz-clasifico-a-la-final-en-montpellier\/#breadcrumb"},"inLanguage":"es","potentialAction":[{"@type":"ReadAction","target":["https:\/\/stage3.rnv.gob.ve\/wp\/katherine-diaz-clasifico-a-la-final-en-montpellier\/"]}]},{"@type":"ImageObject","inLanguage":"es","@id":"https:\/\/stage3.rnv.gob.ve\/wp\/katherine-diaz-clasifico-a-la-final-en-montpellier\/#primaryimage","url":"","contentUrl":""},{"@type":"BreadcrumbList","@id":"https:\/\/stage3.rnv.gob.ve\/wp\/katherine-diaz-clasifico-a-la-final-en-montpellier\/#breadcrumb","itemListElement":[{"@type":"ListItem","position":1,"name":"Portada","item":"https:\/\/stage3.rnv.gob.ve\/wp\/"},{"@type":"ListItem","position":2,"name":"Katherine D\u00edaz Clasific\u00f3 A La Final En Montpellier"}]},{"@type":"WebSite","@id":"https:\/\/stage3.rnv.gob.ve\/wp\/#website","url":"https:\/\/stage3.rnv.gob.ve\/wp\/","name":"DEV RNV","description":"Radio Nacional de Venezuela C.A.","publisher":{"@id":"https:\/\/stage3.rnv.gob.ve\/wp\/#organization"},"potentialAction":[{"@type":"SearchAction","target":{"@type":"EntryPoint","urlTemplate":"https:\/\/stage3.rnv.gob.ve\/wp\/?s={search_term_string}"},"query-input":{"@type":"PropertyValueSpecification","valueRequired":true,"valueName":"search_term_string"}}],"inLanguage":"es"},{"@type":"Organization","@id":"https:\/\/stage3.rnv.gob.ve\/wp\/#organization","name":"Radio Nacional de Venezuela C.A.","url":"https:\/\/stage3.rnv.gob.ve\/wp\/","logo":{"@type":"ImageObject","inLanguage":"es","@id":"https:\/\/stage3.rnv.gob.ve\/wp\/#\/schema\/logo\/image\/","url":"http:\/\/rnv.ddns.net\/prensa\/wp-content\/uploads\/2022\/04\/rnv-1-300x227-1.jpg","contentUrl":"http:\/\/rnv.ddns.net\/prensa\/wp-content\/uploads\/2022\/04\/rnv-1-300x227-1.jpg","width":800,"height":455,"caption":"Radio Nacional de Venezuela C.A."},"image":{"@id":"https:\/\/stage3.rnv.gob.ve\/wp\/#\/schema\/logo\/image\/"},"sameAs":["https:\/\/www.facebook.com\/RadioNacionaldeVenezuela","https:\/\/x.com\/RNVinformativa","https:\/\/www.instagram.com\/rnvinformativa\/","https:\/\/www.youtube.com\/user\/RNVContigo"]},{"@type":"Person","@id":"https:\/\/stage3.rnv.gob.ve\/wp\/#\/schema\/person\/0862ce8cde332e0bc63b8a243f0eea2c","name":"administrador","sameAs":["http:\/\/arnoldoeloy.net"],"url":"https:\/\/stage3.rnv.gob.ve\/wp\/author\/administrador\/"}]}},"jetpack_featured_media_url":"","_links":{"self":[{"href":"https:\/\/stage3.rnv.gob.ve\/wp\/wp-json\/wp\/v2\/posts\/221441","targetHints":{"allow":["GET"]}}],"collection":[{"href":"https:\/\/stage3.rnv.gob.ve\/wp\/wp-json\/wp\/v2\/posts"}],"about":[{"href":"https:\/\/stage3.rnv.gob.ve\/wp\/wp-json\/wp\/v2\/types\/post"}],"author":[{"embeddable":true,"href":"https:\/\/stage3.rnv.gob.ve\/wp\/wp-json\/wp\/v2\/users\/1"}],"replies":[{"embeddable":true,"href":"https:\/\/stage3.rnv.gob.ve\/wp\/wp-json\/wp\/v2\/comments?post=221441"}],"version-history":[{"count":0,"href":"https:\/\/stage3.rnv.gob.ve\/wp\/wp-json\/wp\/v2\/posts\/221441\/revisions"}],"wp:featuredmedia":[{"embeddable":true,"href":"https:\/\/stage3.rnv.gob.ve\/wp\/wp-json\/"}],"wp:attachment":[{"href":"https:\/\/stage3.rnv.gob.ve\/wp\/wp-json\/wp\/v2\/media?parent=221441"}],"wp:term":[{"taxonomy":"category","embeddable":true,"href":"https:\/\/stage3.rnv.gob.ve\/wp\/wp-json\/wp\/v2\/categories?post=221441"},{"taxonomy":"post_tag","embeddable":true,"href":"https:\/\/stage3.rnv.gob.ve\/wp\/wp-json\/wp\/v2\/tags?post=221441"}],"curies":[{"name":"wp","href":"https:\/\/api.w.org\/{rel}","templated":true}]}}