{"id":218228,"date":"2018-04-24T18:30:42","date_gmt":"2018-04-24T23:00:42","guid":{"rendered":"https:\/\/stage3.rnv.gob.ve\/wp\/?p=218228"},"modified":"2018-04-24T18:30:42","modified_gmt":"2018-04-24T23:00:42","slug":"carabobenos-respaldan-candidatura-de-nicolas-maduro","status":"publish","type":"post","link":"https:\/\/stage3.rnv.gob.ve\/wp\/carabobenos-respaldan-candidatura-de-nicolas-maduro\/","title":{"rendered":"Carabobe\u00f1os respaldan candidatura de Nicol\u00e1s Maduro"},"content":{"rendered":"<p><img fetchpriority=\"high\" decoding=\"async\" class=\"size-medium wp-image-218231 alignleft\" src=\"https:\/\/stage3.rnv.gob.ve\/wp\/wp-content\/uploads\/2018\/04\/DSC_0888-300x169.jpg\" alt=\"\" width=\"300\" height=\"169\" \/>El poder popular de Guacara, San Joaqu\u00edn y Diego Ibarra, afina detalles para garantizar la victoria de Nicol\u00e1s Maduro este 20 de mayo.<\/p>\n<p>Dayana Mart\u00ednez, manifest\u00f3 su apoyo rotundo al candidato de la revoluci\u00f3n \u201c\u00e9l cuenta con mi voto seguro\u201d expres\u00f3 Mart\u00ednez.<\/p>\n<p>La carabobe\u00f1a Lisbeth P\u00e9rez, destac\u00f3 que en Guacara cuentan con un equipo bien organizado para \u201csalir adelante con la revoluci\u00f3n\u201d, destac\u00f3.<\/p>\n<p>Ambas hicieron un llamado a todo el pueblo venezolano a salir este 20 de mayo a ejercer su derecho al voto con conciencia patria.<\/p>\n<p>&nbsp;<\/p>\n<p><strong>Escuche el reporte de nuestra corresponsal en Carabobo, Yamile Santa Cruz.<\/strong><\/p>\n<audio class=\"wp-audio-shortcode\" id=\"audio-218228-1\" preload=\"none\" style=\"width: 100%;\" controls=\"controls\"><source type=\"audio\/mpeg\" src=\"https:\/\/stage3.rnv.gob.ve\/wp\/wp-content\/uploads\/2018\/04\/Carabobo-M-C.mp3?_=1\" \/><a href=\"https:\/\/stage3.rnv.gob.ve\/wp\/wp-content\/uploads\/2018\/04\/Carabobo-M-C.mp3\">https:\/\/stage3.rnv.gob.ve\/wp\/wp-content\/uploads\/2018\/04\/Carabobo-M-C.mp3<\/a><\/audio>\n<p><strong>T\/ RNV Corresponsal\u00eda\/ Carabobo<\/strong><\/p>\n<p>&nbsp;<\/p>\n","protected":false},"excerpt":{"rendered":"<p>El poder popular de Guacara, San Joaqu\u00edn y Diego Ibarra, afina detalles para garantizar la victoria de Nicol\u00e1s Maduro este 20 de mayo. Dayana Mart\u00ednez, manifest\u00f3 su apoyo rotundo al candidato de la revoluci\u00f3n \u201c\u00e9l cuenta con mi voto seguro\u201d expres\u00f3 Mart\u00ednez. La carabobe\u00f1a Lisbeth P\u00e9rez, destac\u00f3 que en Guacara cuentan con un equipo bien [&hellip;]<\/p>\n","protected":false},"author":1,"featured_media":218231,"comment_status":"closed","ping_status":"open","sticky":false,"template":"","format":"standard","meta":{"_acf_changed":false,"footnotes":""},"categories":[69],"tags":[6792,247,1592,2769,307],"class_list":["post-218228","post","type-post","status-publish","format-standard","has-post-thumbnail","hentry","category-regional","tag-candidatura","tag-carabobo","tag-nicolas-maduro","tag-regional","tag-respaldo"],"acf":[],"yoast_head":"<!-- This site is optimized with the Yoast SEO plugin v27.4 - https:\/\/yoast.com\/product\/yoast-seo-wordpress\/ -->\n<title>Carabobe\u00f1os respaldan candidatura de Nicol\u00e1s Maduro - DEV RNV<\/title>\n<meta name=\"robots\" content=\"noindex, follow, max-snippet:-1, max-image-preview:large, max-video-preview:-1\" \/>\n<meta property=\"og:locale\" content=\"es_ES\" \/>\n<meta property=\"og:type\" content=\"article\" \/>\n<meta property=\"og:title\" content=\"Carabobe\u00f1os respaldan candidatura de Nicol\u00e1s Maduro - DEV RNV\" \/>\n<meta property=\"og:description\" content=\"El poder popular de Guacara, San Joaqu\u00edn y Diego Ibarra, afina detalles para garantizar la victoria de Nicol\u00e1s Maduro este 20 de mayo. Dayana Mart\u00ednez, manifest\u00f3 su apoyo rotundo al candidato de la revoluci\u00f3n \u201c\u00e9l cuenta con mi voto seguro\u201d expres\u00f3 Mart\u00ednez. La carabobe\u00f1a Lisbeth P\u00e9rez, destac\u00f3 que en Guacara cuentan con un equipo bien [&hellip;]\" \/>\n<meta property=\"og:url\" content=\"https:\/\/stage3.rnv.gob.ve\/wp\/carabobenos-respaldan-candidatura-de-nicolas-maduro\/\" \/>\n<meta property=\"og:site_name\" content=\"DEV RNV\" \/>\n<meta property=\"article:publisher\" content=\"https:\/\/www.facebook.com\/RadioNacionaldeVenezuela\" \/>\n<meta property=\"article:published_time\" content=\"2018-04-24T23:00:42+00:00\" \/>\n<meta name=\"author\" content=\"administrador\" \/>\n<meta name=\"twitter:card\" content=\"summary_large_image\" \/>\n<meta name=\"twitter:creator\" content=\"@RNVinformativa\" \/>\n<meta name=\"twitter:site\" content=\"@RNVinformativa\" \/>\n<meta name=\"twitter:label1\" content=\"Escrito por\" \/>\n\t<meta name=\"twitter:data1\" content=\"administrador\" \/>\n\t<meta name=\"twitter:label2\" content=\"Tiempo estimado de lectura\" \/>\n\t<meta name=\"twitter:data2\" content=\"1 minuto\" \/>\n<script type=\"application\/ld+json\" class=\"yoast-schema-graph\">{\"@context\":\"https:\\\/\\\/schema.org\",\"@graph\":[{\"@type\":\"Article\",\"@id\":\"https:\\\/\\\/stage3.rnv.gob.ve\\\/wp\\\/carabobenos-respaldan-candidatura-de-nicolas-maduro\\\/#article\",\"isPartOf\":{\"@id\":\"https:\\\/\\\/stage3.rnv.gob.ve\\\/wp\\\/carabobenos-respaldan-candidatura-de-nicolas-maduro\\\/\"},\"author\":{\"name\":\"administrador\",\"@id\":\"https:\\\/\\\/stage3.rnv.gob.ve\\\/wp\\\/#\\\/schema\\\/person\\\/0862ce8cde332e0bc63b8a243f0eea2c\"},\"headline\":\"Carabobe\u00f1os respaldan candidatura de Nicol\u00e1s Maduro\",\"datePublished\":\"2018-04-24T23:00:42+00:00\",\"mainEntityOfPage\":{\"@id\":\"https:\\\/\\\/stage3.rnv.gob.ve\\\/wp\\\/carabobenos-respaldan-candidatura-de-nicolas-maduro\\\/\"},\"wordCount\":132,\"publisher\":{\"@id\":\"https:\\\/\\\/stage3.rnv.gob.ve\\\/wp\\\/#organization\"},\"image\":{\"@id\":\"https:\\\/\\\/stage3.rnv.gob.ve\\\/wp\\\/carabobenos-respaldan-candidatura-de-nicolas-maduro\\\/#primaryimage\"},\"thumbnailUrl\":\"\",\"keywords\":[\"candidatura\",\"carabobo\",\"Nicol\u00e1s Maduro\",\"regional\",\"respaldo\"],\"articleSection\":[\"Regional\"],\"inLanguage\":\"es\"},{\"@type\":\"WebPage\",\"@id\":\"https:\\\/\\\/stage3.rnv.gob.ve\\\/wp\\\/carabobenos-respaldan-candidatura-de-nicolas-maduro\\\/\",\"url\":\"https:\\\/\\\/stage3.rnv.gob.ve\\\/wp\\\/carabobenos-respaldan-candidatura-de-nicolas-maduro\\\/\",\"name\":\"Carabobe\u00f1os respaldan candidatura de Nicol\u00e1s Maduro - DEV RNV\",\"isPartOf\":{\"@id\":\"https:\\\/\\\/stage3.rnv.gob.ve\\\/wp\\\/#website\"},\"primaryImageOfPage\":{\"@id\":\"https:\\\/\\\/stage3.rnv.gob.ve\\\/wp\\\/carabobenos-respaldan-candidatura-de-nicolas-maduro\\\/#primaryimage\"},\"image\":{\"@id\":\"https:\\\/\\\/stage3.rnv.gob.ve\\\/wp\\\/carabobenos-respaldan-candidatura-de-nicolas-maduro\\\/#primaryimage\"},\"thumbnailUrl\":\"\",\"datePublished\":\"2018-04-24T23:00:42+00:00\",\"breadcrumb\":{\"@id\":\"https:\\\/\\\/stage3.rnv.gob.ve\\\/wp\\\/carabobenos-respaldan-candidatura-de-nicolas-maduro\\\/#breadcrumb\"},\"inLanguage\":\"es\",\"potentialAction\":[{\"@type\":\"ReadAction\",\"target\":[\"https:\\\/\\\/stage3.rnv.gob.ve\\\/wp\\\/carabobenos-respaldan-candidatura-de-nicolas-maduro\\\/\"]}]},{\"@type\":\"ImageObject\",\"inLanguage\":\"es\",\"@id\":\"https:\\\/\\\/stage3.rnv.gob.ve\\\/wp\\\/carabobenos-respaldan-candidatura-de-nicolas-maduro\\\/#primaryimage\",\"url\":\"\",\"contentUrl\":\"\"},{\"@type\":\"BreadcrumbList\",\"@id\":\"https:\\\/\\\/stage3.rnv.gob.ve\\\/wp\\\/carabobenos-respaldan-candidatura-de-nicolas-maduro\\\/#breadcrumb\",\"itemListElement\":[{\"@type\":\"ListItem\",\"position\":1,\"name\":\"Portada\",\"item\":\"https:\\\/\\\/stage3.rnv.gob.ve\\\/wp\\\/\"},{\"@type\":\"ListItem\",\"position\":2,\"name\":\"Carabobe\u00f1os Respaldan Candidatura De Nicol\u00e1s Maduro\"}]},{\"@type\":\"WebSite\",\"@id\":\"https:\\\/\\\/stage3.rnv.gob.ve\\\/wp\\\/#website\",\"url\":\"https:\\\/\\\/stage3.rnv.gob.ve\\\/wp\\\/\",\"name\":\"DEV RNV\",\"description\":\"Radio Nacional de Venezuela C.A.\",\"publisher\":{\"@id\":\"https:\\\/\\\/stage3.rnv.gob.ve\\\/wp\\\/#organization\"},\"potentialAction\":[{\"@type\":\"SearchAction\",\"target\":{\"@type\":\"EntryPoint\",\"urlTemplate\":\"https:\\\/\\\/stage3.rnv.gob.ve\\\/wp\\\/?s={search_term_string}\"},\"query-input\":{\"@type\":\"PropertyValueSpecification\",\"valueRequired\":true,\"valueName\":\"search_term_string\"}}],\"inLanguage\":\"es\"},{\"@type\":\"Organization\",\"@id\":\"https:\\\/\\\/stage3.rnv.gob.ve\\\/wp\\\/#organization\",\"name\":\"Radio Nacional de Venezuela C.A.\",\"url\":\"https:\\\/\\\/stage3.rnv.gob.ve\\\/wp\\\/\",\"logo\":{\"@type\":\"ImageObject\",\"inLanguage\":\"es\",\"@id\":\"https:\\\/\\\/stage3.rnv.gob.ve\\\/wp\\\/#\\\/schema\\\/logo\\\/image\\\/\",\"url\":\"http:\\\/\\\/rnv.ddns.net\\\/prensa\\\/wp-content\\\/uploads\\\/2022\\\/04\\\/rnv-1-300x227-1.jpg\",\"contentUrl\":\"http:\\\/\\\/rnv.ddns.net\\\/prensa\\\/wp-content\\\/uploads\\\/2022\\\/04\\\/rnv-1-300x227-1.jpg\",\"width\":800,\"height\":455,\"caption\":\"Radio Nacional de Venezuela C.A.\"},\"image\":{\"@id\":\"https:\\\/\\\/stage3.rnv.gob.ve\\\/wp\\\/#\\\/schema\\\/logo\\\/image\\\/\"},\"sameAs\":[\"https:\\\/\\\/www.facebook.com\\\/RadioNacionaldeVenezuela\",\"https:\\\/\\\/x.com\\\/RNVinformativa\",\"https:\\\/\\\/www.instagram.com\\\/rnvinformativa\\\/\",\"https:\\\/\\\/www.youtube.com\\\/user\\\/RNVContigo\"]},{\"@type\":\"Person\",\"@id\":\"https:\\\/\\\/stage3.rnv.gob.ve\\\/wp\\\/#\\\/schema\\\/person\\\/0862ce8cde332e0bc63b8a243f0eea2c\",\"name\":\"administrador\",\"sameAs\":[\"http:\\\/\\\/arnoldoeloy.net\"],\"url\":\"https:\\\/\\\/stage3.rnv.gob.ve\\\/wp\\\/author\\\/administrador\\\/\"}]}<\/script>\n<!-- \/ Yoast SEO plugin. -->","yoast_head_json":{"title":"Carabobe\u00f1os respaldan candidatura de Nicol\u00e1s Maduro - DEV RNV","robots":{"index":"noindex","follow":"follow","max-snippet":"max-snippet:-1","max-image-preview":"max-image-preview:large","max-video-preview":"max-video-preview:-1"},"og_locale":"es_ES","og_type":"article","og_title":"Carabobe\u00f1os respaldan candidatura de Nicol\u00e1s Maduro - DEV RNV","og_description":"El poder popular de Guacara, San Joaqu\u00edn y Diego Ibarra, afina detalles para garantizar la victoria de Nicol\u00e1s Maduro este 20 de mayo. Dayana Mart\u00ednez, manifest\u00f3 su apoyo rotundo al candidato de la revoluci\u00f3n \u201c\u00e9l cuenta con mi voto seguro\u201d expres\u00f3 Mart\u00ednez. La carabobe\u00f1a Lisbeth P\u00e9rez, destac\u00f3 que en Guacara cuentan con un equipo bien [&hellip;]","og_url":"https:\/\/stage3.rnv.gob.ve\/wp\/carabobenos-respaldan-candidatura-de-nicolas-maduro\/","og_site_name":"DEV RNV","article_publisher":"https:\/\/www.facebook.com\/RadioNacionaldeVenezuela","article_published_time":"2018-04-24T23:00:42+00:00","author":"administrador","twitter_card":"summary_large_image","twitter_creator":"@RNVinformativa","twitter_site":"@RNVinformativa","twitter_misc":{"Escrito por":"administrador","Tiempo estimado de lectura":"1 minuto"},"schema":{"@context":"https:\/\/schema.org","@graph":[{"@type":"Article","@id":"https:\/\/stage3.rnv.gob.ve\/wp\/carabobenos-respaldan-candidatura-de-nicolas-maduro\/#article","isPartOf":{"@id":"https:\/\/stage3.rnv.gob.ve\/wp\/carabobenos-respaldan-candidatura-de-nicolas-maduro\/"},"author":{"name":"administrador","@id":"https:\/\/stage3.rnv.gob.ve\/wp\/#\/schema\/person\/0862ce8cde332e0bc63b8a243f0eea2c"},"headline":"Carabobe\u00f1os respaldan candidatura de Nicol\u00e1s Maduro","datePublished":"2018-04-24T23:00:42+00:00","mainEntityOfPage":{"@id":"https:\/\/stage3.rnv.gob.ve\/wp\/carabobenos-respaldan-candidatura-de-nicolas-maduro\/"},"wordCount":132,"publisher":{"@id":"https:\/\/stage3.rnv.gob.ve\/wp\/#organization"},"image":{"@id":"https:\/\/stage3.rnv.gob.ve\/wp\/carabobenos-respaldan-candidatura-de-nicolas-maduro\/#primaryimage"},"thumbnailUrl":"","keywords":["candidatura","carabobo","Nicol\u00e1s Maduro","regional","respaldo"],"articleSection":["Regional"],"inLanguage":"es"},{"@type":"WebPage","@id":"https:\/\/stage3.rnv.gob.ve\/wp\/carabobenos-respaldan-candidatura-de-nicolas-maduro\/","url":"https:\/\/stage3.rnv.gob.ve\/wp\/carabobenos-respaldan-candidatura-de-nicolas-maduro\/","name":"Carabobe\u00f1os respaldan candidatura de Nicol\u00e1s Maduro - DEV RNV","isPartOf":{"@id":"https:\/\/stage3.rnv.gob.ve\/wp\/#website"},"primaryImageOfPage":{"@id":"https:\/\/stage3.rnv.gob.ve\/wp\/carabobenos-respaldan-candidatura-de-nicolas-maduro\/#primaryimage"},"image":{"@id":"https:\/\/stage3.rnv.gob.ve\/wp\/carabobenos-respaldan-candidatura-de-nicolas-maduro\/#primaryimage"},"thumbnailUrl":"","datePublished":"2018-04-24T23:00:42+00:00","breadcrumb":{"@id":"https:\/\/stage3.rnv.gob.ve\/wp\/carabobenos-respaldan-candidatura-de-nicolas-maduro\/#breadcrumb"},"inLanguage":"es","potentialAction":[{"@type":"ReadAction","target":["https:\/\/stage3.rnv.gob.ve\/wp\/carabobenos-respaldan-candidatura-de-nicolas-maduro\/"]}]},{"@type":"ImageObject","inLanguage":"es","@id":"https:\/\/stage3.rnv.gob.ve\/wp\/carabobenos-respaldan-candidatura-de-nicolas-maduro\/#primaryimage","url":"","contentUrl":""},{"@type":"BreadcrumbList","@id":"https:\/\/stage3.rnv.gob.ve\/wp\/carabobenos-respaldan-candidatura-de-nicolas-maduro\/#breadcrumb","itemListElement":[{"@type":"ListItem","position":1,"name":"Portada","item":"https:\/\/stage3.rnv.gob.ve\/wp\/"},{"@type":"ListItem","position":2,"name":"Carabobe\u00f1os Respaldan Candidatura De Nicol\u00e1s Maduro"}]},{"@type":"WebSite","@id":"https:\/\/stage3.rnv.gob.ve\/wp\/#website","url":"https:\/\/stage3.rnv.gob.ve\/wp\/","name":"DEV RNV","description":"Radio Nacional de Venezuela C.A.","publisher":{"@id":"https:\/\/stage3.rnv.gob.ve\/wp\/#organization"},"potentialAction":[{"@type":"SearchAction","target":{"@type":"EntryPoint","urlTemplate":"https:\/\/stage3.rnv.gob.ve\/wp\/?s={search_term_string}"},"query-input":{"@type":"PropertyValueSpecification","valueRequired":true,"valueName":"search_term_string"}}],"inLanguage":"es"},{"@type":"Organization","@id":"https:\/\/stage3.rnv.gob.ve\/wp\/#organization","name":"Radio Nacional de Venezuela C.A.","url":"https:\/\/stage3.rnv.gob.ve\/wp\/","logo":{"@type":"ImageObject","inLanguage":"es","@id":"https:\/\/stage3.rnv.gob.ve\/wp\/#\/schema\/logo\/image\/","url":"http:\/\/rnv.ddns.net\/prensa\/wp-content\/uploads\/2022\/04\/rnv-1-300x227-1.jpg","contentUrl":"http:\/\/rnv.ddns.net\/prensa\/wp-content\/uploads\/2022\/04\/rnv-1-300x227-1.jpg","width":800,"height":455,"caption":"Radio Nacional de Venezuela C.A."},"image":{"@id":"https:\/\/stage3.rnv.gob.ve\/wp\/#\/schema\/logo\/image\/"},"sameAs":["https:\/\/www.facebook.com\/RadioNacionaldeVenezuela","https:\/\/x.com\/RNVinformativa","https:\/\/www.instagram.com\/rnvinformativa\/","https:\/\/www.youtube.com\/user\/RNVContigo"]},{"@type":"Person","@id":"https:\/\/stage3.rnv.gob.ve\/wp\/#\/schema\/person\/0862ce8cde332e0bc63b8a243f0eea2c","name":"administrador","sameAs":["http:\/\/arnoldoeloy.net"],"url":"https:\/\/stage3.rnv.gob.ve\/wp\/author\/administrador\/"}]}},"jetpack_featured_media_url":"","_links":{"self":[{"href":"https:\/\/stage3.rnv.gob.ve\/wp\/wp-json\/wp\/v2\/posts\/218228","targetHints":{"allow":["GET"]}}],"collection":[{"href":"https:\/\/stage3.rnv.gob.ve\/wp\/wp-json\/wp\/v2\/posts"}],"about":[{"href":"https:\/\/stage3.rnv.gob.ve\/wp\/wp-json\/wp\/v2\/types\/post"}],"author":[{"embeddable":true,"href":"https:\/\/stage3.rnv.gob.ve\/wp\/wp-json\/wp\/v2\/users\/1"}],"replies":[{"embeddable":true,"href":"https:\/\/stage3.rnv.gob.ve\/wp\/wp-json\/wp\/v2\/comments?post=218228"}],"version-history":[{"count":0,"href":"https:\/\/stage3.rnv.gob.ve\/wp\/wp-json\/wp\/v2\/posts\/218228\/revisions"}],"wp:featuredmedia":[{"embeddable":true,"href":"https:\/\/stage3.rnv.gob.ve\/wp\/wp-json\/"}],"wp:attachment":[{"href":"https:\/\/stage3.rnv.gob.ve\/wp\/wp-json\/wp\/v2\/media?parent=218228"}],"wp:term":[{"taxonomy":"category","embeddable":true,"href":"https:\/\/stage3.rnv.gob.ve\/wp\/wp-json\/wp\/v2\/categories?post=218228"},{"taxonomy":"post_tag","embeddable":true,"href":"https:\/\/stage3.rnv.gob.ve\/wp\/wp-json\/wp\/v2\/tags?post=218228"}],"curies":[{"name":"wp","href":"https:\/\/api.w.org\/{rel}","templated":true}]}}