{"id":218183,"date":"2018-04-24T18:31:45","date_gmt":"2018-04-24T23:01:45","guid":{"rendered":"https:\/\/stage3.rnv.gob.ve\/wp\/?p=218183"},"modified":"2018-04-24T18:31:45","modified_gmt":"2018-04-24T23:01:45","slug":"reinaugurado-hospital-materno-infantil-julia-benitez","status":"publish","type":"post","link":"https:\/\/stage3.rnv.gob.ve\/wp\/reinaugurado-hospital-materno-infantil-julia-benitez\/","title":{"rendered":"Reinaugurado Hospital Materno Infantil Julia Ben\u00edtez"},"content":{"rendered":"\n<p>Este martes se reinagur\u00f3 el Hospital Materno Infantil Julia Ben\u00edtez en Carabobo, donde se tiene previsto atender mil 350 partos y realizar 450 ces\u00e1reas al mes, inform\u00f3 este martes el vicepresidente Ejecutivo, Tareck El Aissami, quien hizo un recorrido por este centro de salud tras su reinauguraci\u00f3n.<\/p>\n<p>\u00abEsta maternidad tiene una capacidad para atender 1350 partos al mes, inclusive tiene un a sala de parto natural para el parto humanizado, que es la pol\u00edtica de protecci\u00f3n a trav\u00e9s del carnet de la patria que el presidente Nicol\u00e1s Maduro ha venido consolidando\u00bb, inform\u00f3.<\/p>\n<p>Durante la actividad, \u00a0El Aissami entreg\u00f3 a las autoridades de la maternidad una nueva ambulancia.<\/p>\n<p>\u00abEs el socialismo, se trata de una revoluci\u00f3n superior de otros valores, los valores de la vida. La salud para nosotros, lo que estamos construyendo el socialismo, es una derecho fundamental y nosotros como Estado estamos obligados a intervenir para garantizar el acceso de calidad, incluyente de todos los venezolanos; por eso nos da mucho gusto venir a entregar al pueblo carabobe\u00f1o esta hermos\u00edsima maternidad\u00bb, agreg\u00f3<\/p>\n<p>Durante el recorrido participaron varias autoridades, como el gobernador de Carabobo, Rafael Lacava, quien destac\u00f3 que este centro asistencial descongestionar\u00e1 a otras entidades hospitalarias como el Hospital Enrique Tejera y la Maternidad del Sur.<\/p>\n<p>\u00abEsto va permitir darle mayor flexibilidad, mayor armon\u00eda a estos hospitales utilizando esto como descongestionador, van a tener mas eficiencia en esos centros. Por eso el eje oriental Mariara, Guacara, San Joaqu\u00edn y Los Guayos van a tener en esta maternidad una extraordinaria capacidad de atenci\u00f3n\u00bb, explic\u00f3.<\/p>\n<p>El ministro del poder popular para las Comunas, Arist\u00f3bulo Ist\u00fariz resalt\u00f3 el esfuerzo del Gobierno Bolivariano para continuar dignificando al pueblo. \u00abLa salud, la educaci\u00f3n es un derecho fundamental y hay que garantizarlo. Sin embargo el esfuerzo que se hace cuando se entrega esto, uno siente una gran satisfacci\u00f3n y siente que vale la pena seguir defendiendo la Revoluci\u00f3n\u00bb, apunt\u00f3.<\/p>\n<p>&nbsp;<\/p>\n<p><strong>Escuche al vicepresidente Ejecutivo de la Rep\u00fablica Bolivariana de Venezuela, Tareck El Aissami.<\/strong><\/p>\n<audio class=\"wp-audio-shortcode\" id=\"audio-218183-1\" preload=\"none\" style=\"width: 100%;\" controls=\"controls\"><source type=\"audio\/mpeg\" src=\"https:\/\/stage3.rnv.gob.ve\/wp\/wp-content\/uploads\/2018\/04\/HPSPITAL-CARABOBO-C.mp3?_=1\" \/><a href=\"https:\/\/stage3.rnv.gob.ve\/wp\/wp-content\/uploads\/2018\/04\/HPSPITAL-CARABOBO-C.mp3\">https:\/\/stage3.rnv.gob.ve\/wp\/wp-content\/uploads\/2018\/04\/HPSPITAL-CARABOBO-C.mp3<\/a><\/audio>\n<p><strong>T\/ RNV Web\u00a0<\/strong><\/p>\n","protected":false},"excerpt":{"rendered":"<p>Este martes se reinagur\u00f3 el Hospital Materno Infantil Julia Ben\u00edtez en Carabobo, donde se tiene previsto atender mil 350 partos y realizar 450 ces\u00e1reas al mes, inform\u00f3 este martes el vicepresidente Ejecutivo, Tareck El Aissami, quien hizo un recorrido por este centro de salud tras su reinauguraci\u00f3n. \u00abEsta maternidad tiene una capacidad para atender 1350 [&hellip;]<\/p>\n","protected":false},"author":1,"featured_media":218188,"comment_status":"closed","ping_status":"open","sticky":false,"template":"","format":"standard","meta":{"_acf_changed":false,"footnotes":""},"categories":[70],"tags":[247,2414,7521,25919,24607,98],"class_list":["post-218183","post","type-post","status-publish","format-standard","has-post-thumbnail","hentry","category-salud","tag-carabobo","tag-hospital","tag-infantil","tag-julia-benitez","tag-materno","tag-salud"],"acf":[],"yoast_head":"<!-- This site is optimized with the Yoast SEO plugin v27.4 - https:\/\/yoast.com\/product\/yoast-seo-wordpress\/ -->\n<title>Reinaugurado Hospital Materno Infantil Julia Ben\u00edtez - DEV RNV<\/title>\n<meta name=\"robots\" content=\"noindex, follow, max-snippet:-1, max-image-preview:large, max-video-preview:-1\" \/>\n<meta property=\"og:locale\" content=\"es_ES\" \/>\n<meta property=\"og:type\" content=\"article\" \/>\n<meta property=\"og:title\" content=\"Reinaugurado Hospital Materno Infantil Julia Ben\u00edtez - DEV RNV\" \/>\n<meta property=\"og:description\" content=\"Este martes se reinagur\u00f3 el Hospital Materno Infantil Julia Ben\u00edtez en Carabobo, donde se tiene previsto atender mil 350 partos y realizar 450 ces\u00e1reas al mes, inform\u00f3 este martes el vicepresidente Ejecutivo, Tareck El Aissami, quien hizo un recorrido por este centro de salud tras su reinauguraci\u00f3n. \u00abEsta maternidad tiene una capacidad para atender 1350 [&hellip;]\" \/>\n<meta property=\"og:url\" content=\"https:\/\/stage3.rnv.gob.ve\/wp\/reinaugurado-hospital-materno-infantil-julia-benitez\/\" \/>\n<meta property=\"og:site_name\" content=\"DEV RNV\" \/>\n<meta property=\"article:publisher\" content=\"https:\/\/www.facebook.com\/RadioNacionaldeVenezuela\" \/>\n<meta property=\"article:published_time\" content=\"2018-04-24T23:01:45+00:00\" \/>\n<meta name=\"author\" content=\"administrador\" \/>\n<meta name=\"twitter:card\" content=\"summary_large_image\" \/>\n<meta name=\"twitter:creator\" content=\"@RNVinformativa\" \/>\n<meta name=\"twitter:site\" content=\"@RNVinformativa\" \/>\n<meta name=\"twitter:label1\" content=\"Escrito por\" \/>\n\t<meta name=\"twitter:data1\" content=\"administrador\" \/>\n\t<meta name=\"twitter:label2\" content=\"Tiempo estimado de lectura\" \/>\n\t<meta name=\"twitter:data2\" content=\"2 minutos\" \/>\n<script type=\"application\/ld+json\" class=\"yoast-schema-graph\">{\"@context\":\"https:\\\/\\\/schema.org\",\"@graph\":[{\"@type\":\"Article\",\"@id\":\"https:\\\/\\\/stage3.rnv.gob.ve\\\/wp\\\/reinaugurado-hospital-materno-infantil-julia-benitez\\\/#article\",\"isPartOf\":{\"@id\":\"https:\\\/\\\/stage3.rnv.gob.ve\\\/wp\\\/reinaugurado-hospital-materno-infantil-julia-benitez\\\/\"},\"author\":{\"name\":\"administrador\",\"@id\":\"https:\\\/\\\/stage3.rnv.gob.ve\\\/wp\\\/#\\\/schema\\\/person\\\/0862ce8cde332e0bc63b8a243f0eea2c\"},\"headline\":\"Reinaugurado Hospital Materno Infantil Julia Ben\u00edtez\",\"datePublished\":\"2018-04-24T23:01:45+00:00\",\"mainEntityOfPage\":{\"@id\":\"https:\\\/\\\/stage3.rnv.gob.ve\\\/wp\\\/reinaugurado-hospital-materno-infantil-julia-benitez\\\/\"},\"wordCount\":375,\"publisher\":{\"@id\":\"https:\\\/\\\/stage3.rnv.gob.ve\\\/wp\\\/#organization\"},\"image\":{\"@id\":\"https:\\\/\\\/stage3.rnv.gob.ve\\\/wp\\\/reinaugurado-hospital-materno-infantil-julia-benitez\\\/#primaryimage\"},\"thumbnailUrl\":\"\",\"keywords\":[\"carabobo\",\"hospital\",\"infantil\",\"Julia Ben\u00edtez\",\"materno\",\"salud\"],\"articleSection\":[\"Salud\"],\"inLanguage\":\"es\"},{\"@type\":\"WebPage\",\"@id\":\"https:\\\/\\\/stage3.rnv.gob.ve\\\/wp\\\/reinaugurado-hospital-materno-infantil-julia-benitez\\\/\",\"url\":\"https:\\\/\\\/stage3.rnv.gob.ve\\\/wp\\\/reinaugurado-hospital-materno-infantil-julia-benitez\\\/\",\"name\":\"Reinaugurado Hospital Materno Infantil Julia Ben\u00edtez - DEV RNV\",\"isPartOf\":{\"@id\":\"https:\\\/\\\/stage3.rnv.gob.ve\\\/wp\\\/#website\"},\"primaryImageOfPage\":{\"@id\":\"https:\\\/\\\/stage3.rnv.gob.ve\\\/wp\\\/reinaugurado-hospital-materno-infantil-julia-benitez\\\/#primaryimage\"},\"image\":{\"@id\":\"https:\\\/\\\/stage3.rnv.gob.ve\\\/wp\\\/reinaugurado-hospital-materno-infantil-julia-benitez\\\/#primaryimage\"},\"thumbnailUrl\":\"\",\"datePublished\":\"2018-04-24T23:01:45+00:00\",\"breadcrumb\":{\"@id\":\"https:\\\/\\\/stage3.rnv.gob.ve\\\/wp\\\/reinaugurado-hospital-materno-infantil-julia-benitez\\\/#breadcrumb\"},\"inLanguage\":\"es\",\"potentialAction\":[{\"@type\":\"ReadAction\",\"target\":[\"https:\\\/\\\/stage3.rnv.gob.ve\\\/wp\\\/reinaugurado-hospital-materno-infantil-julia-benitez\\\/\"]}]},{\"@type\":\"ImageObject\",\"inLanguage\":\"es\",\"@id\":\"https:\\\/\\\/stage3.rnv.gob.ve\\\/wp\\\/reinaugurado-hospital-materno-infantil-julia-benitez\\\/#primaryimage\",\"url\":\"\",\"contentUrl\":\"\"},{\"@type\":\"BreadcrumbList\",\"@id\":\"https:\\\/\\\/stage3.rnv.gob.ve\\\/wp\\\/reinaugurado-hospital-materno-infantil-julia-benitez\\\/#breadcrumb\",\"itemListElement\":[{\"@type\":\"ListItem\",\"position\":1,\"name\":\"Portada\",\"item\":\"https:\\\/\\\/stage3.rnv.gob.ve\\\/wp\\\/\"},{\"@type\":\"ListItem\",\"position\":2,\"name\":\"Reinaugurado Hospital Materno Infantil Julia Ben\u00edtez\"}]},{\"@type\":\"WebSite\",\"@id\":\"https:\\\/\\\/stage3.rnv.gob.ve\\\/wp\\\/#website\",\"url\":\"https:\\\/\\\/stage3.rnv.gob.ve\\\/wp\\\/\",\"name\":\"DEV RNV\",\"description\":\"Radio Nacional de Venezuela C.A.\",\"publisher\":{\"@id\":\"https:\\\/\\\/stage3.rnv.gob.ve\\\/wp\\\/#organization\"},\"potentialAction\":[{\"@type\":\"SearchAction\",\"target\":{\"@type\":\"EntryPoint\",\"urlTemplate\":\"https:\\\/\\\/stage3.rnv.gob.ve\\\/wp\\\/?s={search_term_string}\"},\"query-input\":{\"@type\":\"PropertyValueSpecification\",\"valueRequired\":true,\"valueName\":\"search_term_string\"}}],\"inLanguage\":\"es\"},{\"@type\":\"Organization\",\"@id\":\"https:\\\/\\\/stage3.rnv.gob.ve\\\/wp\\\/#organization\",\"name\":\"Radio Nacional de Venezuela C.A.\",\"url\":\"https:\\\/\\\/stage3.rnv.gob.ve\\\/wp\\\/\",\"logo\":{\"@type\":\"ImageObject\",\"inLanguage\":\"es\",\"@id\":\"https:\\\/\\\/stage3.rnv.gob.ve\\\/wp\\\/#\\\/schema\\\/logo\\\/image\\\/\",\"url\":\"http:\\\/\\\/rnv.ddns.net\\\/prensa\\\/wp-content\\\/uploads\\\/2022\\\/04\\\/rnv-1-300x227-1.jpg\",\"contentUrl\":\"http:\\\/\\\/rnv.ddns.net\\\/prensa\\\/wp-content\\\/uploads\\\/2022\\\/04\\\/rnv-1-300x227-1.jpg\",\"width\":800,\"height\":455,\"caption\":\"Radio Nacional de Venezuela C.A.\"},\"image\":{\"@id\":\"https:\\\/\\\/stage3.rnv.gob.ve\\\/wp\\\/#\\\/schema\\\/logo\\\/image\\\/\"},\"sameAs\":[\"https:\\\/\\\/www.facebook.com\\\/RadioNacionaldeVenezuela\",\"https:\\\/\\\/x.com\\\/RNVinformativa\",\"https:\\\/\\\/www.instagram.com\\\/rnvinformativa\\\/\",\"https:\\\/\\\/www.youtube.com\\\/user\\\/RNVContigo\"]},{\"@type\":\"Person\",\"@id\":\"https:\\\/\\\/stage3.rnv.gob.ve\\\/wp\\\/#\\\/schema\\\/person\\\/0862ce8cde332e0bc63b8a243f0eea2c\",\"name\":\"administrador\",\"sameAs\":[\"http:\\\/\\\/arnoldoeloy.net\"],\"url\":\"https:\\\/\\\/stage3.rnv.gob.ve\\\/wp\\\/author\\\/administrador\\\/\"}]}<\/script>\n<!-- \/ Yoast SEO plugin. -->","yoast_head_json":{"title":"Reinaugurado Hospital Materno Infantil Julia Ben\u00edtez - DEV RNV","robots":{"index":"noindex","follow":"follow","max-snippet":"max-snippet:-1","max-image-preview":"max-image-preview:large","max-video-preview":"max-video-preview:-1"},"og_locale":"es_ES","og_type":"article","og_title":"Reinaugurado Hospital Materno Infantil Julia Ben\u00edtez - DEV RNV","og_description":"Este martes se reinagur\u00f3 el Hospital Materno Infantil Julia Ben\u00edtez en Carabobo, donde se tiene previsto atender mil 350 partos y realizar 450 ces\u00e1reas al mes, inform\u00f3 este martes el vicepresidente Ejecutivo, Tareck El Aissami, quien hizo un recorrido por este centro de salud tras su reinauguraci\u00f3n. \u00abEsta maternidad tiene una capacidad para atender 1350 [&hellip;]","og_url":"https:\/\/stage3.rnv.gob.ve\/wp\/reinaugurado-hospital-materno-infantil-julia-benitez\/","og_site_name":"DEV RNV","article_publisher":"https:\/\/www.facebook.com\/RadioNacionaldeVenezuela","article_published_time":"2018-04-24T23:01:45+00:00","author":"administrador","twitter_card":"summary_large_image","twitter_creator":"@RNVinformativa","twitter_site":"@RNVinformativa","twitter_misc":{"Escrito por":"administrador","Tiempo estimado de lectura":"2 minutos"},"schema":{"@context":"https:\/\/schema.org","@graph":[{"@type":"Article","@id":"https:\/\/stage3.rnv.gob.ve\/wp\/reinaugurado-hospital-materno-infantil-julia-benitez\/#article","isPartOf":{"@id":"https:\/\/stage3.rnv.gob.ve\/wp\/reinaugurado-hospital-materno-infantil-julia-benitez\/"},"author":{"name":"administrador","@id":"https:\/\/stage3.rnv.gob.ve\/wp\/#\/schema\/person\/0862ce8cde332e0bc63b8a243f0eea2c"},"headline":"Reinaugurado Hospital Materno Infantil Julia Ben\u00edtez","datePublished":"2018-04-24T23:01:45+00:00","mainEntityOfPage":{"@id":"https:\/\/stage3.rnv.gob.ve\/wp\/reinaugurado-hospital-materno-infantil-julia-benitez\/"},"wordCount":375,"publisher":{"@id":"https:\/\/stage3.rnv.gob.ve\/wp\/#organization"},"image":{"@id":"https:\/\/stage3.rnv.gob.ve\/wp\/reinaugurado-hospital-materno-infantil-julia-benitez\/#primaryimage"},"thumbnailUrl":"","keywords":["carabobo","hospital","infantil","Julia Ben\u00edtez","materno","salud"],"articleSection":["Salud"],"inLanguage":"es"},{"@type":"WebPage","@id":"https:\/\/stage3.rnv.gob.ve\/wp\/reinaugurado-hospital-materno-infantil-julia-benitez\/","url":"https:\/\/stage3.rnv.gob.ve\/wp\/reinaugurado-hospital-materno-infantil-julia-benitez\/","name":"Reinaugurado Hospital Materno Infantil Julia Ben\u00edtez - DEV RNV","isPartOf":{"@id":"https:\/\/stage3.rnv.gob.ve\/wp\/#website"},"primaryImageOfPage":{"@id":"https:\/\/stage3.rnv.gob.ve\/wp\/reinaugurado-hospital-materno-infantil-julia-benitez\/#primaryimage"},"image":{"@id":"https:\/\/stage3.rnv.gob.ve\/wp\/reinaugurado-hospital-materno-infantil-julia-benitez\/#primaryimage"},"thumbnailUrl":"","datePublished":"2018-04-24T23:01:45+00:00","breadcrumb":{"@id":"https:\/\/stage3.rnv.gob.ve\/wp\/reinaugurado-hospital-materno-infantil-julia-benitez\/#breadcrumb"},"inLanguage":"es","potentialAction":[{"@type":"ReadAction","target":["https:\/\/stage3.rnv.gob.ve\/wp\/reinaugurado-hospital-materno-infantil-julia-benitez\/"]}]},{"@type":"ImageObject","inLanguage":"es","@id":"https:\/\/stage3.rnv.gob.ve\/wp\/reinaugurado-hospital-materno-infantil-julia-benitez\/#primaryimage","url":"","contentUrl":""},{"@type":"BreadcrumbList","@id":"https:\/\/stage3.rnv.gob.ve\/wp\/reinaugurado-hospital-materno-infantil-julia-benitez\/#breadcrumb","itemListElement":[{"@type":"ListItem","position":1,"name":"Portada","item":"https:\/\/stage3.rnv.gob.ve\/wp\/"},{"@type":"ListItem","position":2,"name":"Reinaugurado Hospital Materno Infantil Julia Ben\u00edtez"}]},{"@type":"WebSite","@id":"https:\/\/stage3.rnv.gob.ve\/wp\/#website","url":"https:\/\/stage3.rnv.gob.ve\/wp\/","name":"DEV RNV","description":"Radio Nacional de Venezuela C.A.","publisher":{"@id":"https:\/\/stage3.rnv.gob.ve\/wp\/#organization"},"potentialAction":[{"@type":"SearchAction","target":{"@type":"EntryPoint","urlTemplate":"https:\/\/stage3.rnv.gob.ve\/wp\/?s={search_term_string}"},"query-input":{"@type":"PropertyValueSpecification","valueRequired":true,"valueName":"search_term_string"}}],"inLanguage":"es"},{"@type":"Organization","@id":"https:\/\/stage3.rnv.gob.ve\/wp\/#organization","name":"Radio Nacional de Venezuela C.A.","url":"https:\/\/stage3.rnv.gob.ve\/wp\/","logo":{"@type":"ImageObject","inLanguage":"es","@id":"https:\/\/stage3.rnv.gob.ve\/wp\/#\/schema\/logo\/image\/","url":"http:\/\/rnv.ddns.net\/prensa\/wp-content\/uploads\/2022\/04\/rnv-1-300x227-1.jpg","contentUrl":"http:\/\/rnv.ddns.net\/prensa\/wp-content\/uploads\/2022\/04\/rnv-1-300x227-1.jpg","width":800,"height":455,"caption":"Radio Nacional de Venezuela C.A."},"image":{"@id":"https:\/\/stage3.rnv.gob.ve\/wp\/#\/schema\/logo\/image\/"},"sameAs":["https:\/\/www.facebook.com\/RadioNacionaldeVenezuela","https:\/\/x.com\/RNVinformativa","https:\/\/www.instagram.com\/rnvinformativa\/","https:\/\/www.youtube.com\/user\/RNVContigo"]},{"@type":"Person","@id":"https:\/\/stage3.rnv.gob.ve\/wp\/#\/schema\/person\/0862ce8cde332e0bc63b8a243f0eea2c","name":"administrador","sameAs":["http:\/\/arnoldoeloy.net"],"url":"https:\/\/stage3.rnv.gob.ve\/wp\/author\/administrador\/"}]}},"jetpack_featured_media_url":"","_links":{"self":[{"href":"https:\/\/stage3.rnv.gob.ve\/wp\/wp-json\/wp\/v2\/posts\/218183","targetHints":{"allow":["GET"]}}],"collection":[{"href":"https:\/\/stage3.rnv.gob.ve\/wp\/wp-json\/wp\/v2\/posts"}],"about":[{"href":"https:\/\/stage3.rnv.gob.ve\/wp\/wp-json\/wp\/v2\/types\/post"}],"author":[{"embeddable":true,"href":"https:\/\/stage3.rnv.gob.ve\/wp\/wp-json\/wp\/v2\/users\/1"}],"replies":[{"embeddable":true,"href":"https:\/\/stage3.rnv.gob.ve\/wp\/wp-json\/wp\/v2\/comments?post=218183"}],"version-history":[{"count":0,"href":"https:\/\/stage3.rnv.gob.ve\/wp\/wp-json\/wp\/v2\/posts\/218183\/revisions"}],"wp:featuredmedia":[{"embeddable":true,"href":"https:\/\/stage3.rnv.gob.ve\/wp\/wp-json\/"}],"wp:attachment":[{"href":"https:\/\/stage3.rnv.gob.ve\/wp\/wp-json\/wp\/v2\/media?parent=218183"}],"wp:term":[{"taxonomy":"category","embeddable":true,"href":"https:\/\/stage3.rnv.gob.ve\/wp\/wp-json\/wp\/v2\/categories?post=218183"},{"taxonomy":"post_tag","embeddable":true,"href":"https:\/\/stage3.rnv.gob.ve\/wp\/wp-json\/wp\/v2\/tags?post=218183"}],"curies":[{"name":"wp","href":"https:\/\/api.w.org\/{rel}","templated":true}]}}