{"id":217569,"date":"2018-04-21T11:06:15","date_gmt":"2018-04-21T15:36:15","guid":{"rendered":"https:\/\/stage3.rnv.gob.ve\/wp\/?p=217569"},"modified":"2026-04-14T20:58:07","modified_gmt":"2026-04-15T00:58:07","slug":"vargas-recibira-campeonato-de-natacion-con-aletas","status":"publish","type":"post","link":"https:\/\/stage3.rnv.gob.ve\/wp\/vargas-recibira-campeonato-de-natacion-con-aletas\/","title":{"rendered":"Vargas recibir\u00e1 Campeonato de Nataci\u00f3n con Aletas"},"content":{"rendered":"<p><img fetchpriority=\"high\" decoding=\"async\" class=\"aligncenter size-full wp-image-217570\" src=\"https:\/\/stage3.rnv.gob.ve\/wp\/wp-content\/uploads\/2018\/04\/aguas.jpg\" alt=\"\" width=\"580\" height=\"300\" \/><\/p>\n<p>El pr\u00f3ximo domingo 22 de abril \u00a0en la Playa Manza, ubicada en la localidad de Naiguat\u00e1, estado Vargas,\u00a0 se llevar\u00e1 a cabo el\u00a0 Campeonato Nacional por Clubes de\u00a0Nataci\u00f3n con Aletas Aguas Abiertas, evento organizado por la Federaci\u00f3n Venezolana de Actividades Subacu\u00e1ticas\u00a0 (FVAS).<\/p>\n<p>En la justa \u00a0de aguas abiertas, que tambi\u00e9n cuenta con el apoyo de la Comisi\u00f3n Nacional de Nataci\u00f3n con Aletas, participar\u00e1n atletas de las categor\u00edas absoluta, quienes competir\u00e1n en la distancia de 6 kil\u00f3metros y\u00a0 la m\u00e1ster que cumplir\u00e1 los 3 kms.<\/p>\n<p>Entre los nadadores inscritos sobresalen Julio Gonz\u00e1lez, Yeferson Valencia, y Martina Garc\u00eda, medallistas de los pasados Juegos Bolivarianos de Playa, celebrados en Iquique, Chile, en el 2016,<\/p>\n<p>El evento, avalado por los jueces del ente federativo, reunir\u00e1 el fin de semana, a representantes de Distrito Capital, Lara, Miranda, Nueva Esparta.<\/p>\n<p><strong>IND<\/strong><\/p>\n","protected":false},"excerpt":{"rendered":"<p>El pr\u00f3ximo domingo 22 de abril \u00a0en la Playa Manza, ubicada en la localidad de Naiguat\u00e1, estado Vargas,\u00a0 se llevar\u00e1 a cabo el\u00a0 Campeonato Nacional por Clubes de\u00a0Nataci\u00f3n con Aletas Aguas Abiertas, evento organizado por la Federaci\u00f3n Venezolana de Actividades Subacu\u00e1ticas\u00a0 (FVAS). En la justa \u00a0de aguas abiertas, que tambi\u00e9n cuenta con el apoyo de [&hellip;]<\/p>\n","protected":false},"author":1,"featured_media":217570,"comment_status":"closed","ping_status":"open","sticky":false,"template":"","format":"standard","meta":{"_acf_changed":false,"footnotes":""},"categories":[56],"tags":[476],"class_list":["post-217569","post","type-post","status-publish","format-standard","has-post-thumbnail","hentry","category-deporte","tag-venezuela-deportiva"],"acf":[],"yoast_head":"<!-- This site is optimized with the Yoast SEO plugin v27.4 - https:\/\/yoast.com\/product\/yoast-seo-wordpress\/ -->\n<title>Vargas recibir\u00e1 Campeonato de Nataci\u00f3n con Aletas - DEV RNV<\/title>\n<meta name=\"robots\" content=\"noindex, follow, max-snippet:-1, max-image-preview:large, max-video-preview:-1\" \/>\n<meta property=\"og:locale\" content=\"es_ES\" \/>\n<meta property=\"og:type\" content=\"article\" \/>\n<meta property=\"og:title\" content=\"Vargas recibir\u00e1 Campeonato de Nataci\u00f3n con Aletas - DEV RNV\" \/>\n<meta property=\"og:description\" content=\"El pr\u00f3ximo domingo 22 de abril \u00a0en la Playa Manza, ubicada en la localidad de Naiguat\u00e1, estado Vargas,\u00a0 se llevar\u00e1 a cabo el\u00a0 Campeonato Nacional por Clubes de\u00a0Nataci\u00f3n con Aletas Aguas Abiertas, evento organizado por la Federaci\u00f3n Venezolana de Actividades Subacu\u00e1ticas\u00a0 (FVAS). En la justa \u00a0de aguas abiertas, que tambi\u00e9n cuenta con el apoyo de [&hellip;]\" \/>\n<meta property=\"og:url\" content=\"https:\/\/stage3.rnv.gob.ve\/wp\/vargas-recibira-campeonato-de-natacion-con-aletas\/\" \/>\n<meta property=\"og:site_name\" content=\"DEV RNV\" \/>\n<meta property=\"article:publisher\" content=\"https:\/\/www.facebook.com\/RadioNacionaldeVenezuela\" \/>\n<meta property=\"article:published_time\" content=\"2018-04-21T15:36:15+00:00\" \/>\n<meta property=\"article:modified_time\" content=\"2026-04-15T00:58:07+00:00\" \/>\n<meta name=\"author\" content=\"administrador\" \/>\n<meta name=\"twitter:card\" content=\"summary_large_image\" \/>\n<meta name=\"twitter:creator\" content=\"@RNVinformativa\" \/>\n<meta name=\"twitter:site\" content=\"@RNVinformativa\" \/>\n<meta name=\"twitter:label1\" content=\"Escrito por\" \/>\n\t<meta name=\"twitter:data1\" content=\"administrador\" \/>\n\t<meta name=\"twitter:label2\" content=\"Tiempo estimado de lectura\" \/>\n\t<meta name=\"twitter:data2\" content=\"1 minuto\" \/>\n<script type=\"application\/ld+json\" class=\"yoast-schema-graph\">{\"@context\":\"https:\\\/\\\/schema.org\",\"@graph\":[{\"@type\":\"Article\",\"@id\":\"https:\\\/\\\/stage3.rnv.gob.ve\\\/wp\\\/vargas-recibira-campeonato-de-natacion-con-aletas\\\/#article\",\"isPartOf\":{\"@id\":\"https:\\\/\\\/stage3.rnv.gob.ve\\\/wp\\\/vargas-recibira-campeonato-de-natacion-con-aletas\\\/\"},\"author\":{\"name\":\"administrador\",\"@id\":\"https:\\\/\\\/stage3.rnv.gob.ve\\\/wp\\\/#\\\/schema\\\/person\\\/0862ce8cde332e0bc63b8a243f0eea2c\"},\"headline\":\"Vargas recibir\u00e1 Campeonato de Nataci\u00f3n con Aletas\",\"datePublished\":\"2018-04-21T15:36:15+00:00\",\"dateModified\":\"2026-04-15T00:58:07+00:00\",\"mainEntityOfPage\":{\"@id\":\"https:\\\/\\\/stage3.rnv.gob.ve\\\/wp\\\/vargas-recibira-campeonato-de-natacion-con-aletas\\\/\"},\"wordCount\":154,\"publisher\":{\"@id\":\"https:\\\/\\\/stage3.rnv.gob.ve\\\/wp\\\/#organization\"},\"image\":{\"@id\":\"https:\\\/\\\/stage3.rnv.gob.ve\\\/wp\\\/vargas-recibira-campeonato-de-natacion-con-aletas\\\/#primaryimage\"},\"thumbnailUrl\":\"\",\"keywords\":[\"Venezuela Deportiva\"],\"articleSection\":[\"Deporte\"],\"inLanguage\":\"es\"},{\"@type\":\"WebPage\",\"@id\":\"https:\\\/\\\/stage3.rnv.gob.ve\\\/wp\\\/vargas-recibira-campeonato-de-natacion-con-aletas\\\/\",\"url\":\"https:\\\/\\\/stage3.rnv.gob.ve\\\/wp\\\/vargas-recibira-campeonato-de-natacion-con-aletas\\\/\",\"name\":\"Vargas recibir\u00e1 Campeonato de Nataci\u00f3n con Aletas - DEV RNV\",\"isPartOf\":{\"@id\":\"https:\\\/\\\/stage3.rnv.gob.ve\\\/wp\\\/#website\"},\"primaryImageOfPage\":{\"@id\":\"https:\\\/\\\/stage3.rnv.gob.ve\\\/wp\\\/vargas-recibira-campeonato-de-natacion-con-aletas\\\/#primaryimage\"},\"image\":{\"@id\":\"https:\\\/\\\/stage3.rnv.gob.ve\\\/wp\\\/vargas-recibira-campeonato-de-natacion-con-aletas\\\/#primaryimage\"},\"thumbnailUrl\":\"\",\"datePublished\":\"2018-04-21T15:36:15+00:00\",\"dateModified\":\"2026-04-15T00:58:07+00:00\",\"breadcrumb\":{\"@id\":\"https:\\\/\\\/stage3.rnv.gob.ve\\\/wp\\\/vargas-recibira-campeonato-de-natacion-con-aletas\\\/#breadcrumb\"},\"inLanguage\":\"es\",\"potentialAction\":[{\"@type\":\"ReadAction\",\"target\":[\"https:\\\/\\\/stage3.rnv.gob.ve\\\/wp\\\/vargas-recibira-campeonato-de-natacion-con-aletas\\\/\"]}]},{\"@type\":\"ImageObject\",\"inLanguage\":\"es\",\"@id\":\"https:\\\/\\\/stage3.rnv.gob.ve\\\/wp\\\/vargas-recibira-campeonato-de-natacion-con-aletas\\\/#primaryimage\",\"url\":\"\",\"contentUrl\":\"\"},{\"@type\":\"BreadcrumbList\",\"@id\":\"https:\\\/\\\/stage3.rnv.gob.ve\\\/wp\\\/vargas-recibira-campeonato-de-natacion-con-aletas\\\/#breadcrumb\",\"itemListElement\":[{\"@type\":\"ListItem\",\"position\":1,\"name\":\"Portada\",\"item\":\"https:\\\/\\\/stage3.rnv.gob.ve\\\/wp\\\/\"},{\"@type\":\"ListItem\",\"position\":2,\"name\":\"Vargas Recibir\u00e1 Campeonato De Nataci\u00f3n Con Aletas\"}]},{\"@type\":\"WebSite\",\"@id\":\"https:\\\/\\\/stage3.rnv.gob.ve\\\/wp\\\/#website\",\"url\":\"https:\\\/\\\/stage3.rnv.gob.ve\\\/wp\\\/\",\"name\":\"DEV RNV\",\"description\":\"Radio Nacional de Venezuela C.A.\",\"publisher\":{\"@id\":\"https:\\\/\\\/stage3.rnv.gob.ve\\\/wp\\\/#organization\"},\"potentialAction\":[{\"@type\":\"SearchAction\",\"target\":{\"@type\":\"EntryPoint\",\"urlTemplate\":\"https:\\\/\\\/stage3.rnv.gob.ve\\\/wp\\\/?s={search_term_string}\"},\"query-input\":{\"@type\":\"PropertyValueSpecification\",\"valueRequired\":true,\"valueName\":\"search_term_string\"}}],\"inLanguage\":\"es\"},{\"@type\":\"Organization\",\"@id\":\"https:\\\/\\\/stage3.rnv.gob.ve\\\/wp\\\/#organization\",\"name\":\"Radio Nacional de Venezuela C.A.\",\"url\":\"https:\\\/\\\/stage3.rnv.gob.ve\\\/wp\\\/\",\"logo\":{\"@type\":\"ImageObject\",\"inLanguage\":\"es\",\"@id\":\"https:\\\/\\\/stage3.rnv.gob.ve\\\/wp\\\/#\\\/schema\\\/logo\\\/image\\\/\",\"url\":\"http:\\\/\\\/rnv.ddns.net\\\/prensa\\\/wp-content\\\/uploads\\\/2022\\\/04\\\/rnv-1-300x227-1.jpg\",\"contentUrl\":\"http:\\\/\\\/rnv.ddns.net\\\/prensa\\\/wp-content\\\/uploads\\\/2022\\\/04\\\/rnv-1-300x227-1.jpg\",\"width\":800,\"height\":455,\"caption\":\"Radio Nacional de Venezuela C.A.\"},\"image\":{\"@id\":\"https:\\\/\\\/stage3.rnv.gob.ve\\\/wp\\\/#\\\/schema\\\/logo\\\/image\\\/\"},\"sameAs\":[\"https:\\\/\\\/www.facebook.com\\\/RadioNacionaldeVenezuela\",\"https:\\\/\\\/x.com\\\/RNVinformativa\",\"https:\\\/\\\/www.instagram.com\\\/rnvinformativa\\\/\",\"https:\\\/\\\/www.youtube.com\\\/user\\\/RNVContigo\"]},{\"@type\":\"Person\",\"@id\":\"https:\\\/\\\/stage3.rnv.gob.ve\\\/wp\\\/#\\\/schema\\\/person\\\/0862ce8cde332e0bc63b8a243f0eea2c\",\"name\":\"administrador\",\"sameAs\":[\"http:\\\/\\\/arnoldoeloy.net\"],\"url\":\"https:\\\/\\\/stage3.rnv.gob.ve\\\/wp\\\/author\\\/administrador\\\/\"}]}<\/script>\n<!-- \/ Yoast SEO plugin. -->","yoast_head_json":{"title":"Vargas recibir\u00e1 Campeonato de Nataci\u00f3n con Aletas - DEV RNV","robots":{"index":"noindex","follow":"follow","max-snippet":"max-snippet:-1","max-image-preview":"max-image-preview:large","max-video-preview":"max-video-preview:-1"},"og_locale":"es_ES","og_type":"article","og_title":"Vargas recibir\u00e1 Campeonato de Nataci\u00f3n con Aletas - DEV RNV","og_description":"El pr\u00f3ximo domingo 22 de abril \u00a0en la Playa Manza, ubicada en la localidad de Naiguat\u00e1, estado Vargas,\u00a0 se llevar\u00e1 a cabo el\u00a0 Campeonato Nacional por Clubes de\u00a0Nataci\u00f3n con Aletas Aguas Abiertas, evento organizado por la Federaci\u00f3n Venezolana de Actividades Subacu\u00e1ticas\u00a0 (FVAS). En la justa \u00a0de aguas abiertas, que tambi\u00e9n cuenta con el apoyo de [&hellip;]","og_url":"https:\/\/stage3.rnv.gob.ve\/wp\/vargas-recibira-campeonato-de-natacion-con-aletas\/","og_site_name":"DEV RNV","article_publisher":"https:\/\/www.facebook.com\/RadioNacionaldeVenezuela","article_published_time":"2018-04-21T15:36:15+00:00","article_modified_time":"2026-04-15T00:58:07+00:00","author":"administrador","twitter_card":"summary_large_image","twitter_creator":"@RNVinformativa","twitter_site":"@RNVinformativa","twitter_misc":{"Escrito por":"administrador","Tiempo estimado de lectura":"1 minuto"},"schema":{"@context":"https:\/\/schema.org","@graph":[{"@type":"Article","@id":"https:\/\/stage3.rnv.gob.ve\/wp\/vargas-recibira-campeonato-de-natacion-con-aletas\/#article","isPartOf":{"@id":"https:\/\/stage3.rnv.gob.ve\/wp\/vargas-recibira-campeonato-de-natacion-con-aletas\/"},"author":{"name":"administrador","@id":"https:\/\/stage3.rnv.gob.ve\/wp\/#\/schema\/person\/0862ce8cde332e0bc63b8a243f0eea2c"},"headline":"Vargas recibir\u00e1 Campeonato de Nataci\u00f3n con Aletas","datePublished":"2018-04-21T15:36:15+00:00","dateModified":"2026-04-15T00:58:07+00:00","mainEntityOfPage":{"@id":"https:\/\/stage3.rnv.gob.ve\/wp\/vargas-recibira-campeonato-de-natacion-con-aletas\/"},"wordCount":154,"publisher":{"@id":"https:\/\/stage3.rnv.gob.ve\/wp\/#organization"},"image":{"@id":"https:\/\/stage3.rnv.gob.ve\/wp\/vargas-recibira-campeonato-de-natacion-con-aletas\/#primaryimage"},"thumbnailUrl":"","keywords":["Venezuela Deportiva"],"articleSection":["Deporte"],"inLanguage":"es"},{"@type":"WebPage","@id":"https:\/\/stage3.rnv.gob.ve\/wp\/vargas-recibira-campeonato-de-natacion-con-aletas\/","url":"https:\/\/stage3.rnv.gob.ve\/wp\/vargas-recibira-campeonato-de-natacion-con-aletas\/","name":"Vargas recibir\u00e1 Campeonato de Nataci\u00f3n con Aletas - DEV RNV","isPartOf":{"@id":"https:\/\/stage3.rnv.gob.ve\/wp\/#website"},"primaryImageOfPage":{"@id":"https:\/\/stage3.rnv.gob.ve\/wp\/vargas-recibira-campeonato-de-natacion-con-aletas\/#primaryimage"},"image":{"@id":"https:\/\/stage3.rnv.gob.ve\/wp\/vargas-recibira-campeonato-de-natacion-con-aletas\/#primaryimage"},"thumbnailUrl":"","datePublished":"2018-04-21T15:36:15+00:00","dateModified":"2026-04-15T00:58:07+00:00","breadcrumb":{"@id":"https:\/\/stage3.rnv.gob.ve\/wp\/vargas-recibira-campeonato-de-natacion-con-aletas\/#breadcrumb"},"inLanguage":"es","potentialAction":[{"@type":"ReadAction","target":["https:\/\/stage3.rnv.gob.ve\/wp\/vargas-recibira-campeonato-de-natacion-con-aletas\/"]}]},{"@type":"ImageObject","inLanguage":"es","@id":"https:\/\/stage3.rnv.gob.ve\/wp\/vargas-recibira-campeonato-de-natacion-con-aletas\/#primaryimage","url":"","contentUrl":""},{"@type":"BreadcrumbList","@id":"https:\/\/stage3.rnv.gob.ve\/wp\/vargas-recibira-campeonato-de-natacion-con-aletas\/#breadcrumb","itemListElement":[{"@type":"ListItem","position":1,"name":"Portada","item":"https:\/\/stage3.rnv.gob.ve\/wp\/"},{"@type":"ListItem","position":2,"name":"Vargas Recibir\u00e1 Campeonato De Nataci\u00f3n Con Aletas"}]},{"@type":"WebSite","@id":"https:\/\/stage3.rnv.gob.ve\/wp\/#website","url":"https:\/\/stage3.rnv.gob.ve\/wp\/","name":"DEV RNV","description":"Radio Nacional de Venezuela C.A.","publisher":{"@id":"https:\/\/stage3.rnv.gob.ve\/wp\/#organization"},"potentialAction":[{"@type":"SearchAction","target":{"@type":"EntryPoint","urlTemplate":"https:\/\/stage3.rnv.gob.ve\/wp\/?s={search_term_string}"},"query-input":{"@type":"PropertyValueSpecification","valueRequired":true,"valueName":"search_term_string"}}],"inLanguage":"es"},{"@type":"Organization","@id":"https:\/\/stage3.rnv.gob.ve\/wp\/#organization","name":"Radio Nacional de Venezuela C.A.","url":"https:\/\/stage3.rnv.gob.ve\/wp\/","logo":{"@type":"ImageObject","inLanguage":"es","@id":"https:\/\/stage3.rnv.gob.ve\/wp\/#\/schema\/logo\/image\/","url":"http:\/\/rnv.ddns.net\/prensa\/wp-content\/uploads\/2022\/04\/rnv-1-300x227-1.jpg","contentUrl":"http:\/\/rnv.ddns.net\/prensa\/wp-content\/uploads\/2022\/04\/rnv-1-300x227-1.jpg","width":800,"height":455,"caption":"Radio Nacional de Venezuela C.A."},"image":{"@id":"https:\/\/stage3.rnv.gob.ve\/wp\/#\/schema\/logo\/image\/"},"sameAs":["https:\/\/www.facebook.com\/RadioNacionaldeVenezuela","https:\/\/x.com\/RNVinformativa","https:\/\/www.instagram.com\/rnvinformativa\/","https:\/\/www.youtube.com\/user\/RNVContigo"]},{"@type":"Person","@id":"https:\/\/stage3.rnv.gob.ve\/wp\/#\/schema\/person\/0862ce8cde332e0bc63b8a243f0eea2c","name":"administrador","sameAs":["http:\/\/arnoldoeloy.net"],"url":"https:\/\/stage3.rnv.gob.ve\/wp\/author\/administrador\/"}]}},"jetpack_featured_media_url":"","_links":{"self":[{"href":"https:\/\/stage3.rnv.gob.ve\/wp\/wp-json\/wp\/v2\/posts\/217569","targetHints":{"allow":["GET"]}}],"collection":[{"href":"https:\/\/stage3.rnv.gob.ve\/wp\/wp-json\/wp\/v2\/posts"}],"about":[{"href":"https:\/\/stage3.rnv.gob.ve\/wp\/wp-json\/wp\/v2\/types\/post"}],"author":[{"embeddable":true,"href":"https:\/\/stage3.rnv.gob.ve\/wp\/wp-json\/wp\/v2\/users\/1"}],"replies":[{"embeddable":true,"href":"https:\/\/stage3.rnv.gob.ve\/wp\/wp-json\/wp\/v2\/comments?post=217569"}],"version-history":[{"count":0,"href":"https:\/\/stage3.rnv.gob.ve\/wp\/wp-json\/wp\/v2\/posts\/217569\/revisions"}],"wp:featuredmedia":[{"embeddable":true,"href":"https:\/\/stage3.rnv.gob.ve\/wp\/wp-json\/"}],"wp:attachment":[{"href":"https:\/\/stage3.rnv.gob.ve\/wp\/wp-json\/wp\/v2\/media?parent=217569"}],"wp:term":[{"taxonomy":"category","embeddable":true,"href":"https:\/\/stage3.rnv.gob.ve\/wp\/wp-json\/wp\/v2\/categories?post=217569"},{"taxonomy":"post_tag","embeddable":true,"href":"https:\/\/stage3.rnv.gob.ve\/wp\/wp-json\/wp\/v2\/tags?post=217569"}],"curies":[{"name":"wp","href":"https:\/\/api.w.org\/{rel}","templated":true}]}}