{"id":215130,"date":"2018-04-10T12:40:59","date_gmt":"2018-04-10T17:10:59","guid":{"rendered":"https:\/\/stage3.rnv.gob.ve\/wp\/?p=215130"},"modified":"2018-04-10T12:40:59","modified_gmt":"2018-04-10T17:10:59","slug":"juramentado-comando-de-campana-simon-bolivar-en-barinas","status":"publish","type":"post","link":"https:\/\/stage3.rnv.gob.ve\/wp\/juramentado-comando-de-campana-simon-bolivar-en-barinas\/","title":{"rendered":"Juramentado Comando de Campa\u00f1a Sim\u00f3n Bol\u00edvar en Barinas"},"content":{"rendered":"<figure id=\"attachment_215133\" aria-describedby=\"caption-attachment-215133\" style=\"width: 300px\" class=\"wp-caption alignleft\"><img fetchpriority=\"high\" decoding=\"async\" class=\"size-medium wp-image-215133\" src=\"https:\/\/stage3.rnv.gob.ve\/wp\/wp-content\/uploads\/2018\/04\/Dabu6JAUMAERxnU-300x225.jpg\" alt=\"\" width=\"300\" height=\"225\" \/><figcaption id=\"caption-attachment-215133\" class=\"wp-caption-text\">Foto v\u00eda Twitter<\/figcaption><\/figure>\n<p>El Gobernador y dirigente del Partido Socialista Unido de Venezuela (Psuv), Argenis Ch\u00e1vez, juramento este martes a los integrantes del comando de campa\u00f1a Sim\u00f3n Bol\u00edvar en el estado en respaldo del candidato del Frente Amplio de la Patria, Nicol\u00e1s Maduro, para las elecciones del 20 del mayo.<\/p>\n<p>\u00abEsta maquinaria es la que garantizar una buena participaci\u00f3n el 20 de mayo para demostrar que aqu\u00ed hay chavismo para rato frente a las pretensiones de la derecha de sabotear las elecciones, arreciar la guerra econ\u00f3mica y promover m\u00e1s sanciones unilaterales contra la naci\u00f3n\u00bb, expres\u00f3 Ch\u00e1vez.<\/p>\n<p>Expres\u00f3 que el juramento de hoy debe convertirse en un compromiso con los ni\u00f1os, ni\u00f1as, mujeres, j\u00f3venes, abuelos, con el pueblo venezolano para garantizar el legado de Hugo Ch\u00e1vez.<\/p>\n<p>Igualmente el dirigente invit\u00f3 al poder popular a mantener el compromiso y conciencia pol\u00edtica para defender la revoluci\u00f3n y optimizar los programas sociales con el apoyo del Carnet de la Patria, \u00abeso nos obliga a trabajar m\u00e1s unidos que nunca\u00bb, sentenci\u00f3.<\/p>\n<p><strong>Escuche las declaraciones de Ad\u00e1n Ch\u00e1vez<\/strong><\/p>\n<audio class=\"wp-audio-shortcode\" id=\"audio-215130-1\" preload=\"none\" style=\"width: 100%;\" controls=\"controls\"><source type=\"audio\/mpeg\" src=\"https:\/\/stage3.rnv.gob.ve\/wp\/wp-content\/uploads\/2018\/04\/PSUV-BARINAS.mp3?_=1\" \/><a href=\"https:\/\/stage3.rnv.gob.ve\/wp\/wp-content\/uploads\/2018\/04\/PSUV-BARINAS.mp3\">https:\/\/stage3.rnv.gob.ve\/wp\/wp-content\/uploads\/2018\/04\/PSUV-BARINAS.mp3<\/a><\/audio>\n","protected":false},"excerpt":{"rendered":"<p>El Gobernador y dirigente del Partido Socialista Unido de Venezuela (Psuv), Argenis Ch\u00e1vez, juramento este martes a los integrantes del comando de campa\u00f1a Sim\u00f3n Bol\u00edvar en el estado en respaldo del candidato del Frente Amplio de la Patria, Nicol\u00e1s Maduro, para las elecciones del 20 del mayo. \u00abEsta maquinaria es la que garantizar una buena [&hellip;]<\/p>\n","protected":false},"author":1,"featured_media":215133,"comment_status":"closed","ping_status":"open","sticky":false,"template":"","format":"standard","meta":{"_acf_changed":false,"footnotes":""},"categories":[67],"tags":[17568,1642,1918,526,82],"class_list":["post-215130","post","type-post","status-publish","format-standard","has-post-thumbnail","hentry","category-politica","tag-comando-de-campana","tag-elecciones","tag-mayo","tag-psuv","tag-rnv"],"acf":[],"yoast_head":"<!-- This site is optimized with the Yoast SEO plugin v27.4 - https:\/\/yoast.com\/product\/yoast-seo-wordpress\/ -->\n<title>Juramentado Comando de Campa\u00f1a Sim\u00f3n Bol\u00edvar en Barinas - DEV RNV<\/title>\n<meta name=\"robots\" content=\"noindex, follow, max-snippet:-1, max-image-preview:large, max-video-preview:-1\" \/>\n<meta property=\"og:locale\" content=\"es_ES\" \/>\n<meta property=\"og:type\" content=\"article\" \/>\n<meta property=\"og:title\" content=\"Juramentado Comando de Campa\u00f1a Sim\u00f3n Bol\u00edvar en Barinas - DEV RNV\" \/>\n<meta property=\"og:description\" content=\"El Gobernador y dirigente del Partido Socialista Unido de Venezuela (Psuv), Argenis Ch\u00e1vez, juramento este martes a los integrantes del comando de campa\u00f1a Sim\u00f3n Bol\u00edvar en el estado en respaldo del candidato del Frente Amplio de la Patria, Nicol\u00e1s Maduro, para las elecciones del 20 del mayo. \u00abEsta maquinaria es la que garantizar una buena [&hellip;]\" \/>\n<meta property=\"og:url\" content=\"https:\/\/stage3.rnv.gob.ve\/wp\/juramentado-comando-de-campana-simon-bolivar-en-barinas\/\" \/>\n<meta property=\"og:site_name\" content=\"DEV RNV\" \/>\n<meta property=\"article:publisher\" content=\"https:\/\/www.facebook.com\/RadioNacionaldeVenezuela\" \/>\n<meta property=\"article:published_time\" content=\"2018-04-10T17:10:59+00:00\" \/>\n<meta name=\"author\" content=\"administrador\" \/>\n<meta name=\"twitter:card\" content=\"summary_large_image\" \/>\n<meta name=\"twitter:creator\" content=\"@RNVinformativa\" \/>\n<meta name=\"twitter:site\" content=\"@RNVinformativa\" \/>\n<meta name=\"twitter:label1\" content=\"Escrito por\" \/>\n\t<meta name=\"twitter:data1\" content=\"administrador\" \/>\n\t<meta name=\"twitter:label2\" content=\"Tiempo estimado de lectura\" \/>\n\t<meta name=\"twitter:data2\" content=\"1 minuto\" \/>\n<script type=\"application\/ld+json\" class=\"yoast-schema-graph\">{\"@context\":\"https:\\\/\\\/schema.org\",\"@graph\":[{\"@type\":\"Article\",\"@id\":\"https:\\\/\\\/stage3.rnv.gob.ve\\\/wp\\\/juramentado-comando-de-campana-simon-bolivar-en-barinas\\\/#article\",\"isPartOf\":{\"@id\":\"https:\\\/\\\/stage3.rnv.gob.ve\\\/wp\\\/juramentado-comando-de-campana-simon-bolivar-en-barinas\\\/\"},\"author\":{\"name\":\"administrador\",\"@id\":\"https:\\\/\\\/stage3.rnv.gob.ve\\\/wp\\\/#\\\/schema\\\/person\\\/0862ce8cde332e0bc63b8a243f0eea2c\"},\"headline\":\"Juramentado Comando de Campa\u00f1a Sim\u00f3n Bol\u00edvar en Barinas\",\"datePublished\":\"2018-04-10T17:10:59+00:00\",\"mainEntityOfPage\":{\"@id\":\"https:\\\/\\\/stage3.rnv.gob.ve\\\/wp\\\/juramentado-comando-de-campana-simon-bolivar-en-barinas\\\/\"},\"wordCount\":221,\"publisher\":{\"@id\":\"https:\\\/\\\/stage3.rnv.gob.ve\\\/wp\\\/#organization\"},\"image\":{\"@id\":\"https:\\\/\\\/stage3.rnv.gob.ve\\\/wp\\\/juramentado-comando-de-campana-simon-bolivar-en-barinas\\\/#primaryimage\"},\"thumbnailUrl\":\"\",\"keywords\":[\"Comando de Campa\u00f1a\",\"Elecciones\",\"mayo\",\"PSUV\",\"RNV\"],\"articleSection\":[\"Pol\u00edtica\"],\"inLanguage\":\"es\"},{\"@type\":\"WebPage\",\"@id\":\"https:\\\/\\\/stage3.rnv.gob.ve\\\/wp\\\/juramentado-comando-de-campana-simon-bolivar-en-barinas\\\/\",\"url\":\"https:\\\/\\\/stage3.rnv.gob.ve\\\/wp\\\/juramentado-comando-de-campana-simon-bolivar-en-barinas\\\/\",\"name\":\"Juramentado Comando de Campa\u00f1a Sim\u00f3n Bol\u00edvar en Barinas - DEV RNV\",\"isPartOf\":{\"@id\":\"https:\\\/\\\/stage3.rnv.gob.ve\\\/wp\\\/#website\"},\"primaryImageOfPage\":{\"@id\":\"https:\\\/\\\/stage3.rnv.gob.ve\\\/wp\\\/juramentado-comando-de-campana-simon-bolivar-en-barinas\\\/#primaryimage\"},\"image\":{\"@id\":\"https:\\\/\\\/stage3.rnv.gob.ve\\\/wp\\\/juramentado-comando-de-campana-simon-bolivar-en-barinas\\\/#primaryimage\"},\"thumbnailUrl\":\"\",\"datePublished\":\"2018-04-10T17:10:59+00:00\",\"breadcrumb\":{\"@id\":\"https:\\\/\\\/stage3.rnv.gob.ve\\\/wp\\\/juramentado-comando-de-campana-simon-bolivar-en-barinas\\\/#breadcrumb\"},\"inLanguage\":\"es\",\"potentialAction\":[{\"@type\":\"ReadAction\",\"target\":[\"https:\\\/\\\/stage3.rnv.gob.ve\\\/wp\\\/juramentado-comando-de-campana-simon-bolivar-en-barinas\\\/\"]}]},{\"@type\":\"ImageObject\",\"inLanguage\":\"es\",\"@id\":\"https:\\\/\\\/stage3.rnv.gob.ve\\\/wp\\\/juramentado-comando-de-campana-simon-bolivar-en-barinas\\\/#primaryimage\",\"url\":\"\",\"contentUrl\":\"\"},{\"@type\":\"BreadcrumbList\",\"@id\":\"https:\\\/\\\/stage3.rnv.gob.ve\\\/wp\\\/juramentado-comando-de-campana-simon-bolivar-en-barinas\\\/#breadcrumb\",\"itemListElement\":[{\"@type\":\"ListItem\",\"position\":1,\"name\":\"Portada\",\"item\":\"https:\\\/\\\/stage3.rnv.gob.ve\\\/wp\\\/\"},{\"@type\":\"ListItem\",\"position\":2,\"name\":\"Juramentado Comando De Campa\u00f1a Sim\u00f3n Bol\u00edvar En Barinas\"}]},{\"@type\":\"WebSite\",\"@id\":\"https:\\\/\\\/stage3.rnv.gob.ve\\\/wp\\\/#website\",\"url\":\"https:\\\/\\\/stage3.rnv.gob.ve\\\/wp\\\/\",\"name\":\"DEV RNV\",\"description\":\"Radio Nacional de Venezuela C.A.\",\"publisher\":{\"@id\":\"https:\\\/\\\/stage3.rnv.gob.ve\\\/wp\\\/#organization\"},\"potentialAction\":[{\"@type\":\"SearchAction\",\"target\":{\"@type\":\"EntryPoint\",\"urlTemplate\":\"https:\\\/\\\/stage3.rnv.gob.ve\\\/wp\\\/?s={search_term_string}\"},\"query-input\":{\"@type\":\"PropertyValueSpecification\",\"valueRequired\":true,\"valueName\":\"search_term_string\"}}],\"inLanguage\":\"es\"},{\"@type\":\"Organization\",\"@id\":\"https:\\\/\\\/stage3.rnv.gob.ve\\\/wp\\\/#organization\",\"name\":\"Radio Nacional de Venezuela C.A.\",\"url\":\"https:\\\/\\\/stage3.rnv.gob.ve\\\/wp\\\/\",\"logo\":{\"@type\":\"ImageObject\",\"inLanguage\":\"es\",\"@id\":\"https:\\\/\\\/stage3.rnv.gob.ve\\\/wp\\\/#\\\/schema\\\/logo\\\/image\\\/\",\"url\":\"http:\\\/\\\/rnv.ddns.net\\\/prensa\\\/wp-content\\\/uploads\\\/2022\\\/04\\\/rnv-1-300x227-1.jpg\",\"contentUrl\":\"http:\\\/\\\/rnv.ddns.net\\\/prensa\\\/wp-content\\\/uploads\\\/2022\\\/04\\\/rnv-1-300x227-1.jpg\",\"width\":800,\"height\":455,\"caption\":\"Radio Nacional de Venezuela C.A.\"},\"image\":{\"@id\":\"https:\\\/\\\/stage3.rnv.gob.ve\\\/wp\\\/#\\\/schema\\\/logo\\\/image\\\/\"},\"sameAs\":[\"https:\\\/\\\/www.facebook.com\\\/RadioNacionaldeVenezuela\",\"https:\\\/\\\/x.com\\\/RNVinformativa\",\"https:\\\/\\\/www.instagram.com\\\/rnvinformativa\\\/\",\"https:\\\/\\\/www.youtube.com\\\/user\\\/RNVContigo\"]},{\"@type\":\"Person\",\"@id\":\"https:\\\/\\\/stage3.rnv.gob.ve\\\/wp\\\/#\\\/schema\\\/person\\\/0862ce8cde332e0bc63b8a243f0eea2c\",\"name\":\"administrador\",\"sameAs\":[\"http:\\\/\\\/arnoldoeloy.net\"],\"url\":\"https:\\\/\\\/stage3.rnv.gob.ve\\\/wp\\\/author\\\/administrador\\\/\"}]}<\/script>\n<!-- \/ Yoast SEO plugin. -->","yoast_head_json":{"title":"Juramentado Comando de Campa\u00f1a Sim\u00f3n Bol\u00edvar en Barinas - DEV RNV","robots":{"index":"noindex","follow":"follow","max-snippet":"max-snippet:-1","max-image-preview":"max-image-preview:large","max-video-preview":"max-video-preview:-1"},"og_locale":"es_ES","og_type":"article","og_title":"Juramentado Comando de Campa\u00f1a Sim\u00f3n Bol\u00edvar en Barinas - DEV RNV","og_description":"El Gobernador y dirigente del Partido Socialista Unido de Venezuela (Psuv), Argenis Ch\u00e1vez, juramento este martes a los integrantes del comando de campa\u00f1a Sim\u00f3n Bol\u00edvar en el estado en respaldo del candidato del Frente Amplio de la Patria, Nicol\u00e1s Maduro, para las elecciones del 20 del mayo. \u00abEsta maquinaria es la que garantizar una buena [&hellip;]","og_url":"https:\/\/stage3.rnv.gob.ve\/wp\/juramentado-comando-de-campana-simon-bolivar-en-barinas\/","og_site_name":"DEV RNV","article_publisher":"https:\/\/www.facebook.com\/RadioNacionaldeVenezuela","article_published_time":"2018-04-10T17:10:59+00:00","author":"administrador","twitter_card":"summary_large_image","twitter_creator":"@RNVinformativa","twitter_site":"@RNVinformativa","twitter_misc":{"Escrito por":"administrador","Tiempo estimado de lectura":"1 minuto"},"schema":{"@context":"https:\/\/schema.org","@graph":[{"@type":"Article","@id":"https:\/\/stage3.rnv.gob.ve\/wp\/juramentado-comando-de-campana-simon-bolivar-en-barinas\/#article","isPartOf":{"@id":"https:\/\/stage3.rnv.gob.ve\/wp\/juramentado-comando-de-campana-simon-bolivar-en-barinas\/"},"author":{"name":"administrador","@id":"https:\/\/stage3.rnv.gob.ve\/wp\/#\/schema\/person\/0862ce8cde332e0bc63b8a243f0eea2c"},"headline":"Juramentado Comando de Campa\u00f1a Sim\u00f3n Bol\u00edvar en Barinas","datePublished":"2018-04-10T17:10:59+00:00","mainEntityOfPage":{"@id":"https:\/\/stage3.rnv.gob.ve\/wp\/juramentado-comando-de-campana-simon-bolivar-en-barinas\/"},"wordCount":221,"publisher":{"@id":"https:\/\/stage3.rnv.gob.ve\/wp\/#organization"},"image":{"@id":"https:\/\/stage3.rnv.gob.ve\/wp\/juramentado-comando-de-campana-simon-bolivar-en-barinas\/#primaryimage"},"thumbnailUrl":"","keywords":["Comando de Campa\u00f1a","Elecciones","mayo","PSUV","RNV"],"articleSection":["Pol\u00edtica"],"inLanguage":"es"},{"@type":"WebPage","@id":"https:\/\/stage3.rnv.gob.ve\/wp\/juramentado-comando-de-campana-simon-bolivar-en-barinas\/","url":"https:\/\/stage3.rnv.gob.ve\/wp\/juramentado-comando-de-campana-simon-bolivar-en-barinas\/","name":"Juramentado Comando de Campa\u00f1a Sim\u00f3n Bol\u00edvar en Barinas - DEV RNV","isPartOf":{"@id":"https:\/\/stage3.rnv.gob.ve\/wp\/#website"},"primaryImageOfPage":{"@id":"https:\/\/stage3.rnv.gob.ve\/wp\/juramentado-comando-de-campana-simon-bolivar-en-barinas\/#primaryimage"},"image":{"@id":"https:\/\/stage3.rnv.gob.ve\/wp\/juramentado-comando-de-campana-simon-bolivar-en-barinas\/#primaryimage"},"thumbnailUrl":"","datePublished":"2018-04-10T17:10:59+00:00","breadcrumb":{"@id":"https:\/\/stage3.rnv.gob.ve\/wp\/juramentado-comando-de-campana-simon-bolivar-en-barinas\/#breadcrumb"},"inLanguage":"es","potentialAction":[{"@type":"ReadAction","target":["https:\/\/stage3.rnv.gob.ve\/wp\/juramentado-comando-de-campana-simon-bolivar-en-barinas\/"]}]},{"@type":"ImageObject","inLanguage":"es","@id":"https:\/\/stage3.rnv.gob.ve\/wp\/juramentado-comando-de-campana-simon-bolivar-en-barinas\/#primaryimage","url":"","contentUrl":""},{"@type":"BreadcrumbList","@id":"https:\/\/stage3.rnv.gob.ve\/wp\/juramentado-comando-de-campana-simon-bolivar-en-barinas\/#breadcrumb","itemListElement":[{"@type":"ListItem","position":1,"name":"Portada","item":"https:\/\/stage3.rnv.gob.ve\/wp\/"},{"@type":"ListItem","position":2,"name":"Juramentado Comando De Campa\u00f1a Sim\u00f3n Bol\u00edvar En Barinas"}]},{"@type":"WebSite","@id":"https:\/\/stage3.rnv.gob.ve\/wp\/#website","url":"https:\/\/stage3.rnv.gob.ve\/wp\/","name":"DEV RNV","description":"Radio Nacional de Venezuela C.A.","publisher":{"@id":"https:\/\/stage3.rnv.gob.ve\/wp\/#organization"},"potentialAction":[{"@type":"SearchAction","target":{"@type":"EntryPoint","urlTemplate":"https:\/\/stage3.rnv.gob.ve\/wp\/?s={search_term_string}"},"query-input":{"@type":"PropertyValueSpecification","valueRequired":true,"valueName":"search_term_string"}}],"inLanguage":"es"},{"@type":"Organization","@id":"https:\/\/stage3.rnv.gob.ve\/wp\/#organization","name":"Radio Nacional de Venezuela C.A.","url":"https:\/\/stage3.rnv.gob.ve\/wp\/","logo":{"@type":"ImageObject","inLanguage":"es","@id":"https:\/\/stage3.rnv.gob.ve\/wp\/#\/schema\/logo\/image\/","url":"http:\/\/rnv.ddns.net\/prensa\/wp-content\/uploads\/2022\/04\/rnv-1-300x227-1.jpg","contentUrl":"http:\/\/rnv.ddns.net\/prensa\/wp-content\/uploads\/2022\/04\/rnv-1-300x227-1.jpg","width":800,"height":455,"caption":"Radio Nacional de Venezuela C.A."},"image":{"@id":"https:\/\/stage3.rnv.gob.ve\/wp\/#\/schema\/logo\/image\/"},"sameAs":["https:\/\/www.facebook.com\/RadioNacionaldeVenezuela","https:\/\/x.com\/RNVinformativa","https:\/\/www.instagram.com\/rnvinformativa\/","https:\/\/www.youtube.com\/user\/RNVContigo"]},{"@type":"Person","@id":"https:\/\/stage3.rnv.gob.ve\/wp\/#\/schema\/person\/0862ce8cde332e0bc63b8a243f0eea2c","name":"administrador","sameAs":["http:\/\/arnoldoeloy.net"],"url":"https:\/\/stage3.rnv.gob.ve\/wp\/author\/administrador\/"}]}},"jetpack_featured_media_url":"","_links":{"self":[{"href":"https:\/\/stage3.rnv.gob.ve\/wp\/wp-json\/wp\/v2\/posts\/215130","targetHints":{"allow":["GET"]}}],"collection":[{"href":"https:\/\/stage3.rnv.gob.ve\/wp\/wp-json\/wp\/v2\/posts"}],"about":[{"href":"https:\/\/stage3.rnv.gob.ve\/wp\/wp-json\/wp\/v2\/types\/post"}],"author":[{"embeddable":true,"href":"https:\/\/stage3.rnv.gob.ve\/wp\/wp-json\/wp\/v2\/users\/1"}],"replies":[{"embeddable":true,"href":"https:\/\/stage3.rnv.gob.ve\/wp\/wp-json\/wp\/v2\/comments?post=215130"}],"version-history":[{"count":0,"href":"https:\/\/stage3.rnv.gob.ve\/wp\/wp-json\/wp\/v2\/posts\/215130\/revisions"}],"wp:featuredmedia":[{"embeddable":true,"href":"https:\/\/stage3.rnv.gob.ve\/wp\/wp-json\/"}],"wp:attachment":[{"href":"https:\/\/stage3.rnv.gob.ve\/wp\/wp-json\/wp\/v2\/media?parent=215130"}],"wp:term":[{"taxonomy":"category","embeddable":true,"href":"https:\/\/stage3.rnv.gob.ve\/wp\/wp-json\/wp\/v2\/categories?post=215130"},{"taxonomy":"post_tag","embeddable":true,"href":"https:\/\/stage3.rnv.gob.ve\/wp\/wp-json\/wp\/v2\/tags?post=215130"}],"curies":[{"name":"wp","href":"https:\/\/api.w.org\/{rel}","templated":true}]}}