{"id":21108,"date":"2016-04-25T11:31:29","date_gmt":"2016-04-25T16:01:29","guid":{"rendered":"http:\/\/wpeditor.rnv.gob.ve\/?p=21108"},"modified":"2016-04-25T11:31:29","modified_gmt":"2016-04-25T16:01:29","slug":"conozca-las-nuevas-experiencias-de-formacion-y-produccion-del-inces","status":"publish","type":"post","link":"https:\/\/stage3.rnv.gob.ve\/wp\/conozca-las-nuevas-experiencias-de-formacion-y-produccion-del-inces\/","title":{"rendered":"Conozca las nuevas experiencias de formaci\u00f3n y producci\u00f3n del Inces"},"content":{"rendered":"<div class=\"arriba\">\n<div class=\"inside\">\n<div class=\"panels_pane panel-pane pane-views pane-nodos\">\n<div class=\"pane-content\">\n<div class=\"views_view view view-Nodos view-id-Nodos view-display-id-block_1 view-dom-id-14b4f623d90555d570d531b3429493d8\">\n<div class=\"view-content\">\n<div class=\"views-row views-row-1 views-row-odd views-row-first views-row-last\">\n<div class=\"noticia-encabezado\">\n<div class=\"titulo\"><img fetchpriority=\"high\" decoding=\"async\" class=\"size-full wp-image-21157 aligncenter\" src=\"http:\/\/wpeditor.rnv.gob.ve\/app\/uploads\/2016\/04\/Cg5OTKOXEAExRa7.jpg\" alt=\"Cg5OTKOXEAExRa7\" width=\"600\" height=\"450\" \/>El Instituto Nacional de Capacitaci\u00f3n y Educaci\u00f3n Socialista (Inces) lanz\u00f3 este lunes su campa\u00f1a \u00abNos vemos en el Inces\u00bb, que\u00a0ofrece nuevas opciones de formaci\u00f3n y producci\u00f3n para incorporar a la poblaci\u00f3n en el modelo productivo del pa\u00eds.<\/div>\n<\/div>\n<\/div>\n<\/div>\n<\/div>\n<\/div>\n<\/div>\n<\/div>\n<\/div>\n<p><!--more--><\/p>\n<div class=\"medio\">\n<div class=\"izquierda\">\n<div class=\"inside\">\n<div class=\"panels_pane panel-pane pane-views pane-nodos\">\n<div class=\"pane-content\">\n<div class=\"views_view view view-Nodos view-id-Nodos view-display-id-block_2 view-dom-id-d32cb5077e75fbd936fa9c25312c2428\">\n<div class=\"view-content\">\n<div class=\"views-row views-row-1 views-row-odd views-row-first views-row-last\">\n<div class=\"noticia-cuerpo\">\n<div class=\"contenido\">\nOswaldo Vera, ministro para el Proceso Social del Trabajo, se\u00f1al\u00f3 que esta campa\u00f1a pretende que\u00a0el Inces se sume \u00abal proceso de formaci\u00f3n, preparaci\u00f3n y adiestramiento integral de nuestros venezolanos, para asumir los grandes retos que tenemos porque Venezuela es un pa\u00eds de oportunidades\u00bb.<br \/>\nEl Inces participa en el\u00a0proceso de transformaci\u00f3n de la econom\u00eda nacional \u00abconcebido desde las f\u00e1bricas, centros de trabajo, para convertirlas en una escuela, ese es parte del trabajo que estamos realizando\u00bb.<br \/>\nPor su parte, el presidente de la instituci\u00f3n, Wilkelman \u00c1ngel, destac\u00f3 que el programa \u00abNos vemos en el Inces\u00bb expone 29 de las casi 500 oportunidades formativas y productivas que ofrece la instituci\u00f3n, entre las que cuentan:\u00a0taller de luminarias (bombillas ahorradoras) \u00e1rea textil, gastronom\u00eda y agricultura urbana, son algunos de los espacios donde los hombres y mujeres pueden potenciar sus habilidades en funci\u00f3n del desarrollo de la patria.<br \/>\n\u00abEsta es una peque\u00f1a muestra de lo que ocurre en el pa\u00eds, un pueblo movilizado y organizado dando la batalla, que se est\u00e1 formando con entusiasmo y esperanza\u00bb, precis\u00f3.<br \/>\n<img decoding=\"async\" class=\"alignnone size-full wp-image-21156\" src=\"http:\/\/wpeditor.rnv.gob.ve\/app\/uploads\/2016\/04\/Cg5MW_zWIAA5vgG.jpg\" alt=\"Cg5MW_zWIAA5vgG\" width=\"600\" height=\"450\" \/>\n<\/div>\n<\/div>\n<p><strong>Escuche a Wilkelman \u00c1ngel<\/strong><br \/>\n<audio class=\"wp-audio-shortcode\" id=\"audio-21108-1\" preload=\"none\" style=\"width: 100%;\" controls=\"controls\"><source type=\"audio\/mpeg\" src=\"http:\/\/wpeditor.rnv.gob.ve\/app\/uploads\/2016\/04\/INCES.mp3?_=1\" \/><a href=\"http:\/\/wpeditor.rnv.gob.ve\/app\/uploads\/2016\/04\/INCES.mp3\">http:\/\/wpeditor.rnv.gob.ve\/app\/uploads\/2016\/04\/INCES.mp3<\/a><\/audio>\n<\/div>\n<\/div>\n<\/div>\n<\/div>\n<\/div>\n<\/div>\n<\/div>\n<\/div>\n","protected":false},"excerpt":{"rendered":"<p>El Instituto Nacional de Capacitaci\u00f3n y Educaci\u00f3n Socialista (Inces) lanz\u00f3 este lunes su campa\u00f1a \u00abNos vemos en el Inces\u00bb, que\u00a0ofrece nuevas opciones de formaci\u00f3n y producci\u00f3n para incorporar a la poblaci\u00f3n en el modelo productivo del pa\u00eds.<\/p>\n","protected":false},"author":5,"featured_media":21156,"comment_status":"closed","ping_status":"open","sticky":false,"template":"","format":"standard","meta":{"_acf_changed":false,"footnotes":""},"categories":[58],"tags":[3544,3472,548],"class_list":["post-21108","post","type-post","status-publish","format-standard","has-post-thumbnail","hentry","category-economia","tag-cursos","tag-formacion","tag-inces"],"acf":[],"yoast_head":"<!-- This site is optimized with the Yoast SEO plugin v27.4 - https:\/\/yoast.com\/product\/yoast-seo-wordpress\/ -->\n<title>Conozca las nuevas experiencias de formaci\u00f3n y producci\u00f3n del Inces - DEV RNV<\/title>\n<meta name=\"robots\" content=\"noindex, follow, max-snippet:-1, max-image-preview:large, max-video-preview:-1\" \/>\n<meta property=\"og:locale\" content=\"es_ES\" \/>\n<meta property=\"og:type\" content=\"article\" \/>\n<meta property=\"og:title\" content=\"Conozca las nuevas experiencias de formaci\u00f3n y producci\u00f3n del Inces - DEV RNV\" \/>\n<meta property=\"og:description\" content=\"El Instituto Nacional de Capacitaci\u00f3n y Educaci\u00f3n Socialista (Inces) lanz\u00f3 este lunes su campa\u00f1a \u00abNos vemos en el Inces\u00bb, que\u00a0ofrece nuevas opciones de formaci\u00f3n y producci\u00f3n para incorporar a la poblaci\u00f3n en el modelo productivo del pa\u00eds.\" \/>\n<meta property=\"og:url\" content=\"https:\/\/stage3.rnv.gob.ve\/wp\/conozca-las-nuevas-experiencias-de-formacion-y-produccion-del-inces\/\" \/>\n<meta property=\"og:site_name\" content=\"DEV RNV\" \/>\n<meta property=\"article:publisher\" content=\"https:\/\/www.facebook.com\/RadioNacionaldeVenezuela\" \/>\n<meta property=\"article:published_time\" content=\"2016-04-25T16:01:29+00:00\" \/>\n<meta name=\"author\" content=\"Dennis Contreras\" \/>\n<meta name=\"twitter:card\" content=\"summary_large_image\" \/>\n<meta name=\"twitter:creator\" content=\"@RNVinformativa\" \/>\n<meta name=\"twitter:site\" content=\"@RNVinformativa\" \/>\n<meta name=\"twitter:label1\" content=\"Escrito por\" \/>\n\t<meta name=\"twitter:data1\" content=\"Dennis Contreras\" \/>\n\t<meta name=\"twitter:label2\" content=\"Tiempo estimado de lectura\" \/>\n\t<meta name=\"twitter:data2\" content=\"1 minuto\" \/>\n<script type=\"application\/ld+json\" class=\"yoast-schema-graph\">{\"@context\":\"https:\\\/\\\/schema.org\",\"@graph\":[{\"@type\":\"Article\",\"@id\":\"https:\\\/\\\/stage3.rnv.gob.ve\\\/wp\\\/conozca-las-nuevas-experiencias-de-formacion-y-produccion-del-inces\\\/#article\",\"isPartOf\":{\"@id\":\"https:\\\/\\\/stage3.rnv.gob.ve\\\/wp\\\/conozca-las-nuevas-experiencias-de-formacion-y-produccion-del-inces\\\/\"},\"author\":{\"name\":\"Dennis Contreras\",\"@id\":\"https:\\\/\\\/stage3.rnv.gob.ve\\\/wp\\\/#\\\/schema\\\/person\\\/991592202fc6b714a00cdb0d400e4440\"},\"headline\":\"Conozca las nuevas experiencias de formaci\u00f3n y producci\u00f3n del Inces\",\"datePublished\":\"2016-04-25T16:01:29+00:00\",\"mainEntityOfPage\":{\"@id\":\"https:\\\/\\\/stage3.rnv.gob.ve\\\/wp\\\/conozca-las-nuevas-experiencias-de-formacion-y-produccion-del-inces\\\/\"},\"wordCount\":259,\"publisher\":{\"@id\":\"https:\\\/\\\/stage3.rnv.gob.ve\\\/wp\\\/#organization\"},\"image\":{\"@id\":\"https:\\\/\\\/stage3.rnv.gob.ve\\\/wp\\\/conozca-las-nuevas-experiencias-de-formacion-y-produccion-del-inces\\\/#primaryimage\"},\"thumbnailUrl\":\"\",\"keywords\":[\"cursos\",\"formacion\",\"inces\"],\"articleSection\":[\"Econom\u00eda\"],\"inLanguage\":\"es\"},{\"@type\":\"WebPage\",\"@id\":\"https:\\\/\\\/stage3.rnv.gob.ve\\\/wp\\\/conozca-las-nuevas-experiencias-de-formacion-y-produccion-del-inces\\\/\",\"url\":\"https:\\\/\\\/stage3.rnv.gob.ve\\\/wp\\\/conozca-las-nuevas-experiencias-de-formacion-y-produccion-del-inces\\\/\",\"name\":\"Conozca las nuevas experiencias de formaci\u00f3n y producci\u00f3n del Inces - DEV RNV\",\"isPartOf\":{\"@id\":\"https:\\\/\\\/stage3.rnv.gob.ve\\\/wp\\\/#website\"},\"primaryImageOfPage\":{\"@id\":\"https:\\\/\\\/stage3.rnv.gob.ve\\\/wp\\\/conozca-las-nuevas-experiencias-de-formacion-y-produccion-del-inces\\\/#primaryimage\"},\"image\":{\"@id\":\"https:\\\/\\\/stage3.rnv.gob.ve\\\/wp\\\/conozca-las-nuevas-experiencias-de-formacion-y-produccion-del-inces\\\/#primaryimage\"},\"thumbnailUrl\":\"\",\"datePublished\":\"2016-04-25T16:01:29+00:00\",\"breadcrumb\":{\"@id\":\"https:\\\/\\\/stage3.rnv.gob.ve\\\/wp\\\/conozca-las-nuevas-experiencias-de-formacion-y-produccion-del-inces\\\/#breadcrumb\"},\"inLanguage\":\"es\",\"potentialAction\":[{\"@type\":\"ReadAction\",\"target\":[\"https:\\\/\\\/stage3.rnv.gob.ve\\\/wp\\\/conozca-las-nuevas-experiencias-de-formacion-y-produccion-del-inces\\\/\"]}]},{\"@type\":\"ImageObject\",\"inLanguage\":\"es\",\"@id\":\"https:\\\/\\\/stage3.rnv.gob.ve\\\/wp\\\/conozca-las-nuevas-experiencias-de-formacion-y-produccion-del-inces\\\/#primaryimage\",\"url\":\"\",\"contentUrl\":\"\"},{\"@type\":\"BreadcrumbList\",\"@id\":\"https:\\\/\\\/stage3.rnv.gob.ve\\\/wp\\\/conozca-las-nuevas-experiencias-de-formacion-y-produccion-del-inces\\\/#breadcrumb\",\"itemListElement\":[{\"@type\":\"ListItem\",\"position\":1,\"name\":\"Portada\",\"item\":\"https:\\\/\\\/stage3.rnv.gob.ve\\\/wp\\\/\"},{\"@type\":\"ListItem\",\"position\":2,\"name\":\"Conozca Las Nuevas Experiencias De Formaci\u00f3n Y Producci\u00f3n Del Inces\"}]},{\"@type\":\"WebSite\",\"@id\":\"https:\\\/\\\/stage3.rnv.gob.ve\\\/wp\\\/#website\",\"url\":\"https:\\\/\\\/stage3.rnv.gob.ve\\\/wp\\\/\",\"name\":\"DEV RNV\",\"description\":\"Radio Nacional de Venezuela C.A.\",\"publisher\":{\"@id\":\"https:\\\/\\\/stage3.rnv.gob.ve\\\/wp\\\/#organization\"},\"potentialAction\":[{\"@type\":\"SearchAction\",\"target\":{\"@type\":\"EntryPoint\",\"urlTemplate\":\"https:\\\/\\\/stage3.rnv.gob.ve\\\/wp\\\/?s={search_term_string}\"},\"query-input\":{\"@type\":\"PropertyValueSpecification\",\"valueRequired\":true,\"valueName\":\"search_term_string\"}}],\"inLanguage\":\"es\"},{\"@type\":\"Organization\",\"@id\":\"https:\\\/\\\/stage3.rnv.gob.ve\\\/wp\\\/#organization\",\"name\":\"Radio Nacional de Venezuela C.A.\",\"url\":\"https:\\\/\\\/stage3.rnv.gob.ve\\\/wp\\\/\",\"logo\":{\"@type\":\"ImageObject\",\"inLanguage\":\"es\",\"@id\":\"https:\\\/\\\/stage3.rnv.gob.ve\\\/wp\\\/#\\\/schema\\\/logo\\\/image\\\/\",\"url\":\"http:\\\/\\\/rnv.ddns.net\\\/prensa\\\/wp-content\\\/uploads\\\/2022\\\/04\\\/rnv-1-300x227-1.jpg\",\"contentUrl\":\"http:\\\/\\\/rnv.ddns.net\\\/prensa\\\/wp-content\\\/uploads\\\/2022\\\/04\\\/rnv-1-300x227-1.jpg\",\"width\":800,\"height\":455,\"caption\":\"Radio Nacional de Venezuela C.A.\"},\"image\":{\"@id\":\"https:\\\/\\\/stage3.rnv.gob.ve\\\/wp\\\/#\\\/schema\\\/logo\\\/image\\\/\"},\"sameAs\":[\"https:\\\/\\\/www.facebook.com\\\/RadioNacionaldeVenezuela\",\"https:\\\/\\\/x.com\\\/RNVinformativa\",\"https:\\\/\\\/www.instagram.com\\\/rnvinformativa\\\/\",\"https:\\\/\\\/www.youtube.com\\\/user\\\/RNVContigo\"]},{\"@type\":\"Person\",\"@id\":\"https:\\\/\\\/stage3.rnv.gob.ve\\\/wp\\\/#\\\/schema\\\/person\\\/991592202fc6b714a00cdb0d400e4440\",\"name\":\"Dennis Contreras\",\"url\":\"https:\\\/\\\/stage3.rnv.gob.ve\\\/wp\\\/author\\\/dennis_contreras\\\/\"}]}<\/script>\n<!-- \/ Yoast SEO plugin. -->","yoast_head_json":{"title":"Conozca las nuevas experiencias de formaci\u00f3n y producci\u00f3n del Inces - DEV RNV","robots":{"index":"noindex","follow":"follow","max-snippet":"max-snippet:-1","max-image-preview":"max-image-preview:large","max-video-preview":"max-video-preview:-1"},"og_locale":"es_ES","og_type":"article","og_title":"Conozca las nuevas experiencias de formaci\u00f3n y producci\u00f3n del Inces - DEV RNV","og_description":"El Instituto Nacional de Capacitaci\u00f3n y Educaci\u00f3n Socialista (Inces) lanz\u00f3 este lunes su campa\u00f1a \u00abNos vemos en el Inces\u00bb, que\u00a0ofrece nuevas opciones de formaci\u00f3n y producci\u00f3n para incorporar a la poblaci\u00f3n en el modelo productivo del pa\u00eds.","og_url":"https:\/\/stage3.rnv.gob.ve\/wp\/conozca-las-nuevas-experiencias-de-formacion-y-produccion-del-inces\/","og_site_name":"DEV RNV","article_publisher":"https:\/\/www.facebook.com\/RadioNacionaldeVenezuela","article_published_time":"2016-04-25T16:01:29+00:00","author":"Dennis Contreras","twitter_card":"summary_large_image","twitter_creator":"@RNVinformativa","twitter_site":"@RNVinformativa","twitter_misc":{"Escrito por":"Dennis Contreras","Tiempo estimado de lectura":"1 minuto"},"schema":{"@context":"https:\/\/schema.org","@graph":[{"@type":"Article","@id":"https:\/\/stage3.rnv.gob.ve\/wp\/conozca-las-nuevas-experiencias-de-formacion-y-produccion-del-inces\/#article","isPartOf":{"@id":"https:\/\/stage3.rnv.gob.ve\/wp\/conozca-las-nuevas-experiencias-de-formacion-y-produccion-del-inces\/"},"author":{"name":"Dennis Contreras","@id":"https:\/\/stage3.rnv.gob.ve\/wp\/#\/schema\/person\/991592202fc6b714a00cdb0d400e4440"},"headline":"Conozca las nuevas experiencias de formaci\u00f3n y producci\u00f3n del Inces","datePublished":"2016-04-25T16:01:29+00:00","mainEntityOfPage":{"@id":"https:\/\/stage3.rnv.gob.ve\/wp\/conozca-las-nuevas-experiencias-de-formacion-y-produccion-del-inces\/"},"wordCount":259,"publisher":{"@id":"https:\/\/stage3.rnv.gob.ve\/wp\/#organization"},"image":{"@id":"https:\/\/stage3.rnv.gob.ve\/wp\/conozca-las-nuevas-experiencias-de-formacion-y-produccion-del-inces\/#primaryimage"},"thumbnailUrl":"","keywords":["cursos","formacion","inces"],"articleSection":["Econom\u00eda"],"inLanguage":"es"},{"@type":"WebPage","@id":"https:\/\/stage3.rnv.gob.ve\/wp\/conozca-las-nuevas-experiencias-de-formacion-y-produccion-del-inces\/","url":"https:\/\/stage3.rnv.gob.ve\/wp\/conozca-las-nuevas-experiencias-de-formacion-y-produccion-del-inces\/","name":"Conozca las nuevas experiencias de formaci\u00f3n y producci\u00f3n del Inces - DEV RNV","isPartOf":{"@id":"https:\/\/stage3.rnv.gob.ve\/wp\/#website"},"primaryImageOfPage":{"@id":"https:\/\/stage3.rnv.gob.ve\/wp\/conozca-las-nuevas-experiencias-de-formacion-y-produccion-del-inces\/#primaryimage"},"image":{"@id":"https:\/\/stage3.rnv.gob.ve\/wp\/conozca-las-nuevas-experiencias-de-formacion-y-produccion-del-inces\/#primaryimage"},"thumbnailUrl":"","datePublished":"2016-04-25T16:01:29+00:00","breadcrumb":{"@id":"https:\/\/stage3.rnv.gob.ve\/wp\/conozca-las-nuevas-experiencias-de-formacion-y-produccion-del-inces\/#breadcrumb"},"inLanguage":"es","potentialAction":[{"@type":"ReadAction","target":["https:\/\/stage3.rnv.gob.ve\/wp\/conozca-las-nuevas-experiencias-de-formacion-y-produccion-del-inces\/"]}]},{"@type":"ImageObject","inLanguage":"es","@id":"https:\/\/stage3.rnv.gob.ve\/wp\/conozca-las-nuevas-experiencias-de-formacion-y-produccion-del-inces\/#primaryimage","url":"","contentUrl":""},{"@type":"BreadcrumbList","@id":"https:\/\/stage3.rnv.gob.ve\/wp\/conozca-las-nuevas-experiencias-de-formacion-y-produccion-del-inces\/#breadcrumb","itemListElement":[{"@type":"ListItem","position":1,"name":"Portada","item":"https:\/\/stage3.rnv.gob.ve\/wp\/"},{"@type":"ListItem","position":2,"name":"Conozca Las Nuevas Experiencias De Formaci\u00f3n Y Producci\u00f3n Del Inces"}]},{"@type":"WebSite","@id":"https:\/\/stage3.rnv.gob.ve\/wp\/#website","url":"https:\/\/stage3.rnv.gob.ve\/wp\/","name":"DEV RNV","description":"Radio Nacional de Venezuela C.A.","publisher":{"@id":"https:\/\/stage3.rnv.gob.ve\/wp\/#organization"},"potentialAction":[{"@type":"SearchAction","target":{"@type":"EntryPoint","urlTemplate":"https:\/\/stage3.rnv.gob.ve\/wp\/?s={search_term_string}"},"query-input":{"@type":"PropertyValueSpecification","valueRequired":true,"valueName":"search_term_string"}}],"inLanguage":"es"},{"@type":"Organization","@id":"https:\/\/stage3.rnv.gob.ve\/wp\/#organization","name":"Radio Nacional de Venezuela C.A.","url":"https:\/\/stage3.rnv.gob.ve\/wp\/","logo":{"@type":"ImageObject","inLanguage":"es","@id":"https:\/\/stage3.rnv.gob.ve\/wp\/#\/schema\/logo\/image\/","url":"http:\/\/rnv.ddns.net\/prensa\/wp-content\/uploads\/2022\/04\/rnv-1-300x227-1.jpg","contentUrl":"http:\/\/rnv.ddns.net\/prensa\/wp-content\/uploads\/2022\/04\/rnv-1-300x227-1.jpg","width":800,"height":455,"caption":"Radio Nacional de Venezuela C.A."},"image":{"@id":"https:\/\/stage3.rnv.gob.ve\/wp\/#\/schema\/logo\/image\/"},"sameAs":["https:\/\/www.facebook.com\/RadioNacionaldeVenezuela","https:\/\/x.com\/RNVinformativa","https:\/\/www.instagram.com\/rnvinformativa\/","https:\/\/www.youtube.com\/user\/RNVContigo"]},{"@type":"Person","@id":"https:\/\/stage3.rnv.gob.ve\/wp\/#\/schema\/person\/991592202fc6b714a00cdb0d400e4440","name":"Dennis Contreras","url":"https:\/\/stage3.rnv.gob.ve\/wp\/author\/dennis_contreras\/"}]}},"jetpack_featured_media_url":"","_links":{"self":[{"href":"https:\/\/stage3.rnv.gob.ve\/wp\/wp-json\/wp\/v2\/posts\/21108","targetHints":{"allow":["GET"]}}],"collection":[{"href":"https:\/\/stage3.rnv.gob.ve\/wp\/wp-json\/wp\/v2\/posts"}],"about":[{"href":"https:\/\/stage3.rnv.gob.ve\/wp\/wp-json\/wp\/v2\/types\/post"}],"author":[{"embeddable":true,"href":"https:\/\/stage3.rnv.gob.ve\/wp\/wp-json\/wp\/v2\/users\/5"}],"replies":[{"embeddable":true,"href":"https:\/\/stage3.rnv.gob.ve\/wp\/wp-json\/wp\/v2\/comments?post=21108"}],"version-history":[{"count":0,"href":"https:\/\/stage3.rnv.gob.ve\/wp\/wp-json\/wp\/v2\/posts\/21108\/revisions"}],"wp:featuredmedia":[{"embeddable":true,"href":"https:\/\/stage3.rnv.gob.ve\/wp\/wp-json\/"}],"wp:attachment":[{"href":"https:\/\/stage3.rnv.gob.ve\/wp\/wp-json\/wp\/v2\/media?parent=21108"}],"wp:term":[{"taxonomy":"category","embeddable":true,"href":"https:\/\/stage3.rnv.gob.ve\/wp\/wp-json\/wp\/v2\/categories?post=21108"},{"taxonomy":"post_tag","embeddable":true,"href":"https:\/\/stage3.rnv.gob.ve\/wp\/wp-json\/wp\/v2\/tags?post=21108"}],"curies":[{"name":"wp","href":"https:\/\/api.w.org\/{rel}","templated":true}]}}