{"id":210962,"date":"2018-03-17T16:45:24","date_gmt":"2018-03-17T21:15:24","guid":{"rendered":"https:\/\/stage3.rnv.gob.ve\/wp\/?p=210962"},"modified":"2018-03-17T16:45:24","modified_gmt":"2018-03-17T21:15:24","slug":"gran-feria-del-campo-soberano-se-realizo-en-la-paz","status":"publish","type":"post","link":"https:\/\/stage3.rnv.gob.ve\/wp\/gran-feria-del-campo-soberano-se-realizo-en-la-paz\/","title":{"rendered":"Gran Feria del Campo Soberano se realiz\u00f3 en La Paz"},"content":{"rendered":"\n<p>Este s\u00e1bado se distribuyeron 19 toneladas de alimentos a trav\u00e9s de la Feria del Campo Soberano en el Urbanismo de la Gran Misi\u00f3n Vivienda Venezuela \u201cOPPPE 17\u201d, ubicado en el sector La Paz de la parroquia El Para\u00edso, beneficiando a m\u00e1s de mil 700 familias.<\/p>\n<p>Los habitantes del mencionado conjunto habitacional pudieron adquirir prote\u00ednas, hortalizas, legumbres y pescado que fueron expendidos\u00a0 a precios justos a trav\u00e9s de la Fundaci\u00f3n para el Desarrollo End\u00f3geno Comunal Agroalimentario, adscrito al Gobierno del Distrito Capital (GDC) para revertir los embates de la guerra econ\u00f3mica.<\/p>\n<p>La actividad cont\u00f3 con la presencia de la Jefa de Gobierno del GDC, Carolina Cestari, quien inform\u00f3 que en el d\u00eda de hoy se activaron 32 puntos en nueve parroquias para un total de 143 toneladas de alimentos distribuidos a 100 mil personas\u00a0 y m\u00e1s de 22 mil familias del Distrito Capital.<\/p>\n<p>Destac\u00f3 que en las \u00faltimas semanas la Feria del Campo Soberano ha permitido la adquisici\u00f3n de estos rubros a 250 mil personas agrupadas en 60 mil familias gracias a la organizaci\u00f3n del poder popular y el apoyo que brinda el Presidente de la Rep\u00fablica, Nicol\u00e1s Maduro, al pueblo venezolano.<\/p>\n<p><strong>Poder Popular organizado<\/strong><\/p>\n<p>William Brito, habitante del sector indic\u00f3 que con esta jornada se revierten los da\u00f1os que ha causado la guerra econ\u00f3mica al bolsillo de los venezolanos con los precios especulativos y permiten que lleguen directamente del productor al consumidor.<\/p>\n<p>Por su parte, Manuel Zambrano, resalt\u00f3 que los precios son solidarios y los productos de buenas calidad. \u201cGracias a nuestro Presidente Maduro podemos adquirir estos alimentos que permiten alimentar a nuestras familias\u201d.<\/p>\n<p><strong>T\/Prensa Capital<\/strong><\/p>\n","protected":false},"excerpt":{"rendered":"<p>Este s\u00e1bado se distribuyeron 19 toneladas de alimentos a trav\u00e9s de la Feria del Campo Soberano en el Urbanismo de la Gran Misi\u00f3n Vivienda Venezuela \u201cOPPPE 17\u201d, ubicado en el sector La Paz de la parroquia El Para\u00edso, beneficiando a m\u00e1s de mil 700 familias. Los habitantes del mencionado conjunto habitacional pudieron adquirir prote\u00ednas, hortalizas, [&hellip;]<\/p>\n","protected":false},"author":1,"featured_media":210965,"comment_status":"closed","ping_status":"open","sticky":false,"template":"","format":"standard","meta":{"_acf_changed":false,"footnotes":""},"categories":[52],"tags":[88,17817],"class_list":["post-210962","post","type-post","status-publish","format-standard","has-post-thumbnail","hentry","category-ciudad","tag-caracas","tag-feria-del-campo-soberano"],"acf":[],"yoast_head":"<!-- This site is optimized with the Yoast SEO plugin v27.4 - https:\/\/yoast.com\/product\/yoast-seo-wordpress\/ -->\n<title>Gran Feria del Campo Soberano se realiz\u00f3 en La Paz - DEV RNV<\/title>\n<meta name=\"robots\" content=\"noindex, follow, max-snippet:-1, max-image-preview:large, max-video-preview:-1\" \/>\n<meta property=\"og:locale\" content=\"es_ES\" \/>\n<meta property=\"og:type\" content=\"article\" \/>\n<meta property=\"og:title\" content=\"Gran Feria del Campo Soberano se realiz\u00f3 en La Paz - DEV RNV\" \/>\n<meta property=\"og:description\" content=\"Este s\u00e1bado se distribuyeron 19 toneladas de alimentos a trav\u00e9s de la Feria del Campo Soberano en el Urbanismo de la Gran Misi\u00f3n Vivienda Venezuela \u201cOPPPE 17\u201d, ubicado en el sector La Paz de la parroquia El Para\u00edso, beneficiando a m\u00e1s de mil 700 familias. Los habitantes del mencionado conjunto habitacional pudieron adquirir prote\u00ednas, hortalizas, [&hellip;]\" \/>\n<meta property=\"og:url\" content=\"https:\/\/stage3.rnv.gob.ve\/wp\/gran-feria-del-campo-soberano-se-realizo-en-la-paz\/\" \/>\n<meta property=\"og:site_name\" content=\"DEV RNV\" \/>\n<meta property=\"article:publisher\" content=\"https:\/\/www.facebook.com\/RadioNacionaldeVenezuela\" \/>\n<meta property=\"article:published_time\" content=\"2018-03-17T21:15:24+00:00\" \/>\n<meta name=\"author\" content=\"administrador\" \/>\n<meta name=\"twitter:card\" content=\"summary_large_image\" \/>\n<meta name=\"twitter:creator\" content=\"@RNVinformativa\" \/>\n<meta name=\"twitter:site\" content=\"@RNVinformativa\" \/>\n<meta name=\"twitter:label1\" content=\"Escrito por\" \/>\n\t<meta name=\"twitter:data1\" content=\"administrador\" \/>\n\t<meta name=\"twitter:label2\" content=\"Tiempo estimado de lectura\" \/>\n\t<meta name=\"twitter:data2\" content=\"1 minuto\" \/>\n<script type=\"application\/ld+json\" class=\"yoast-schema-graph\">{\"@context\":\"https:\\\/\\\/schema.org\",\"@graph\":[{\"@type\":\"Article\",\"@id\":\"https:\\\/\\\/stage3.rnv.gob.ve\\\/wp\\\/gran-feria-del-campo-soberano-se-realizo-en-la-paz\\\/#article\",\"isPartOf\":{\"@id\":\"https:\\\/\\\/stage3.rnv.gob.ve\\\/wp\\\/gran-feria-del-campo-soberano-se-realizo-en-la-paz\\\/\"},\"author\":{\"name\":\"administrador\",\"@id\":\"https:\\\/\\\/stage3.rnv.gob.ve\\\/wp\\\/#\\\/schema\\\/person\\\/0862ce8cde332e0bc63b8a243f0eea2c\"},\"headline\":\"Gran Feria del Campo Soberano se realiz\u00f3 en La Paz\",\"datePublished\":\"2018-03-17T21:15:24+00:00\",\"mainEntityOfPage\":{\"@id\":\"https:\\\/\\\/stage3.rnv.gob.ve\\\/wp\\\/gran-feria-del-campo-soberano-se-realizo-en-la-paz\\\/\"},\"wordCount\":290,\"publisher\":{\"@id\":\"https:\\\/\\\/stage3.rnv.gob.ve\\\/wp\\\/#organization\"},\"image\":{\"@id\":\"https:\\\/\\\/stage3.rnv.gob.ve\\\/wp\\\/gran-feria-del-campo-soberano-se-realizo-en-la-paz\\\/#primaryimage\"},\"thumbnailUrl\":\"\",\"keywords\":[\"caracas\",\"feria del campo soberano\"],\"articleSection\":[\"Ciudad\"],\"inLanguage\":\"es\"},{\"@type\":\"WebPage\",\"@id\":\"https:\\\/\\\/stage3.rnv.gob.ve\\\/wp\\\/gran-feria-del-campo-soberano-se-realizo-en-la-paz\\\/\",\"url\":\"https:\\\/\\\/stage3.rnv.gob.ve\\\/wp\\\/gran-feria-del-campo-soberano-se-realizo-en-la-paz\\\/\",\"name\":\"Gran Feria del Campo Soberano se realiz\u00f3 en La Paz - DEV RNV\",\"isPartOf\":{\"@id\":\"https:\\\/\\\/stage3.rnv.gob.ve\\\/wp\\\/#website\"},\"primaryImageOfPage\":{\"@id\":\"https:\\\/\\\/stage3.rnv.gob.ve\\\/wp\\\/gran-feria-del-campo-soberano-se-realizo-en-la-paz\\\/#primaryimage\"},\"image\":{\"@id\":\"https:\\\/\\\/stage3.rnv.gob.ve\\\/wp\\\/gran-feria-del-campo-soberano-se-realizo-en-la-paz\\\/#primaryimage\"},\"thumbnailUrl\":\"\",\"datePublished\":\"2018-03-17T21:15:24+00:00\",\"breadcrumb\":{\"@id\":\"https:\\\/\\\/stage3.rnv.gob.ve\\\/wp\\\/gran-feria-del-campo-soberano-se-realizo-en-la-paz\\\/#breadcrumb\"},\"inLanguage\":\"es\",\"potentialAction\":[{\"@type\":\"ReadAction\",\"target\":[\"https:\\\/\\\/stage3.rnv.gob.ve\\\/wp\\\/gran-feria-del-campo-soberano-se-realizo-en-la-paz\\\/\"]}]},{\"@type\":\"ImageObject\",\"inLanguage\":\"es\",\"@id\":\"https:\\\/\\\/stage3.rnv.gob.ve\\\/wp\\\/gran-feria-del-campo-soberano-se-realizo-en-la-paz\\\/#primaryimage\",\"url\":\"\",\"contentUrl\":\"\"},{\"@type\":\"BreadcrumbList\",\"@id\":\"https:\\\/\\\/stage3.rnv.gob.ve\\\/wp\\\/gran-feria-del-campo-soberano-se-realizo-en-la-paz\\\/#breadcrumb\",\"itemListElement\":[{\"@type\":\"ListItem\",\"position\":1,\"name\":\"Portada\",\"item\":\"https:\\\/\\\/stage3.rnv.gob.ve\\\/wp\\\/\"},{\"@type\":\"ListItem\",\"position\":2,\"name\":\"Gran Feria Del Campo Soberano Se Realiz\u00f3 En La Paz\"}]},{\"@type\":\"WebSite\",\"@id\":\"https:\\\/\\\/stage3.rnv.gob.ve\\\/wp\\\/#website\",\"url\":\"https:\\\/\\\/stage3.rnv.gob.ve\\\/wp\\\/\",\"name\":\"DEV RNV\",\"description\":\"Radio Nacional de Venezuela C.A.\",\"publisher\":{\"@id\":\"https:\\\/\\\/stage3.rnv.gob.ve\\\/wp\\\/#organization\"},\"potentialAction\":[{\"@type\":\"SearchAction\",\"target\":{\"@type\":\"EntryPoint\",\"urlTemplate\":\"https:\\\/\\\/stage3.rnv.gob.ve\\\/wp\\\/?s={search_term_string}\"},\"query-input\":{\"@type\":\"PropertyValueSpecification\",\"valueRequired\":true,\"valueName\":\"search_term_string\"}}],\"inLanguage\":\"es\"},{\"@type\":\"Organization\",\"@id\":\"https:\\\/\\\/stage3.rnv.gob.ve\\\/wp\\\/#organization\",\"name\":\"Radio Nacional de Venezuela C.A.\",\"url\":\"https:\\\/\\\/stage3.rnv.gob.ve\\\/wp\\\/\",\"logo\":{\"@type\":\"ImageObject\",\"inLanguage\":\"es\",\"@id\":\"https:\\\/\\\/stage3.rnv.gob.ve\\\/wp\\\/#\\\/schema\\\/logo\\\/image\\\/\",\"url\":\"http:\\\/\\\/rnv.ddns.net\\\/prensa\\\/wp-content\\\/uploads\\\/2022\\\/04\\\/rnv-1-300x227-1.jpg\",\"contentUrl\":\"http:\\\/\\\/rnv.ddns.net\\\/prensa\\\/wp-content\\\/uploads\\\/2022\\\/04\\\/rnv-1-300x227-1.jpg\",\"width\":800,\"height\":455,\"caption\":\"Radio Nacional de Venezuela C.A.\"},\"image\":{\"@id\":\"https:\\\/\\\/stage3.rnv.gob.ve\\\/wp\\\/#\\\/schema\\\/logo\\\/image\\\/\"},\"sameAs\":[\"https:\\\/\\\/www.facebook.com\\\/RadioNacionaldeVenezuela\",\"https:\\\/\\\/x.com\\\/RNVinformativa\",\"https:\\\/\\\/www.instagram.com\\\/rnvinformativa\\\/\",\"https:\\\/\\\/www.youtube.com\\\/user\\\/RNVContigo\"]},{\"@type\":\"Person\",\"@id\":\"https:\\\/\\\/stage3.rnv.gob.ve\\\/wp\\\/#\\\/schema\\\/person\\\/0862ce8cde332e0bc63b8a243f0eea2c\",\"name\":\"administrador\",\"sameAs\":[\"http:\\\/\\\/arnoldoeloy.net\"],\"url\":\"https:\\\/\\\/stage3.rnv.gob.ve\\\/wp\\\/author\\\/administrador\\\/\"}]}<\/script>\n<!-- \/ Yoast SEO plugin. -->","yoast_head_json":{"title":"Gran Feria del Campo Soberano se realiz\u00f3 en La Paz - DEV RNV","robots":{"index":"noindex","follow":"follow","max-snippet":"max-snippet:-1","max-image-preview":"max-image-preview:large","max-video-preview":"max-video-preview:-1"},"og_locale":"es_ES","og_type":"article","og_title":"Gran Feria del Campo Soberano se realiz\u00f3 en La Paz - DEV RNV","og_description":"Este s\u00e1bado se distribuyeron 19 toneladas de alimentos a trav\u00e9s de la Feria del Campo Soberano en el Urbanismo de la Gran Misi\u00f3n Vivienda Venezuela \u201cOPPPE 17\u201d, ubicado en el sector La Paz de la parroquia El Para\u00edso, beneficiando a m\u00e1s de mil 700 familias. Los habitantes del mencionado conjunto habitacional pudieron adquirir prote\u00ednas, hortalizas, [&hellip;]","og_url":"https:\/\/stage3.rnv.gob.ve\/wp\/gran-feria-del-campo-soberano-se-realizo-en-la-paz\/","og_site_name":"DEV RNV","article_publisher":"https:\/\/www.facebook.com\/RadioNacionaldeVenezuela","article_published_time":"2018-03-17T21:15:24+00:00","author":"administrador","twitter_card":"summary_large_image","twitter_creator":"@RNVinformativa","twitter_site":"@RNVinformativa","twitter_misc":{"Escrito por":"administrador","Tiempo estimado de lectura":"1 minuto"},"schema":{"@context":"https:\/\/schema.org","@graph":[{"@type":"Article","@id":"https:\/\/stage3.rnv.gob.ve\/wp\/gran-feria-del-campo-soberano-se-realizo-en-la-paz\/#article","isPartOf":{"@id":"https:\/\/stage3.rnv.gob.ve\/wp\/gran-feria-del-campo-soberano-se-realizo-en-la-paz\/"},"author":{"name":"administrador","@id":"https:\/\/stage3.rnv.gob.ve\/wp\/#\/schema\/person\/0862ce8cde332e0bc63b8a243f0eea2c"},"headline":"Gran Feria del Campo Soberano se realiz\u00f3 en La Paz","datePublished":"2018-03-17T21:15:24+00:00","mainEntityOfPage":{"@id":"https:\/\/stage3.rnv.gob.ve\/wp\/gran-feria-del-campo-soberano-se-realizo-en-la-paz\/"},"wordCount":290,"publisher":{"@id":"https:\/\/stage3.rnv.gob.ve\/wp\/#organization"},"image":{"@id":"https:\/\/stage3.rnv.gob.ve\/wp\/gran-feria-del-campo-soberano-se-realizo-en-la-paz\/#primaryimage"},"thumbnailUrl":"","keywords":["caracas","feria del campo soberano"],"articleSection":["Ciudad"],"inLanguage":"es"},{"@type":"WebPage","@id":"https:\/\/stage3.rnv.gob.ve\/wp\/gran-feria-del-campo-soberano-se-realizo-en-la-paz\/","url":"https:\/\/stage3.rnv.gob.ve\/wp\/gran-feria-del-campo-soberano-se-realizo-en-la-paz\/","name":"Gran Feria del Campo Soberano se realiz\u00f3 en La Paz - DEV RNV","isPartOf":{"@id":"https:\/\/stage3.rnv.gob.ve\/wp\/#website"},"primaryImageOfPage":{"@id":"https:\/\/stage3.rnv.gob.ve\/wp\/gran-feria-del-campo-soberano-se-realizo-en-la-paz\/#primaryimage"},"image":{"@id":"https:\/\/stage3.rnv.gob.ve\/wp\/gran-feria-del-campo-soberano-se-realizo-en-la-paz\/#primaryimage"},"thumbnailUrl":"","datePublished":"2018-03-17T21:15:24+00:00","breadcrumb":{"@id":"https:\/\/stage3.rnv.gob.ve\/wp\/gran-feria-del-campo-soberano-se-realizo-en-la-paz\/#breadcrumb"},"inLanguage":"es","potentialAction":[{"@type":"ReadAction","target":["https:\/\/stage3.rnv.gob.ve\/wp\/gran-feria-del-campo-soberano-se-realizo-en-la-paz\/"]}]},{"@type":"ImageObject","inLanguage":"es","@id":"https:\/\/stage3.rnv.gob.ve\/wp\/gran-feria-del-campo-soberano-se-realizo-en-la-paz\/#primaryimage","url":"","contentUrl":""},{"@type":"BreadcrumbList","@id":"https:\/\/stage3.rnv.gob.ve\/wp\/gran-feria-del-campo-soberano-se-realizo-en-la-paz\/#breadcrumb","itemListElement":[{"@type":"ListItem","position":1,"name":"Portada","item":"https:\/\/stage3.rnv.gob.ve\/wp\/"},{"@type":"ListItem","position":2,"name":"Gran Feria Del Campo Soberano Se Realiz\u00f3 En La Paz"}]},{"@type":"WebSite","@id":"https:\/\/stage3.rnv.gob.ve\/wp\/#website","url":"https:\/\/stage3.rnv.gob.ve\/wp\/","name":"DEV RNV","description":"Radio Nacional de Venezuela C.A.","publisher":{"@id":"https:\/\/stage3.rnv.gob.ve\/wp\/#organization"},"potentialAction":[{"@type":"SearchAction","target":{"@type":"EntryPoint","urlTemplate":"https:\/\/stage3.rnv.gob.ve\/wp\/?s={search_term_string}"},"query-input":{"@type":"PropertyValueSpecification","valueRequired":true,"valueName":"search_term_string"}}],"inLanguage":"es"},{"@type":"Organization","@id":"https:\/\/stage3.rnv.gob.ve\/wp\/#organization","name":"Radio Nacional de Venezuela C.A.","url":"https:\/\/stage3.rnv.gob.ve\/wp\/","logo":{"@type":"ImageObject","inLanguage":"es","@id":"https:\/\/stage3.rnv.gob.ve\/wp\/#\/schema\/logo\/image\/","url":"http:\/\/rnv.ddns.net\/prensa\/wp-content\/uploads\/2022\/04\/rnv-1-300x227-1.jpg","contentUrl":"http:\/\/rnv.ddns.net\/prensa\/wp-content\/uploads\/2022\/04\/rnv-1-300x227-1.jpg","width":800,"height":455,"caption":"Radio Nacional de Venezuela C.A."},"image":{"@id":"https:\/\/stage3.rnv.gob.ve\/wp\/#\/schema\/logo\/image\/"},"sameAs":["https:\/\/www.facebook.com\/RadioNacionaldeVenezuela","https:\/\/x.com\/RNVinformativa","https:\/\/www.instagram.com\/rnvinformativa\/","https:\/\/www.youtube.com\/user\/RNVContigo"]},{"@type":"Person","@id":"https:\/\/stage3.rnv.gob.ve\/wp\/#\/schema\/person\/0862ce8cde332e0bc63b8a243f0eea2c","name":"administrador","sameAs":["http:\/\/arnoldoeloy.net"],"url":"https:\/\/stage3.rnv.gob.ve\/wp\/author\/administrador\/"}]}},"jetpack_featured_media_url":"","_links":{"self":[{"href":"https:\/\/stage3.rnv.gob.ve\/wp\/wp-json\/wp\/v2\/posts\/210962","targetHints":{"allow":["GET"]}}],"collection":[{"href":"https:\/\/stage3.rnv.gob.ve\/wp\/wp-json\/wp\/v2\/posts"}],"about":[{"href":"https:\/\/stage3.rnv.gob.ve\/wp\/wp-json\/wp\/v2\/types\/post"}],"author":[{"embeddable":true,"href":"https:\/\/stage3.rnv.gob.ve\/wp\/wp-json\/wp\/v2\/users\/1"}],"replies":[{"embeddable":true,"href":"https:\/\/stage3.rnv.gob.ve\/wp\/wp-json\/wp\/v2\/comments?post=210962"}],"version-history":[{"count":0,"href":"https:\/\/stage3.rnv.gob.ve\/wp\/wp-json\/wp\/v2\/posts\/210962\/revisions"}],"wp:featuredmedia":[{"embeddable":true,"href":"https:\/\/stage3.rnv.gob.ve\/wp\/wp-json\/"}],"wp:attachment":[{"href":"https:\/\/stage3.rnv.gob.ve\/wp\/wp-json\/wp\/v2\/media?parent=210962"}],"wp:term":[{"taxonomy":"category","embeddable":true,"href":"https:\/\/stage3.rnv.gob.ve\/wp\/wp-json\/wp\/v2\/categories?post=210962"},{"taxonomy":"post_tag","embeddable":true,"href":"https:\/\/stage3.rnv.gob.ve\/wp\/wp-json\/wp\/v2\/tags?post=210962"}],"curies":[{"name":"wp","href":"https:\/\/api.w.org\/{rel}","templated":true}]}}