{"id":207230,"date":"2018-02-27T07:16:12","date_gmt":"2018-02-27T11:46:12","guid":{"rendered":"https:\/\/stage3.rnv.gob.ve\/wp\/?p=207230"},"modified":"2018-02-27T07:16:12","modified_gmt":"2018-02-27T11:46:12","slug":"corrientes-revolucionarias-de-bolivar-apoyan-reeleccion-de-nicolas-maduro","status":"publish","type":"post","link":"https:\/\/stage3.rnv.gob.ve\/wp\/corrientes-revolucionarias-de-bolivar-apoyan-reeleccion-de-nicolas-maduro\/","title":{"rendered":"Corrientes revolucionarias de Bol\u00edvar apoyan reelecci\u00f3n de Nicol\u00e1s Maduro"},"content":{"rendered":"<figure id=\"attachment_207232\" aria-describedby=\"caption-attachment-207232\" style=\"width: 300px\" class=\"wp-caption alignleft\"><img fetchpriority=\"high\" decoding=\"async\" class=\"size-medium wp-image-207232\" src=\"https:\/\/stage3.rnv.gob.ve\/wp\/wp-content\/uploads\/2018\/02\/ES-0597-300x225.jpg\" alt=\"\" width=\"300\" height=\"225\" \/><figcaption id=\"caption-attachment-207232\" class=\"wp-caption-text\">Hisilicon K3<\/figcaption><\/figure>\n<p>La Corriente Revolucionaria Bol\u00edvar y Zamora (CRBZ) se pronunci\u00f3 en el\u00a0Alto Apure para ratificar su respaldo a la candidatura a la\u00a0reelecci\u00f3n del presidente de la Rep\u00fablica, Nicol\u00e1s Maduro, para continuar\u00a0el trabajo social que ha desarrollado en su gesti\u00f3n de gobierno.<\/p>\n<p>As\u00ed lo inform\u00f3 el vocero de la CRBZ, Nelson Guerrero, quien resalt\u00f3 que con la reelecci\u00f3n del mandatario nacional fortalecer\u00e1 el destino social del pa\u00eds y asegurar\u00e1 la suprema felicidad del pueblo.<\/p>\n<p>El pueblo del Alto Apure conf\u00eda en las pol\u00edticas sociales que ha\u00a0implementado el Gobierno Nacional para\u00a0garantizar el bienestar, la prosperidad y la paz a todos los\u00a0venezolanos.<\/p>\n<div class=\"m_-4647893605742876542HOEnZb\">\u00a0<strong>Escuche el reporte del corresponsal Euclides Sandia:<\/strong><\/div>\n<div>\n<audio class=\"wp-audio-shortcode\" id=\"audio-207230-1\" preload=\"none\" style=\"width: 100%;\" controls=\"controls\"><source type=\"audio\/mpeg\" src=\"https:\/\/stage3.rnv.gob.ve\/wp\/wp-content\/uploads\/2018\/02\/RNV-270218-02-Apoyo-al-presidente-Maduro-CRBZ.mp3?_=1\" \/><a href=\"https:\/\/stage3.rnv.gob.ve\/wp\/wp-content\/uploads\/2018\/02\/RNV-270218-02-Apoyo-al-presidente-Maduro-CRBZ.mp3\">https:\/\/stage3.rnv.gob.ve\/wp\/wp-content\/uploads\/2018\/02\/RNV-270218-02-Apoyo-al-presidente-Maduro-CRBZ.mp3<\/a><\/audio>\n<\/div>\n<div><\/div>\n<div><strong>T\/RNV Corresponsal\u00eda\/Apure<\/strong><\/div>\n","protected":false},"excerpt":{"rendered":"<p>La Corriente Revolucionaria Bol\u00edvar y Zamora (CRBZ) se pronunci\u00f3 en el\u00a0Alto Apure para ratificar su respaldo a la candidatura a la\u00a0reelecci\u00f3n del presidente de la Rep\u00fablica, Nicol\u00e1s Maduro, para continuar\u00a0el trabajo social que ha desarrollado en su gesti\u00f3n de gobierno. As\u00ed lo inform\u00f3 el vocero de la CRBZ, Nelson Guerrero, quien resalt\u00f3 que con la [&hellip;]<\/p>\n","protected":false},"author":1,"featured_media":207232,"comment_status":"closed","ping_status":"open","sticky":false,"template":"","format":"standard","meta":{"_acf_changed":false,"footnotes":""},"categories":[69],"tags":[656,20030,1592,12322],"class_list":["post-207230","post","type-post","status-publish","format-standard","has-post-thumbnail","hentry","category-regional","tag-apure","tag-elecciones-presidenciales","tag-nicolas-maduro","tag-reeleccion"],"acf":[],"yoast_head":"<!-- This site is optimized with the Yoast SEO plugin v27.4 - https:\/\/yoast.com\/product\/yoast-seo-wordpress\/ -->\n<title>Corrientes revolucionarias de Bol\u00edvar apoyan reelecci\u00f3n de Nicol\u00e1s Maduro - DEV RNV<\/title>\n<meta name=\"robots\" content=\"noindex, follow, max-snippet:-1, max-image-preview:large, max-video-preview:-1\" \/>\n<meta property=\"og:locale\" content=\"es_ES\" \/>\n<meta property=\"og:type\" content=\"article\" \/>\n<meta property=\"og:title\" content=\"Corrientes revolucionarias de Bol\u00edvar apoyan reelecci\u00f3n de Nicol\u00e1s Maduro - DEV RNV\" \/>\n<meta property=\"og:description\" content=\"La Corriente Revolucionaria Bol\u00edvar y Zamora (CRBZ) se pronunci\u00f3 en el\u00a0Alto Apure para ratificar su respaldo a la candidatura a la\u00a0reelecci\u00f3n del presidente de la Rep\u00fablica, Nicol\u00e1s Maduro, para continuar\u00a0el trabajo social que ha desarrollado en su gesti\u00f3n de gobierno. As\u00ed lo inform\u00f3 el vocero de la CRBZ, Nelson Guerrero, quien resalt\u00f3 que con la [&hellip;]\" \/>\n<meta property=\"og:url\" content=\"https:\/\/stage3.rnv.gob.ve\/wp\/corrientes-revolucionarias-de-bolivar-apoyan-reeleccion-de-nicolas-maduro\/\" \/>\n<meta property=\"og:site_name\" content=\"DEV RNV\" \/>\n<meta property=\"article:publisher\" content=\"https:\/\/www.facebook.com\/RadioNacionaldeVenezuela\" \/>\n<meta property=\"article:published_time\" content=\"2018-02-27T11:46:12+00:00\" \/>\n<meta name=\"author\" content=\"administrador\" \/>\n<meta name=\"twitter:card\" content=\"summary_large_image\" \/>\n<meta name=\"twitter:creator\" content=\"@RNVinformativa\" \/>\n<meta name=\"twitter:site\" content=\"@RNVinformativa\" \/>\n<meta name=\"twitter:label1\" content=\"Escrito por\" \/>\n\t<meta name=\"twitter:data1\" content=\"administrador\" \/>\n\t<meta name=\"twitter:label2\" content=\"Tiempo estimado de lectura\" \/>\n\t<meta name=\"twitter:data2\" content=\"1 minuto\" \/>\n<script type=\"application\/ld+json\" class=\"yoast-schema-graph\">{\"@context\":\"https:\\\/\\\/schema.org\",\"@graph\":[{\"@type\":\"Article\",\"@id\":\"https:\\\/\\\/stage3.rnv.gob.ve\\\/wp\\\/corrientes-revolucionarias-de-bolivar-apoyan-reeleccion-de-nicolas-maduro\\\/#article\",\"isPartOf\":{\"@id\":\"https:\\\/\\\/stage3.rnv.gob.ve\\\/wp\\\/corrientes-revolucionarias-de-bolivar-apoyan-reeleccion-de-nicolas-maduro\\\/\"},\"author\":{\"name\":\"administrador\",\"@id\":\"https:\\\/\\\/stage3.rnv.gob.ve\\\/wp\\\/#\\\/schema\\\/person\\\/0862ce8cde332e0bc63b8a243f0eea2c\"},\"headline\":\"Corrientes revolucionarias de Bol\u00edvar apoyan reelecci\u00f3n de Nicol\u00e1s Maduro\",\"datePublished\":\"2018-02-27T11:46:12+00:00\",\"mainEntityOfPage\":{\"@id\":\"https:\\\/\\\/stage3.rnv.gob.ve\\\/wp\\\/corrientes-revolucionarias-de-bolivar-apoyan-reeleccion-de-nicolas-maduro\\\/\"},\"wordCount\":161,\"publisher\":{\"@id\":\"https:\\\/\\\/stage3.rnv.gob.ve\\\/wp\\\/#organization\"},\"image\":{\"@id\":\"https:\\\/\\\/stage3.rnv.gob.ve\\\/wp\\\/corrientes-revolucionarias-de-bolivar-apoyan-reeleccion-de-nicolas-maduro\\\/#primaryimage\"},\"thumbnailUrl\":\"\",\"keywords\":[\"apure\",\"elecciones presidenciales\",\"Nicol\u00e1s Maduro\",\"reelecci\u00f3n\"],\"articleSection\":[\"Regional\"],\"inLanguage\":\"es\"},{\"@type\":\"WebPage\",\"@id\":\"https:\\\/\\\/stage3.rnv.gob.ve\\\/wp\\\/corrientes-revolucionarias-de-bolivar-apoyan-reeleccion-de-nicolas-maduro\\\/\",\"url\":\"https:\\\/\\\/stage3.rnv.gob.ve\\\/wp\\\/corrientes-revolucionarias-de-bolivar-apoyan-reeleccion-de-nicolas-maduro\\\/\",\"name\":\"Corrientes revolucionarias de Bol\u00edvar apoyan reelecci\u00f3n de Nicol\u00e1s Maduro - DEV RNV\",\"isPartOf\":{\"@id\":\"https:\\\/\\\/stage3.rnv.gob.ve\\\/wp\\\/#website\"},\"primaryImageOfPage\":{\"@id\":\"https:\\\/\\\/stage3.rnv.gob.ve\\\/wp\\\/corrientes-revolucionarias-de-bolivar-apoyan-reeleccion-de-nicolas-maduro\\\/#primaryimage\"},\"image\":{\"@id\":\"https:\\\/\\\/stage3.rnv.gob.ve\\\/wp\\\/corrientes-revolucionarias-de-bolivar-apoyan-reeleccion-de-nicolas-maduro\\\/#primaryimage\"},\"thumbnailUrl\":\"\",\"datePublished\":\"2018-02-27T11:46:12+00:00\",\"breadcrumb\":{\"@id\":\"https:\\\/\\\/stage3.rnv.gob.ve\\\/wp\\\/corrientes-revolucionarias-de-bolivar-apoyan-reeleccion-de-nicolas-maduro\\\/#breadcrumb\"},\"inLanguage\":\"es\",\"potentialAction\":[{\"@type\":\"ReadAction\",\"target\":[\"https:\\\/\\\/stage3.rnv.gob.ve\\\/wp\\\/corrientes-revolucionarias-de-bolivar-apoyan-reeleccion-de-nicolas-maduro\\\/\"]}]},{\"@type\":\"ImageObject\",\"inLanguage\":\"es\",\"@id\":\"https:\\\/\\\/stage3.rnv.gob.ve\\\/wp\\\/corrientes-revolucionarias-de-bolivar-apoyan-reeleccion-de-nicolas-maduro\\\/#primaryimage\",\"url\":\"\",\"contentUrl\":\"\"},{\"@type\":\"BreadcrumbList\",\"@id\":\"https:\\\/\\\/stage3.rnv.gob.ve\\\/wp\\\/corrientes-revolucionarias-de-bolivar-apoyan-reeleccion-de-nicolas-maduro\\\/#breadcrumb\",\"itemListElement\":[{\"@type\":\"ListItem\",\"position\":1,\"name\":\"Portada\",\"item\":\"https:\\\/\\\/stage3.rnv.gob.ve\\\/wp\\\/\"},{\"@type\":\"ListItem\",\"position\":2,\"name\":\"Corrientes Revolucionarias De Bol\u00edvar Apoyan Reelecci\u00f3n De Nicol\u00e1s Maduro\"}]},{\"@type\":\"WebSite\",\"@id\":\"https:\\\/\\\/stage3.rnv.gob.ve\\\/wp\\\/#website\",\"url\":\"https:\\\/\\\/stage3.rnv.gob.ve\\\/wp\\\/\",\"name\":\"DEV RNV\",\"description\":\"Radio Nacional de Venezuela C.A.\",\"publisher\":{\"@id\":\"https:\\\/\\\/stage3.rnv.gob.ve\\\/wp\\\/#organization\"},\"potentialAction\":[{\"@type\":\"SearchAction\",\"target\":{\"@type\":\"EntryPoint\",\"urlTemplate\":\"https:\\\/\\\/stage3.rnv.gob.ve\\\/wp\\\/?s={search_term_string}\"},\"query-input\":{\"@type\":\"PropertyValueSpecification\",\"valueRequired\":true,\"valueName\":\"search_term_string\"}}],\"inLanguage\":\"es\"},{\"@type\":\"Organization\",\"@id\":\"https:\\\/\\\/stage3.rnv.gob.ve\\\/wp\\\/#organization\",\"name\":\"Radio Nacional de Venezuela C.A.\",\"url\":\"https:\\\/\\\/stage3.rnv.gob.ve\\\/wp\\\/\",\"logo\":{\"@type\":\"ImageObject\",\"inLanguage\":\"es\",\"@id\":\"https:\\\/\\\/stage3.rnv.gob.ve\\\/wp\\\/#\\\/schema\\\/logo\\\/image\\\/\",\"url\":\"http:\\\/\\\/rnv.ddns.net\\\/prensa\\\/wp-content\\\/uploads\\\/2022\\\/04\\\/rnv-1-300x227-1.jpg\",\"contentUrl\":\"http:\\\/\\\/rnv.ddns.net\\\/prensa\\\/wp-content\\\/uploads\\\/2022\\\/04\\\/rnv-1-300x227-1.jpg\",\"width\":800,\"height\":455,\"caption\":\"Radio Nacional de Venezuela C.A.\"},\"image\":{\"@id\":\"https:\\\/\\\/stage3.rnv.gob.ve\\\/wp\\\/#\\\/schema\\\/logo\\\/image\\\/\"},\"sameAs\":[\"https:\\\/\\\/www.facebook.com\\\/RadioNacionaldeVenezuela\",\"https:\\\/\\\/x.com\\\/RNVinformativa\",\"https:\\\/\\\/www.instagram.com\\\/rnvinformativa\\\/\",\"https:\\\/\\\/www.youtube.com\\\/user\\\/RNVContigo\"]},{\"@type\":\"Person\",\"@id\":\"https:\\\/\\\/stage3.rnv.gob.ve\\\/wp\\\/#\\\/schema\\\/person\\\/0862ce8cde332e0bc63b8a243f0eea2c\",\"name\":\"administrador\",\"sameAs\":[\"http:\\\/\\\/arnoldoeloy.net\"],\"url\":\"https:\\\/\\\/stage3.rnv.gob.ve\\\/wp\\\/author\\\/administrador\\\/\"}]}<\/script>\n<!-- \/ Yoast SEO plugin. -->","yoast_head_json":{"title":"Corrientes revolucionarias de Bol\u00edvar apoyan reelecci\u00f3n de Nicol\u00e1s Maduro - DEV RNV","robots":{"index":"noindex","follow":"follow","max-snippet":"max-snippet:-1","max-image-preview":"max-image-preview:large","max-video-preview":"max-video-preview:-1"},"og_locale":"es_ES","og_type":"article","og_title":"Corrientes revolucionarias de Bol\u00edvar apoyan reelecci\u00f3n de Nicol\u00e1s Maduro - DEV RNV","og_description":"La Corriente Revolucionaria Bol\u00edvar y Zamora (CRBZ) se pronunci\u00f3 en el\u00a0Alto Apure para ratificar su respaldo a la candidatura a la\u00a0reelecci\u00f3n del presidente de la Rep\u00fablica, Nicol\u00e1s Maduro, para continuar\u00a0el trabajo social que ha desarrollado en su gesti\u00f3n de gobierno. As\u00ed lo inform\u00f3 el vocero de la CRBZ, Nelson Guerrero, quien resalt\u00f3 que con la [&hellip;]","og_url":"https:\/\/stage3.rnv.gob.ve\/wp\/corrientes-revolucionarias-de-bolivar-apoyan-reeleccion-de-nicolas-maduro\/","og_site_name":"DEV RNV","article_publisher":"https:\/\/www.facebook.com\/RadioNacionaldeVenezuela","article_published_time":"2018-02-27T11:46:12+00:00","author":"administrador","twitter_card":"summary_large_image","twitter_creator":"@RNVinformativa","twitter_site":"@RNVinformativa","twitter_misc":{"Escrito por":"administrador","Tiempo estimado de lectura":"1 minuto"},"schema":{"@context":"https:\/\/schema.org","@graph":[{"@type":"Article","@id":"https:\/\/stage3.rnv.gob.ve\/wp\/corrientes-revolucionarias-de-bolivar-apoyan-reeleccion-de-nicolas-maduro\/#article","isPartOf":{"@id":"https:\/\/stage3.rnv.gob.ve\/wp\/corrientes-revolucionarias-de-bolivar-apoyan-reeleccion-de-nicolas-maduro\/"},"author":{"name":"administrador","@id":"https:\/\/stage3.rnv.gob.ve\/wp\/#\/schema\/person\/0862ce8cde332e0bc63b8a243f0eea2c"},"headline":"Corrientes revolucionarias de Bol\u00edvar apoyan reelecci\u00f3n de Nicol\u00e1s Maduro","datePublished":"2018-02-27T11:46:12+00:00","mainEntityOfPage":{"@id":"https:\/\/stage3.rnv.gob.ve\/wp\/corrientes-revolucionarias-de-bolivar-apoyan-reeleccion-de-nicolas-maduro\/"},"wordCount":161,"publisher":{"@id":"https:\/\/stage3.rnv.gob.ve\/wp\/#organization"},"image":{"@id":"https:\/\/stage3.rnv.gob.ve\/wp\/corrientes-revolucionarias-de-bolivar-apoyan-reeleccion-de-nicolas-maduro\/#primaryimage"},"thumbnailUrl":"","keywords":["apure","elecciones presidenciales","Nicol\u00e1s Maduro","reelecci\u00f3n"],"articleSection":["Regional"],"inLanguage":"es"},{"@type":"WebPage","@id":"https:\/\/stage3.rnv.gob.ve\/wp\/corrientes-revolucionarias-de-bolivar-apoyan-reeleccion-de-nicolas-maduro\/","url":"https:\/\/stage3.rnv.gob.ve\/wp\/corrientes-revolucionarias-de-bolivar-apoyan-reeleccion-de-nicolas-maduro\/","name":"Corrientes revolucionarias de Bol\u00edvar apoyan reelecci\u00f3n de Nicol\u00e1s Maduro - DEV RNV","isPartOf":{"@id":"https:\/\/stage3.rnv.gob.ve\/wp\/#website"},"primaryImageOfPage":{"@id":"https:\/\/stage3.rnv.gob.ve\/wp\/corrientes-revolucionarias-de-bolivar-apoyan-reeleccion-de-nicolas-maduro\/#primaryimage"},"image":{"@id":"https:\/\/stage3.rnv.gob.ve\/wp\/corrientes-revolucionarias-de-bolivar-apoyan-reeleccion-de-nicolas-maduro\/#primaryimage"},"thumbnailUrl":"","datePublished":"2018-02-27T11:46:12+00:00","breadcrumb":{"@id":"https:\/\/stage3.rnv.gob.ve\/wp\/corrientes-revolucionarias-de-bolivar-apoyan-reeleccion-de-nicolas-maduro\/#breadcrumb"},"inLanguage":"es","potentialAction":[{"@type":"ReadAction","target":["https:\/\/stage3.rnv.gob.ve\/wp\/corrientes-revolucionarias-de-bolivar-apoyan-reeleccion-de-nicolas-maduro\/"]}]},{"@type":"ImageObject","inLanguage":"es","@id":"https:\/\/stage3.rnv.gob.ve\/wp\/corrientes-revolucionarias-de-bolivar-apoyan-reeleccion-de-nicolas-maduro\/#primaryimage","url":"","contentUrl":""},{"@type":"BreadcrumbList","@id":"https:\/\/stage3.rnv.gob.ve\/wp\/corrientes-revolucionarias-de-bolivar-apoyan-reeleccion-de-nicolas-maduro\/#breadcrumb","itemListElement":[{"@type":"ListItem","position":1,"name":"Portada","item":"https:\/\/stage3.rnv.gob.ve\/wp\/"},{"@type":"ListItem","position":2,"name":"Corrientes Revolucionarias De Bol\u00edvar Apoyan Reelecci\u00f3n De Nicol\u00e1s Maduro"}]},{"@type":"WebSite","@id":"https:\/\/stage3.rnv.gob.ve\/wp\/#website","url":"https:\/\/stage3.rnv.gob.ve\/wp\/","name":"DEV RNV","description":"Radio Nacional de Venezuela C.A.","publisher":{"@id":"https:\/\/stage3.rnv.gob.ve\/wp\/#organization"},"potentialAction":[{"@type":"SearchAction","target":{"@type":"EntryPoint","urlTemplate":"https:\/\/stage3.rnv.gob.ve\/wp\/?s={search_term_string}"},"query-input":{"@type":"PropertyValueSpecification","valueRequired":true,"valueName":"search_term_string"}}],"inLanguage":"es"},{"@type":"Organization","@id":"https:\/\/stage3.rnv.gob.ve\/wp\/#organization","name":"Radio Nacional de Venezuela C.A.","url":"https:\/\/stage3.rnv.gob.ve\/wp\/","logo":{"@type":"ImageObject","inLanguage":"es","@id":"https:\/\/stage3.rnv.gob.ve\/wp\/#\/schema\/logo\/image\/","url":"http:\/\/rnv.ddns.net\/prensa\/wp-content\/uploads\/2022\/04\/rnv-1-300x227-1.jpg","contentUrl":"http:\/\/rnv.ddns.net\/prensa\/wp-content\/uploads\/2022\/04\/rnv-1-300x227-1.jpg","width":800,"height":455,"caption":"Radio Nacional de Venezuela C.A."},"image":{"@id":"https:\/\/stage3.rnv.gob.ve\/wp\/#\/schema\/logo\/image\/"},"sameAs":["https:\/\/www.facebook.com\/RadioNacionaldeVenezuela","https:\/\/x.com\/RNVinformativa","https:\/\/www.instagram.com\/rnvinformativa\/","https:\/\/www.youtube.com\/user\/RNVContigo"]},{"@type":"Person","@id":"https:\/\/stage3.rnv.gob.ve\/wp\/#\/schema\/person\/0862ce8cde332e0bc63b8a243f0eea2c","name":"administrador","sameAs":["http:\/\/arnoldoeloy.net"],"url":"https:\/\/stage3.rnv.gob.ve\/wp\/author\/administrador\/"}]}},"jetpack_featured_media_url":"","_links":{"self":[{"href":"https:\/\/stage3.rnv.gob.ve\/wp\/wp-json\/wp\/v2\/posts\/207230","targetHints":{"allow":["GET"]}}],"collection":[{"href":"https:\/\/stage3.rnv.gob.ve\/wp\/wp-json\/wp\/v2\/posts"}],"about":[{"href":"https:\/\/stage3.rnv.gob.ve\/wp\/wp-json\/wp\/v2\/types\/post"}],"author":[{"embeddable":true,"href":"https:\/\/stage3.rnv.gob.ve\/wp\/wp-json\/wp\/v2\/users\/1"}],"replies":[{"embeddable":true,"href":"https:\/\/stage3.rnv.gob.ve\/wp\/wp-json\/wp\/v2\/comments?post=207230"}],"version-history":[{"count":0,"href":"https:\/\/stage3.rnv.gob.ve\/wp\/wp-json\/wp\/v2\/posts\/207230\/revisions"}],"wp:featuredmedia":[{"embeddable":true,"href":"https:\/\/stage3.rnv.gob.ve\/wp\/wp-json\/"}],"wp:attachment":[{"href":"https:\/\/stage3.rnv.gob.ve\/wp\/wp-json\/wp\/v2\/media?parent=207230"}],"wp:term":[{"taxonomy":"category","embeddable":true,"href":"https:\/\/stage3.rnv.gob.ve\/wp\/wp-json\/wp\/v2\/categories?post=207230"},{"taxonomy":"post_tag","embeddable":true,"href":"https:\/\/stage3.rnv.gob.ve\/wp\/wp-json\/wp\/v2\/tags?post=207230"}],"curies":[{"name":"wp","href":"https:\/\/api.w.org\/{rel}","templated":true}]}}