{"id":207114,"date":"2018-02-26T21:03:01","date_gmt":"2018-02-27T01:33:01","guid":{"rendered":"https:\/\/stage3.rnv.gob.ve\/wp\/?p=207114"},"modified":"2018-02-26T21:03:01","modified_gmt":"2018-02-27T01:33:01","slug":"maduro-invita-al-pueblo-acompanar-inscripcion-de-su-candidatura-ante-el-cne","status":"publish","type":"post","link":"https:\/\/stage3.rnv.gob.ve\/wp\/maduro-invita-al-pueblo-acompanar-inscripcion-de-su-candidatura-ante-el-cne\/","title":{"rendered":"Maduro invita al pueblo acompa\u00f1ar inscripci\u00f3n de su candidatura ante el CNE"},"content":{"rendered":"<div class=\"contenido\">\n<div>\n<p><img fetchpriority=\"high\" decoding=\"async\" class=\"alignleft size-medium wp-image-207136\" src=\"https:\/\/stage3.rnv.gob.ve\/wp\/wp-content\/uploads\/2018\/02\/DW_0L9ZX4AAR5e7-300x200.jpg\" alt=\"\" width=\"300\" height=\"200\" \/>El presidente de la Rep\u00fablica Bolivariana de Venezuela, Nicol\u00e1s Maduro, invit\u00f3 al pueblo venezolano a acompa\u00f1arlo en una gran movilizaci\u00f3n este martes a la inscripci\u00f3n de su candidatura ante el Consejo Nacional Electoral (CNE) para las elecciones presidenciales a realizarse el pr\u00f3ximo domingo 22 de abril de 2018.<\/p>\n<p>\u00abVoy a inscribir la candidatura de la patria, la candidatura presidencial de Nicol\u00e1s Maduro, invit\u00f3 a todo el pueblo junto con el Gran Polo patri\u00f3tico\u00bb, detall\u00f3 desde el edificio Cantaclaro, sede del Partido Comunista de Venezuela, en la parroqu\u00eda San Juan, Caracas<\/p>\n<p>El Jefe de Estado cuestion\u00f3 a los l\u00edderes de la oposici\u00f3n de venezolana por no inscribirse a\u00fan en los comicios y reitero el llamado para que entren dentro del juego democr\u00e1tico \u00absi no van a las elecciones para competir por la presidencia de la Rep\u00fablica \u00bfentonces que van hacer? un d\u00eda despu\u00e9s de las elecciones, \u00bfQu\u00e9 van hacer Ramos Allup?, \u00bfVan hacer un golpe de Estado? \u00bfY nosotros vamos a dejar que den un golpe de Estado? pregunt\u00f3<\/p>\n<p>\u00abNosotros vamos a elecciones con o sin ustedes y haremos respetar la Constituci\u00f3n y la decisi\u00f3n soberana del pueblo venezolano el 22 de abril y el 23 de abril har\u00e1 un lindo amanecer, nosotros estamos luchando por la paz, por la prosperidad, por le derecho al futuro de \u00e9sta juventud\u00bb, concluy\u00f3.<\/p>\n<p><strong>Escuche al presidente de la Rep\u00fablica Bolivariana de Venezuela, Nicol\u00e1s Maduro.<\/strong><\/p>\n<audio class=\"wp-audio-shortcode\" id=\"audio-207114-1\" preload=\"none\" style=\"width: 100%;\" controls=\"controls\"><source type=\"audio\/mpeg\" src=\"https:\/\/stage3.rnv.gob.ve\/wp\/wp-content\/uploads\/2018\/02\/INVITACI\u00d2N-A-INSCRPCION.mp3?_=1\" \/><a href=\"https:\/\/stage3.rnv.gob.ve\/wp\/wp-content\/uploads\/2018\/02\/INVITACI\u00d2N-A-INSCRPCION.mp3\">https:\/\/stage3.rnv.gob.ve\/wp\/wp-content\/uploads\/2018\/02\/INVITACI\u00d2N-A-INSCRPCION.mp3<\/a><\/audio>\n<p><strong>T\/RNV Web<\/strong><\/p>\n<p>&nbsp;<\/p>\n<\/div>\n<\/div>\n","protected":false},"excerpt":{"rendered":"<p>El presidente de la Rep\u00fablica Bolivariana de Venezuela, Nicol\u00e1s Maduro, invit\u00f3 al pueblo venezolano a acompa\u00f1arlo en una gran movilizaci\u00f3n este martes a la inscripci\u00f3n de su candidatura ante el Consejo Nacional Electoral (CNE) para las elecciones presidenciales a realizarse el pr\u00f3ximo domingo 22 de abril de 2018. \u00abVoy a inscribir la candidatura de la [&hellip;]<\/p>\n","protected":false},"author":1,"featured_media":207136,"comment_status":"closed","ping_status":"open","sticky":false,"template":"","format":"standard","meta":{"_acf_changed":false,"footnotes":""},"categories":[67],"tags":[6792,147,143,965,3762],"class_list":["post-207114","post","type-post","status-publish","format-standard","has-post-thumbnail","hentry","category-politica","tag-candidatura","tag-maduro","tag-oposicion","tag-pcv","tag-ramos-allup"],"acf":[],"yoast_head":"<!-- This site is optimized with the Yoast SEO plugin v27.4 - https:\/\/yoast.com\/product\/yoast-seo-wordpress\/ -->\n<title>Maduro invita al pueblo acompa\u00f1ar inscripci\u00f3n de su candidatura ante el CNE - DEV RNV<\/title>\n<meta name=\"robots\" content=\"noindex, follow, max-snippet:-1, max-image-preview:large, max-video-preview:-1\" \/>\n<meta property=\"og:locale\" content=\"es_ES\" \/>\n<meta property=\"og:type\" content=\"article\" \/>\n<meta property=\"og:title\" content=\"Maduro invita al pueblo acompa\u00f1ar inscripci\u00f3n de su candidatura ante el CNE - DEV RNV\" \/>\n<meta property=\"og:description\" content=\"El presidente de la Rep\u00fablica Bolivariana de Venezuela, Nicol\u00e1s Maduro, invit\u00f3 al pueblo venezolano a acompa\u00f1arlo en una gran movilizaci\u00f3n este martes a la inscripci\u00f3n de su candidatura ante el Consejo Nacional Electoral (CNE) para las elecciones presidenciales a realizarse el pr\u00f3ximo domingo 22 de abril de 2018. \u00abVoy a inscribir la candidatura de la [&hellip;]\" \/>\n<meta property=\"og:url\" content=\"https:\/\/stage3.rnv.gob.ve\/wp\/maduro-invita-al-pueblo-acompanar-inscripcion-de-su-candidatura-ante-el-cne\/\" \/>\n<meta property=\"og:site_name\" content=\"DEV RNV\" \/>\n<meta property=\"article:publisher\" content=\"https:\/\/www.facebook.com\/RadioNacionaldeVenezuela\" \/>\n<meta property=\"article:published_time\" content=\"2018-02-27T01:33:01+00:00\" \/>\n<meta name=\"author\" content=\"administrador\" \/>\n<meta name=\"twitter:card\" content=\"summary_large_image\" \/>\n<meta name=\"twitter:creator\" content=\"@RNVinformativa\" \/>\n<meta name=\"twitter:site\" content=\"@RNVinformativa\" \/>\n<meta name=\"twitter:label1\" content=\"Escrito por\" \/>\n\t<meta name=\"twitter:data1\" content=\"administrador\" \/>\n\t<meta name=\"twitter:label2\" content=\"Tiempo estimado de lectura\" \/>\n\t<meta name=\"twitter:data2\" content=\"1 minuto\" \/>\n<script type=\"application\/ld+json\" class=\"yoast-schema-graph\">{\"@context\":\"https:\\\/\\\/schema.org\",\"@graph\":[{\"@type\":\"Article\",\"@id\":\"https:\\\/\\\/stage3.rnv.gob.ve\\\/wp\\\/maduro-invita-al-pueblo-acompanar-inscripcion-de-su-candidatura-ante-el-cne\\\/#article\",\"isPartOf\":{\"@id\":\"https:\\\/\\\/stage3.rnv.gob.ve\\\/wp\\\/maduro-invita-al-pueblo-acompanar-inscripcion-de-su-candidatura-ante-el-cne\\\/\"},\"author\":{\"name\":\"administrador\",\"@id\":\"https:\\\/\\\/stage3.rnv.gob.ve\\\/wp\\\/#\\\/schema\\\/person\\\/0862ce8cde332e0bc63b8a243f0eea2c\"},\"headline\":\"Maduro invita al pueblo acompa\u00f1ar inscripci\u00f3n de su candidatura ante el CNE\",\"datePublished\":\"2018-02-27T01:33:01+00:00\",\"mainEntityOfPage\":{\"@id\":\"https:\\\/\\\/stage3.rnv.gob.ve\\\/wp\\\/maduro-invita-al-pueblo-acompanar-inscripcion-de-su-candidatura-ante-el-cne\\\/\"},\"wordCount\":278,\"publisher\":{\"@id\":\"https:\\\/\\\/stage3.rnv.gob.ve\\\/wp\\\/#organization\"},\"image\":{\"@id\":\"https:\\\/\\\/stage3.rnv.gob.ve\\\/wp\\\/maduro-invita-al-pueblo-acompanar-inscripcion-de-su-candidatura-ante-el-cne\\\/#primaryimage\"},\"thumbnailUrl\":\"\",\"keywords\":[\"candidatura\",\"maduro\",\"oposicion\",\"pcv\",\"ramos allup\"],\"articleSection\":[\"Pol\u00edtica\"],\"inLanguage\":\"es\"},{\"@type\":\"WebPage\",\"@id\":\"https:\\\/\\\/stage3.rnv.gob.ve\\\/wp\\\/maduro-invita-al-pueblo-acompanar-inscripcion-de-su-candidatura-ante-el-cne\\\/\",\"url\":\"https:\\\/\\\/stage3.rnv.gob.ve\\\/wp\\\/maduro-invita-al-pueblo-acompanar-inscripcion-de-su-candidatura-ante-el-cne\\\/\",\"name\":\"Maduro invita al pueblo acompa\u00f1ar inscripci\u00f3n de su candidatura ante el CNE - DEV RNV\",\"isPartOf\":{\"@id\":\"https:\\\/\\\/stage3.rnv.gob.ve\\\/wp\\\/#website\"},\"primaryImageOfPage\":{\"@id\":\"https:\\\/\\\/stage3.rnv.gob.ve\\\/wp\\\/maduro-invita-al-pueblo-acompanar-inscripcion-de-su-candidatura-ante-el-cne\\\/#primaryimage\"},\"image\":{\"@id\":\"https:\\\/\\\/stage3.rnv.gob.ve\\\/wp\\\/maduro-invita-al-pueblo-acompanar-inscripcion-de-su-candidatura-ante-el-cne\\\/#primaryimage\"},\"thumbnailUrl\":\"\",\"datePublished\":\"2018-02-27T01:33:01+00:00\",\"breadcrumb\":{\"@id\":\"https:\\\/\\\/stage3.rnv.gob.ve\\\/wp\\\/maduro-invita-al-pueblo-acompanar-inscripcion-de-su-candidatura-ante-el-cne\\\/#breadcrumb\"},\"inLanguage\":\"es\",\"potentialAction\":[{\"@type\":\"ReadAction\",\"target\":[\"https:\\\/\\\/stage3.rnv.gob.ve\\\/wp\\\/maduro-invita-al-pueblo-acompanar-inscripcion-de-su-candidatura-ante-el-cne\\\/\"]}]},{\"@type\":\"ImageObject\",\"inLanguage\":\"es\",\"@id\":\"https:\\\/\\\/stage3.rnv.gob.ve\\\/wp\\\/maduro-invita-al-pueblo-acompanar-inscripcion-de-su-candidatura-ante-el-cne\\\/#primaryimage\",\"url\":\"\",\"contentUrl\":\"\"},{\"@type\":\"BreadcrumbList\",\"@id\":\"https:\\\/\\\/stage3.rnv.gob.ve\\\/wp\\\/maduro-invita-al-pueblo-acompanar-inscripcion-de-su-candidatura-ante-el-cne\\\/#breadcrumb\",\"itemListElement\":[{\"@type\":\"ListItem\",\"position\":1,\"name\":\"Portada\",\"item\":\"https:\\\/\\\/stage3.rnv.gob.ve\\\/wp\\\/\"},{\"@type\":\"ListItem\",\"position\":2,\"name\":\"Maduro Invita Al Pueblo Acompa\u00f1ar Inscripci\u00f3n De Su Candidatura Ante El Cne\"}]},{\"@type\":\"WebSite\",\"@id\":\"https:\\\/\\\/stage3.rnv.gob.ve\\\/wp\\\/#website\",\"url\":\"https:\\\/\\\/stage3.rnv.gob.ve\\\/wp\\\/\",\"name\":\"DEV RNV\",\"description\":\"Radio Nacional de Venezuela C.A.\",\"publisher\":{\"@id\":\"https:\\\/\\\/stage3.rnv.gob.ve\\\/wp\\\/#organization\"},\"potentialAction\":[{\"@type\":\"SearchAction\",\"target\":{\"@type\":\"EntryPoint\",\"urlTemplate\":\"https:\\\/\\\/stage3.rnv.gob.ve\\\/wp\\\/?s={search_term_string}\"},\"query-input\":{\"@type\":\"PropertyValueSpecification\",\"valueRequired\":true,\"valueName\":\"search_term_string\"}}],\"inLanguage\":\"es\"},{\"@type\":\"Organization\",\"@id\":\"https:\\\/\\\/stage3.rnv.gob.ve\\\/wp\\\/#organization\",\"name\":\"Radio Nacional de Venezuela C.A.\",\"url\":\"https:\\\/\\\/stage3.rnv.gob.ve\\\/wp\\\/\",\"logo\":{\"@type\":\"ImageObject\",\"inLanguage\":\"es\",\"@id\":\"https:\\\/\\\/stage3.rnv.gob.ve\\\/wp\\\/#\\\/schema\\\/logo\\\/image\\\/\",\"url\":\"http:\\\/\\\/rnv.ddns.net\\\/prensa\\\/wp-content\\\/uploads\\\/2022\\\/04\\\/rnv-1-300x227-1.jpg\",\"contentUrl\":\"http:\\\/\\\/rnv.ddns.net\\\/prensa\\\/wp-content\\\/uploads\\\/2022\\\/04\\\/rnv-1-300x227-1.jpg\",\"width\":800,\"height\":455,\"caption\":\"Radio Nacional de Venezuela C.A.\"},\"image\":{\"@id\":\"https:\\\/\\\/stage3.rnv.gob.ve\\\/wp\\\/#\\\/schema\\\/logo\\\/image\\\/\"},\"sameAs\":[\"https:\\\/\\\/www.facebook.com\\\/RadioNacionaldeVenezuela\",\"https:\\\/\\\/x.com\\\/RNVinformativa\",\"https:\\\/\\\/www.instagram.com\\\/rnvinformativa\\\/\",\"https:\\\/\\\/www.youtube.com\\\/user\\\/RNVContigo\"]},{\"@type\":\"Person\",\"@id\":\"https:\\\/\\\/stage3.rnv.gob.ve\\\/wp\\\/#\\\/schema\\\/person\\\/0862ce8cde332e0bc63b8a243f0eea2c\",\"name\":\"administrador\",\"sameAs\":[\"http:\\\/\\\/arnoldoeloy.net\"],\"url\":\"https:\\\/\\\/stage3.rnv.gob.ve\\\/wp\\\/author\\\/administrador\\\/\"}]}<\/script>\n<!-- \/ Yoast SEO plugin. -->","yoast_head_json":{"title":"Maduro invita al pueblo acompa\u00f1ar inscripci\u00f3n de su candidatura ante el CNE - DEV RNV","robots":{"index":"noindex","follow":"follow","max-snippet":"max-snippet:-1","max-image-preview":"max-image-preview:large","max-video-preview":"max-video-preview:-1"},"og_locale":"es_ES","og_type":"article","og_title":"Maduro invita al pueblo acompa\u00f1ar inscripci\u00f3n de su candidatura ante el CNE - DEV RNV","og_description":"El presidente de la Rep\u00fablica Bolivariana de Venezuela, Nicol\u00e1s Maduro, invit\u00f3 al pueblo venezolano a acompa\u00f1arlo en una gran movilizaci\u00f3n este martes a la inscripci\u00f3n de su candidatura ante el Consejo Nacional Electoral (CNE) para las elecciones presidenciales a realizarse el pr\u00f3ximo domingo 22 de abril de 2018. \u00abVoy a inscribir la candidatura de la [&hellip;]","og_url":"https:\/\/stage3.rnv.gob.ve\/wp\/maduro-invita-al-pueblo-acompanar-inscripcion-de-su-candidatura-ante-el-cne\/","og_site_name":"DEV RNV","article_publisher":"https:\/\/www.facebook.com\/RadioNacionaldeVenezuela","article_published_time":"2018-02-27T01:33:01+00:00","author":"administrador","twitter_card":"summary_large_image","twitter_creator":"@RNVinformativa","twitter_site":"@RNVinformativa","twitter_misc":{"Escrito por":"administrador","Tiempo estimado de lectura":"1 minuto"},"schema":{"@context":"https:\/\/schema.org","@graph":[{"@type":"Article","@id":"https:\/\/stage3.rnv.gob.ve\/wp\/maduro-invita-al-pueblo-acompanar-inscripcion-de-su-candidatura-ante-el-cne\/#article","isPartOf":{"@id":"https:\/\/stage3.rnv.gob.ve\/wp\/maduro-invita-al-pueblo-acompanar-inscripcion-de-su-candidatura-ante-el-cne\/"},"author":{"name":"administrador","@id":"https:\/\/stage3.rnv.gob.ve\/wp\/#\/schema\/person\/0862ce8cde332e0bc63b8a243f0eea2c"},"headline":"Maduro invita al pueblo acompa\u00f1ar inscripci\u00f3n de su candidatura ante el CNE","datePublished":"2018-02-27T01:33:01+00:00","mainEntityOfPage":{"@id":"https:\/\/stage3.rnv.gob.ve\/wp\/maduro-invita-al-pueblo-acompanar-inscripcion-de-su-candidatura-ante-el-cne\/"},"wordCount":278,"publisher":{"@id":"https:\/\/stage3.rnv.gob.ve\/wp\/#organization"},"image":{"@id":"https:\/\/stage3.rnv.gob.ve\/wp\/maduro-invita-al-pueblo-acompanar-inscripcion-de-su-candidatura-ante-el-cne\/#primaryimage"},"thumbnailUrl":"","keywords":["candidatura","maduro","oposicion","pcv","ramos allup"],"articleSection":["Pol\u00edtica"],"inLanguage":"es"},{"@type":"WebPage","@id":"https:\/\/stage3.rnv.gob.ve\/wp\/maduro-invita-al-pueblo-acompanar-inscripcion-de-su-candidatura-ante-el-cne\/","url":"https:\/\/stage3.rnv.gob.ve\/wp\/maduro-invita-al-pueblo-acompanar-inscripcion-de-su-candidatura-ante-el-cne\/","name":"Maduro invita al pueblo acompa\u00f1ar inscripci\u00f3n de su candidatura ante el CNE - DEV RNV","isPartOf":{"@id":"https:\/\/stage3.rnv.gob.ve\/wp\/#website"},"primaryImageOfPage":{"@id":"https:\/\/stage3.rnv.gob.ve\/wp\/maduro-invita-al-pueblo-acompanar-inscripcion-de-su-candidatura-ante-el-cne\/#primaryimage"},"image":{"@id":"https:\/\/stage3.rnv.gob.ve\/wp\/maduro-invita-al-pueblo-acompanar-inscripcion-de-su-candidatura-ante-el-cne\/#primaryimage"},"thumbnailUrl":"","datePublished":"2018-02-27T01:33:01+00:00","breadcrumb":{"@id":"https:\/\/stage3.rnv.gob.ve\/wp\/maduro-invita-al-pueblo-acompanar-inscripcion-de-su-candidatura-ante-el-cne\/#breadcrumb"},"inLanguage":"es","potentialAction":[{"@type":"ReadAction","target":["https:\/\/stage3.rnv.gob.ve\/wp\/maduro-invita-al-pueblo-acompanar-inscripcion-de-su-candidatura-ante-el-cne\/"]}]},{"@type":"ImageObject","inLanguage":"es","@id":"https:\/\/stage3.rnv.gob.ve\/wp\/maduro-invita-al-pueblo-acompanar-inscripcion-de-su-candidatura-ante-el-cne\/#primaryimage","url":"","contentUrl":""},{"@type":"BreadcrumbList","@id":"https:\/\/stage3.rnv.gob.ve\/wp\/maduro-invita-al-pueblo-acompanar-inscripcion-de-su-candidatura-ante-el-cne\/#breadcrumb","itemListElement":[{"@type":"ListItem","position":1,"name":"Portada","item":"https:\/\/stage3.rnv.gob.ve\/wp\/"},{"@type":"ListItem","position":2,"name":"Maduro Invita Al Pueblo Acompa\u00f1ar Inscripci\u00f3n De Su Candidatura Ante El Cne"}]},{"@type":"WebSite","@id":"https:\/\/stage3.rnv.gob.ve\/wp\/#website","url":"https:\/\/stage3.rnv.gob.ve\/wp\/","name":"DEV RNV","description":"Radio Nacional de Venezuela C.A.","publisher":{"@id":"https:\/\/stage3.rnv.gob.ve\/wp\/#organization"},"potentialAction":[{"@type":"SearchAction","target":{"@type":"EntryPoint","urlTemplate":"https:\/\/stage3.rnv.gob.ve\/wp\/?s={search_term_string}"},"query-input":{"@type":"PropertyValueSpecification","valueRequired":true,"valueName":"search_term_string"}}],"inLanguage":"es"},{"@type":"Organization","@id":"https:\/\/stage3.rnv.gob.ve\/wp\/#organization","name":"Radio Nacional de Venezuela C.A.","url":"https:\/\/stage3.rnv.gob.ve\/wp\/","logo":{"@type":"ImageObject","inLanguage":"es","@id":"https:\/\/stage3.rnv.gob.ve\/wp\/#\/schema\/logo\/image\/","url":"http:\/\/rnv.ddns.net\/prensa\/wp-content\/uploads\/2022\/04\/rnv-1-300x227-1.jpg","contentUrl":"http:\/\/rnv.ddns.net\/prensa\/wp-content\/uploads\/2022\/04\/rnv-1-300x227-1.jpg","width":800,"height":455,"caption":"Radio Nacional de Venezuela C.A."},"image":{"@id":"https:\/\/stage3.rnv.gob.ve\/wp\/#\/schema\/logo\/image\/"},"sameAs":["https:\/\/www.facebook.com\/RadioNacionaldeVenezuela","https:\/\/x.com\/RNVinformativa","https:\/\/www.instagram.com\/rnvinformativa\/","https:\/\/www.youtube.com\/user\/RNVContigo"]},{"@type":"Person","@id":"https:\/\/stage3.rnv.gob.ve\/wp\/#\/schema\/person\/0862ce8cde332e0bc63b8a243f0eea2c","name":"administrador","sameAs":["http:\/\/arnoldoeloy.net"],"url":"https:\/\/stage3.rnv.gob.ve\/wp\/author\/administrador\/"}]}},"jetpack_featured_media_url":"","_links":{"self":[{"href":"https:\/\/stage3.rnv.gob.ve\/wp\/wp-json\/wp\/v2\/posts\/207114","targetHints":{"allow":["GET"]}}],"collection":[{"href":"https:\/\/stage3.rnv.gob.ve\/wp\/wp-json\/wp\/v2\/posts"}],"about":[{"href":"https:\/\/stage3.rnv.gob.ve\/wp\/wp-json\/wp\/v2\/types\/post"}],"author":[{"embeddable":true,"href":"https:\/\/stage3.rnv.gob.ve\/wp\/wp-json\/wp\/v2\/users\/1"}],"replies":[{"embeddable":true,"href":"https:\/\/stage3.rnv.gob.ve\/wp\/wp-json\/wp\/v2\/comments?post=207114"}],"version-history":[{"count":0,"href":"https:\/\/stage3.rnv.gob.ve\/wp\/wp-json\/wp\/v2\/posts\/207114\/revisions"}],"wp:featuredmedia":[{"embeddable":true,"href":"https:\/\/stage3.rnv.gob.ve\/wp\/wp-json\/"}],"wp:attachment":[{"href":"https:\/\/stage3.rnv.gob.ve\/wp\/wp-json\/wp\/v2\/media?parent=207114"}],"wp:term":[{"taxonomy":"category","embeddable":true,"href":"https:\/\/stage3.rnv.gob.ve\/wp\/wp-json\/wp\/v2\/categories?post=207114"},{"taxonomy":"post_tag","embeddable":true,"href":"https:\/\/stage3.rnv.gob.ve\/wp\/wp-json\/wp\/v2\/tags?post=207114"}],"curies":[{"name":"wp","href":"https:\/\/api.w.org\/{rel}","templated":true}]}}