{"id":207065,"date":"2018-02-16T19:43:11","date_gmt":"2018-02-17T00:13:11","guid":{"rendered":"https:\/\/stage3.rnv.gob.ve\/wp\/?p=207065"},"modified":"2018-02-16T19:43:11","modified_gmt":"2018-02-17T00:13:11","slug":"detiene-a-dos-sujetos-por-trafico-y-distribucion-de-drogas","status":"publish","type":"post","link":"https:\/\/stage3.rnv.gob.ve\/wp\/detiene-a-dos-sujetos-por-trafico-y-distribucion-de-drogas\/","title":{"rendered":"Detiene a dos sujetos por tr\u00e1fico y distribuci\u00f3n de drogas"},"content":{"rendered":"<p><img fetchpriority=\"high\" decoding=\"async\" class=\"alignleft size-medium wp-image-207067\" src=\"https:\/\/stage3.rnv.gob.ve\/wp\/wp-content\/uploads\/2018\/02\/Faes-detiene-a-dos-sujetos-por-tr\u00e1fico-y-distribuci\u00f3n-de-drogas-300x225.jpg\" alt=\"\" width=\"300\" height=\"225\" \/>Dos ciudadanos quienes se dedicaban al tr\u00e1fico y distribuci\u00f3n de sustancias psicotr\u00f3picas y estupefacientes, fueron aprehendidos por funcionarios de las Fuerzas de Acciones Especiales (Faes), en la parroquia San Juan municipio Libertador en San Mart\u00edn.<\/p>\n<p>La informaci\u00f3n la dio a conocer el Comisionado Jefe del Cpnb, Barcel\u00f3 Cristian, quien asever\u00f3 que al d\u00fao se les incaut\u00f3 una panela de presunta marihuana, 59 envoltorios de dicha sustancia, un cuchillo, un rollo de papel aluminio y dos bolsos, donde ocultaban el material.<\/p>\n<p>Los detenidos quedaron identificados como: Brayan Cipriano Moreno Le\u00f3n (23) y H\u00e9ctor David Hern\u00e1ndez (41), el caso fue puesto en manos de la fiscal 120 del \u00c1rea Metropolitana de Caracas (AMC) en materia de drogas.<\/p>\n<p><strong>T\/Prensa: Mpprijp<\/strong><\/p>\n","protected":false},"excerpt":{"rendered":"<p>Dos ciudadanos quienes se dedicaban al tr\u00e1fico y distribuci\u00f3n de sustancias psicotr\u00f3picas y estupefacientes, fueron aprehendidos por funcionarios de las Fuerzas de Acciones Especiales (Faes), en la parroquia San Juan municipio Libertador en San Mart\u00edn. La informaci\u00f3n la dio a conocer el Comisionado Jefe del Cpnb, Barcel\u00f3 Cristian, quien asever\u00f3 que al d\u00fao se les [&hellip;]<\/p>\n","protected":false},"author":1,"featured_media":207067,"comment_status":"closed","ping_status":"open","sticky":false,"template":"","format":"standard","meta":{"_acf_changed":false,"footnotes":""},"categories":[52],"tags":[373,1403,4790],"class_list":["post-207065","post","type-post","status-publish","format-standard","has-post-thumbnail","hentry","category-ciudad","tag-detencion","tag-drogas","tag-judiciales"],"acf":[],"yoast_head":"<!-- This site is optimized with the Yoast SEO plugin v27.4 - https:\/\/yoast.com\/product\/yoast-seo-wordpress\/ -->\n<title>Detiene a dos sujetos por tr\u00e1fico y distribuci\u00f3n de drogas - DEV RNV<\/title>\n<meta name=\"robots\" content=\"noindex, follow, max-snippet:-1, max-image-preview:large, max-video-preview:-1\" \/>\n<meta property=\"og:locale\" content=\"es_ES\" \/>\n<meta property=\"og:type\" content=\"article\" \/>\n<meta property=\"og:title\" content=\"Detiene a dos sujetos por tr\u00e1fico y distribuci\u00f3n de drogas - DEV RNV\" \/>\n<meta property=\"og:description\" content=\"Dos ciudadanos quienes se dedicaban al tr\u00e1fico y distribuci\u00f3n de sustancias psicotr\u00f3picas y estupefacientes, fueron aprehendidos por funcionarios de las Fuerzas de Acciones Especiales (Faes), en la parroquia San Juan municipio Libertador en San Mart\u00edn. La informaci\u00f3n la dio a conocer el Comisionado Jefe del Cpnb, Barcel\u00f3 Cristian, quien asever\u00f3 que al d\u00fao se les [&hellip;]\" \/>\n<meta property=\"og:url\" content=\"https:\/\/stage3.rnv.gob.ve\/wp\/detiene-a-dos-sujetos-por-trafico-y-distribucion-de-drogas\/\" \/>\n<meta property=\"og:site_name\" content=\"DEV RNV\" \/>\n<meta property=\"article:publisher\" content=\"https:\/\/www.facebook.com\/RadioNacionaldeVenezuela\" \/>\n<meta property=\"article:published_time\" content=\"2018-02-17T00:13:11+00:00\" \/>\n<meta name=\"author\" content=\"administrador\" \/>\n<meta name=\"twitter:card\" content=\"summary_large_image\" \/>\n<meta name=\"twitter:creator\" content=\"@RNVinformativa\" \/>\n<meta name=\"twitter:site\" content=\"@RNVinformativa\" \/>\n<meta name=\"twitter:label1\" content=\"Escrito por\" \/>\n\t<meta name=\"twitter:data1\" content=\"administrador\" \/>\n\t<meta name=\"twitter:label2\" content=\"Tiempo estimado de lectura\" \/>\n\t<meta name=\"twitter:data2\" content=\"1 minuto\" \/>\n<script type=\"application\/ld+json\" class=\"yoast-schema-graph\">{\"@context\":\"https:\\\/\\\/schema.org\",\"@graph\":[{\"@type\":\"Article\",\"@id\":\"https:\\\/\\\/stage3.rnv.gob.ve\\\/wp\\\/detiene-a-dos-sujetos-por-trafico-y-distribucion-de-drogas\\\/#article\",\"isPartOf\":{\"@id\":\"https:\\\/\\\/stage3.rnv.gob.ve\\\/wp\\\/detiene-a-dos-sujetos-por-trafico-y-distribucion-de-drogas\\\/\"},\"author\":{\"name\":\"administrador\",\"@id\":\"https:\\\/\\\/stage3.rnv.gob.ve\\\/wp\\\/#\\\/schema\\\/person\\\/0862ce8cde332e0bc63b8a243f0eea2c\"},\"headline\":\"Detiene a dos sujetos por tr\u00e1fico y distribuci\u00f3n de drogas\",\"datePublished\":\"2018-02-17T00:13:11+00:00\",\"mainEntityOfPage\":{\"@id\":\"https:\\\/\\\/stage3.rnv.gob.ve\\\/wp\\\/detiene-a-dos-sujetos-por-trafico-y-distribucion-de-drogas\\\/\"},\"wordCount\":135,\"publisher\":{\"@id\":\"https:\\\/\\\/stage3.rnv.gob.ve\\\/wp\\\/#organization\"},\"image\":{\"@id\":\"https:\\\/\\\/stage3.rnv.gob.ve\\\/wp\\\/detiene-a-dos-sujetos-por-trafico-y-distribucion-de-drogas\\\/#primaryimage\"},\"thumbnailUrl\":\"\",\"keywords\":[\"detencion\",\"drogas\",\"judiciales\"],\"articleSection\":[\"Ciudad\"],\"inLanguage\":\"es\"},{\"@type\":\"WebPage\",\"@id\":\"https:\\\/\\\/stage3.rnv.gob.ve\\\/wp\\\/detiene-a-dos-sujetos-por-trafico-y-distribucion-de-drogas\\\/\",\"url\":\"https:\\\/\\\/stage3.rnv.gob.ve\\\/wp\\\/detiene-a-dos-sujetos-por-trafico-y-distribucion-de-drogas\\\/\",\"name\":\"Detiene a dos sujetos por tr\u00e1fico y distribuci\u00f3n de drogas - DEV RNV\",\"isPartOf\":{\"@id\":\"https:\\\/\\\/stage3.rnv.gob.ve\\\/wp\\\/#website\"},\"primaryImageOfPage\":{\"@id\":\"https:\\\/\\\/stage3.rnv.gob.ve\\\/wp\\\/detiene-a-dos-sujetos-por-trafico-y-distribucion-de-drogas\\\/#primaryimage\"},\"image\":{\"@id\":\"https:\\\/\\\/stage3.rnv.gob.ve\\\/wp\\\/detiene-a-dos-sujetos-por-trafico-y-distribucion-de-drogas\\\/#primaryimage\"},\"thumbnailUrl\":\"\",\"datePublished\":\"2018-02-17T00:13:11+00:00\",\"breadcrumb\":{\"@id\":\"https:\\\/\\\/stage3.rnv.gob.ve\\\/wp\\\/detiene-a-dos-sujetos-por-trafico-y-distribucion-de-drogas\\\/#breadcrumb\"},\"inLanguage\":\"es\",\"potentialAction\":[{\"@type\":\"ReadAction\",\"target\":[\"https:\\\/\\\/stage3.rnv.gob.ve\\\/wp\\\/detiene-a-dos-sujetos-por-trafico-y-distribucion-de-drogas\\\/\"]}]},{\"@type\":\"ImageObject\",\"inLanguage\":\"es\",\"@id\":\"https:\\\/\\\/stage3.rnv.gob.ve\\\/wp\\\/detiene-a-dos-sujetos-por-trafico-y-distribucion-de-drogas\\\/#primaryimage\",\"url\":\"\",\"contentUrl\":\"\"},{\"@type\":\"BreadcrumbList\",\"@id\":\"https:\\\/\\\/stage3.rnv.gob.ve\\\/wp\\\/detiene-a-dos-sujetos-por-trafico-y-distribucion-de-drogas\\\/#breadcrumb\",\"itemListElement\":[{\"@type\":\"ListItem\",\"position\":1,\"name\":\"Portada\",\"item\":\"https:\\\/\\\/stage3.rnv.gob.ve\\\/wp\\\/\"},{\"@type\":\"ListItem\",\"position\":2,\"name\":\"Detiene A Dos Sujetos Por Tr\u00e1fico Y Distribuci\u00f3n De Drogas\"}]},{\"@type\":\"WebSite\",\"@id\":\"https:\\\/\\\/stage3.rnv.gob.ve\\\/wp\\\/#website\",\"url\":\"https:\\\/\\\/stage3.rnv.gob.ve\\\/wp\\\/\",\"name\":\"DEV RNV\",\"description\":\"Radio Nacional de Venezuela C.A.\",\"publisher\":{\"@id\":\"https:\\\/\\\/stage3.rnv.gob.ve\\\/wp\\\/#organization\"},\"potentialAction\":[{\"@type\":\"SearchAction\",\"target\":{\"@type\":\"EntryPoint\",\"urlTemplate\":\"https:\\\/\\\/stage3.rnv.gob.ve\\\/wp\\\/?s={search_term_string}\"},\"query-input\":{\"@type\":\"PropertyValueSpecification\",\"valueRequired\":true,\"valueName\":\"search_term_string\"}}],\"inLanguage\":\"es\"},{\"@type\":\"Organization\",\"@id\":\"https:\\\/\\\/stage3.rnv.gob.ve\\\/wp\\\/#organization\",\"name\":\"Radio Nacional de Venezuela C.A.\",\"url\":\"https:\\\/\\\/stage3.rnv.gob.ve\\\/wp\\\/\",\"logo\":{\"@type\":\"ImageObject\",\"inLanguage\":\"es\",\"@id\":\"https:\\\/\\\/stage3.rnv.gob.ve\\\/wp\\\/#\\\/schema\\\/logo\\\/image\\\/\",\"url\":\"http:\\\/\\\/rnv.ddns.net\\\/prensa\\\/wp-content\\\/uploads\\\/2022\\\/04\\\/rnv-1-300x227-1.jpg\",\"contentUrl\":\"http:\\\/\\\/rnv.ddns.net\\\/prensa\\\/wp-content\\\/uploads\\\/2022\\\/04\\\/rnv-1-300x227-1.jpg\",\"width\":800,\"height\":455,\"caption\":\"Radio Nacional de Venezuela C.A.\"},\"image\":{\"@id\":\"https:\\\/\\\/stage3.rnv.gob.ve\\\/wp\\\/#\\\/schema\\\/logo\\\/image\\\/\"},\"sameAs\":[\"https:\\\/\\\/www.facebook.com\\\/RadioNacionaldeVenezuela\",\"https:\\\/\\\/x.com\\\/RNVinformativa\",\"https:\\\/\\\/www.instagram.com\\\/rnvinformativa\\\/\",\"https:\\\/\\\/www.youtube.com\\\/user\\\/RNVContigo\"]},{\"@type\":\"Person\",\"@id\":\"https:\\\/\\\/stage3.rnv.gob.ve\\\/wp\\\/#\\\/schema\\\/person\\\/0862ce8cde332e0bc63b8a243f0eea2c\",\"name\":\"administrador\",\"sameAs\":[\"http:\\\/\\\/arnoldoeloy.net\"],\"url\":\"https:\\\/\\\/stage3.rnv.gob.ve\\\/wp\\\/author\\\/administrador\\\/\"}]}<\/script>\n<!-- \/ Yoast SEO plugin. -->","yoast_head_json":{"title":"Detiene a dos sujetos por tr\u00e1fico y distribuci\u00f3n de drogas - DEV RNV","robots":{"index":"noindex","follow":"follow","max-snippet":"max-snippet:-1","max-image-preview":"max-image-preview:large","max-video-preview":"max-video-preview:-1"},"og_locale":"es_ES","og_type":"article","og_title":"Detiene a dos sujetos por tr\u00e1fico y distribuci\u00f3n de drogas - DEV RNV","og_description":"Dos ciudadanos quienes se dedicaban al tr\u00e1fico y distribuci\u00f3n de sustancias psicotr\u00f3picas y estupefacientes, fueron aprehendidos por funcionarios de las Fuerzas de Acciones Especiales (Faes), en la parroquia San Juan municipio Libertador en San Mart\u00edn. La informaci\u00f3n la dio a conocer el Comisionado Jefe del Cpnb, Barcel\u00f3 Cristian, quien asever\u00f3 que al d\u00fao se les [&hellip;]","og_url":"https:\/\/stage3.rnv.gob.ve\/wp\/detiene-a-dos-sujetos-por-trafico-y-distribucion-de-drogas\/","og_site_name":"DEV RNV","article_publisher":"https:\/\/www.facebook.com\/RadioNacionaldeVenezuela","article_published_time":"2018-02-17T00:13:11+00:00","author":"administrador","twitter_card":"summary_large_image","twitter_creator":"@RNVinformativa","twitter_site":"@RNVinformativa","twitter_misc":{"Escrito por":"administrador","Tiempo estimado de lectura":"1 minuto"},"schema":{"@context":"https:\/\/schema.org","@graph":[{"@type":"Article","@id":"https:\/\/stage3.rnv.gob.ve\/wp\/detiene-a-dos-sujetos-por-trafico-y-distribucion-de-drogas\/#article","isPartOf":{"@id":"https:\/\/stage3.rnv.gob.ve\/wp\/detiene-a-dos-sujetos-por-trafico-y-distribucion-de-drogas\/"},"author":{"name":"administrador","@id":"https:\/\/stage3.rnv.gob.ve\/wp\/#\/schema\/person\/0862ce8cde332e0bc63b8a243f0eea2c"},"headline":"Detiene a dos sujetos por tr\u00e1fico y distribuci\u00f3n de drogas","datePublished":"2018-02-17T00:13:11+00:00","mainEntityOfPage":{"@id":"https:\/\/stage3.rnv.gob.ve\/wp\/detiene-a-dos-sujetos-por-trafico-y-distribucion-de-drogas\/"},"wordCount":135,"publisher":{"@id":"https:\/\/stage3.rnv.gob.ve\/wp\/#organization"},"image":{"@id":"https:\/\/stage3.rnv.gob.ve\/wp\/detiene-a-dos-sujetos-por-trafico-y-distribucion-de-drogas\/#primaryimage"},"thumbnailUrl":"","keywords":["detencion","drogas","judiciales"],"articleSection":["Ciudad"],"inLanguage":"es"},{"@type":"WebPage","@id":"https:\/\/stage3.rnv.gob.ve\/wp\/detiene-a-dos-sujetos-por-trafico-y-distribucion-de-drogas\/","url":"https:\/\/stage3.rnv.gob.ve\/wp\/detiene-a-dos-sujetos-por-trafico-y-distribucion-de-drogas\/","name":"Detiene a dos sujetos por tr\u00e1fico y distribuci\u00f3n de drogas - DEV RNV","isPartOf":{"@id":"https:\/\/stage3.rnv.gob.ve\/wp\/#website"},"primaryImageOfPage":{"@id":"https:\/\/stage3.rnv.gob.ve\/wp\/detiene-a-dos-sujetos-por-trafico-y-distribucion-de-drogas\/#primaryimage"},"image":{"@id":"https:\/\/stage3.rnv.gob.ve\/wp\/detiene-a-dos-sujetos-por-trafico-y-distribucion-de-drogas\/#primaryimage"},"thumbnailUrl":"","datePublished":"2018-02-17T00:13:11+00:00","breadcrumb":{"@id":"https:\/\/stage3.rnv.gob.ve\/wp\/detiene-a-dos-sujetos-por-trafico-y-distribucion-de-drogas\/#breadcrumb"},"inLanguage":"es","potentialAction":[{"@type":"ReadAction","target":["https:\/\/stage3.rnv.gob.ve\/wp\/detiene-a-dos-sujetos-por-trafico-y-distribucion-de-drogas\/"]}]},{"@type":"ImageObject","inLanguage":"es","@id":"https:\/\/stage3.rnv.gob.ve\/wp\/detiene-a-dos-sujetos-por-trafico-y-distribucion-de-drogas\/#primaryimage","url":"","contentUrl":""},{"@type":"BreadcrumbList","@id":"https:\/\/stage3.rnv.gob.ve\/wp\/detiene-a-dos-sujetos-por-trafico-y-distribucion-de-drogas\/#breadcrumb","itemListElement":[{"@type":"ListItem","position":1,"name":"Portada","item":"https:\/\/stage3.rnv.gob.ve\/wp\/"},{"@type":"ListItem","position":2,"name":"Detiene A Dos Sujetos Por Tr\u00e1fico Y Distribuci\u00f3n De Drogas"}]},{"@type":"WebSite","@id":"https:\/\/stage3.rnv.gob.ve\/wp\/#website","url":"https:\/\/stage3.rnv.gob.ve\/wp\/","name":"DEV RNV","description":"Radio Nacional de Venezuela C.A.","publisher":{"@id":"https:\/\/stage3.rnv.gob.ve\/wp\/#organization"},"potentialAction":[{"@type":"SearchAction","target":{"@type":"EntryPoint","urlTemplate":"https:\/\/stage3.rnv.gob.ve\/wp\/?s={search_term_string}"},"query-input":{"@type":"PropertyValueSpecification","valueRequired":true,"valueName":"search_term_string"}}],"inLanguage":"es"},{"@type":"Organization","@id":"https:\/\/stage3.rnv.gob.ve\/wp\/#organization","name":"Radio Nacional de Venezuela C.A.","url":"https:\/\/stage3.rnv.gob.ve\/wp\/","logo":{"@type":"ImageObject","inLanguage":"es","@id":"https:\/\/stage3.rnv.gob.ve\/wp\/#\/schema\/logo\/image\/","url":"http:\/\/rnv.ddns.net\/prensa\/wp-content\/uploads\/2022\/04\/rnv-1-300x227-1.jpg","contentUrl":"http:\/\/rnv.ddns.net\/prensa\/wp-content\/uploads\/2022\/04\/rnv-1-300x227-1.jpg","width":800,"height":455,"caption":"Radio Nacional de Venezuela C.A."},"image":{"@id":"https:\/\/stage3.rnv.gob.ve\/wp\/#\/schema\/logo\/image\/"},"sameAs":["https:\/\/www.facebook.com\/RadioNacionaldeVenezuela","https:\/\/x.com\/RNVinformativa","https:\/\/www.instagram.com\/rnvinformativa\/","https:\/\/www.youtube.com\/user\/RNVContigo"]},{"@type":"Person","@id":"https:\/\/stage3.rnv.gob.ve\/wp\/#\/schema\/person\/0862ce8cde332e0bc63b8a243f0eea2c","name":"administrador","sameAs":["http:\/\/arnoldoeloy.net"],"url":"https:\/\/stage3.rnv.gob.ve\/wp\/author\/administrador\/"}]}},"jetpack_featured_media_url":"","_links":{"self":[{"href":"https:\/\/stage3.rnv.gob.ve\/wp\/wp-json\/wp\/v2\/posts\/207065","targetHints":{"allow":["GET"]}}],"collection":[{"href":"https:\/\/stage3.rnv.gob.ve\/wp\/wp-json\/wp\/v2\/posts"}],"about":[{"href":"https:\/\/stage3.rnv.gob.ve\/wp\/wp-json\/wp\/v2\/types\/post"}],"author":[{"embeddable":true,"href":"https:\/\/stage3.rnv.gob.ve\/wp\/wp-json\/wp\/v2\/users\/1"}],"replies":[{"embeddable":true,"href":"https:\/\/stage3.rnv.gob.ve\/wp\/wp-json\/wp\/v2\/comments?post=207065"}],"version-history":[{"count":0,"href":"https:\/\/stage3.rnv.gob.ve\/wp\/wp-json\/wp\/v2\/posts\/207065\/revisions"}],"wp:featuredmedia":[{"embeddable":true,"href":"https:\/\/stage3.rnv.gob.ve\/wp\/wp-json\/"}],"wp:attachment":[{"href":"https:\/\/stage3.rnv.gob.ve\/wp\/wp-json\/wp\/v2\/media?parent=207065"}],"wp:term":[{"taxonomy":"category","embeddable":true,"href":"https:\/\/stage3.rnv.gob.ve\/wp\/wp-json\/wp\/v2\/categories?post=207065"},{"taxonomy":"post_tag","embeddable":true,"href":"https:\/\/stage3.rnv.gob.ve\/wp\/wp-json\/wp\/v2\/tags?post=207065"}],"curies":[{"name":"wp","href":"https:\/\/api.w.org\/{rel}","templated":true}]}}