{"id":206066,"date":"2018-02-21T15:34:30","date_gmt":"2018-02-21T20:04:30","guid":{"rendered":"https:\/\/stage3.rnv.gob.ve\/wp\/?p=206066"},"modified":"2026-04-14T20:59:22","modified_gmt":"2026-04-15T00:59:22","slug":"ciclismo-entrena-para-suramericanos-de-cochabamba","status":"publish","type":"post","link":"https:\/\/stage3.rnv.gob.ve\/wp\/ciclismo-entrena-para-suramericanos-de-cochabamba\/","title":{"rendered":"Ciclismo entrena para Suramericanos de Cochabamba"},"content":{"rendered":"<p><img fetchpriority=\"high\" decoding=\"async\" class=\"aligncenter size-full wp-image-206068\" src=\"https:\/\/stage3.rnv.gob.ve\/wp\/wp-content\/uploads\/2018\/02\/hersony-canelon.jpg\" alt=\"\" width=\"640\" height=\"427\" \/><\/p>\n<p>Con el prop\u00f3sito de prepararse para los pr\u00f3ximos Juegos Suramericanos, a celebrarse del 26 de mayo al 8 de junio en Bolivia, siete atletas de la selecci\u00f3n nacional de ciclismo est\u00e1n concentrados para cumplir plan de entrenamiento\u00a0 en las instalaciones del Instituto Nacional de Deporte (IND).<\/p>\n<p>Los deportistas convocados son: Yolimar P\u00e9rez, Mariesthela Vilera, Hersony Canel\u00f3n, Gabriel Quintero y Adamil Ag\u00fcero, quienes pertenecen a la modalidad de ciclismo de pista. De igual manera, Jeferson Milano y Jholman Sivira, del equipo\u00a0 BMX.<\/p>\n<p>El combinado entrena en dos sesiones diarias con el objetivo de mantener o elevar el nivel competitivo adquirido en los Juegos Bolivarianos Santa Marta 2017, as\u00ed lo indic\u00f3 el planificador de la disciplina, Albert Izarra.<\/p>\n<p>Izarra tambi\u00e9n destac\u00f3 que aunque Milano se encuentra entre el grupo seleccionado, el deportista est\u00e1 en Florida, Estados Unidos para participar en el evento preparatorio Gator Nationals, el cual se disputar\u00e1 del 23 al 25 de febrero.<\/p>\n<p>Canel\u00f3n, qui\u00e9n actualmente es campe\u00f3n panamericano de velocidad, indic\u00f3: \u201cLlevamos un a\u00f1o entrenando fuerte para todas las competencias del ciclo ol\u00edmpico\u201d.<\/p>\n<p>Por su parte, Ag\u00fcero, qui\u00e9n tambi\u00e9n est\u00e1 en concentraci\u00f3n, se\u00f1al\u00f3 que se est\u00e1 preparando para pelear el primer lugar de la prueba velocidad por equipo. \u201cAunque estamos en un entrenamiento general, afino detalles t\u00e9cnicos y f\u00edsicos para retomar mi puesto\u201d.<\/p>\n<p>El preparador f\u00edsico, Adalberto Mart\u00ednez, destac\u00f3: \u201cLa idea de esto es poner a los atletas en una disposici\u00f3n especial, que les d\u00e9 la capacidad f\u00edsica \u00f3ptima para los pr\u00f3ximos eventos\u201d.<\/p>\n<p>Asimismo, cabe destacar que este grupo forma parte de los ciclistas que siempre est\u00e1n en la palestra debido a los buenos resultados que han dado en las \u00faltimas competencias.<\/p>\n<p>En Santa Marta 2017,\u00a0 en la categor\u00eda por equipo, Vilera y P\u00e9rez ganaron la de plata en la prueba de velocidad. Igualmente, Canel\u00f3n obtuvo el segundo lugar en la misma modalidad.<\/p>\n<p>En el mismo evento, Vilera tambi\u00e9n logr\u00f3 subir al podio al obtener la de bronce en la categor\u00eda individual de las pruebas de velocidad y contra reloj.<\/p>\n<p><strong><em>T\/RNV\/IND<\/em><\/strong><\/p>\n","protected":false},"excerpt":{"rendered":"<p>Con el prop\u00f3sito de prepararse para los pr\u00f3ximos Juegos Suramericanos, a celebrarse del 26 de mayo al 8 de junio en Bolivia, siete atletas de la selecci\u00f3n nacional de ciclismo est\u00e1n concentrados para cumplir plan de entrenamiento\u00a0 en las instalaciones del Instituto Nacional de Deporte (IND). Los deportistas convocados son: Yolimar P\u00e9rez, Mariesthela Vilera, Hersony [&hellip;]<\/p>\n","protected":false},"author":1,"featured_media":206068,"comment_status":"closed","ping_status":"open","sticky":false,"template":"","format":"standard","meta":{"_acf_changed":false,"footnotes":""},"categories":[56],"tags":[24997,530,82,476],"class_list":["post-206066","post","type-post","status-publish","format-standard","has-post-thumbnail","hentry","category-deporte","tag-feveciclismo","tag-ind","tag-rnv","tag-venezuela-deportiva"],"acf":[],"yoast_head":"<!-- This site is optimized with the Yoast SEO plugin v27.4 - https:\/\/yoast.com\/product\/yoast-seo-wordpress\/ -->\n<title>Ciclismo entrena para Suramericanos de Cochabamba - DEV RNV<\/title>\n<meta name=\"robots\" content=\"noindex, follow, max-snippet:-1, max-image-preview:large, max-video-preview:-1\" \/>\n<meta property=\"og:locale\" content=\"es_ES\" \/>\n<meta property=\"og:type\" content=\"article\" \/>\n<meta property=\"og:title\" content=\"Ciclismo entrena para Suramericanos de Cochabamba - DEV RNV\" \/>\n<meta property=\"og:description\" content=\"Con el prop\u00f3sito de prepararse para los pr\u00f3ximos Juegos Suramericanos, a celebrarse del 26 de mayo al 8 de junio en Bolivia, siete atletas de la selecci\u00f3n nacional de ciclismo est\u00e1n concentrados para cumplir plan de entrenamiento\u00a0 en las instalaciones del Instituto Nacional de Deporte (IND). Los deportistas convocados son: Yolimar P\u00e9rez, Mariesthela Vilera, Hersony [&hellip;]\" \/>\n<meta property=\"og:url\" content=\"https:\/\/stage3.rnv.gob.ve\/wp\/ciclismo-entrena-para-suramericanos-de-cochabamba\/\" \/>\n<meta property=\"og:site_name\" content=\"DEV RNV\" \/>\n<meta property=\"article:publisher\" content=\"https:\/\/www.facebook.com\/RadioNacionaldeVenezuela\" \/>\n<meta property=\"article:published_time\" content=\"2018-02-21T20:04:30+00:00\" \/>\n<meta property=\"article:modified_time\" content=\"2026-04-15T00:59:22+00:00\" \/>\n<meta name=\"author\" content=\"administrador\" \/>\n<meta name=\"twitter:card\" content=\"summary_large_image\" \/>\n<meta name=\"twitter:creator\" content=\"@RNVinformativa\" \/>\n<meta name=\"twitter:site\" content=\"@RNVinformativa\" \/>\n<meta name=\"twitter:label1\" content=\"Escrito por\" \/>\n\t<meta name=\"twitter:data1\" content=\"administrador\" \/>\n\t<meta name=\"twitter:label2\" content=\"Tiempo estimado de lectura\" \/>\n\t<meta name=\"twitter:data2\" content=\"2 minutos\" \/>\n<script type=\"application\/ld+json\" class=\"yoast-schema-graph\">{\"@context\":\"https:\\\/\\\/schema.org\",\"@graph\":[{\"@type\":\"Article\",\"@id\":\"https:\\\/\\\/stage3.rnv.gob.ve\\\/wp\\\/ciclismo-entrena-para-suramericanos-de-cochabamba\\\/#article\",\"isPartOf\":{\"@id\":\"https:\\\/\\\/stage3.rnv.gob.ve\\\/wp\\\/ciclismo-entrena-para-suramericanos-de-cochabamba\\\/\"},\"author\":{\"name\":\"administrador\",\"@id\":\"https:\\\/\\\/stage3.rnv.gob.ve\\\/wp\\\/#\\\/schema\\\/person\\\/0862ce8cde332e0bc63b8a243f0eea2c\"},\"headline\":\"Ciclismo entrena para Suramericanos de Cochabamba\",\"datePublished\":\"2018-02-21T20:04:30+00:00\",\"dateModified\":\"2026-04-15T00:59:22+00:00\",\"mainEntityOfPage\":{\"@id\":\"https:\\\/\\\/stage3.rnv.gob.ve\\\/wp\\\/ciclismo-entrena-para-suramericanos-de-cochabamba\\\/\"},\"wordCount\":365,\"publisher\":{\"@id\":\"https:\\\/\\\/stage3.rnv.gob.ve\\\/wp\\\/#organization\"},\"image\":{\"@id\":\"https:\\\/\\\/stage3.rnv.gob.ve\\\/wp\\\/ciclismo-entrena-para-suramericanos-de-cochabamba\\\/#primaryimage\"},\"thumbnailUrl\":\"\",\"keywords\":[\"feveciclismo\",\"ind\",\"RNV\",\"Venezuela Deportiva\"],\"articleSection\":[\"Deporte\"],\"inLanguage\":\"es\"},{\"@type\":\"WebPage\",\"@id\":\"https:\\\/\\\/stage3.rnv.gob.ve\\\/wp\\\/ciclismo-entrena-para-suramericanos-de-cochabamba\\\/\",\"url\":\"https:\\\/\\\/stage3.rnv.gob.ve\\\/wp\\\/ciclismo-entrena-para-suramericanos-de-cochabamba\\\/\",\"name\":\"Ciclismo entrena para Suramericanos de Cochabamba - DEV RNV\",\"isPartOf\":{\"@id\":\"https:\\\/\\\/stage3.rnv.gob.ve\\\/wp\\\/#website\"},\"primaryImageOfPage\":{\"@id\":\"https:\\\/\\\/stage3.rnv.gob.ve\\\/wp\\\/ciclismo-entrena-para-suramericanos-de-cochabamba\\\/#primaryimage\"},\"image\":{\"@id\":\"https:\\\/\\\/stage3.rnv.gob.ve\\\/wp\\\/ciclismo-entrena-para-suramericanos-de-cochabamba\\\/#primaryimage\"},\"thumbnailUrl\":\"\",\"datePublished\":\"2018-02-21T20:04:30+00:00\",\"dateModified\":\"2026-04-15T00:59:22+00:00\",\"breadcrumb\":{\"@id\":\"https:\\\/\\\/stage3.rnv.gob.ve\\\/wp\\\/ciclismo-entrena-para-suramericanos-de-cochabamba\\\/#breadcrumb\"},\"inLanguage\":\"es\",\"potentialAction\":[{\"@type\":\"ReadAction\",\"target\":[\"https:\\\/\\\/stage3.rnv.gob.ve\\\/wp\\\/ciclismo-entrena-para-suramericanos-de-cochabamba\\\/\"]}]},{\"@type\":\"ImageObject\",\"inLanguage\":\"es\",\"@id\":\"https:\\\/\\\/stage3.rnv.gob.ve\\\/wp\\\/ciclismo-entrena-para-suramericanos-de-cochabamba\\\/#primaryimage\",\"url\":\"\",\"contentUrl\":\"\"},{\"@type\":\"BreadcrumbList\",\"@id\":\"https:\\\/\\\/stage3.rnv.gob.ve\\\/wp\\\/ciclismo-entrena-para-suramericanos-de-cochabamba\\\/#breadcrumb\",\"itemListElement\":[{\"@type\":\"ListItem\",\"position\":1,\"name\":\"Portada\",\"item\":\"https:\\\/\\\/stage3.rnv.gob.ve\\\/wp\\\/\"},{\"@type\":\"ListItem\",\"position\":2,\"name\":\"Ciclismo Entrena Para Suramericanos De Cochabamba\"}]},{\"@type\":\"WebSite\",\"@id\":\"https:\\\/\\\/stage3.rnv.gob.ve\\\/wp\\\/#website\",\"url\":\"https:\\\/\\\/stage3.rnv.gob.ve\\\/wp\\\/\",\"name\":\"DEV RNV\",\"description\":\"Radio Nacional de Venezuela C.A.\",\"publisher\":{\"@id\":\"https:\\\/\\\/stage3.rnv.gob.ve\\\/wp\\\/#organization\"},\"potentialAction\":[{\"@type\":\"SearchAction\",\"target\":{\"@type\":\"EntryPoint\",\"urlTemplate\":\"https:\\\/\\\/stage3.rnv.gob.ve\\\/wp\\\/?s={search_term_string}\"},\"query-input\":{\"@type\":\"PropertyValueSpecification\",\"valueRequired\":true,\"valueName\":\"search_term_string\"}}],\"inLanguage\":\"es\"},{\"@type\":\"Organization\",\"@id\":\"https:\\\/\\\/stage3.rnv.gob.ve\\\/wp\\\/#organization\",\"name\":\"Radio Nacional de Venezuela C.A.\",\"url\":\"https:\\\/\\\/stage3.rnv.gob.ve\\\/wp\\\/\",\"logo\":{\"@type\":\"ImageObject\",\"inLanguage\":\"es\",\"@id\":\"https:\\\/\\\/stage3.rnv.gob.ve\\\/wp\\\/#\\\/schema\\\/logo\\\/image\\\/\",\"url\":\"http:\\\/\\\/rnv.ddns.net\\\/prensa\\\/wp-content\\\/uploads\\\/2022\\\/04\\\/rnv-1-300x227-1.jpg\",\"contentUrl\":\"http:\\\/\\\/rnv.ddns.net\\\/prensa\\\/wp-content\\\/uploads\\\/2022\\\/04\\\/rnv-1-300x227-1.jpg\",\"width\":800,\"height\":455,\"caption\":\"Radio Nacional de Venezuela C.A.\"},\"image\":{\"@id\":\"https:\\\/\\\/stage3.rnv.gob.ve\\\/wp\\\/#\\\/schema\\\/logo\\\/image\\\/\"},\"sameAs\":[\"https:\\\/\\\/www.facebook.com\\\/RadioNacionaldeVenezuela\",\"https:\\\/\\\/x.com\\\/RNVinformativa\",\"https:\\\/\\\/www.instagram.com\\\/rnvinformativa\\\/\",\"https:\\\/\\\/www.youtube.com\\\/user\\\/RNVContigo\"]},{\"@type\":\"Person\",\"@id\":\"https:\\\/\\\/stage3.rnv.gob.ve\\\/wp\\\/#\\\/schema\\\/person\\\/0862ce8cde332e0bc63b8a243f0eea2c\",\"name\":\"administrador\",\"sameAs\":[\"http:\\\/\\\/arnoldoeloy.net\"],\"url\":\"https:\\\/\\\/stage3.rnv.gob.ve\\\/wp\\\/author\\\/administrador\\\/\"}]}<\/script>\n<!-- \/ Yoast SEO plugin. -->","yoast_head_json":{"title":"Ciclismo entrena para Suramericanos de Cochabamba - DEV RNV","robots":{"index":"noindex","follow":"follow","max-snippet":"max-snippet:-1","max-image-preview":"max-image-preview:large","max-video-preview":"max-video-preview:-1"},"og_locale":"es_ES","og_type":"article","og_title":"Ciclismo entrena para Suramericanos de Cochabamba - DEV RNV","og_description":"Con el prop\u00f3sito de prepararse para los pr\u00f3ximos Juegos Suramericanos, a celebrarse del 26 de mayo al 8 de junio en Bolivia, siete atletas de la selecci\u00f3n nacional de ciclismo est\u00e1n concentrados para cumplir plan de entrenamiento\u00a0 en las instalaciones del Instituto Nacional de Deporte (IND). Los deportistas convocados son: Yolimar P\u00e9rez, Mariesthela Vilera, Hersony [&hellip;]","og_url":"https:\/\/stage3.rnv.gob.ve\/wp\/ciclismo-entrena-para-suramericanos-de-cochabamba\/","og_site_name":"DEV RNV","article_publisher":"https:\/\/www.facebook.com\/RadioNacionaldeVenezuela","article_published_time":"2018-02-21T20:04:30+00:00","article_modified_time":"2026-04-15T00:59:22+00:00","author":"administrador","twitter_card":"summary_large_image","twitter_creator":"@RNVinformativa","twitter_site":"@RNVinformativa","twitter_misc":{"Escrito por":"administrador","Tiempo estimado de lectura":"2 minutos"},"schema":{"@context":"https:\/\/schema.org","@graph":[{"@type":"Article","@id":"https:\/\/stage3.rnv.gob.ve\/wp\/ciclismo-entrena-para-suramericanos-de-cochabamba\/#article","isPartOf":{"@id":"https:\/\/stage3.rnv.gob.ve\/wp\/ciclismo-entrena-para-suramericanos-de-cochabamba\/"},"author":{"name":"administrador","@id":"https:\/\/stage3.rnv.gob.ve\/wp\/#\/schema\/person\/0862ce8cde332e0bc63b8a243f0eea2c"},"headline":"Ciclismo entrena para Suramericanos de Cochabamba","datePublished":"2018-02-21T20:04:30+00:00","dateModified":"2026-04-15T00:59:22+00:00","mainEntityOfPage":{"@id":"https:\/\/stage3.rnv.gob.ve\/wp\/ciclismo-entrena-para-suramericanos-de-cochabamba\/"},"wordCount":365,"publisher":{"@id":"https:\/\/stage3.rnv.gob.ve\/wp\/#organization"},"image":{"@id":"https:\/\/stage3.rnv.gob.ve\/wp\/ciclismo-entrena-para-suramericanos-de-cochabamba\/#primaryimage"},"thumbnailUrl":"","keywords":["feveciclismo","ind","RNV","Venezuela Deportiva"],"articleSection":["Deporte"],"inLanguage":"es"},{"@type":"WebPage","@id":"https:\/\/stage3.rnv.gob.ve\/wp\/ciclismo-entrena-para-suramericanos-de-cochabamba\/","url":"https:\/\/stage3.rnv.gob.ve\/wp\/ciclismo-entrena-para-suramericanos-de-cochabamba\/","name":"Ciclismo entrena para Suramericanos de Cochabamba - DEV RNV","isPartOf":{"@id":"https:\/\/stage3.rnv.gob.ve\/wp\/#website"},"primaryImageOfPage":{"@id":"https:\/\/stage3.rnv.gob.ve\/wp\/ciclismo-entrena-para-suramericanos-de-cochabamba\/#primaryimage"},"image":{"@id":"https:\/\/stage3.rnv.gob.ve\/wp\/ciclismo-entrena-para-suramericanos-de-cochabamba\/#primaryimage"},"thumbnailUrl":"","datePublished":"2018-02-21T20:04:30+00:00","dateModified":"2026-04-15T00:59:22+00:00","breadcrumb":{"@id":"https:\/\/stage3.rnv.gob.ve\/wp\/ciclismo-entrena-para-suramericanos-de-cochabamba\/#breadcrumb"},"inLanguage":"es","potentialAction":[{"@type":"ReadAction","target":["https:\/\/stage3.rnv.gob.ve\/wp\/ciclismo-entrena-para-suramericanos-de-cochabamba\/"]}]},{"@type":"ImageObject","inLanguage":"es","@id":"https:\/\/stage3.rnv.gob.ve\/wp\/ciclismo-entrena-para-suramericanos-de-cochabamba\/#primaryimage","url":"","contentUrl":""},{"@type":"BreadcrumbList","@id":"https:\/\/stage3.rnv.gob.ve\/wp\/ciclismo-entrena-para-suramericanos-de-cochabamba\/#breadcrumb","itemListElement":[{"@type":"ListItem","position":1,"name":"Portada","item":"https:\/\/stage3.rnv.gob.ve\/wp\/"},{"@type":"ListItem","position":2,"name":"Ciclismo Entrena Para Suramericanos De Cochabamba"}]},{"@type":"WebSite","@id":"https:\/\/stage3.rnv.gob.ve\/wp\/#website","url":"https:\/\/stage3.rnv.gob.ve\/wp\/","name":"DEV RNV","description":"Radio Nacional de Venezuela C.A.","publisher":{"@id":"https:\/\/stage3.rnv.gob.ve\/wp\/#organization"},"potentialAction":[{"@type":"SearchAction","target":{"@type":"EntryPoint","urlTemplate":"https:\/\/stage3.rnv.gob.ve\/wp\/?s={search_term_string}"},"query-input":{"@type":"PropertyValueSpecification","valueRequired":true,"valueName":"search_term_string"}}],"inLanguage":"es"},{"@type":"Organization","@id":"https:\/\/stage3.rnv.gob.ve\/wp\/#organization","name":"Radio Nacional de Venezuela C.A.","url":"https:\/\/stage3.rnv.gob.ve\/wp\/","logo":{"@type":"ImageObject","inLanguage":"es","@id":"https:\/\/stage3.rnv.gob.ve\/wp\/#\/schema\/logo\/image\/","url":"http:\/\/rnv.ddns.net\/prensa\/wp-content\/uploads\/2022\/04\/rnv-1-300x227-1.jpg","contentUrl":"http:\/\/rnv.ddns.net\/prensa\/wp-content\/uploads\/2022\/04\/rnv-1-300x227-1.jpg","width":800,"height":455,"caption":"Radio Nacional de Venezuela C.A."},"image":{"@id":"https:\/\/stage3.rnv.gob.ve\/wp\/#\/schema\/logo\/image\/"},"sameAs":["https:\/\/www.facebook.com\/RadioNacionaldeVenezuela","https:\/\/x.com\/RNVinformativa","https:\/\/www.instagram.com\/rnvinformativa\/","https:\/\/www.youtube.com\/user\/RNVContigo"]},{"@type":"Person","@id":"https:\/\/stage3.rnv.gob.ve\/wp\/#\/schema\/person\/0862ce8cde332e0bc63b8a243f0eea2c","name":"administrador","sameAs":["http:\/\/arnoldoeloy.net"],"url":"https:\/\/stage3.rnv.gob.ve\/wp\/author\/administrador\/"}]}},"jetpack_featured_media_url":"","_links":{"self":[{"href":"https:\/\/stage3.rnv.gob.ve\/wp\/wp-json\/wp\/v2\/posts\/206066","targetHints":{"allow":["GET"]}}],"collection":[{"href":"https:\/\/stage3.rnv.gob.ve\/wp\/wp-json\/wp\/v2\/posts"}],"about":[{"href":"https:\/\/stage3.rnv.gob.ve\/wp\/wp-json\/wp\/v2\/types\/post"}],"author":[{"embeddable":true,"href":"https:\/\/stage3.rnv.gob.ve\/wp\/wp-json\/wp\/v2\/users\/1"}],"replies":[{"embeddable":true,"href":"https:\/\/stage3.rnv.gob.ve\/wp\/wp-json\/wp\/v2\/comments?post=206066"}],"version-history":[{"count":0,"href":"https:\/\/stage3.rnv.gob.ve\/wp\/wp-json\/wp\/v2\/posts\/206066\/revisions"}],"wp:featuredmedia":[{"embeddable":true,"href":"https:\/\/stage3.rnv.gob.ve\/wp\/wp-json\/"}],"wp:attachment":[{"href":"https:\/\/stage3.rnv.gob.ve\/wp\/wp-json\/wp\/v2\/media?parent=206066"}],"wp:term":[{"taxonomy":"category","embeddable":true,"href":"https:\/\/stage3.rnv.gob.ve\/wp\/wp-json\/wp\/v2\/categories?post=206066"},{"taxonomy":"post_tag","embeddable":true,"href":"https:\/\/stage3.rnv.gob.ve\/wp\/wp-json\/wp\/v2\/tags?post=206066"}],"curies":[{"name":"wp","href":"https:\/\/api.w.org\/{rel}","templated":true}]}}