{"id":204500,"date":"2018-02-14T11:07:39","date_gmt":"2018-02-14T15:37:39","guid":{"rendered":"https:\/\/stage3.rnv.gob.ve\/wp\/?p=204500"},"modified":"2018-02-14T11:07:39","modified_gmt":"2018-02-14T15:37:39","slug":"operativo-de-carnaval-disminuyo-el-40-accidentes-de-transito-con-fallecidos","status":"publish","type":"post","link":"https:\/\/stage3.rnv.gob.ve\/wp\/operativo-de-carnaval-disminuyo-el-40-accidentes-de-transito-con-fallecidos\/","title":{"rendered":"M\u00e1s de 8 millones de personas se movilizaron en Carnaval"},"content":{"rendered":"<figure id=\"attachment_204502\" aria-describedby=\"caption-attachment-204502\" style=\"width: 300px\" class=\"wp-caption alignleft\"><img fetchpriority=\"high\" decoding=\"async\" class=\"size-medium wp-image-204502\" src=\"https:\/\/stage3.rnv.gob.ve\/wp\/wp-content\/uploads\/2018\/02\/DWAYAr7X4AUIU-z-300x169.jpg\" alt=\"\" width=\"300\" height=\"169\" \/><figcaption id=\"caption-attachment-204502\" class=\"wp-caption-text\">Foto v\u00eda Twitter<\/figcaption><\/figure>\n<p>N\u00e9stor Reverol, ministro para Relaciones Interiores, Justicia y Paz, ofreci\u00f3 un balance este mi\u00e9rcoles del dispositivo \u201cCarnavales Seguros 2018\u201d, destacando que m\u00e1s de 8 millones de personas se movilizaron con fines tur\u00edsticos durante los d\u00edas de asueto.<!--more--><\/p>\n<p>\u201cEso nos permite determinar que el dispositivo desplegado fue un \u00e9xito, se movilizaron 8 millones 382 personas con fines tur\u00edsticos, por tierra, mar y aire\u201d, agreg\u00f3.<\/p>\n<p>Igualmente detall\u00f3 que se redujo en 36,3 por ciento el \u00edndice de accidentes de tr\u00e1nsito, en 38,6 por ciento los accidentes con da\u00f1os materiales y en 40 por ciento los accidentes con fallecidos.<\/p>\n<p>Calific\u00f3 la jornada de exitosa y productiva y a\u00f1adi\u00f3 que cont\u00f3 con la participaci\u00f3n de 184 mil hombres y mujeres, resaltando que fue activado el sistema nacional de gesti\u00f3n de riesgo permitiendo que se eviten accidentes y dem\u00e1s incidentes.<\/p>\n<p>El Ministro a\u00f1adi\u00f3 que los parques naturales del territorio nacional recibieron la visita de m\u00e1s de 392 mil personas; \u201ces importante destacar que la familia venezolana utiliz\u00f3 estos d\u00edas para compartir y disfrutar de nuestras bellezas naturales\u201d.<\/p>\n<p>Desde el Parque Nacional Warairarepano indic\u00f3 que todos los niveles de gobierno se desplegaron para garantizar el disfrute de la poblaci\u00f3n y el desarrollo de las actividades recreativas y culturales.<\/p>\n<p>&nbsp;<\/p>\n<p><strong style=\"line-height: inherit;\">Escuche las declaraciones del Ministro N\u00e9stor Reverol<\/strong><\/p>\n<audio class=\"wp-audio-shortcode\" id=\"audio-204500-1\" preload=\"none\" style=\"width: 100%;\" controls=\"controls\"><source type=\"audio\/mpeg\" src=\"https:\/\/stage3.rnv.gob.ve\/wp\/wp-content\/uploads\/2018\/02\/reverol.mp3?_=1\" \/><a href=\"https:\/\/stage3.rnv.gob.ve\/wp\/wp-content\/uploads\/2018\/02\/reverol.mp3\">https:\/\/stage3.rnv.gob.ve\/wp\/wp-content\/uploads\/2018\/02\/reverol.mp3<\/a><\/audio>\n<p><strong>T\/RNV Web<\/strong><\/p>\n<p>&nbsp;<\/p>\n<p>&nbsp;<\/p>\n","protected":false},"excerpt":{"rendered":"<p>N\u00e9stor Reverol, ministro para Relaciones Interiores, Justicia y Paz, ofreci\u00f3 un balance este mi\u00e9rcoles del dispositivo \u201cCarnavales Seguros 2018\u201d, destacando que m\u00e1s de 8 millones de personas se movilizaron con fines tur\u00edsticos durante los d\u00edas de asueto.<\/p>\n","protected":false},"author":1,"featured_media":204502,"comment_status":"closed","ping_status":"open","sticky":false,"template":"","format":"standard","meta":{"_acf_changed":false,"footnotes":""},"categories":[65],"tags":[10372,829,82],"class_list":["post-204500","post","type-post","status-publish","format-standard","has-post-thumbnail","hentry","category-nacional","tag-carnaval","tag-despliegue","tag-rnv"],"acf":[],"yoast_head":"<!-- This site is optimized with the Yoast SEO plugin v27.4 - https:\/\/yoast.com\/product\/yoast-seo-wordpress\/ -->\n<title>M\u00e1s de 8 millones de personas se movilizaron en Carnaval - DEV RNV<\/title>\n<meta name=\"robots\" content=\"noindex, follow, max-snippet:-1, max-image-preview:large, max-video-preview:-1\" \/>\n<meta property=\"og:locale\" content=\"es_ES\" \/>\n<meta property=\"og:type\" content=\"article\" \/>\n<meta property=\"og:title\" content=\"M\u00e1s de 8 millones de personas se movilizaron en Carnaval - DEV RNV\" \/>\n<meta property=\"og:description\" content=\"N\u00e9stor Reverol, ministro para Relaciones Interiores, Justicia y Paz, ofreci\u00f3 un balance este mi\u00e9rcoles del dispositivo \u201cCarnavales Seguros 2018\u201d, destacando que m\u00e1s de 8 millones de personas se movilizaron con fines tur\u00edsticos durante los d\u00edas de asueto.\" \/>\n<meta property=\"og:url\" content=\"https:\/\/stage3.rnv.gob.ve\/wp\/operativo-de-carnaval-disminuyo-el-40-accidentes-de-transito-con-fallecidos\/\" \/>\n<meta property=\"og:site_name\" content=\"DEV RNV\" \/>\n<meta property=\"article:publisher\" content=\"https:\/\/www.facebook.com\/RadioNacionaldeVenezuela\" \/>\n<meta property=\"article:published_time\" content=\"2018-02-14T15:37:39+00:00\" \/>\n<meta name=\"author\" content=\"administrador\" \/>\n<meta name=\"twitter:card\" content=\"summary_large_image\" \/>\n<meta name=\"twitter:creator\" content=\"@RNVinformativa\" \/>\n<meta name=\"twitter:site\" content=\"@RNVinformativa\" \/>\n<meta name=\"twitter:label1\" content=\"Escrito por\" \/>\n\t<meta name=\"twitter:data1\" content=\"administrador\" \/>\n\t<meta name=\"twitter:label2\" content=\"Tiempo estimado de lectura\" \/>\n\t<meta name=\"twitter:data2\" content=\"1 minuto\" \/>\n<script type=\"application\/ld+json\" class=\"yoast-schema-graph\">{\"@context\":\"https:\\\/\\\/schema.org\",\"@graph\":[{\"@type\":\"Article\",\"@id\":\"https:\\\/\\\/stage3.rnv.gob.ve\\\/wp\\\/operativo-de-carnaval-disminuyo-el-40-accidentes-de-transito-con-fallecidos\\\/#article\",\"isPartOf\":{\"@id\":\"https:\\\/\\\/stage3.rnv.gob.ve\\\/wp\\\/operativo-de-carnaval-disminuyo-el-40-accidentes-de-transito-con-fallecidos\\\/\"},\"author\":{\"name\":\"administrador\",\"@id\":\"https:\\\/\\\/stage3.rnv.gob.ve\\\/wp\\\/#\\\/schema\\\/person\\\/0862ce8cde332e0bc63b8a243f0eea2c\"},\"headline\":\"M\u00e1s de 8 millones de personas se movilizaron en Carnaval\",\"datePublished\":\"2018-02-14T15:37:39+00:00\",\"mainEntityOfPage\":{\"@id\":\"https:\\\/\\\/stage3.rnv.gob.ve\\\/wp\\\/operativo-de-carnaval-disminuyo-el-40-accidentes-de-transito-con-fallecidos\\\/\"},\"wordCount\":257,\"publisher\":{\"@id\":\"https:\\\/\\\/stage3.rnv.gob.ve\\\/wp\\\/#organization\"},\"image\":{\"@id\":\"https:\\\/\\\/stage3.rnv.gob.ve\\\/wp\\\/operativo-de-carnaval-disminuyo-el-40-accidentes-de-transito-con-fallecidos\\\/#primaryimage\"},\"thumbnailUrl\":\"\",\"keywords\":[\"carnaval\",\"despliegue\",\"RNV\"],\"articleSection\":[\"Nacional\"],\"inLanguage\":\"es\"},{\"@type\":\"WebPage\",\"@id\":\"https:\\\/\\\/stage3.rnv.gob.ve\\\/wp\\\/operativo-de-carnaval-disminuyo-el-40-accidentes-de-transito-con-fallecidos\\\/\",\"url\":\"https:\\\/\\\/stage3.rnv.gob.ve\\\/wp\\\/operativo-de-carnaval-disminuyo-el-40-accidentes-de-transito-con-fallecidos\\\/\",\"name\":\"M\u00e1s de 8 millones de personas se movilizaron en Carnaval - DEV RNV\",\"isPartOf\":{\"@id\":\"https:\\\/\\\/stage3.rnv.gob.ve\\\/wp\\\/#website\"},\"primaryImageOfPage\":{\"@id\":\"https:\\\/\\\/stage3.rnv.gob.ve\\\/wp\\\/operativo-de-carnaval-disminuyo-el-40-accidentes-de-transito-con-fallecidos\\\/#primaryimage\"},\"image\":{\"@id\":\"https:\\\/\\\/stage3.rnv.gob.ve\\\/wp\\\/operativo-de-carnaval-disminuyo-el-40-accidentes-de-transito-con-fallecidos\\\/#primaryimage\"},\"thumbnailUrl\":\"\",\"datePublished\":\"2018-02-14T15:37:39+00:00\",\"breadcrumb\":{\"@id\":\"https:\\\/\\\/stage3.rnv.gob.ve\\\/wp\\\/operativo-de-carnaval-disminuyo-el-40-accidentes-de-transito-con-fallecidos\\\/#breadcrumb\"},\"inLanguage\":\"es\",\"potentialAction\":[{\"@type\":\"ReadAction\",\"target\":[\"https:\\\/\\\/stage3.rnv.gob.ve\\\/wp\\\/operativo-de-carnaval-disminuyo-el-40-accidentes-de-transito-con-fallecidos\\\/\"]}]},{\"@type\":\"ImageObject\",\"inLanguage\":\"es\",\"@id\":\"https:\\\/\\\/stage3.rnv.gob.ve\\\/wp\\\/operativo-de-carnaval-disminuyo-el-40-accidentes-de-transito-con-fallecidos\\\/#primaryimage\",\"url\":\"\",\"contentUrl\":\"\"},{\"@type\":\"BreadcrumbList\",\"@id\":\"https:\\\/\\\/stage3.rnv.gob.ve\\\/wp\\\/operativo-de-carnaval-disminuyo-el-40-accidentes-de-transito-con-fallecidos\\\/#breadcrumb\",\"itemListElement\":[{\"@type\":\"ListItem\",\"position\":1,\"name\":\"Portada\",\"item\":\"https:\\\/\\\/stage3.rnv.gob.ve\\\/wp\\\/\"},{\"@type\":\"ListItem\",\"position\":2,\"name\":\"M\u00e1s De 8 Millones De Personas Se Movilizaron En Carnaval\"}]},{\"@type\":\"WebSite\",\"@id\":\"https:\\\/\\\/stage3.rnv.gob.ve\\\/wp\\\/#website\",\"url\":\"https:\\\/\\\/stage3.rnv.gob.ve\\\/wp\\\/\",\"name\":\"DEV RNV\",\"description\":\"Radio Nacional de Venezuela C.A.\",\"publisher\":{\"@id\":\"https:\\\/\\\/stage3.rnv.gob.ve\\\/wp\\\/#organization\"},\"potentialAction\":[{\"@type\":\"SearchAction\",\"target\":{\"@type\":\"EntryPoint\",\"urlTemplate\":\"https:\\\/\\\/stage3.rnv.gob.ve\\\/wp\\\/?s={search_term_string}\"},\"query-input\":{\"@type\":\"PropertyValueSpecification\",\"valueRequired\":true,\"valueName\":\"search_term_string\"}}],\"inLanguage\":\"es\"},{\"@type\":\"Organization\",\"@id\":\"https:\\\/\\\/stage3.rnv.gob.ve\\\/wp\\\/#organization\",\"name\":\"Radio Nacional de Venezuela C.A.\",\"url\":\"https:\\\/\\\/stage3.rnv.gob.ve\\\/wp\\\/\",\"logo\":{\"@type\":\"ImageObject\",\"inLanguage\":\"es\",\"@id\":\"https:\\\/\\\/stage3.rnv.gob.ve\\\/wp\\\/#\\\/schema\\\/logo\\\/image\\\/\",\"url\":\"http:\\\/\\\/rnv.ddns.net\\\/prensa\\\/wp-content\\\/uploads\\\/2022\\\/04\\\/rnv-1-300x227-1.jpg\",\"contentUrl\":\"http:\\\/\\\/rnv.ddns.net\\\/prensa\\\/wp-content\\\/uploads\\\/2022\\\/04\\\/rnv-1-300x227-1.jpg\",\"width\":800,\"height\":455,\"caption\":\"Radio Nacional de Venezuela C.A.\"},\"image\":{\"@id\":\"https:\\\/\\\/stage3.rnv.gob.ve\\\/wp\\\/#\\\/schema\\\/logo\\\/image\\\/\"},\"sameAs\":[\"https:\\\/\\\/www.facebook.com\\\/RadioNacionaldeVenezuela\",\"https:\\\/\\\/x.com\\\/RNVinformativa\",\"https:\\\/\\\/www.instagram.com\\\/rnvinformativa\\\/\",\"https:\\\/\\\/www.youtube.com\\\/user\\\/RNVContigo\"]},{\"@type\":\"Person\",\"@id\":\"https:\\\/\\\/stage3.rnv.gob.ve\\\/wp\\\/#\\\/schema\\\/person\\\/0862ce8cde332e0bc63b8a243f0eea2c\",\"name\":\"administrador\",\"sameAs\":[\"http:\\\/\\\/arnoldoeloy.net\"],\"url\":\"https:\\\/\\\/stage3.rnv.gob.ve\\\/wp\\\/author\\\/administrador\\\/\"}]}<\/script>\n<!-- \/ Yoast SEO plugin. -->","yoast_head_json":{"title":"M\u00e1s de 8 millones de personas se movilizaron en Carnaval - DEV RNV","robots":{"index":"noindex","follow":"follow","max-snippet":"max-snippet:-1","max-image-preview":"max-image-preview:large","max-video-preview":"max-video-preview:-1"},"og_locale":"es_ES","og_type":"article","og_title":"M\u00e1s de 8 millones de personas se movilizaron en Carnaval - DEV RNV","og_description":"N\u00e9stor Reverol, ministro para Relaciones Interiores, Justicia y Paz, ofreci\u00f3 un balance este mi\u00e9rcoles del dispositivo \u201cCarnavales Seguros 2018\u201d, destacando que m\u00e1s de 8 millones de personas se movilizaron con fines tur\u00edsticos durante los d\u00edas de asueto.","og_url":"https:\/\/stage3.rnv.gob.ve\/wp\/operativo-de-carnaval-disminuyo-el-40-accidentes-de-transito-con-fallecidos\/","og_site_name":"DEV RNV","article_publisher":"https:\/\/www.facebook.com\/RadioNacionaldeVenezuela","article_published_time":"2018-02-14T15:37:39+00:00","author":"administrador","twitter_card":"summary_large_image","twitter_creator":"@RNVinformativa","twitter_site":"@RNVinformativa","twitter_misc":{"Escrito por":"administrador","Tiempo estimado de lectura":"1 minuto"},"schema":{"@context":"https:\/\/schema.org","@graph":[{"@type":"Article","@id":"https:\/\/stage3.rnv.gob.ve\/wp\/operativo-de-carnaval-disminuyo-el-40-accidentes-de-transito-con-fallecidos\/#article","isPartOf":{"@id":"https:\/\/stage3.rnv.gob.ve\/wp\/operativo-de-carnaval-disminuyo-el-40-accidentes-de-transito-con-fallecidos\/"},"author":{"name":"administrador","@id":"https:\/\/stage3.rnv.gob.ve\/wp\/#\/schema\/person\/0862ce8cde332e0bc63b8a243f0eea2c"},"headline":"M\u00e1s de 8 millones de personas se movilizaron en Carnaval","datePublished":"2018-02-14T15:37:39+00:00","mainEntityOfPage":{"@id":"https:\/\/stage3.rnv.gob.ve\/wp\/operativo-de-carnaval-disminuyo-el-40-accidentes-de-transito-con-fallecidos\/"},"wordCount":257,"publisher":{"@id":"https:\/\/stage3.rnv.gob.ve\/wp\/#organization"},"image":{"@id":"https:\/\/stage3.rnv.gob.ve\/wp\/operativo-de-carnaval-disminuyo-el-40-accidentes-de-transito-con-fallecidos\/#primaryimage"},"thumbnailUrl":"","keywords":["carnaval","despliegue","RNV"],"articleSection":["Nacional"],"inLanguage":"es"},{"@type":"WebPage","@id":"https:\/\/stage3.rnv.gob.ve\/wp\/operativo-de-carnaval-disminuyo-el-40-accidentes-de-transito-con-fallecidos\/","url":"https:\/\/stage3.rnv.gob.ve\/wp\/operativo-de-carnaval-disminuyo-el-40-accidentes-de-transito-con-fallecidos\/","name":"M\u00e1s de 8 millones de personas se movilizaron en Carnaval - DEV RNV","isPartOf":{"@id":"https:\/\/stage3.rnv.gob.ve\/wp\/#website"},"primaryImageOfPage":{"@id":"https:\/\/stage3.rnv.gob.ve\/wp\/operativo-de-carnaval-disminuyo-el-40-accidentes-de-transito-con-fallecidos\/#primaryimage"},"image":{"@id":"https:\/\/stage3.rnv.gob.ve\/wp\/operativo-de-carnaval-disminuyo-el-40-accidentes-de-transito-con-fallecidos\/#primaryimage"},"thumbnailUrl":"","datePublished":"2018-02-14T15:37:39+00:00","breadcrumb":{"@id":"https:\/\/stage3.rnv.gob.ve\/wp\/operativo-de-carnaval-disminuyo-el-40-accidentes-de-transito-con-fallecidos\/#breadcrumb"},"inLanguage":"es","potentialAction":[{"@type":"ReadAction","target":["https:\/\/stage3.rnv.gob.ve\/wp\/operativo-de-carnaval-disminuyo-el-40-accidentes-de-transito-con-fallecidos\/"]}]},{"@type":"ImageObject","inLanguage":"es","@id":"https:\/\/stage3.rnv.gob.ve\/wp\/operativo-de-carnaval-disminuyo-el-40-accidentes-de-transito-con-fallecidos\/#primaryimage","url":"","contentUrl":""},{"@type":"BreadcrumbList","@id":"https:\/\/stage3.rnv.gob.ve\/wp\/operativo-de-carnaval-disminuyo-el-40-accidentes-de-transito-con-fallecidos\/#breadcrumb","itemListElement":[{"@type":"ListItem","position":1,"name":"Portada","item":"https:\/\/stage3.rnv.gob.ve\/wp\/"},{"@type":"ListItem","position":2,"name":"M\u00e1s De 8 Millones De Personas Se Movilizaron En Carnaval"}]},{"@type":"WebSite","@id":"https:\/\/stage3.rnv.gob.ve\/wp\/#website","url":"https:\/\/stage3.rnv.gob.ve\/wp\/","name":"DEV RNV","description":"Radio Nacional de Venezuela C.A.","publisher":{"@id":"https:\/\/stage3.rnv.gob.ve\/wp\/#organization"},"potentialAction":[{"@type":"SearchAction","target":{"@type":"EntryPoint","urlTemplate":"https:\/\/stage3.rnv.gob.ve\/wp\/?s={search_term_string}"},"query-input":{"@type":"PropertyValueSpecification","valueRequired":true,"valueName":"search_term_string"}}],"inLanguage":"es"},{"@type":"Organization","@id":"https:\/\/stage3.rnv.gob.ve\/wp\/#organization","name":"Radio Nacional de Venezuela C.A.","url":"https:\/\/stage3.rnv.gob.ve\/wp\/","logo":{"@type":"ImageObject","inLanguage":"es","@id":"https:\/\/stage3.rnv.gob.ve\/wp\/#\/schema\/logo\/image\/","url":"http:\/\/rnv.ddns.net\/prensa\/wp-content\/uploads\/2022\/04\/rnv-1-300x227-1.jpg","contentUrl":"http:\/\/rnv.ddns.net\/prensa\/wp-content\/uploads\/2022\/04\/rnv-1-300x227-1.jpg","width":800,"height":455,"caption":"Radio Nacional de Venezuela C.A."},"image":{"@id":"https:\/\/stage3.rnv.gob.ve\/wp\/#\/schema\/logo\/image\/"},"sameAs":["https:\/\/www.facebook.com\/RadioNacionaldeVenezuela","https:\/\/x.com\/RNVinformativa","https:\/\/www.instagram.com\/rnvinformativa\/","https:\/\/www.youtube.com\/user\/RNVContigo"]},{"@type":"Person","@id":"https:\/\/stage3.rnv.gob.ve\/wp\/#\/schema\/person\/0862ce8cde332e0bc63b8a243f0eea2c","name":"administrador","sameAs":["http:\/\/arnoldoeloy.net"],"url":"https:\/\/stage3.rnv.gob.ve\/wp\/author\/administrador\/"}]}},"jetpack_featured_media_url":"","_links":{"self":[{"href":"https:\/\/stage3.rnv.gob.ve\/wp\/wp-json\/wp\/v2\/posts\/204500","targetHints":{"allow":["GET"]}}],"collection":[{"href":"https:\/\/stage3.rnv.gob.ve\/wp\/wp-json\/wp\/v2\/posts"}],"about":[{"href":"https:\/\/stage3.rnv.gob.ve\/wp\/wp-json\/wp\/v2\/types\/post"}],"author":[{"embeddable":true,"href":"https:\/\/stage3.rnv.gob.ve\/wp\/wp-json\/wp\/v2\/users\/1"}],"replies":[{"embeddable":true,"href":"https:\/\/stage3.rnv.gob.ve\/wp\/wp-json\/wp\/v2\/comments?post=204500"}],"version-history":[{"count":0,"href":"https:\/\/stage3.rnv.gob.ve\/wp\/wp-json\/wp\/v2\/posts\/204500\/revisions"}],"wp:featuredmedia":[{"embeddable":true,"href":"https:\/\/stage3.rnv.gob.ve\/wp\/wp-json\/"}],"wp:attachment":[{"href":"https:\/\/stage3.rnv.gob.ve\/wp\/wp-json\/wp\/v2\/media?parent=204500"}],"wp:term":[{"taxonomy":"category","embeddable":true,"href":"https:\/\/stage3.rnv.gob.ve\/wp\/wp-json\/wp\/v2\/categories?post=204500"},{"taxonomy":"post_tag","embeddable":true,"href":"https:\/\/stage3.rnv.gob.ve\/wp\/wp-json\/wp\/v2\/tags?post=204500"}],"curies":[{"name":"wp","href":"https:\/\/api.w.org\/{rel}","templated":true}]}}