{"id":203440,"date":"2018-02-08T09:58:04","date_gmt":"2018-02-08T14:28:04","guid":{"rendered":"https:\/\/stage3.rnv.gob.ve\/wp\/?p=203440"},"modified":"2018-02-08T09:58:04","modified_gmt":"2018-02-08T14:28:04","slug":"encuestadora-ics-563-de-los-venezolanos-reelegira-al-presidente-maduro","status":"publish","type":"post","link":"https:\/\/stage3.rnv.gob.ve\/wp\/encuestadora-ics-563-de-los-venezolanos-reelegira-al-presidente-maduro\/","title":{"rendered":"Encuestadora ICS: 56,3% de los venezolanos reelegir\u00e1 al presidente Maduro"},"content":{"rendered":"<p><img fetchpriority=\"high\" decoding=\"async\" class=\"aligncenter wp-image-203441 size-full\" src=\"https:\/\/stage3.rnv.gob.ve\/wp\/wp-content\/uploads\/2018\/02\/maduro-6.jpg\" alt=\"\" width=\"620\" height=\"400\" \/><\/p>\n<p>Un estudio realizado por la encuestadora ICS revel\u00f3 que 56,3% de los venezolanos reelegir\u00e1 al presidente de la Rep\u00fablica, Nicol\u00e1s Maduro, en los comicios que se realizar\u00e1n el pr\u00f3ximo 22 de abril.<!--more--><\/p>\n<p>\u00abEs un hecho que el Presidente Maduro va a ser reelecto para estas elecciones\u00bb, subray\u00f3 el director de ICS, Ronald S\u00e1nchez, al analizar los resultados del estudio, durante una entrevista concedida al programa Encendidos, transmitido por Venezolana de Televisi\u00f3n.<\/p>\n<p>La muestra arroj\u00f3, adem\u00e1s, que el 80,8% de los electores estar\u00e1 dispuesto a ejercer su derecho al voto. \u00abA la sociedad venezolana le gusta ir a votar porque entiende que el voto es el m\u00e1ximo nivel de di\u00e1logo y de entendimiento pol\u00edtico que pueden darse los venezolanos\u00bb, apunt\u00f3.<\/p>\n<p>Sobre la posibilidad de que ciertos sectores de la derecha pretendan sabotear las elecciones del 22 de abril, consider\u00f3 que no influir\u00e1n negativamente en el electorado y record\u00f3 que las acciones desestabilizadoras no surtieron efecto en las elecciones de la Asamblea Nacional Constituyente del 30 de julio, cuando m\u00e1s de 8 millones de venezolanos ejercieron su derecho al voto.<\/p>\n<p>En el sondeo los consultados respaldaron que durante el proceso de votaci\u00f3n exista una observaci\u00f3n internacional \u00abbien amplia y que de garant\u00eda de los resultados que se arrojen\u00bb, que fue uno de los puntos del Acuerdo de Convivencia Democr\u00e1tica por Venezuela que fue firmado esta semana por la delegaci\u00f3n del Gobierno, pero no por la oposici\u00f3n.<\/p>\n<p>Sobre el proceso de di\u00e1logo que ha impulsado el presidente Maduro con sectores de la oposici\u00f3n, la encuesta revel\u00f3 que 81,3% de los consultados respaldan los acuerdos concretos entre las partes y aspiran que se materialice un pacto de convivencia \u00abpara que no exista injerencia de gobiernos extranjeros\u00bb. \u00abLos venezolanos, sin importar su postura pol\u00edtica, est\u00e1n cansados de tanta diatriba y piden que las partes se pongan de acuerdo\u00bb, indic\u00f3 S\u00e1nchez.<\/p>\n<p>&nbsp;<\/p>\n<p><strong>T\/AVN<\/strong><\/p>\n","protected":false},"excerpt":{"rendered":"<p>Un estudio realizado por la encuestadora ICS revel\u00f3 que 56,3% de los venezolanos reelegir\u00e1 al presidente de la Rep\u00fablica, Nicol\u00e1s Maduro, en los comicios que se realizar\u00e1n el pr\u00f3ximo 22 de abril.<\/p>\n","protected":false},"author":1,"featured_media":203441,"comment_status":"closed","ping_status":"open","sticky":false,"template":"","format":"standard","meta":{"_acf_changed":false,"footnotes":""},"categories":[67],"tags":[413,147,82],"class_list":["post-203440","post","type-post","status-publish","format-standard","has-post-thumbnail","hentry","category-politica","tag-encuestas","tag-maduro","tag-rnv"],"acf":[],"yoast_head":"<!-- This site is optimized with the Yoast SEO plugin v27.4 - https:\/\/yoast.com\/product\/yoast-seo-wordpress\/ -->\n<title>Encuestadora ICS: 56,3% de los venezolanos reelegir\u00e1 al presidente Maduro - DEV RNV<\/title>\n<meta name=\"robots\" content=\"noindex, follow, max-snippet:-1, max-image-preview:large, max-video-preview:-1\" \/>\n<meta property=\"og:locale\" content=\"es_ES\" \/>\n<meta property=\"og:type\" content=\"article\" \/>\n<meta property=\"og:title\" content=\"Encuestadora ICS: 56,3% de los venezolanos reelegir\u00e1 al presidente Maduro - DEV RNV\" \/>\n<meta property=\"og:description\" content=\"Un estudio realizado por la encuestadora ICS revel\u00f3 que 56,3% de los venezolanos reelegir\u00e1 al presidente de la Rep\u00fablica, Nicol\u00e1s Maduro, en los comicios que se realizar\u00e1n el pr\u00f3ximo 22 de abril.\" \/>\n<meta property=\"og:url\" content=\"https:\/\/stage3.rnv.gob.ve\/wp\/encuestadora-ics-563-de-los-venezolanos-reelegira-al-presidente-maduro\/\" \/>\n<meta property=\"og:site_name\" content=\"DEV RNV\" \/>\n<meta property=\"article:publisher\" content=\"https:\/\/www.facebook.com\/RadioNacionaldeVenezuela\" \/>\n<meta property=\"article:published_time\" content=\"2018-02-08T14:28:04+00:00\" \/>\n<meta name=\"author\" content=\"administrador\" \/>\n<meta name=\"twitter:card\" content=\"summary_large_image\" \/>\n<meta name=\"twitter:creator\" content=\"@RNVinformativa\" \/>\n<meta name=\"twitter:site\" content=\"@RNVinformativa\" \/>\n<meta name=\"twitter:label1\" content=\"Escrito por\" \/>\n\t<meta name=\"twitter:data1\" content=\"administrador\" \/>\n\t<meta name=\"twitter:label2\" content=\"Tiempo estimado de lectura\" \/>\n\t<meta name=\"twitter:data2\" content=\"2 minutos\" \/>\n<script type=\"application\/ld+json\" class=\"yoast-schema-graph\">{\"@context\":\"https:\\\/\\\/schema.org\",\"@graph\":[{\"@type\":\"Article\",\"@id\":\"https:\\\/\\\/stage3.rnv.gob.ve\\\/wp\\\/encuestadora-ics-563-de-los-venezolanos-reelegira-al-presidente-maduro\\\/#article\",\"isPartOf\":{\"@id\":\"https:\\\/\\\/stage3.rnv.gob.ve\\\/wp\\\/encuestadora-ics-563-de-los-venezolanos-reelegira-al-presidente-maduro\\\/\"},\"author\":{\"name\":\"administrador\",\"@id\":\"https:\\\/\\\/stage3.rnv.gob.ve\\\/wp\\\/#\\\/schema\\\/person\\\/0862ce8cde332e0bc63b8a243f0eea2c\"},\"headline\":\"Encuestadora ICS: 56,3% de los venezolanos reelegir\u00e1 al presidente Maduro\",\"datePublished\":\"2018-02-08T14:28:04+00:00\",\"mainEntityOfPage\":{\"@id\":\"https:\\\/\\\/stage3.rnv.gob.ve\\\/wp\\\/encuestadora-ics-563-de-los-venezolanos-reelegira-al-presidente-maduro\\\/\"},\"wordCount\":333,\"publisher\":{\"@id\":\"https:\\\/\\\/stage3.rnv.gob.ve\\\/wp\\\/#organization\"},\"image\":{\"@id\":\"https:\\\/\\\/stage3.rnv.gob.ve\\\/wp\\\/encuestadora-ics-563-de-los-venezolanos-reelegira-al-presidente-maduro\\\/#primaryimage\"},\"thumbnailUrl\":\"\",\"keywords\":[\"encuestas\",\"maduro\",\"RNV\"],\"articleSection\":[\"Pol\u00edtica\"],\"inLanguage\":\"es\"},{\"@type\":\"WebPage\",\"@id\":\"https:\\\/\\\/stage3.rnv.gob.ve\\\/wp\\\/encuestadora-ics-563-de-los-venezolanos-reelegira-al-presidente-maduro\\\/\",\"url\":\"https:\\\/\\\/stage3.rnv.gob.ve\\\/wp\\\/encuestadora-ics-563-de-los-venezolanos-reelegira-al-presidente-maduro\\\/\",\"name\":\"Encuestadora ICS: 56,3% de los venezolanos reelegir\u00e1 al presidente Maduro - DEV RNV\",\"isPartOf\":{\"@id\":\"https:\\\/\\\/stage3.rnv.gob.ve\\\/wp\\\/#website\"},\"primaryImageOfPage\":{\"@id\":\"https:\\\/\\\/stage3.rnv.gob.ve\\\/wp\\\/encuestadora-ics-563-de-los-venezolanos-reelegira-al-presidente-maduro\\\/#primaryimage\"},\"image\":{\"@id\":\"https:\\\/\\\/stage3.rnv.gob.ve\\\/wp\\\/encuestadora-ics-563-de-los-venezolanos-reelegira-al-presidente-maduro\\\/#primaryimage\"},\"thumbnailUrl\":\"\",\"datePublished\":\"2018-02-08T14:28:04+00:00\",\"breadcrumb\":{\"@id\":\"https:\\\/\\\/stage3.rnv.gob.ve\\\/wp\\\/encuestadora-ics-563-de-los-venezolanos-reelegira-al-presidente-maduro\\\/#breadcrumb\"},\"inLanguage\":\"es\",\"potentialAction\":[{\"@type\":\"ReadAction\",\"target\":[\"https:\\\/\\\/stage3.rnv.gob.ve\\\/wp\\\/encuestadora-ics-563-de-los-venezolanos-reelegira-al-presidente-maduro\\\/\"]}]},{\"@type\":\"ImageObject\",\"inLanguage\":\"es\",\"@id\":\"https:\\\/\\\/stage3.rnv.gob.ve\\\/wp\\\/encuestadora-ics-563-de-los-venezolanos-reelegira-al-presidente-maduro\\\/#primaryimage\",\"url\":\"\",\"contentUrl\":\"\"},{\"@type\":\"BreadcrumbList\",\"@id\":\"https:\\\/\\\/stage3.rnv.gob.ve\\\/wp\\\/encuestadora-ics-563-de-los-venezolanos-reelegira-al-presidente-maduro\\\/#breadcrumb\",\"itemListElement\":[{\"@type\":\"ListItem\",\"position\":1,\"name\":\"Portada\",\"item\":\"https:\\\/\\\/stage3.rnv.gob.ve\\\/wp\\\/\"},{\"@type\":\"ListItem\",\"position\":2,\"name\":\"Encuestadora Ics: 56,3% De Los Venezolanos Reelegir\u00e1 Al Presidente Maduro\"}]},{\"@type\":\"WebSite\",\"@id\":\"https:\\\/\\\/stage3.rnv.gob.ve\\\/wp\\\/#website\",\"url\":\"https:\\\/\\\/stage3.rnv.gob.ve\\\/wp\\\/\",\"name\":\"DEV RNV\",\"description\":\"Radio Nacional de Venezuela C.A.\",\"publisher\":{\"@id\":\"https:\\\/\\\/stage3.rnv.gob.ve\\\/wp\\\/#organization\"},\"potentialAction\":[{\"@type\":\"SearchAction\",\"target\":{\"@type\":\"EntryPoint\",\"urlTemplate\":\"https:\\\/\\\/stage3.rnv.gob.ve\\\/wp\\\/?s={search_term_string}\"},\"query-input\":{\"@type\":\"PropertyValueSpecification\",\"valueRequired\":true,\"valueName\":\"search_term_string\"}}],\"inLanguage\":\"es\"},{\"@type\":\"Organization\",\"@id\":\"https:\\\/\\\/stage3.rnv.gob.ve\\\/wp\\\/#organization\",\"name\":\"Radio Nacional de Venezuela C.A.\",\"url\":\"https:\\\/\\\/stage3.rnv.gob.ve\\\/wp\\\/\",\"logo\":{\"@type\":\"ImageObject\",\"inLanguage\":\"es\",\"@id\":\"https:\\\/\\\/stage3.rnv.gob.ve\\\/wp\\\/#\\\/schema\\\/logo\\\/image\\\/\",\"url\":\"http:\\\/\\\/rnv.ddns.net\\\/prensa\\\/wp-content\\\/uploads\\\/2022\\\/04\\\/rnv-1-300x227-1.jpg\",\"contentUrl\":\"http:\\\/\\\/rnv.ddns.net\\\/prensa\\\/wp-content\\\/uploads\\\/2022\\\/04\\\/rnv-1-300x227-1.jpg\",\"width\":800,\"height\":455,\"caption\":\"Radio Nacional de Venezuela C.A.\"},\"image\":{\"@id\":\"https:\\\/\\\/stage3.rnv.gob.ve\\\/wp\\\/#\\\/schema\\\/logo\\\/image\\\/\"},\"sameAs\":[\"https:\\\/\\\/www.facebook.com\\\/RadioNacionaldeVenezuela\",\"https:\\\/\\\/x.com\\\/RNVinformativa\",\"https:\\\/\\\/www.instagram.com\\\/rnvinformativa\\\/\",\"https:\\\/\\\/www.youtube.com\\\/user\\\/RNVContigo\"]},{\"@type\":\"Person\",\"@id\":\"https:\\\/\\\/stage3.rnv.gob.ve\\\/wp\\\/#\\\/schema\\\/person\\\/0862ce8cde332e0bc63b8a243f0eea2c\",\"name\":\"administrador\",\"sameAs\":[\"http:\\\/\\\/arnoldoeloy.net\"],\"url\":\"https:\\\/\\\/stage3.rnv.gob.ve\\\/wp\\\/author\\\/administrador\\\/\"}]}<\/script>\n<!-- \/ Yoast SEO plugin. -->","yoast_head_json":{"title":"Encuestadora ICS: 56,3% de los venezolanos reelegir\u00e1 al presidente Maduro - DEV RNV","robots":{"index":"noindex","follow":"follow","max-snippet":"max-snippet:-1","max-image-preview":"max-image-preview:large","max-video-preview":"max-video-preview:-1"},"og_locale":"es_ES","og_type":"article","og_title":"Encuestadora ICS: 56,3% de los venezolanos reelegir\u00e1 al presidente Maduro - DEV RNV","og_description":"Un estudio realizado por la encuestadora ICS revel\u00f3 que 56,3% de los venezolanos reelegir\u00e1 al presidente de la Rep\u00fablica, Nicol\u00e1s Maduro, en los comicios que se realizar\u00e1n el pr\u00f3ximo 22 de abril.","og_url":"https:\/\/stage3.rnv.gob.ve\/wp\/encuestadora-ics-563-de-los-venezolanos-reelegira-al-presidente-maduro\/","og_site_name":"DEV RNV","article_publisher":"https:\/\/www.facebook.com\/RadioNacionaldeVenezuela","article_published_time":"2018-02-08T14:28:04+00:00","author":"administrador","twitter_card":"summary_large_image","twitter_creator":"@RNVinformativa","twitter_site":"@RNVinformativa","twitter_misc":{"Escrito por":"administrador","Tiempo estimado de lectura":"2 minutos"},"schema":{"@context":"https:\/\/schema.org","@graph":[{"@type":"Article","@id":"https:\/\/stage3.rnv.gob.ve\/wp\/encuestadora-ics-563-de-los-venezolanos-reelegira-al-presidente-maduro\/#article","isPartOf":{"@id":"https:\/\/stage3.rnv.gob.ve\/wp\/encuestadora-ics-563-de-los-venezolanos-reelegira-al-presidente-maduro\/"},"author":{"name":"administrador","@id":"https:\/\/stage3.rnv.gob.ve\/wp\/#\/schema\/person\/0862ce8cde332e0bc63b8a243f0eea2c"},"headline":"Encuestadora ICS: 56,3% de los venezolanos reelegir\u00e1 al presidente Maduro","datePublished":"2018-02-08T14:28:04+00:00","mainEntityOfPage":{"@id":"https:\/\/stage3.rnv.gob.ve\/wp\/encuestadora-ics-563-de-los-venezolanos-reelegira-al-presidente-maduro\/"},"wordCount":333,"publisher":{"@id":"https:\/\/stage3.rnv.gob.ve\/wp\/#organization"},"image":{"@id":"https:\/\/stage3.rnv.gob.ve\/wp\/encuestadora-ics-563-de-los-venezolanos-reelegira-al-presidente-maduro\/#primaryimage"},"thumbnailUrl":"","keywords":["encuestas","maduro","RNV"],"articleSection":["Pol\u00edtica"],"inLanguage":"es"},{"@type":"WebPage","@id":"https:\/\/stage3.rnv.gob.ve\/wp\/encuestadora-ics-563-de-los-venezolanos-reelegira-al-presidente-maduro\/","url":"https:\/\/stage3.rnv.gob.ve\/wp\/encuestadora-ics-563-de-los-venezolanos-reelegira-al-presidente-maduro\/","name":"Encuestadora ICS: 56,3% de los venezolanos reelegir\u00e1 al presidente Maduro - DEV RNV","isPartOf":{"@id":"https:\/\/stage3.rnv.gob.ve\/wp\/#website"},"primaryImageOfPage":{"@id":"https:\/\/stage3.rnv.gob.ve\/wp\/encuestadora-ics-563-de-los-venezolanos-reelegira-al-presidente-maduro\/#primaryimage"},"image":{"@id":"https:\/\/stage3.rnv.gob.ve\/wp\/encuestadora-ics-563-de-los-venezolanos-reelegira-al-presidente-maduro\/#primaryimage"},"thumbnailUrl":"","datePublished":"2018-02-08T14:28:04+00:00","breadcrumb":{"@id":"https:\/\/stage3.rnv.gob.ve\/wp\/encuestadora-ics-563-de-los-venezolanos-reelegira-al-presidente-maduro\/#breadcrumb"},"inLanguage":"es","potentialAction":[{"@type":"ReadAction","target":["https:\/\/stage3.rnv.gob.ve\/wp\/encuestadora-ics-563-de-los-venezolanos-reelegira-al-presidente-maduro\/"]}]},{"@type":"ImageObject","inLanguage":"es","@id":"https:\/\/stage3.rnv.gob.ve\/wp\/encuestadora-ics-563-de-los-venezolanos-reelegira-al-presidente-maduro\/#primaryimage","url":"","contentUrl":""},{"@type":"BreadcrumbList","@id":"https:\/\/stage3.rnv.gob.ve\/wp\/encuestadora-ics-563-de-los-venezolanos-reelegira-al-presidente-maduro\/#breadcrumb","itemListElement":[{"@type":"ListItem","position":1,"name":"Portada","item":"https:\/\/stage3.rnv.gob.ve\/wp\/"},{"@type":"ListItem","position":2,"name":"Encuestadora Ics: 56,3% De Los Venezolanos Reelegir\u00e1 Al Presidente Maduro"}]},{"@type":"WebSite","@id":"https:\/\/stage3.rnv.gob.ve\/wp\/#website","url":"https:\/\/stage3.rnv.gob.ve\/wp\/","name":"DEV RNV","description":"Radio Nacional de Venezuela C.A.","publisher":{"@id":"https:\/\/stage3.rnv.gob.ve\/wp\/#organization"},"potentialAction":[{"@type":"SearchAction","target":{"@type":"EntryPoint","urlTemplate":"https:\/\/stage3.rnv.gob.ve\/wp\/?s={search_term_string}"},"query-input":{"@type":"PropertyValueSpecification","valueRequired":true,"valueName":"search_term_string"}}],"inLanguage":"es"},{"@type":"Organization","@id":"https:\/\/stage3.rnv.gob.ve\/wp\/#organization","name":"Radio Nacional de Venezuela C.A.","url":"https:\/\/stage3.rnv.gob.ve\/wp\/","logo":{"@type":"ImageObject","inLanguage":"es","@id":"https:\/\/stage3.rnv.gob.ve\/wp\/#\/schema\/logo\/image\/","url":"http:\/\/rnv.ddns.net\/prensa\/wp-content\/uploads\/2022\/04\/rnv-1-300x227-1.jpg","contentUrl":"http:\/\/rnv.ddns.net\/prensa\/wp-content\/uploads\/2022\/04\/rnv-1-300x227-1.jpg","width":800,"height":455,"caption":"Radio Nacional de Venezuela C.A."},"image":{"@id":"https:\/\/stage3.rnv.gob.ve\/wp\/#\/schema\/logo\/image\/"},"sameAs":["https:\/\/www.facebook.com\/RadioNacionaldeVenezuela","https:\/\/x.com\/RNVinformativa","https:\/\/www.instagram.com\/rnvinformativa\/","https:\/\/www.youtube.com\/user\/RNVContigo"]},{"@type":"Person","@id":"https:\/\/stage3.rnv.gob.ve\/wp\/#\/schema\/person\/0862ce8cde332e0bc63b8a243f0eea2c","name":"administrador","sameAs":["http:\/\/arnoldoeloy.net"],"url":"https:\/\/stage3.rnv.gob.ve\/wp\/author\/administrador\/"}]}},"jetpack_featured_media_url":"","_links":{"self":[{"href":"https:\/\/stage3.rnv.gob.ve\/wp\/wp-json\/wp\/v2\/posts\/203440","targetHints":{"allow":["GET"]}}],"collection":[{"href":"https:\/\/stage3.rnv.gob.ve\/wp\/wp-json\/wp\/v2\/posts"}],"about":[{"href":"https:\/\/stage3.rnv.gob.ve\/wp\/wp-json\/wp\/v2\/types\/post"}],"author":[{"embeddable":true,"href":"https:\/\/stage3.rnv.gob.ve\/wp\/wp-json\/wp\/v2\/users\/1"}],"replies":[{"embeddable":true,"href":"https:\/\/stage3.rnv.gob.ve\/wp\/wp-json\/wp\/v2\/comments?post=203440"}],"version-history":[{"count":0,"href":"https:\/\/stage3.rnv.gob.ve\/wp\/wp-json\/wp\/v2\/posts\/203440\/revisions"}],"wp:featuredmedia":[{"embeddable":true,"href":"https:\/\/stage3.rnv.gob.ve\/wp\/wp-json\/"}],"wp:attachment":[{"href":"https:\/\/stage3.rnv.gob.ve\/wp\/wp-json\/wp\/v2\/media?parent=203440"}],"wp:term":[{"taxonomy":"category","embeddable":true,"href":"https:\/\/stage3.rnv.gob.ve\/wp\/wp-json\/wp\/v2\/categories?post=203440"},{"taxonomy":"post_tag","embeddable":true,"href":"https:\/\/stage3.rnv.gob.ve\/wp\/wp-json\/wp\/v2\/tags?post=203440"}],"curies":[{"name":"wp","href":"https:\/\/api.w.org\/{rel}","templated":true}]}}