{"id":198149,"date":"2018-01-14T08:26:26","date_gmt":"2018-01-14T12:56:26","guid":{"rendered":"https:\/\/stage3.rnv.gob.ve\/wp\/?p=198149"},"modified":"2018-01-14T08:26:26","modified_gmt":"2018-01-14T12:56:26","slug":"medina-proxima-jornada-de-dialogo-entre-el-gobierno-bolivariano-y-oposicion-sera-el-18-de-enero","status":"publish","type":"post","link":"https:\/\/stage3.rnv.gob.ve\/wp\/medina-proxima-jornada-de-dialogo-entre-el-gobierno-bolivariano-y-oposicion-sera-el-18-de-enero\/","title":{"rendered":"Medina: Pr\u00f3xima jornada de Di\u00e1logo entre el Gobierno Bolivariano y oposici\u00f3n ser\u00e1 el 18 de enero"},"content":{"rendered":"<p><img fetchpriority=\"high\" decoding=\"async\" class=\" wp-image-198150 aligncenter\" src=\"https:\/\/stage3.rnv.gob.ve\/wp\/wp-content\/uploads\/2018\/01\/danilo-medina-300x169.jpg\" alt=\"\" width=\"652\" height=\"367\" \/><\/p>\n<p>La pr\u00f3xima reuni\u00f3n de Di\u00e1logo entre la oposici\u00f3n y el gobierno venezolano se trasladan para el 18 de enero inform\u00f3 este s\u00e1bado el presidente de Rep\u00fablica Dominicana, Danilo Medina, tras el encuentro que se realiz\u00f3 en Rep\u00fablica Dominicana.<!--more--><\/p>\n<p>\u00abAunque tenemos important\u00edsimos avances, nos quedan todav\u00eda cosas que est\u00e1n pendientes, que tienen que discutirse para que podamos entregar el paquete de acuerdos que estamos discutiendo\u00bb, dijo Medina en declaraciones ofrecidas a la prensa.<\/p>\n<p>\u200bEl mandatario anunci\u00f3 que, \u00abpara tratar de llegar a acuerdos\u00bb, se ha convocado una nueva jornada de di\u00e1logo. \u00abNada est\u00e1 acordado hasta que todo est\u00e9 acordado\u00bb, destac\u00f3 Medina.<\/p>\n<p>Medina, enfatiz\u00f3 que en estos tres d\u00edas de deliberaciones y discusiones respetuosas entre las partes, se han visto important\u00edsimos avances \u201cy quedan cosas pendientes para discutirse\u201d.<\/p>\n<p>Para finalizar indic\u00f3 que los puntos pendientes para lograr alcanzar el acuerdo definitivo, se discutir\u00e1n el pr\u00f3ximo jueves con el acompa\u00f1amiento de su gobierno, del pueblo dominicano y de los 6 cancilleres facilitadores, as\u00ed como del expresidente espa\u00f1ol, Jos\u00e9 Luis Rodr\u00edguez Zapatero.<\/p>\n<p>&nbsp;<\/p>\n<p><strong>T\/RNV WEB<\/strong><\/p>\n<p>&nbsp;<\/p>\n<p>&nbsp;<\/p>\n<p>&nbsp;<\/p>\n<p>&nbsp;<\/p>\n","protected":false},"excerpt":{"rendered":"<p>La pr\u00f3xima reuni\u00f3n de Di\u00e1logo entre la oposici\u00f3n y el gobierno venezolano se trasladan para el 18 de enero inform\u00f3 este s\u00e1bado el presidente de Rep\u00fablica Dominicana, Danilo Medina, tras el encuentro que se realiz\u00f3 en Rep\u00fablica Dominicana.<\/p>\n","protected":false},"author":1,"featured_media":198150,"comment_status":"closed","ping_status":"open","sticky":false,"template":"","format":"standard","meta":{"_acf_changed":false,"footnotes":""},"categories":[63],"tags":[1097,2042,82],"class_list":["post-198149","post","type-post","status-publish","format-standard","has-post-thumbnail","hentry","category-latinoamerica","tag-dialogo","tag-medina","tag-rnv"],"acf":[],"yoast_head":"<!-- This site is optimized with the Yoast SEO plugin v27.4 - https:\/\/yoast.com\/product\/yoast-seo-wordpress\/ -->\n<title>Medina: Pr\u00f3xima jornada de Di\u00e1logo entre el Gobierno Bolivariano y oposici\u00f3n ser\u00e1 el 18 de enero - DEV RNV<\/title>\n<meta name=\"robots\" content=\"noindex, follow, max-snippet:-1, max-image-preview:large, max-video-preview:-1\" \/>\n<meta property=\"og:locale\" content=\"es_ES\" \/>\n<meta property=\"og:type\" content=\"article\" \/>\n<meta property=\"og:title\" content=\"Medina: Pr\u00f3xima jornada de Di\u00e1logo entre el Gobierno Bolivariano y oposici\u00f3n ser\u00e1 el 18 de enero - DEV RNV\" \/>\n<meta property=\"og:description\" content=\"La pr\u00f3xima reuni\u00f3n de Di\u00e1logo entre la oposici\u00f3n y el gobierno venezolano se trasladan para el 18 de enero inform\u00f3 este s\u00e1bado el presidente de Rep\u00fablica Dominicana, Danilo Medina, tras el encuentro que se realiz\u00f3 en Rep\u00fablica Dominicana.\" \/>\n<meta property=\"og:url\" content=\"https:\/\/stage3.rnv.gob.ve\/wp\/medina-proxima-jornada-de-dialogo-entre-el-gobierno-bolivariano-y-oposicion-sera-el-18-de-enero\/\" \/>\n<meta property=\"og:site_name\" content=\"DEV RNV\" \/>\n<meta property=\"article:publisher\" content=\"https:\/\/www.facebook.com\/RadioNacionaldeVenezuela\" \/>\n<meta property=\"article:published_time\" content=\"2018-01-14T12:56:26+00:00\" \/>\n<meta name=\"author\" content=\"administrador\" \/>\n<meta name=\"twitter:card\" content=\"summary_large_image\" \/>\n<meta name=\"twitter:creator\" content=\"@RNVinformativa\" \/>\n<meta name=\"twitter:site\" content=\"@RNVinformativa\" \/>\n<meta name=\"twitter:label1\" content=\"Escrito por\" \/>\n\t<meta name=\"twitter:data1\" content=\"administrador\" \/>\n\t<meta name=\"twitter:label2\" content=\"Tiempo estimado de lectura\" \/>\n\t<meta name=\"twitter:data2\" content=\"1 minuto\" \/>\n<script type=\"application\/ld+json\" class=\"yoast-schema-graph\">{\"@context\":\"https:\\\/\\\/schema.org\",\"@graph\":[{\"@type\":\"Article\",\"@id\":\"https:\\\/\\\/stage3.rnv.gob.ve\\\/wp\\\/medina-proxima-jornada-de-dialogo-entre-el-gobierno-bolivariano-y-oposicion-sera-el-18-de-enero\\\/#article\",\"isPartOf\":{\"@id\":\"https:\\\/\\\/stage3.rnv.gob.ve\\\/wp\\\/medina-proxima-jornada-de-dialogo-entre-el-gobierno-bolivariano-y-oposicion-sera-el-18-de-enero\\\/\"},\"author\":{\"name\":\"administrador\",\"@id\":\"https:\\\/\\\/stage3.rnv.gob.ve\\\/wp\\\/#\\\/schema\\\/person\\\/0862ce8cde332e0bc63b8a243f0eea2c\"},\"headline\":\"Medina: Pr\u00f3xima jornada de Di\u00e1logo entre el Gobierno Bolivariano y oposici\u00f3n ser\u00e1 el 18 de enero\",\"datePublished\":\"2018-01-14T12:56:26+00:00\",\"mainEntityOfPage\":{\"@id\":\"https:\\\/\\\/stage3.rnv.gob.ve\\\/wp\\\/medina-proxima-jornada-de-dialogo-entre-el-gobierno-bolivariano-y-oposicion-sera-el-18-de-enero\\\/\"},\"wordCount\":210,\"publisher\":{\"@id\":\"https:\\\/\\\/stage3.rnv.gob.ve\\\/wp\\\/#organization\"},\"image\":{\"@id\":\"https:\\\/\\\/stage3.rnv.gob.ve\\\/wp\\\/medina-proxima-jornada-de-dialogo-entre-el-gobierno-bolivariano-y-oposicion-sera-el-18-de-enero\\\/#primaryimage\"},\"thumbnailUrl\":\"\",\"keywords\":[\"dialogo\",\"medina\",\"RNV\"],\"articleSection\":[\"Latinoam\u00e9rica\"],\"inLanguage\":\"es\"},{\"@type\":\"WebPage\",\"@id\":\"https:\\\/\\\/stage3.rnv.gob.ve\\\/wp\\\/medina-proxima-jornada-de-dialogo-entre-el-gobierno-bolivariano-y-oposicion-sera-el-18-de-enero\\\/\",\"url\":\"https:\\\/\\\/stage3.rnv.gob.ve\\\/wp\\\/medina-proxima-jornada-de-dialogo-entre-el-gobierno-bolivariano-y-oposicion-sera-el-18-de-enero\\\/\",\"name\":\"Medina: Pr\u00f3xima jornada de Di\u00e1logo entre el Gobierno Bolivariano y oposici\u00f3n ser\u00e1 el 18 de enero - DEV RNV\",\"isPartOf\":{\"@id\":\"https:\\\/\\\/stage3.rnv.gob.ve\\\/wp\\\/#website\"},\"primaryImageOfPage\":{\"@id\":\"https:\\\/\\\/stage3.rnv.gob.ve\\\/wp\\\/medina-proxima-jornada-de-dialogo-entre-el-gobierno-bolivariano-y-oposicion-sera-el-18-de-enero\\\/#primaryimage\"},\"image\":{\"@id\":\"https:\\\/\\\/stage3.rnv.gob.ve\\\/wp\\\/medina-proxima-jornada-de-dialogo-entre-el-gobierno-bolivariano-y-oposicion-sera-el-18-de-enero\\\/#primaryimage\"},\"thumbnailUrl\":\"\",\"datePublished\":\"2018-01-14T12:56:26+00:00\",\"breadcrumb\":{\"@id\":\"https:\\\/\\\/stage3.rnv.gob.ve\\\/wp\\\/medina-proxima-jornada-de-dialogo-entre-el-gobierno-bolivariano-y-oposicion-sera-el-18-de-enero\\\/#breadcrumb\"},\"inLanguage\":\"es\",\"potentialAction\":[{\"@type\":\"ReadAction\",\"target\":[\"https:\\\/\\\/stage3.rnv.gob.ve\\\/wp\\\/medina-proxima-jornada-de-dialogo-entre-el-gobierno-bolivariano-y-oposicion-sera-el-18-de-enero\\\/\"]}]},{\"@type\":\"ImageObject\",\"inLanguage\":\"es\",\"@id\":\"https:\\\/\\\/stage3.rnv.gob.ve\\\/wp\\\/medina-proxima-jornada-de-dialogo-entre-el-gobierno-bolivariano-y-oposicion-sera-el-18-de-enero\\\/#primaryimage\",\"url\":\"\",\"contentUrl\":\"\"},{\"@type\":\"BreadcrumbList\",\"@id\":\"https:\\\/\\\/stage3.rnv.gob.ve\\\/wp\\\/medina-proxima-jornada-de-dialogo-entre-el-gobierno-bolivariano-y-oposicion-sera-el-18-de-enero\\\/#breadcrumb\",\"itemListElement\":[{\"@type\":\"ListItem\",\"position\":1,\"name\":\"Portada\",\"item\":\"https:\\\/\\\/stage3.rnv.gob.ve\\\/wp\\\/\"},{\"@type\":\"ListItem\",\"position\":2,\"name\":\"Medina: Pr\u00f3xima Jornada De Di\u00e1logo Entre El Gobierno Bolivariano Y Oposici\u00f3n Ser\u00e1 El 18 De Enero\"}]},{\"@type\":\"WebSite\",\"@id\":\"https:\\\/\\\/stage3.rnv.gob.ve\\\/wp\\\/#website\",\"url\":\"https:\\\/\\\/stage3.rnv.gob.ve\\\/wp\\\/\",\"name\":\"DEV RNV\",\"description\":\"Radio Nacional de Venezuela C.A.\",\"publisher\":{\"@id\":\"https:\\\/\\\/stage3.rnv.gob.ve\\\/wp\\\/#organization\"},\"potentialAction\":[{\"@type\":\"SearchAction\",\"target\":{\"@type\":\"EntryPoint\",\"urlTemplate\":\"https:\\\/\\\/stage3.rnv.gob.ve\\\/wp\\\/?s={search_term_string}\"},\"query-input\":{\"@type\":\"PropertyValueSpecification\",\"valueRequired\":true,\"valueName\":\"search_term_string\"}}],\"inLanguage\":\"es\"},{\"@type\":\"Organization\",\"@id\":\"https:\\\/\\\/stage3.rnv.gob.ve\\\/wp\\\/#organization\",\"name\":\"Radio Nacional de Venezuela C.A.\",\"url\":\"https:\\\/\\\/stage3.rnv.gob.ve\\\/wp\\\/\",\"logo\":{\"@type\":\"ImageObject\",\"inLanguage\":\"es\",\"@id\":\"https:\\\/\\\/stage3.rnv.gob.ve\\\/wp\\\/#\\\/schema\\\/logo\\\/image\\\/\",\"url\":\"http:\\\/\\\/rnv.ddns.net\\\/prensa\\\/wp-content\\\/uploads\\\/2022\\\/04\\\/rnv-1-300x227-1.jpg\",\"contentUrl\":\"http:\\\/\\\/rnv.ddns.net\\\/prensa\\\/wp-content\\\/uploads\\\/2022\\\/04\\\/rnv-1-300x227-1.jpg\",\"width\":800,\"height\":455,\"caption\":\"Radio Nacional de Venezuela C.A.\"},\"image\":{\"@id\":\"https:\\\/\\\/stage3.rnv.gob.ve\\\/wp\\\/#\\\/schema\\\/logo\\\/image\\\/\"},\"sameAs\":[\"https:\\\/\\\/www.facebook.com\\\/RadioNacionaldeVenezuela\",\"https:\\\/\\\/x.com\\\/RNVinformativa\",\"https:\\\/\\\/www.instagram.com\\\/rnvinformativa\\\/\",\"https:\\\/\\\/www.youtube.com\\\/user\\\/RNVContigo\"]},{\"@type\":\"Person\",\"@id\":\"https:\\\/\\\/stage3.rnv.gob.ve\\\/wp\\\/#\\\/schema\\\/person\\\/0862ce8cde332e0bc63b8a243f0eea2c\",\"name\":\"administrador\",\"sameAs\":[\"http:\\\/\\\/arnoldoeloy.net\"],\"url\":\"https:\\\/\\\/stage3.rnv.gob.ve\\\/wp\\\/author\\\/administrador\\\/\"}]}<\/script>\n<!-- \/ Yoast SEO plugin. -->","yoast_head_json":{"title":"Medina: Pr\u00f3xima jornada de Di\u00e1logo entre el Gobierno Bolivariano y oposici\u00f3n ser\u00e1 el 18 de enero - DEV RNV","robots":{"index":"noindex","follow":"follow","max-snippet":"max-snippet:-1","max-image-preview":"max-image-preview:large","max-video-preview":"max-video-preview:-1"},"og_locale":"es_ES","og_type":"article","og_title":"Medina: Pr\u00f3xima jornada de Di\u00e1logo entre el Gobierno Bolivariano y oposici\u00f3n ser\u00e1 el 18 de enero - DEV RNV","og_description":"La pr\u00f3xima reuni\u00f3n de Di\u00e1logo entre la oposici\u00f3n y el gobierno venezolano se trasladan para el 18 de enero inform\u00f3 este s\u00e1bado el presidente de Rep\u00fablica Dominicana, Danilo Medina, tras el encuentro que se realiz\u00f3 en Rep\u00fablica Dominicana.","og_url":"https:\/\/stage3.rnv.gob.ve\/wp\/medina-proxima-jornada-de-dialogo-entre-el-gobierno-bolivariano-y-oposicion-sera-el-18-de-enero\/","og_site_name":"DEV RNV","article_publisher":"https:\/\/www.facebook.com\/RadioNacionaldeVenezuela","article_published_time":"2018-01-14T12:56:26+00:00","author":"administrador","twitter_card":"summary_large_image","twitter_creator":"@RNVinformativa","twitter_site":"@RNVinformativa","twitter_misc":{"Escrito por":"administrador","Tiempo estimado de lectura":"1 minuto"},"schema":{"@context":"https:\/\/schema.org","@graph":[{"@type":"Article","@id":"https:\/\/stage3.rnv.gob.ve\/wp\/medina-proxima-jornada-de-dialogo-entre-el-gobierno-bolivariano-y-oposicion-sera-el-18-de-enero\/#article","isPartOf":{"@id":"https:\/\/stage3.rnv.gob.ve\/wp\/medina-proxima-jornada-de-dialogo-entre-el-gobierno-bolivariano-y-oposicion-sera-el-18-de-enero\/"},"author":{"name":"administrador","@id":"https:\/\/stage3.rnv.gob.ve\/wp\/#\/schema\/person\/0862ce8cde332e0bc63b8a243f0eea2c"},"headline":"Medina: Pr\u00f3xima jornada de Di\u00e1logo entre el Gobierno Bolivariano y oposici\u00f3n ser\u00e1 el 18 de enero","datePublished":"2018-01-14T12:56:26+00:00","mainEntityOfPage":{"@id":"https:\/\/stage3.rnv.gob.ve\/wp\/medina-proxima-jornada-de-dialogo-entre-el-gobierno-bolivariano-y-oposicion-sera-el-18-de-enero\/"},"wordCount":210,"publisher":{"@id":"https:\/\/stage3.rnv.gob.ve\/wp\/#organization"},"image":{"@id":"https:\/\/stage3.rnv.gob.ve\/wp\/medina-proxima-jornada-de-dialogo-entre-el-gobierno-bolivariano-y-oposicion-sera-el-18-de-enero\/#primaryimage"},"thumbnailUrl":"","keywords":["dialogo","medina","RNV"],"articleSection":["Latinoam\u00e9rica"],"inLanguage":"es"},{"@type":"WebPage","@id":"https:\/\/stage3.rnv.gob.ve\/wp\/medina-proxima-jornada-de-dialogo-entre-el-gobierno-bolivariano-y-oposicion-sera-el-18-de-enero\/","url":"https:\/\/stage3.rnv.gob.ve\/wp\/medina-proxima-jornada-de-dialogo-entre-el-gobierno-bolivariano-y-oposicion-sera-el-18-de-enero\/","name":"Medina: Pr\u00f3xima jornada de Di\u00e1logo entre el Gobierno Bolivariano y oposici\u00f3n ser\u00e1 el 18 de enero - DEV RNV","isPartOf":{"@id":"https:\/\/stage3.rnv.gob.ve\/wp\/#website"},"primaryImageOfPage":{"@id":"https:\/\/stage3.rnv.gob.ve\/wp\/medina-proxima-jornada-de-dialogo-entre-el-gobierno-bolivariano-y-oposicion-sera-el-18-de-enero\/#primaryimage"},"image":{"@id":"https:\/\/stage3.rnv.gob.ve\/wp\/medina-proxima-jornada-de-dialogo-entre-el-gobierno-bolivariano-y-oposicion-sera-el-18-de-enero\/#primaryimage"},"thumbnailUrl":"","datePublished":"2018-01-14T12:56:26+00:00","breadcrumb":{"@id":"https:\/\/stage3.rnv.gob.ve\/wp\/medina-proxima-jornada-de-dialogo-entre-el-gobierno-bolivariano-y-oposicion-sera-el-18-de-enero\/#breadcrumb"},"inLanguage":"es","potentialAction":[{"@type":"ReadAction","target":["https:\/\/stage3.rnv.gob.ve\/wp\/medina-proxima-jornada-de-dialogo-entre-el-gobierno-bolivariano-y-oposicion-sera-el-18-de-enero\/"]}]},{"@type":"ImageObject","inLanguage":"es","@id":"https:\/\/stage3.rnv.gob.ve\/wp\/medina-proxima-jornada-de-dialogo-entre-el-gobierno-bolivariano-y-oposicion-sera-el-18-de-enero\/#primaryimage","url":"","contentUrl":""},{"@type":"BreadcrumbList","@id":"https:\/\/stage3.rnv.gob.ve\/wp\/medina-proxima-jornada-de-dialogo-entre-el-gobierno-bolivariano-y-oposicion-sera-el-18-de-enero\/#breadcrumb","itemListElement":[{"@type":"ListItem","position":1,"name":"Portada","item":"https:\/\/stage3.rnv.gob.ve\/wp\/"},{"@type":"ListItem","position":2,"name":"Medina: Pr\u00f3xima Jornada De Di\u00e1logo Entre El Gobierno Bolivariano Y Oposici\u00f3n Ser\u00e1 El 18 De Enero"}]},{"@type":"WebSite","@id":"https:\/\/stage3.rnv.gob.ve\/wp\/#website","url":"https:\/\/stage3.rnv.gob.ve\/wp\/","name":"DEV RNV","description":"Radio Nacional de Venezuela C.A.","publisher":{"@id":"https:\/\/stage3.rnv.gob.ve\/wp\/#organization"},"potentialAction":[{"@type":"SearchAction","target":{"@type":"EntryPoint","urlTemplate":"https:\/\/stage3.rnv.gob.ve\/wp\/?s={search_term_string}"},"query-input":{"@type":"PropertyValueSpecification","valueRequired":true,"valueName":"search_term_string"}}],"inLanguage":"es"},{"@type":"Organization","@id":"https:\/\/stage3.rnv.gob.ve\/wp\/#organization","name":"Radio Nacional de Venezuela C.A.","url":"https:\/\/stage3.rnv.gob.ve\/wp\/","logo":{"@type":"ImageObject","inLanguage":"es","@id":"https:\/\/stage3.rnv.gob.ve\/wp\/#\/schema\/logo\/image\/","url":"http:\/\/rnv.ddns.net\/prensa\/wp-content\/uploads\/2022\/04\/rnv-1-300x227-1.jpg","contentUrl":"http:\/\/rnv.ddns.net\/prensa\/wp-content\/uploads\/2022\/04\/rnv-1-300x227-1.jpg","width":800,"height":455,"caption":"Radio Nacional de Venezuela C.A."},"image":{"@id":"https:\/\/stage3.rnv.gob.ve\/wp\/#\/schema\/logo\/image\/"},"sameAs":["https:\/\/www.facebook.com\/RadioNacionaldeVenezuela","https:\/\/x.com\/RNVinformativa","https:\/\/www.instagram.com\/rnvinformativa\/","https:\/\/www.youtube.com\/user\/RNVContigo"]},{"@type":"Person","@id":"https:\/\/stage3.rnv.gob.ve\/wp\/#\/schema\/person\/0862ce8cde332e0bc63b8a243f0eea2c","name":"administrador","sameAs":["http:\/\/arnoldoeloy.net"],"url":"https:\/\/stage3.rnv.gob.ve\/wp\/author\/administrador\/"}]}},"jetpack_featured_media_url":"","_links":{"self":[{"href":"https:\/\/stage3.rnv.gob.ve\/wp\/wp-json\/wp\/v2\/posts\/198149","targetHints":{"allow":["GET"]}}],"collection":[{"href":"https:\/\/stage3.rnv.gob.ve\/wp\/wp-json\/wp\/v2\/posts"}],"about":[{"href":"https:\/\/stage3.rnv.gob.ve\/wp\/wp-json\/wp\/v2\/types\/post"}],"author":[{"embeddable":true,"href":"https:\/\/stage3.rnv.gob.ve\/wp\/wp-json\/wp\/v2\/users\/1"}],"replies":[{"embeddable":true,"href":"https:\/\/stage3.rnv.gob.ve\/wp\/wp-json\/wp\/v2\/comments?post=198149"}],"version-history":[{"count":0,"href":"https:\/\/stage3.rnv.gob.ve\/wp\/wp-json\/wp\/v2\/posts\/198149\/revisions"}],"wp:featuredmedia":[{"embeddable":true,"href":"https:\/\/stage3.rnv.gob.ve\/wp\/wp-json\/"}],"wp:attachment":[{"href":"https:\/\/stage3.rnv.gob.ve\/wp\/wp-json\/wp\/v2\/media?parent=198149"}],"wp:term":[{"taxonomy":"category","embeddable":true,"href":"https:\/\/stage3.rnv.gob.ve\/wp\/wp-json\/wp\/v2\/categories?post=198149"},{"taxonomy":"post_tag","embeddable":true,"href":"https:\/\/stage3.rnv.gob.ve\/wp\/wp-json\/wp\/v2\/tags?post=198149"}],"curies":[{"name":"wp","href":"https:\/\/api.w.org\/{rel}","templated":true}]}}