{"id":197730,"date":"2018-01-11T21:08:51","date_gmt":"2018-01-12T01:38:51","guid":{"rendered":"https:\/\/stage3.rnv.gob.ve\/wp\/?p=197730"},"modified":"2018-01-11T21:08:51","modified_gmt":"2018-01-12T01:38:51","slug":"gobernadora-melendez-encabezo-entrega-de-42-viviendas-en-lara","status":"publish","type":"post","link":"https:\/\/stage3.rnv.gob.ve\/wp\/gobernadora-melendez-encabezo-entrega-de-42-viviendas-en-lara\/","title":{"rendered":"Gobernadora Mel\u00e9ndez encabez\u00f3 entrega de 42 viviendas en Lara"},"content":{"rendered":"<p><img fetchpriority=\"high\" decoding=\"async\" class=\"size-medium wp-image-197732 alignleft\" src=\"https:\/\/stage3.rnv.gob.ve\/wp\/wp-content\/uploads\/2018\/01\/VL-300x227.jpg\" alt=\"\" width=\"300\" height=\"227\" \/>Este jueves, la gobernadora del estado Lara, Carmen Mel\u00e9ndez, hizo entrega de 42 viviendas para habitantes de la comunidad \u00abTierra de Che Guevara\u00bb, ubicada en la parroquia Juan de Villegas, municipio Iribarren, estado Lara.<\/p>\n<p>Durante la actividad, la gobernadora destac\u00f3 que hasta la fecha se han entregado 100 mil hogares a trav\u00e9s de la Gran Misi\u00f3n Vivienda Venezuela (GMVV) y para este a\u00f1o se tiene previsto construir 100 mil nuevas casas.<\/p>\n<p>Entre las personas que recibieron las llaves y el titulo de propiedad de su nuevo hogar, de manos de las autoridades regionales, est\u00e1 Delcy Colmenares, quien manifest\u00f3 su alegr\u00eda y agradecimiento.<\/p>\n<p>\u00abEstoy agradecida por esta casa humilde que me dan para mis hijos y mi familia; de verdad gracias, cuente con nosotros (Presidente) que aqu\u00ed lo estamos apoyando en Lara\u00bb, dijo Colmenares.<\/p>\n<p>De igual forma, el ministro de H\u00e1bitat y Vivienda, Ildemaro Villarroel, entreg\u00f3 otras 40 viviendas a ciudadanos de la parroquia San Crist\u00f3bal de la ciudad de Barcelona,\u00a0municipio Sim\u00f3n Bol\u00edvar del estado Anzo\u00e1tegui.<\/p>\n<p>Villarroel destac\u00f3 que este jueves la GMVV alcanz\u00f3 la cantidad de 1 mill\u00f3n 949 mil 127 de hogares otorgados a los venezolanos.<\/p>\n<p>&nbsp;<\/p>\n<p><strong>Escuche a la gobernadora del estado Lara, Carmen Mel\u00e9ndez.<\/strong><\/p>\n<audio class=\"wp-audio-shortcode\" id=\"audio-197730-1\" preload=\"none\" style=\"width: 100%;\" controls=\"controls\"><source type=\"audio\/mpeg\" src=\"https:\/\/stage3.rnv.gob.ve\/wp\/wp-content\/uploads\/2018\/01\/PASE-LARA-C.mp3?_=1\" \/><a href=\"https:\/\/stage3.rnv.gob.ve\/wp\/wp-content\/uploads\/2018\/01\/PASE-LARA-C.mp3\">https:\/\/stage3.rnv.gob.ve\/wp\/wp-content\/uploads\/2018\/01\/PASE-LARA-C.mp3<\/a><\/audio>\n<p><strong>T\/ AVN<\/strong><\/p>\n","protected":false},"excerpt":{"rendered":"<p>Este jueves, la gobernadora del estado Lara, Carmen Mel\u00e9ndez, hizo entrega de 42 viviendas para habitantes de la comunidad \u00abTierra de Che Guevara\u00bb, ubicada en la parroquia Juan de Villegas, municipio Iribarren, estado Lara. Durante la actividad, la gobernadora destac\u00f3 que hasta la fecha se han entregado 100 mil hogares a trav\u00e9s de la Gran [&hellip;]<\/p>\n","protected":false},"author":1,"featured_media":197732,"comment_status":"closed","ping_status":"open","sticky":false,"template":"","format":"standard","meta":{"_acf_changed":false,"footnotes":""},"categories":[69],"tags":[6046,192,11220,289,1609,194],"class_list":["post-197730","post","type-post","status-publish","format-standard","has-post-thumbnail","hentry","category-regional","tag-entregadas","tag-gmvv","tag-gobernadora","tag-lara","tag-melendez","tag-viviendas"],"acf":[],"yoast_head":"<!-- This site is optimized with the Yoast SEO plugin v27.4 - https:\/\/yoast.com\/product\/yoast-seo-wordpress\/ -->\n<title>Gobernadora Mel\u00e9ndez encabez\u00f3 entrega de 42 viviendas en Lara - DEV RNV<\/title>\n<meta name=\"robots\" content=\"noindex, follow, max-snippet:-1, max-image-preview:large, max-video-preview:-1\" \/>\n<meta property=\"og:locale\" content=\"es_ES\" \/>\n<meta property=\"og:type\" content=\"article\" \/>\n<meta property=\"og:title\" content=\"Gobernadora Mel\u00e9ndez encabez\u00f3 entrega de 42 viviendas en Lara - DEV RNV\" \/>\n<meta property=\"og:description\" content=\"Este jueves, la gobernadora del estado Lara, Carmen Mel\u00e9ndez, hizo entrega de 42 viviendas para habitantes de la comunidad \u00abTierra de Che Guevara\u00bb, ubicada en la parroquia Juan de Villegas, municipio Iribarren, estado Lara. Durante la actividad, la gobernadora destac\u00f3 que hasta la fecha se han entregado 100 mil hogares a trav\u00e9s de la Gran [&hellip;]\" \/>\n<meta property=\"og:url\" content=\"https:\/\/stage3.rnv.gob.ve\/wp\/gobernadora-melendez-encabezo-entrega-de-42-viviendas-en-lara\/\" \/>\n<meta property=\"og:site_name\" content=\"DEV RNV\" \/>\n<meta property=\"article:publisher\" content=\"https:\/\/www.facebook.com\/RadioNacionaldeVenezuela\" \/>\n<meta property=\"article:published_time\" content=\"2018-01-12T01:38:51+00:00\" \/>\n<meta name=\"author\" content=\"administrador\" \/>\n<meta name=\"twitter:card\" content=\"summary_large_image\" \/>\n<meta name=\"twitter:creator\" content=\"@RNVinformativa\" \/>\n<meta name=\"twitter:site\" content=\"@RNVinformativa\" \/>\n<meta name=\"twitter:label1\" content=\"Escrito por\" \/>\n\t<meta name=\"twitter:data1\" content=\"administrador\" \/>\n\t<meta name=\"twitter:label2\" content=\"Tiempo estimado de lectura\" \/>\n\t<meta name=\"twitter:data2\" content=\"1 minuto\" \/>\n<script type=\"application\/ld+json\" class=\"yoast-schema-graph\">{\"@context\":\"https:\\\/\\\/schema.org\",\"@graph\":[{\"@type\":\"Article\",\"@id\":\"https:\\\/\\\/stage3.rnv.gob.ve\\\/wp\\\/gobernadora-melendez-encabezo-entrega-de-42-viviendas-en-lara\\\/#article\",\"isPartOf\":{\"@id\":\"https:\\\/\\\/stage3.rnv.gob.ve\\\/wp\\\/gobernadora-melendez-encabezo-entrega-de-42-viviendas-en-lara\\\/\"},\"author\":{\"name\":\"administrador\",\"@id\":\"https:\\\/\\\/stage3.rnv.gob.ve\\\/wp\\\/#\\\/schema\\\/person\\\/0862ce8cde332e0bc63b8a243f0eea2c\"},\"headline\":\"Gobernadora Mel\u00e9ndez encabez\u00f3 entrega de 42 viviendas en Lara\",\"datePublished\":\"2018-01-12T01:38:51+00:00\",\"mainEntityOfPage\":{\"@id\":\"https:\\\/\\\/stage3.rnv.gob.ve\\\/wp\\\/gobernadora-melendez-encabezo-entrega-de-42-viviendas-en-lara\\\/\"},\"wordCount\":227,\"publisher\":{\"@id\":\"https:\\\/\\\/stage3.rnv.gob.ve\\\/wp\\\/#organization\"},\"image\":{\"@id\":\"https:\\\/\\\/stage3.rnv.gob.ve\\\/wp\\\/gobernadora-melendez-encabezo-entrega-de-42-viviendas-en-lara\\\/#primaryimage\"},\"thumbnailUrl\":\"\",\"keywords\":[\"entregadas\",\"gmvv\",\"Gobernadora\",\"lara\",\"melendez\",\"viviendas\"],\"articleSection\":[\"Regional\"],\"inLanguage\":\"es\"},{\"@type\":\"WebPage\",\"@id\":\"https:\\\/\\\/stage3.rnv.gob.ve\\\/wp\\\/gobernadora-melendez-encabezo-entrega-de-42-viviendas-en-lara\\\/\",\"url\":\"https:\\\/\\\/stage3.rnv.gob.ve\\\/wp\\\/gobernadora-melendez-encabezo-entrega-de-42-viviendas-en-lara\\\/\",\"name\":\"Gobernadora Mel\u00e9ndez encabez\u00f3 entrega de 42 viviendas en Lara - DEV RNV\",\"isPartOf\":{\"@id\":\"https:\\\/\\\/stage3.rnv.gob.ve\\\/wp\\\/#website\"},\"primaryImageOfPage\":{\"@id\":\"https:\\\/\\\/stage3.rnv.gob.ve\\\/wp\\\/gobernadora-melendez-encabezo-entrega-de-42-viviendas-en-lara\\\/#primaryimage\"},\"image\":{\"@id\":\"https:\\\/\\\/stage3.rnv.gob.ve\\\/wp\\\/gobernadora-melendez-encabezo-entrega-de-42-viviendas-en-lara\\\/#primaryimage\"},\"thumbnailUrl\":\"\",\"datePublished\":\"2018-01-12T01:38:51+00:00\",\"breadcrumb\":{\"@id\":\"https:\\\/\\\/stage3.rnv.gob.ve\\\/wp\\\/gobernadora-melendez-encabezo-entrega-de-42-viviendas-en-lara\\\/#breadcrumb\"},\"inLanguage\":\"es\",\"potentialAction\":[{\"@type\":\"ReadAction\",\"target\":[\"https:\\\/\\\/stage3.rnv.gob.ve\\\/wp\\\/gobernadora-melendez-encabezo-entrega-de-42-viviendas-en-lara\\\/\"]}]},{\"@type\":\"ImageObject\",\"inLanguage\":\"es\",\"@id\":\"https:\\\/\\\/stage3.rnv.gob.ve\\\/wp\\\/gobernadora-melendez-encabezo-entrega-de-42-viviendas-en-lara\\\/#primaryimage\",\"url\":\"\",\"contentUrl\":\"\"},{\"@type\":\"BreadcrumbList\",\"@id\":\"https:\\\/\\\/stage3.rnv.gob.ve\\\/wp\\\/gobernadora-melendez-encabezo-entrega-de-42-viviendas-en-lara\\\/#breadcrumb\",\"itemListElement\":[{\"@type\":\"ListItem\",\"position\":1,\"name\":\"Portada\",\"item\":\"https:\\\/\\\/stage3.rnv.gob.ve\\\/wp\\\/\"},{\"@type\":\"ListItem\",\"position\":2,\"name\":\"Gobernadora Mel\u00e9ndez Encabez\u00f3 Entrega De 42 Viviendas En Lara\"}]},{\"@type\":\"WebSite\",\"@id\":\"https:\\\/\\\/stage3.rnv.gob.ve\\\/wp\\\/#website\",\"url\":\"https:\\\/\\\/stage3.rnv.gob.ve\\\/wp\\\/\",\"name\":\"DEV RNV\",\"description\":\"Radio Nacional de Venezuela C.A.\",\"publisher\":{\"@id\":\"https:\\\/\\\/stage3.rnv.gob.ve\\\/wp\\\/#organization\"},\"potentialAction\":[{\"@type\":\"SearchAction\",\"target\":{\"@type\":\"EntryPoint\",\"urlTemplate\":\"https:\\\/\\\/stage3.rnv.gob.ve\\\/wp\\\/?s={search_term_string}\"},\"query-input\":{\"@type\":\"PropertyValueSpecification\",\"valueRequired\":true,\"valueName\":\"search_term_string\"}}],\"inLanguage\":\"es\"},{\"@type\":\"Organization\",\"@id\":\"https:\\\/\\\/stage3.rnv.gob.ve\\\/wp\\\/#organization\",\"name\":\"Radio Nacional de Venezuela C.A.\",\"url\":\"https:\\\/\\\/stage3.rnv.gob.ve\\\/wp\\\/\",\"logo\":{\"@type\":\"ImageObject\",\"inLanguage\":\"es\",\"@id\":\"https:\\\/\\\/stage3.rnv.gob.ve\\\/wp\\\/#\\\/schema\\\/logo\\\/image\\\/\",\"url\":\"http:\\\/\\\/rnv.ddns.net\\\/prensa\\\/wp-content\\\/uploads\\\/2022\\\/04\\\/rnv-1-300x227-1.jpg\",\"contentUrl\":\"http:\\\/\\\/rnv.ddns.net\\\/prensa\\\/wp-content\\\/uploads\\\/2022\\\/04\\\/rnv-1-300x227-1.jpg\",\"width\":800,\"height\":455,\"caption\":\"Radio Nacional de Venezuela C.A.\"},\"image\":{\"@id\":\"https:\\\/\\\/stage3.rnv.gob.ve\\\/wp\\\/#\\\/schema\\\/logo\\\/image\\\/\"},\"sameAs\":[\"https:\\\/\\\/www.facebook.com\\\/RadioNacionaldeVenezuela\",\"https:\\\/\\\/x.com\\\/RNVinformativa\",\"https:\\\/\\\/www.instagram.com\\\/rnvinformativa\\\/\",\"https:\\\/\\\/www.youtube.com\\\/user\\\/RNVContigo\"]},{\"@type\":\"Person\",\"@id\":\"https:\\\/\\\/stage3.rnv.gob.ve\\\/wp\\\/#\\\/schema\\\/person\\\/0862ce8cde332e0bc63b8a243f0eea2c\",\"name\":\"administrador\",\"sameAs\":[\"http:\\\/\\\/arnoldoeloy.net\"],\"url\":\"https:\\\/\\\/stage3.rnv.gob.ve\\\/wp\\\/author\\\/administrador\\\/\"}]}<\/script>\n<!-- \/ Yoast SEO plugin. -->","yoast_head_json":{"title":"Gobernadora Mel\u00e9ndez encabez\u00f3 entrega de 42 viviendas en Lara - DEV RNV","robots":{"index":"noindex","follow":"follow","max-snippet":"max-snippet:-1","max-image-preview":"max-image-preview:large","max-video-preview":"max-video-preview:-1"},"og_locale":"es_ES","og_type":"article","og_title":"Gobernadora Mel\u00e9ndez encabez\u00f3 entrega de 42 viviendas en Lara - DEV RNV","og_description":"Este jueves, la gobernadora del estado Lara, Carmen Mel\u00e9ndez, hizo entrega de 42 viviendas para habitantes de la comunidad \u00abTierra de Che Guevara\u00bb, ubicada en la parroquia Juan de Villegas, municipio Iribarren, estado Lara. Durante la actividad, la gobernadora destac\u00f3 que hasta la fecha se han entregado 100 mil hogares a trav\u00e9s de la Gran [&hellip;]","og_url":"https:\/\/stage3.rnv.gob.ve\/wp\/gobernadora-melendez-encabezo-entrega-de-42-viviendas-en-lara\/","og_site_name":"DEV RNV","article_publisher":"https:\/\/www.facebook.com\/RadioNacionaldeVenezuela","article_published_time":"2018-01-12T01:38:51+00:00","author":"administrador","twitter_card":"summary_large_image","twitter_creator":"@RNVinformativa","twitter_site":"@RNVinformativa","twitter_misc":{"Escrito por":"administrador","Tiempo estimado de lectura":"1 minuto"},"schema":{"@context":"https:\/\/schema.org","@graph":[{"@type":"Article","@id":"https:\/\/stage3.rnv.gob.ve\/wp\/gobernadora-melendez-encabezo-entrega-de-42-viviendas-en-lara\/#article","isPartOf":{"@id":"https:\/\/stage3.rnv.gob.ve\/wp\/gobernadora-melendez-encabezo-entrega-de-42-viviendas-en-lara\/"},"author":{"name":"administrador","@id":"https:\/\/stage3.rnv.gob.ve\/wp\/#\/schema\/person\/0862ce8cde332e0bc63b8a243f0eea2c"},"headline":"Gobernadora Mel\u00e9ndez encabez\u00f3 entrega de 42 viviendas en Lara","datePublished":"2018-01-12T01:38:51+00:00","mainEntityOfPage":{"@id":"https:\/\/stage3.rnv.gob.ve\/wp\/gobernadora-melendez-encabezo-entrega-de-42-viviendas-en-lara\/"},"wordCount":227,"publisher":{"@id":"https:\/\/stage3.rnv.gob.ve\/wp\/#organization"},"image":{"@id":"https:\/\/stage3.rnv.gob.ve\/wp\/gobernadora-melendez-encabezo-entrega-de-42-viviendas-en-lara\/#primaryimage"},"thumbnailUrl":"","keywords":["entregadas","gmvv","Gobernadora","lara","melendez","viviendas"],"articleSection":["Regional"],"inLanguage":"es"},{"@type":"WebPage","@id":"https:\/\/stage3.rnv.gob.ve\/wp\/gobernadora-melendez-encabezo-entrega-de-42-viviendas-en-lara\/","url":"https:\/\/stage3.rnv.gob.ve\/wp\/gobernadora-melendez-encabezo-entrega-de-42-viviendas-en-lara\/","name":"Gobernadora Mel\u00e9ndez encabez\u00f3 entrega de 42 viviendas en Lara - DEV RNV","isPartOf":{"@id":"https:\/\/stage3.rnv.gob.ve\/wp\/#website"},"primaryImageOfPage":{"@id":"https:\/\/stage3.rnv.gob.ve\/wp\/gobernadora-melendez-encabezo-entrega-de-42-viviendas-en-lara\/#primaryimage"},"image":{"@id":"https:\/\/stage3.rnv.gob.ve\/wp\/gobernadora-melendez-encabezo-entrega-de-42-viviendas-en-lara\/#primaryimage"},"thumbnailUrl":"","datePublished":"2018-01-12T01:38:51+00:00","breadcrumb":{"@id":"https:\/\/stage3.rnv.gob.ve\/wp\/gobernadora-melendez-encabezo-entrega-de-42-viviendas-en-lara\/#breadcrumb"},"inLanguage":"es","potentialAction":[{"@type":"ReadAction","target":["https:\/\/stage3.rnv.gob.ve\/wp\/gobernadora-melendez-encabezo-entrega-de-42-viviendas-en-lara\/"]}]},{"@type":"ImageObject","inLanguage":"es","@id":"https:\/\/stage3.rnv.gob.ve\/wp\/gobernadora-melendez-encabezo-entrega-de-42-viviendas-en-lara\/#primaryimage","url":"","contentUrl":""},{"@type":"BreadcrumbList","@id":"https:\/\/stage3.rnv.gob.ve\/wp\/gobernadora-melendez-encabezo-entrega-de-42-viviendas-en-lara\/#breadcrumb","itemListElement":[{"@type":"ListItem","position":1,"name":"Portada","item":"https:\/\/stage3.rnv.gob.ve\/wp\/"},{"@type":"ListItem","position":2,"name":"Gobernadora Mel\u00e9ndez Encabez\u00f3 Entrega De 42 Viviendas En Lara"}]},{"@type":"WebSite","@id":"https:\/\/stage3.rnv.gob.ve\/wp\/#website","url":"https:\/\/stage3.rnv.gob.ve\/wp\/","name":"DEV RNV","description":"Radio Nacional de Venezuela C.A.","publisher":{"@id":"https:\/\/stage3.rnv.gob.ve\/wp\/#organization"},"potentialAction":[{"@type":"SearchAction","target":{"@type":"EntryPoint","urlTemplate":"https:\/\/stage3.rnv.gob.ve\/wp\/?s={search_term_string}"},"query-input":{"@type":"PropertyValueSpecification","valueRequired":true,"valueName":"search_term_string"}}],"inLanguage":"es"},{"@type":"Organization","@id":"https:\/\/stage3.rnv.gob.ve\/wp\/#organization","name":"Radio Nacional de Venezuela C.A.","url":"https:\/\/stage3.rnv.gob.ve\/wp\/","logo":{"@type":"ImageObject","inLanguage":"es","@id":"https:\/\/stage3.rnv.gob.ve\/wp\/#\/schema\/logo\/image\/","url":"http:\/\/rnv.ddns.net\/prensa\/wp-content\/uploads\/2022\/04\/rnv-1-300x227-1.jpg","contentUrl":"http:\/\/rnv.ddns.net\/prensa\/wp-content\/uploads\/2022\/04\/rnv-1-300x227-1.jpg","width":800,"height":455,"caption":"Radio Nacional de Venezuela C.A."},"image":{"@id":"https:\/\/stage3.rnv.gob.ve\/wp\/#\/schema\/logo\/image\/"},"sameAs":["https:\/\/www.facebook.com\/RadioNacionaldeVenezuela","https:\/\/x.com\/RNVinformativa","https:\/\/www.instagram.com\/rnvinformativa\/","https:\/\/www.youtube.com\/user\/RNVContigo"]},{"@type":"Person","@id":"https:\/\/stage3.rnv.gob.ve\/wp\/#\/schema\/person\/0862ce8cde332e0bc63b8a243f0eea2c","name":"administrador","sameAs":["http:\/\/arnoldoeloy.net"],"url":"https:\/\/stage3.rnv.gob.ve\/wp\/author\/administrador\/"}]}},"jetpack_featured_media_url":"","_links":{"self":[{"href":"https:\/\/stage3.rnv.gob.ve\/wp\/wp-json\/wp\/v2\/posts\/197730","targetHints":{"allow":["GET"]}}],"collection":[{"href":"https:\/\/stage3.rnv.gob.ve\/wp\/wp-json\/wp\/v2\/posts"}],"about":[{"href":"https:\/\/stage3.rnv.gob.ve\/wp\/wp-json\/wp\/v2\/types\/post"}],"author":[{"embeddable":true,"href":"https:\/\/stage3.rnv.gob.ve\/wp\/wp-json\/wp\/v2\/users\/1"}],"replies":[{"embeddable":true,"href":"https:\/\/stage3.rnv.gob.ve\/wp\/wp-json\/wp\/v2\/comments?post=197730"}],"version-history":[{"count":0,"href":"https:\/\/stage3.rnv.gob.ve\/wp\/wp-json\/wp\/v2\/posts\/197730\/revisions"}],"wp:featuredmedia":[{"embeddable":true,"href":"https:\/\/stage3.rnv.gob.ve\/wp\/wp-json\/"}],"wp:attachment":[{"href":"https:\/\/stage3.rnv.gob.ve\/wp\/wp-json\/wp\/v2\/media?parent=197730"}],"wp:term":[{"taxonomy":"category","embeddable":true,"href":"https:\/\/stage3.rnv.gob.ve\/wp\/wp-json\/wp\/v2\/categories?post=197730"},{"taxonomy":"post_tag","embeddable":true,"href":"https:\/\/stage3.rnv.gob.ve\/wp\/wp-json\/wp\/v2\/tags?post=197730"}],"curies":[{"name":"wp","href":"https:\/\/api.w.org\/{rel}","templated":true}]}}