{"id":197538,"date":"2018-01-11T08:44:42","date_gmt":"2018-01-11T13:14:42","guid":{"rendered":"https:\/\/stage3.rnv.gob.ve\/wp\/?p=197538"},"modified":"2018-01-11T08:44:42","modified_gmt":"2018-01-11T13:14:42","slug":"president-maduro-recalled-11-years-of-the-ratification-of-hugo-chavez-to-continue-socialism","status":"publish","type":"post","link":"https:\/\/stage3.rnv.gob.ve\/wp\/president-maduro-recalled-11-years-of-the-ratification-of-hugo-chavez-to-continue-socialism\/","title":{"rendered":"President Maduro recalled 11 years of the ratification of Hugo Ch\u00e1vez to continue socialism"},"content":{"rendered":"<p><img fetchpriority=\"high\" decoding=\"async\" class=\"alignnone size-medium\" src=\"https:\/\/i2.wp.com\/rnv.gob.ve\/wp-content\/uploads\/2016\/08\/hugochavez-el-gigante-de-Am%C3%A9rica.jpg?resize=300%2C195\" width=\"300\" height=\"195\" \/><\/p>\n<p>The President of the Bolivarian Republic of Venezuela, Nicol\u00e1s Maduro, recalled on Wednesday the 11th anniversary of the ratification of Commander Hugo Ch\u00e1vez by the Venezuelan people.<\/p>\n<p>\u00abWe remember today our Undefeated Commander Chavez, 11 years after his ratification by the Venezuelan people to continue on the path of Socialism, being the President with the greatest support in the electoral history of our country, endorsed with a 62.84%\u00bb.<\/p>\n<p>Hugo Ch\u00e1vez was considered the President with more leadership for the Venezuelans, he marked history in Latin America and the world as the leader who inspired the oppressed peoples to rise up against the oligarchy and the empire.<\/p>\n<p><strong>Nicol\u00e1s Maduro<\/strong><br \/>\n<em>@NicolasMaduro<\/em><br \/>\n\u00abWe remember today our Undefeated Commander Chavez, 11 years after his ratification by the Venezuelan people to continue on the path of Socialism, being the President with the greatest support in the electoral history of our country, supported by a 62.84%\u00bb.<br \/>\n9:38 &#8211; Jan 10 2018s<\/p>\n","protected":false},"excerpt":{"rendered":"<p>The President of the Bolivarian Republic of Venezuela, Nicol\u00e1s Maduro, recalled on Wednesday the 11th anniversary of the ratification of Commander Hugo Ch\u00e1vez by the Venezuelan people. \u00abWe remember today our Undefeated Commander Chavez, 11 years after his ratification by the Venezuelan people to continue on the path of Socialism, being the President with the [&hellip;]<\/p>\n","protected":false},"author":1,"featured_media":62121,"comment_status":"closed","ping_status":"open","sticky":false,"template":"","format":"standard","meta":{"_acf_changed":false,"footnotes":""},"categories":[450],"tags":[216,1880,147,24326,3609,2976],"class_list":["post-197538","post","type-post","status-publish","format-standard","has-post-thumbnail","hentry","category-english","tag-chavez","tag-electoral","tag-maduro","tag-ratification","tag-socialism","tag-support"],"acf":[],"yoast_head":"<!-- This site is optimized with the Yoast SEO plugin v27.4 - https:\/\/yoast.com\/product\/yoast-seo-wordpress\/ -->\n<title>President Maduro recalled 11 years of the ratification of Hugo Ch\u00e1vez to continue socialism - DEV RNV<\/title>\n<meta name=\"robots\" content=\"noindex, follow, max-snippet:-1, max-image-preview:large, max-video-preview:-1\" \/>\n<meta property=\"og:locale\" content=\"es_ES\" \/>\n<meta property=\"og:type\" content=\"article\" \/>\n<meta property=\"og:title\" content=\"President Maduro recalled 11 years of the ratification of Hugo Ch\u00e1vez to continue socialism - DEV RNV\" \/>\n<meta property=\"og:description\" content=\"The President of the Bolivarian Republic of Venezuela, Nicol\u00e1s Maduro, recalled on Wednesday the 11th anniversary of the ratification of Commander Hugo Ch\u00e1vez by the Venezuelan people. \u00abWe remember today our Undefeated Commander Chavez, 11 years after his ratification by the Venezuelan people to continue on the path of Socialism, being the President with the [&hellip;]\" \/>\n<meta property=\"og:url\" content=\"https:\/\/stage3.rnv.gob.ve\/wp\/president-maduro-recalled-11-years-of-the-ratification-of-hugo-chavez-to-continue-socialism\/\" \/>\n<meta property=\"og:site_name\" content=\"DEV RNV\" \/>\n<meta property=\"article:publisher\" content=\"https:\/\/www.facebook.com\/RadioNacionaldeVenezuela\" \/>\n<meta property=\"article:published_time\" content=\"2018-01-11T13:14:42+00:00\" \/>\n<meta name=\"author\" content=\"administrador\" \/>\n<meta name=\"twitter:card\" content=\"summary_large_image\" \/>\n<meta name=\"twitter:creator\" content=\"@RNVinformativa\" \/>\n<meta name=\"twitter:site\" content=\"@RNVinformativa\" \/>\n<meta name=\"twitter:label1\" content=\"Escrito por\" \/>\n\t<meta name=\"twitter:data1\" content=\"administrador\" \/>\n\t<meta name=\"twitter:label2\" content=\"Tiempo estimado de lectura\" \/>\n\t<meta name=\"twitter:data2\" content=\"1 minuto\" \/>\n<script type=\"application\/ld+json\" class=\"yoast-schema-graph\">{\"@context\":\"https:\\\/\\\/schema.org\",\"@graph\":[{\"@type\":\"Article\",\"@id\":\"https:\\\/\\\/stage3.rnv.gob.ve\\\/wp\\\/president-maduro-recalled-11-years-of-the-ratification-of-hugo-chavez-to-continue-socialism\\\/#article\",\"isPartOf\":{\"@id\":\"https:\\\/\\\/stage3.rnv.gob.ve\\\/wp\\\/president-maduro-recalled-11-years-of-the-ratification-of-hugo-chavez-to-continue-socialism\\\/\"},\"author\":{\"name\":\"administrador\",\"@id\":\"https:\\\/\\\/stage3.rnv.gob.ve\\\/wp\\\/#\\\/schema\\\/person\\\/0862ce8cde332e0bc63b8a243f0eea2c\"},\"headline\":\"President Maduro recalled 11 years of the ratification of Hugo Ch\u00e1vez to continue socialism\",\"datePublished\":\"2018-01-11T13:14:42+00:00\",\"mainEntityOfPage\":{\"@id\":\"https:\\\/\\\/stage3.rnv.gob.ve\\\/wp\\\/president-maduro-recalled-11-years-of-the-ratification-of-hugo-chavez-to-continue-socialism\\\/\"},\"wordCount\":167,\"publisher\":{\"@id\":\"https:\\\/\\\/stage3.rnv.gob.ve\\\/wp\\\/#organization\"},\"image\":{\"@id\":\"https:\\\/\\\/stage3.rnv.gob.ve\\\/wp\\\/president-maduro-recalled-11-years-of-the-ratification-of-hugo-chavez-to-continue-socialism\\\/#primaryimage\"},\"thumbnailUrl\":\"\",\"keywords\":[\"chavez\",\"electoral\",\"maduro\",\"ratification\",\"socialism\",\"support\"],\"articleSection\":[\"English\"],\"inLanguage\":\"es\"},{\"@type\":\"WebPage\",\"@id\":\"https:\\\/\\\/stage3.rnv.gob.ve\\\/wp\\\/president-maduro-recalled-11-years-of-the-ratification-of-hugo-chavez-to-continue-socialism\\\/\",\"url\":\"https:\\\/\\\/stage3.rnv.gob.ve\\\/wp\\\/president-maduro-recalled-11-years-of-the-ratification-of-hugo-chavez-to-continue-socialism\\\/\",\"name\":\"President Maduro recalled 11 years of the ratification of Hugo Ch\u00e1vez to continue socialism - DEV RNV\",\"isPartOf\":{\"@id\":\"https:\\\/\\\/stage3.rnv.gob.ve\\\/wp\\\/#website\"},\"primaryImageOfPage\":{\"@id\":\"https:\\\/\\\/stage3.rnv.gob.ve\\\/wp\\\/president-maduro-recalled-11-years-of-the-ratification-of-hugo-chavez-to-continue-socialism\\\/#primaryimage\"},\"image\":{\"@id\":\"https:\\\/\\\/stage3.rnv.gob.ve\\\/wp\\\/president-maduro-recalled-11-years-of-the-ratification-of-hugo-chavez-to-continue-socialism\\\/#primaryimage\"},\"thumbnailUrl\":\"\",\"datePublished\":\"2018-01-11T13:14:42+00:00\",\"breadcrumb\":{\"@id\":\"https:\\\/\\\/stage3.rnv.gob.ve\\\/wp\\\/president-maduro-recalled-11-years-of-the-ratification-of-hugo-chavez-to-continue-socialism\\\/#breadcrumb\"},\"inLanguage\":\"es\",\"potentialAction\":[{\"@type\":\"ReadAction\",\"target\":[\"https:\\\/\\\/stage3.rnv.gob.ve\\\/wp\\\/president-maduro-recalled-11-years-of-the-ratification-of-hugo-chavez-to-continue-socialism\\\/\"]}]},{\"@type\":\"ImageObject\",\"inLanguage\":\"es\",\"@id\":\"https:\\\/\\\/stage3.rnv.gob.ve\\\/wp\\\/president-maduro-recalled-11-years-of-the-ratification-of-hugo-chavez-to-continue-socialism\\\/#primaryimage\",\"url\":\"\",\"contentUrl\":\"\"},{\"@type\":\"BreadcrumbList\",\"@id\":\"https:\\\/\\\/stage3.rnv.gob.ve\\\/wp\\\/president-maduro-recalled-11-years-of-the-ratification-of-hugo-chavez-to-continue-socialism\\\/#breadcrumb\",\"itemListElement\":[{\"@type\":\"ListItem\",\"position\":1,\"name\":\"Portada\",\"item\":\"https:\\\/\\\/stage3.rnv.gob.ve\\\/wp\\\/\"},{\"@type\":\"ListItem\",\"position\":2,\"name\":\"President Maduro Recalled 11 Years Of The Ratification Of Hugo Ch\u00e1vez To Continue Socialism\"}]},{\"@type\":\"WebSite\",\"@id\":\"https:\\\/\\\/stage3.rnv.gob.ve\\\/wp\\\/#website\",\"url\":\"https:\\\/\\\/stage3.rnv.gob.ve\\\/wp\\\/\",\"name\":\"DEV RNV\",\"description\":\"Radio Nacional de Venezuela C.A.\",\"publisher\":{\"@id\":\"https:\\\/\\\/stage3.rnv.gob.ve\\\/wp\\\/#organization\"},\"potentialAction\":[{\"@type\":\"SearchAction\",\"target\":{\"@type\":\"EntryPoint\",\"urlTemplate\":\"https:\\\/\\\/stage3.rnv.gob.ve\\\/wp\\\/?s={search_term_string}\"},\"query-input\":{\"@type\":\"PropertyValueSpecification\",\"valueRequired\":true,\"valueName\":\"search_term_string\"}}],\"inLanguage\":\"es\"},{\"@type\":\"Organization\",\"@id\":\"https:\\\/\\\/stage3.rnv.gob.ve\\\/wp\\\/#organization\",\"name\":\"Radio Nacional de Venezuela C.A.\",\"url\":\"https:\\\/\\\/stage3.rnv.gob.ve\\\/wp\\\/\",\"logo\":{\"@type\":\"ImageObject\",\"inLanguage\":\"es\",\"@id\":\"https:\\\/\\\/stage3.rnv.gob.ve\\\/wp\\\/#\\\/schema\\\/logo\\\/image\\\/\",\"url\":\"http:\\\/\\\/rnv.ddns.net\\\/prensa\\\/wp-content\\\/uploads\\\/2022\\\/04\\\/rnv-1-300x227-1.jpg\",\"contentUrl\":\"http:\\\/\\\/rnv.ddns.net\\\/prensa\\\/wp-content\\\/uploads\\\/2022\\\/04\\\/rnv-1-300x227-1.jpg\",\"width\":800,\"height\":455,\"caption\":\"Radio Nacional de Venezuela C.A.\"},\"image\":{\"@id\":\"https:\\\/\\\/stage3.rnv.gob.ve\\\/wp\\\/#\\\/schema\\\/logo\\\/image\\\/\"},\"sameAs\":[\"https:\\\/\\\/www.facebook.com\\\/RadioNacionaldeVenezuela\",\"https:\\\/\\\/x.com\\\/RNVinformativa\",\"https:\\\/\\\/www.instagram.com\\\/rnvinformativa\\\/\",\"https:\\\/\\\/www.youtube.com\\\/user\\\/RNVContigo\"]},{\"@type\":\"Person\",\"@id\":\"https:\\\/\\\/stage3.rnv.gob.ve\\\/wp\\\/#\\\/schema\\\/person\\\/0862ce8cde332e0bc63b8a243f0eea2c\",\"name\":\"administrador\",\"sameAs\":[\"http:\\\/\\\/arnoldoeloy.net\"],\"url\":\"https:\\\/\\\/stage3.rnv.gob.ve\\\/wp\\\/author\\\/administrador\\\/\"}]}<\/script>\n<!-- \/ Yoast SEO plugin. -->","yoast_head_json":{"title":"President Maduro recalled 11 years of the ratification of Hugo Ch\u00e1vez to continue socialism - DEV RNV","robots":{"index":"noindex","follow":"follow","max-snippet":"max-snippet:-1","max-image-preview":"max-image-preview:large","max-video-preview":"max-video-preview:-1"},"og_locale":"es_ES","og_type":"article","og_title":"President Maduro recalled 11 years of the ratification of Hugo Ch\u00e1vez to continue socialism - DEV RNV","og_description":"The President of the Bolivarian Republic of Venezuela, Nicol\u00e1s Maduro, recalled on Wednesday the 11th anniversary of the ratification of Commander Hugo Ch\u00e1vez by the Venezuelan people. \u00abWe remember today our Undefeated Commander Chavez, 11 years after his ratification by the Venezuelan people to continue on the path of Socialism, being the President with the [&hellip;]","og_url":"https:\/\/stage3.rnv.gob.ve\/wp\/president-maduro-recalled-11-years-of-the-ratification-of-hugo-chavez-to-continue-socialism\/","og_site_name":"DEV RNV","article_publisher":"https:\/\/www.facebook.com\/RadioNacionaldeVenezuela","article_published_time":"2018-01-11T13:14:42+00:00","author":"administrador","twitter_card":"summary_large_image","twitter_creator":"@RNVinformativa","twitter_site":"@RNVinformativa","twitter_misc":{"Escrito por":"administrador","Tiempo estimado de lectura":"1 minuto"},"schema":{"@context":"https:\/\/schema.org","@graph":[{"@type":"Article","@id":"https:\/\/stage3.rnv.gob.ve\/wp\/president-maduro-recalled-11-years-of-the-ratification-of-hugo-chavez-to-continue-socialism\/#article","isPartOf":{"@id":"https:\/\/stage3.rnv.gob.ve\/wp\/president-maduro-recalled-11-years-of-the-ratification-of-hugo-chavez-to-continue-socialism\/"},"author":{"name":"administrador","@id":"https:\/\/stage3.rnv.gob.ve\/wp\/#\/schema\/person\/0862ce8cde332e0bc63b8a243f0eea2c"},"headline":"President Maduro recalled 11 years of the ratification of Hugo Ch\u00e1vez to continue socialism","datePublished":"2018-01-11T13:14:42+00:00","mainEntityOfPage":{"@id":"https:\/\/stage3.rnv.gob.ve\/wp\/president-maduro-recalled-11-years-of-the-ratification-of-hugo-chavez-to-continue-socialism\/"},"wordCount":167,"publisher":{"@id":"https:\/\/stage3.rnv.gob.ve\/wp\/#organization"},"image":{"@id":"https:\/\/stage3.rnv.gob.ve\/wp\/president-maduro-recalled-11-years-of-the-ratification-of-hugo-chavez-to-continue-socialism\/#primaryimage"},"thumbnailUrl":"","keywords":["chavez","electoral","maduro","ratification","socialism","support"],"articleSection":["English"],"inLanguage":"es"},{"@type":"WebPage","@id":"https:\/\/stage3.rnv.gob.ve\/wp\/president-maduro-recalled-11-years-of-the-ratification-of-hugo-chavez-to-continue-socialism\/","url":"https:\/\/stage3.rnv.gob.ve\/wp\/president-maduro-recalled-11-years-of-the-ratification-of-hugo-chavez-to-continue-socialism\/","name":"President Maduro recalled 11 years of the ratification of Hugo Ch\u00e1vez to continue socialism - DEV RNV","isPartOf":{"@id":"https:\/\/stage3.rnv.gob.ve\/wp\/#website"},"primaryImageOfPage":{"@id":"https:\/\/stage3.rnv.gob.ve\/wp\/president-maduro-recalled-11-years-of-the-ratification-of-hugo-chavez-to-continue-socialism\/#primaryimage"},"image":{"@id":"https:\/\/stage3.rnv.gob.ve\/wp\/president-maduro-recalled-11-years-of-the-ratification-of-hugo-chavez-to-continue-socialism\/#primaryimage"},"thumbnailUrl":"","datePublished":"2018-01-11T13:14:42+00:00","breadcrumb":{"@id":"https:\/\/stage3.rnv.gob.ve\/wp\/president-maduro-recalled-11-years-of-the-ratification-of-hugo-chavez-to-continue-socialism\/#breadcrumb"},"inLanguage":"es","potentialAction":[{"@type":"ReadAction","target":["https:\/\/stage3.rnv.gob.ve\/wp\/president-maduro-recalled-11-years-of-the-ratification-of-hugo-chavez-to-continue-socialism\/"]}]},{"@type":"ImageObject","inLanguage":"es","@id":"https:\/\/stage3.rnv.gob.ve\/wp\/president-maduro-recalled-11-years-of-the-ratification-of-hugo-chavez-to-continue-socialism\/#primaryimage","url":"","contentUrl":""},{"@type":"BreadcrumbList","@id":"https:\/\/stage3.rnv.gob.ve\/wp\/president-maduro-recalled-11-years-of-the-ratification-of-hugo-chavez-to-continue-socialism\/#breadcrumb","itemListElement":[{"@type":"ListItem","position":1,"name":"Portada","item":"https:\/\/stage3.rnv.gob.ve\/wp\/"},{"@type":"ListItem","position":2,"name":"President Maduro Recalled 11 Years Of The Ratification Of Hugo Ch\u00e1vez To Continue Socialism"}]},{"@type":"WebSite","@id":"https:\/\/stage3.rnv.gob.ve\/wp\/#website","url":"https:\/\/stage3.rnv.gob.ve\/wp\/","name":"DEV RNV","description":"Radio Nacional de Venezuela C.A.","publisher":{"@id":"https:\/\/stage3.rnv.gob.ve\/wp\/#organization"},"potentialAction":[{"@type":"SearchAction","target":{"@type":"EntryPoint","urlTemplate":"https:\/\/stage3.rnv.gob.ve\/wp\/?s={search_term_string}"},"query-input":{"@type":"PropertyValueSpecification","valueRequired":true,"valueName":"search_term_string"}}],"inLanguage":"es"},{"@type":"Organization","@id":"https:\/\/stage3.rnv.gob.ve\/wp\/#organization","name":"Radio Nacional de Venezuela C.A.","url":"https:\/\/stage3.rnv.gob.ve\/wp\/","logo":{"@type":"ImageObject","inLanguage":"es","@id":"https:\/\/stage3.rnv.gob.ve\/wp\/#\/schema\/logo\/image\/","url":"http:\/\/rnv.ddns.net\/prensa\/wp-content\/uploads\/2022\/04\/rnv-1-300x227-1.jpg","contentUrl":"http:\/\/rnv.ddns.net\/prensa\/wp-content\/uploads\/2022\/04\/rnv-1-300x227-1.jpg","width":800,"height":455,"caption":"Radio Nacional de Venezuela C.A."},"image":{"@id":"https:\/\/stage3.rnv.gob.ve\/wp\/#\/schema\/logo\/image\/"},"sameAs":["https:\/\/www.facebook.com\/RadioNacionaldeVenezuela","https:\/\/x.com\/RNVinformativa","https:\/\/www.instagram.com\/rnvinformativa\/","https:\/\/www.youtube.com\/user\/RNVContigo"]},{"@type":"Person","@id":"https:\/\/stage3.rnv.gob.ve\/wp\/#\/schema\/person\/0862ce8cde332e0bc63b8a243f0eea2c","name":"administrador","sameAs":["http:\/\/arnoldoeloy.net"],"url":"https:\/\/stage3.rnv.gob.ve\/wp\/author\/administrador\/"}]}},"jetpack_featured_media_url":"","_links":{"self":[{"href":"https:\/\/stage3.rnv.gob.ve\/wp\/wp-json\/wp\/v2\/posts\/197538","targetHints":{"allow":["GET"]}}],"collection":[{"href":"https:\/\/stage3.rnv.gob.ve\/wp\/wp-json\/wp\/v2\/posts"}],"about":[{"href":"https:\/\/stage3.rnv.gob.ve\/wp\/wp-json\/wp\/v2\/types\/post"}],"author":[{"embeddable":true,"href":"https:\/\/stage3.rnv.gob.ve\/wp\/wp-json\/wp\/v2\/users\/1"}],"replies":[{"embeddable":true,"href":"https:\/\/stage3.rnv.gob.ve\/wp\/wp-json\/wp\/v2\/comments?post=197538"}],"version-history":[{"count":0,"href":"https:\/\/stage3.rnv.gob.ve\/wp\/wp-json\/wp\/v2\/posts\/197538\/revisions"}],"wp:featuredmedia":[{"embeddable":true,"href":"https:\/\/stage3.rnv.gob.ve\/wp\/wp-json\/"}],"wp:attachment":[{"href":"https:\/\/stage3.rnv.gob.ve\/wp\/wp-json\/wp\/v2\/media?parent=197538"}],"wp:term":[{"taxonomy":"category","embeddable":true,"href":"https:\/\/stage3.rnv.gob.ve\/wp\/wp-json\/wp\/v2\/categories?post=197538"},{"taxonomy":"post_tag","embeddable":true,"href":"https:\/\/stage3.rnv.gob.ve\/wp\/wp-json\/wp\/v2\/tags?post=197538"}],"curies":[{"name":"wp","href":"https:\/\/api.w.org\/{rel}","templated":true}]}}