{"id":195434,"date":"2017-12-29T09:00:24","date_gmt":"2017-12-29T13:30:24","guid":{"rendered":"https:\/\/stage3.rnv.gob.ve\/wp\/?p=195434"},"modified":"2017-12-29T09:00:24","modified_gmt":"2017-12-29T13:30:24","slug":"mas-de-14-millones-de-personas-se-movilizaron-en-2017-en-trolebus-trolcable-y-bus-merida","status":"publish","type":"post","link":"https:\/\/stage3.rnv.gob.ve\/wp\/mas-de-14-millones-de-personas-se-movilizaron-en-2017-en-trolebus-trolcable-y-bus-merida\/","title":{"rendered":"M\u00e1s de 14 millones de personas se movilizaron en 2017 en Troleb\u00fas, Trolcable y Bus M\u00e9rida"},"content":{"rendered":"<p><img fetchpriority=\"high\" decoding=\"async\" class=\"wp-image-195435 size-medium alignleft\" src=\"https:\/\/stage3.rnv.gob.ve\/wp\/wp-content\/uploads\/2017\/12\/Trolebus-300x169.jpg\" alt=\"\" width=\"300\" height=\"169\" \/>Un total de 14 millones 8 mil 634 usuarios se movilizaron este a\u00f1o 2017 en los sistemas Troleb\u00fas, Trolcable y Bus M\u00e9rida, esta cifra representa 700 mil pasajeros m\u00e1s que en 2016, cuando se registr\u00f3 una cifra de movilizaci\u00f3n de 13.307.322.<\/p>\n<p>Edward Rojas, gerente general de Troleb\u00fas M\u00e9rida (Tromerca), espec\u00edfico que s\u00f3lo este sistema traslad\u00f3 7.198.399 usuarios, mientras que el Trolcable alcanz\u00f3 a movilizar a 3.649.592 usuarios y el Bus M\u00e9rida totaliz\u00f3 3.160.643, refiri\u00f3 el Ministerio de Transporte en nota de prensa.<\/p>\n<p>Rojas indic\u00f3 que la incidencia en este incremento de usuarios movilizados por la red de transporte p\u00fablico masivo del estado andino, se debi\u00f3 a los planes de contingencia implementados por la estatal para neutralizar los paros de transporte que se desataron a comienzos de a\u00f1o; adem\u00e1s de las rutas tur\u00edsticas que se desplegaron por toda la entidad durante el Carnaval, la Feria del Sol y la Semana Mayor.<\/p>\n<p>El gerente general de Troleb\u00fas M\u00e9rida resalt\u00f3 que la movilidad en la entidad andina alcanz\u00f3: \u00abm\u00e1ximos hist\u00f3ricos de movilizaci\u00f3n\u00bb, y agreg\u00f3 que \u00abel transporte en M\u00e9rida sigue fortalecido de la mano del Presidente Nicol\u00e1s Maduro a trav\u00e9s de la Misi\u00f3n Transporte\u00bb.<\/p>\n<p>Expres\u00f3 su seguridad que en el 2018, el Gobierno Nacional seguir\u00e1 \u00abexpandiendo nuestra red p\u00fablica\u00bb.<\/p>\n<p><strong>T\/AVN<\/strong><\/p>\n","protected":false},"excerpt":{"rendered":"<p>Un total de 14 millones 8 mil 634 usuarios se movilizaron este a\u00f1o 2017 en los sistemas Troleb\u00fas, Trolcable y Bus M\u00e9rida, esta cifra representa 700 mil pasajeros m\u00e1s que en 2016, cuando se registr\u00f3 una cifra de movilizaci\u00f3n de 13.307.322. Edward Rojas, gerente general de Troleb\u00fas M\u00e9rida (Tromerca), espec\u00edfico que s\u00f3lo este sistema traslad\u00f3 [&hellip;]<\/p>\n","protected":false},"author":1,"featured_media":195435,"comment_status":"closed","ping_status":"open","sticky":false,"template":"","format":"standard","meta":{"_acf_changed":false,"footnotes":""},"categories":[69],"tags":[1508,2114,2115],"class_list":["post-195434","post","type-post","status-publish","format-standard","has-post-thumbnail","hentry","category-regional","tag-merida","tag-trolcable","tag-trolebus"],"acf":[],"yoast_head":"<!-- This site is optimized with the Yoast SEO plugin v27.4 - https:\/\/yoast.com\/product\/yoast-seo-wordpress\/ -->\n<title>M\u00e1s de 14 millones de personas se movilizaron en 2017 en Troleb\u00fas, Trolcable y Bus M\u00e9rida - DEV RNV<\/title>\n<meta name=\"robots\" content=\"noindex, follow, max-snippet:-1, max-image-preview:large, max-video-preview:-1\" \/>\n<meta property=\"og:locale\" content=\"es_ES\" \/>\n<meta property=\"og:type\" content=\"article\" \/>\n<meta property=\"og:title\" content=\"M\u00e1s de 14 millones de personas se movilizaron en 2017 en Troleb\u00fas, Trolcable y Bus M\u00e9rida - DEV RNV\" \/>\n<meta property=\"og:description\" content=\"Un total de 14 millones 8 mil 634 usuarios se movilizaron este a\u00f1o 2017 en los sistemas Troleb\u00fas, Trolcable y Bus M\u00e9rida, esta cifra representa 700 mil pasajeros m\u00e1s que en 2016, cuando se registr\u00f3 una cifra de movilizaci\u00f3n de 13.307.322. Edward Rojas, gerente general de Troleb\u00fas M\u00e9rida (Tromerca), espec\u00edfico que s\u00f3lo este sistema traslad\u00f3 [&hellip;]\" \/>\n<meta property=\"og:url\" content=\"https:\/\/stage3.rnv.gob.ve\/wp\/mas-de-14-millones-de-personas-se-movilizaron-en-2017-en-trolebus-trolcable-y-bus-merida\/\" \/>\n<meta property=\"og:site_name\" content=\"DEV RNV\" \/>\n<meta property=\"article:publisher\" content=\"https:\/\/www.facebook.com\/RadioNacionaldeVenezuela\" \/>\n<meta property=\"article:published_time\" content=\"2017-12-29T13:30:24+00:00\" \/>\n<meta name=\"author\" content=\"administrador\" \/>\n<meta name=\"twitter:card\" content=\"summary_large_image\" \/>\n<meta name=\"twitter:creator\" content=\"@RNVinformativa\" \/>\n<meta name=\"twitter:site\" content=\"@RNVinformativa\" \/>\n<meta name=\"twitter:label1\" content=\"Escrito por\" \/>\n\t<meta name=\"twitter:data1\" content=\"administrador\" \/>\n\t<meta name=\"twitter:label2\" content=\"Tiempo estimado de lectura\" \/>\n\t<meta name=\"twitter:data2\" content=\"1 minuto\" \/>\n<script type=\"application\/ld+json\" class=\"yoast-schema-graph\">{\"@context\":\"https:\\\/\\\/schema.org\",\"@graph\":[{\"@type\":\"Article\",\"@id\":\"https:\\\/\\\/stage3.rnv.gob.ve\\\/wp\\\/mas-de-14-millones-de-personas-se-movilizaron-en-2017-en-trolebus-trolcable-y-bus-merida\\\/#article\",\"isPartOf\":{\"@id\":\"https:\\\/\\\/stage3.rnv.gob.ve\\\/wp\\\/mas-de-14-millones-de-personas-se-movilizaron-en-2017-en-trolebus-trolcable-y-bus-merida\\\/\"},\"author\":{\"name\":\"administrador\",\"@id\":\"https:\\\/\\\/stage3.rnv.gob.ve\\\/wp\\\/#\\\/schema\\\/person\\\/0862ce8cde332e0bc63b8a243f0eea2c\"},\"headline\":\"M\u00e1s de 14 millones de personas se movilizaron en 2017 en Troleb\u00fas, Trolcable y Bus M\u00e9rida\",\"datePublished\":\"2017-12-29T13:30:24+00:00\",\"mainEntityOfPage\":{\"@id\":\"https:\\\/\\\/stage3.rnv.gob.ve\\\/wp\\\/mas-de-14-millones-de-personas-se-movilizaron-en-2017-en-trolebus-trolcable-y-bus-merida\\\/\"},\"wordCount\":238,\"publisher\":{\"@id\":\"https:\\\/\\\/stage3.rnv.gob.ve\\\/wp\\\/#organization\"},\"image\":{\"@id\":\"https:\\\/\\\/stage3.rnv.gob.ve\\\/wp\\\/mas-de-14-millones-de-personas-se-movilizaron-en-2017-en-trolebus-trolcable-y-bus-merida\\\/#primaryimage\"},\"thumbnailUrl\":\"\",\"keywords\":[\"merida\",\"Trolcable\",\"Troleb\u00fas\"],\"articleSection\":[\"Regional\"],\"inLanguage\":\"es\"},{\"@type\":\"WebPage\",\"@id\":\"https:\\\/\\\/stage3.rnv.gob.ve\\\/wp\\\/mas-de-14-millones-de-personas-se-movilizaron-en-2017-en-trolebus-trolcable-y-bus-merida\\\/\",\"url\":\"https:\\\/\\\/stage3.rnv.gob.ve\\\/wp\\\/mas-de-14-millones-de-personas-se-movilizaron-en-2017-en-trolebus-trolcable-y-bus-merida\\\/\",\"name\":\"M\u00e1s de 14 millones de personas se movilizaron en 2017 en Troleb\u00fas, Trolcable y Bus M\u00e9rida - DEV RNV\",\"isPartOf\":{\"@id\":\"https:\\\/\\\/stage3.rnv.gob.ve\\\/wp\\\/#website\"},\"primaryImageOfPage\":{\"@id\":\"https:\\\/\\\/stage3.rnv.gob.ve\\\/wp\\\/mas-de-14-millones-de-personas-se-movilizaron-en-2017-en-trolebus-trolcable-y-bus-merida\\\/#primaryimage\"},\"image\":{\"@id\":\"https:\\\/\\\/stage3.rnv.gob.ve\\\/wp\\\/mas-de-14-millones-de-personas-se-movilizaron-en-2017-en-trolebus-trolcable-y-bus-merida\\\/#primaryimage\"},\"thumbnailUrl\":\"\",\"datePublished\":\"2017-12-29T13:30:24+00:00\",\"breadcrumb\":{\"@id\":\"https:\\\/\\\/stage3.rnv.gob.ve\\\/wp\\\/mas-de-14-millones-de-personas-se-movilizaron-en-2017-en-trolebus-trolcable-y-bus-merida\\\/#breadcrumb\"},\"inLanguage\":\"es\",\"potentialAction\":[{\"@type\":\"ReadAction\",\"target\":[\"https:\\\/\\\/stage3.rnv.gob.ve\\\/wp\\\/mas-de-14-millones-de-personas-se-movilizaron-en-2017-en-trolebus-trolcable-y-bus-merida\\\/\"]}]},{\"@type\":\"ImageObject\",\"inLanguage\":\"es\",\"@id\":\"https:\\\/\\\/stage3.rnv.gob.ve\\\/wp\\\/mas-de-14-millones-de-personas-se-movilizaron-en-2017-en-trolebus-trolcable-y-bus-merida\\\/#primaryimage\",\"url\":\"\",\"contentUrl\":\"\"},{\"@type\":\"BreadcrumbList\",\"@id\":\"https:\\\/\\\/stage3.rnv.gob.ve\\\/wp\\\/mas-de-14-millones-de-personas-se-movilizaron-en-2017-en-trolebus-trolcable-y-bus-merida\\\/#breadcrumb\",\"itemListElement\":[{\"@type\":\"ListItem\",\"position\":1,\"name\":\"Portada\",\"item\":\"https:\\\/\\\/stage3.rnv.gob.ve\\\/wp\\\/\"},{\"@type\":\"ListItem\",\"position\":2,\"name\":\"M\u00e1s De 14 Millones De Personas Se Movilizaron En 2017 En Troleb\u00fas, Trolcable Y Bus M\u00e9rida\"}]},{\"@type\":\"WebSite\",\"@id\":\"https:\\\/\\\/stage3.rnv.gob.ve\\\/wp\\\/#website\",\"url\":\"https:\\\/\\\/stage3.rnv.gob.ve\\\/wp\\\/\",\"name\":\"DEV RNV\",\"description\":\"Radio Nacional de Venezuela C.A.\",\"publisher\":{\"@id\":\"https:\\\/\\\/stage3.rnv.gob.ve\\\/wp\\\/#organization\"},\"potentialAction\":[{\"@type\":\"SearchAction\",\"target\":{\"@type\":\"EntryPoint\",\"urlTemplate\":\"https:\\\/\\\/stage3.rnv.gob.ve\\\/wp\\\/?s={search_term_string}\"},\"query-input\":{\"@type\":\"PropertyValueSpecification\",\"valueRequired\":true,\"valueName\":\"search_term_string\"}}],\"inLanguage\":\"es\"},{\"@type\":\"Organization\",\"@id\":\"https:\\\/\\\/stage3.rnv.gob.ve\\\/wp\\\/#organization\",\"name\":\"Radio Nacional de Venezuela C.A.\",\"url\":\"https:\\\/\\\/stage3.rnv.gob.ve\\\/wp\\\/\",\"logo\":{\"@type\":\"ImageObject\",\"inLanguage\":\"es\",\"@id\":\"https:\\\/\\\/stage3.rnv.gob.ve\\\/wp\\\/#\\\/schema\\\/logo\\\/image\\\/\",\"url\":\"http:\\\/\\\/rnv.ddns.net\\\/prensa\\\/wp-content\\\/uploads\\\/2022\\\/04\\\/rnv-1-300x227-1.jpg\",\"contentUrl\":\"http:\\\/\\\/rnv.ddns.net\\\/prensa\\\/wp-content\\\/uploads\\\/2022\\\/04\\\/rnv-1-300x227-1.jpg\",\"width\":800,\"height\":455,\"caption\":\"Radio Nacional de Venezuela C.A.\"},\"image\":{\"@id\":\"https:\\\/\\\/stage3.rnv.gob.ve\\\/wp\\\/#\\\/schema\\\/logo\\\/image\\\/\"},\"sameAs\":[\"https:\\\/\\\/www.facebook.com\\\/RadioNacionaldeVenezuela\",\"https:\\\/\\\/x.com\\\/RNVinformativa\",\"https:\\\/\\\/www.instagram.com\\\/rnvinformativa\\\/\",\"https:\\\/\\\/www.youtube.com\\\/user\\\/RNVContigo\"]},{\"@type\":\"Person\",\"@id\":\"https:\\\/\\\/stage3.rnv.gob.ve\\\/wp\\\/#\\\/schema\\\/person\\\/0862ce8cde332e0bc63b8a243f0eea2c\",\"name\":\"administrador\",\"sameAs\":[\"http:\\\/\\\/arnoldoeloy.net\"],\"url\":\"https:\\\/\\\/stage3.rnv.gob.ve\\\/wp\\\/author\\\/administrador\\\/\"}]}<\/script>\n<!-- \/ Yoast SEO plugin. -->","yoast_head_json":{"title":"M\u00e1s de 14 millones de personas se movilizaron en 2017 en Troleb\u00fas, Trolcable y Bus M\u00e9rida - DEV RNV","robots":{"index":"noindex","follow":"follow","max-snippet":"max-snippet:-1","max-image-preview":"max-image-preview:large","max-video-preview":"max-video-preview:-1"},"og_locale":"es_ES","og_type":"article","og_title":"M\u00e1s de 14 millones de personas se movilizaron en 2017 en Troleb\u00fas, Trolcable y Bus M\u00e9rida - DEV RNV","og_description":"Un total de 14 millones 8 mil 634 usuarios se movilizaron este a\u00f1o 2017 en los sistemas Troleb\u00fas, Trolcable y Bus M\u00e9rida, esta cifra representa 700 mil pasajeros m\u00e1s que en 2016, cuando se registr\u00f3 una cifra de movilizaci\u00f3n de 13.307.322. Edward Rojas, gerente general de Troleb\u00fas M\u00e9rida (Tromerca), espec\u00edfico que s\u00f3lo este sistema traslad\u00f3 [&hellip;]","og_url":"https:\/\/stage3.rnv.gob.ve\/wp\/mas-de-14-millones-de-personas-se-movilizaron-en-2017-en-trolebus-trolcable-y-bus-merida\/","og_site_name":"DEV RNV","article_publisher":"https:\/\/www.facebook.com\/RadioNacionaldeVenezuela","article_published_time":"2017-12-29T13:30:24+00:00","author":"administrador","twitter_card":"summary_large_image","twitter_creator":"@RNVinformativa","twitter_site":"@RNVinformativa","twitter_misc":{"Escrito por":"administrador","Tiempo estimado de lectura":"1 minuto"},"schema":{"@context":"https:\/\/schema.org","@graph":[{"@type":"Article","@id":"https:\/\/stage3.rnv.gob.ve\/wp\/mas-de-14-millones-de-personas-se-movilizaron-en-2017-en-trolebus-trolcable-y-bus-merida\/#article","isPartOf":{"@id":"https:\/\/stage3.rnv.gob.ve\/wp\/mas-de-14-millones-de-personas-se-movilizaron-en-2017-en-trolebus-trolcable-y-bus-merida\/"},"author":{"name":"administrador","@id":"https:\/\/stage3.rnv.gob.ve\/wp\/#\/schema\/person\/0862ce8cde332e0bc63b8a243f0eea2c"},"headline":"M\u00e1s de 14 millones de personas se movilizaron en 2017 en Troleb\u00fas, Trolcable y Bus M\u00e9rida","datePublished":"2017-12-29T13:30:24+00:00","mainEntityOfPage":{"@id":"https:\/\/stage3.rnv.gob.ve\/wp\/mas-de-14-millones-de-personas-se-movilizaron-en-2017-en-trolebus-trolcable-y-bus-merida\/"},"wordCount":238,"publisher":{"@id":"https:\/\/stage3.rnv.gob.ve\/wp\/#organization"},"image":{"@id":"https:\/\/stage3.rnv.gob.ve\/wp\/mas-de-14-millones-de-personas-se-movilizaron-en-2017-en-trolebus-trolcable-y-bus-merida\/#primaryimage"},"thumbnailUrl":"","keywords":["merida","Trolcable","Troleb\u00fas"],"articleSection":["Regional"],"inLanguage":"es"},{"@type":"WebPage","@id":"https:\/\/stage3.rnv.gob.ve\/wp\/mas-de-14-millones-de-personas-se-movilizaron-en-2017-en-trolebus-trolcable-y-bus-merida\/","url":"https:\/\/stage3.rnv.gob.ve\/wp\/mas-de-14-millones-de-personas-se-movilizaron-en-2017-en-trolebus-trolcable-y-bus-merida\/","name":"M\u00e1s de 14 millones de personas se movilizaron en 2017 en Troleb\u00fas, Trolcable y Bus M\u00e9rida - DEV RNV","isPartOf":{"@id":"https:\/\/stage3.rnv.gob.ve\/wp\/#website"},"primaryImageOfPage":{"@id":"https:\/\/stage3.rnv.gob.ve\/wp\/mas-de-14-millones-de-personas-se-movilizaron-en-2017-en-trolebus-trolcable-y-bus-merida\/#primaryimage"},"image":{"@id":"https:\/\/stage3.rnv.gob.ve\/wp\/mas-de-14-millones-de-personas-se-movilizaron-en-2017-en-trolebus-trolcable-y-bus-merida\/#primaryimage"},"thumbnailUrl":"","datePublished":"2017-12-29T13:30:24+00:00","breadcrumb":{"@id":"https:\/\/stage3.rnv.gob.ve\/wp\/mas-de-14-millones-de-personas-se-movilizaron-en-2017-en-trolebus-trolcable-y-bus-merida\/#breadcrumb"},"inLanguage":"es","potentialAction":[{"@type":"ReadAction","target":["https:\/\/stage3.rnv.gob.ve\/wp\/mas-de-14-millones-de-personas-se-movilizaron-en-2017-en-trolebus-trolcable-y-bus-merida\/"]}]},{"@type":"ImageObject","inLanguage":"es","@id":"https:\/\/stage3.rnv.gob.ve\/wp\/mas-de-14-millones-de-personas-se-movilizaron-en-2017-en-trolebus-trolcable-y-bus-merida\/#primaryimage","url":"","contentUrl":""},{"@type":"BreadcrumbList","@id":"https:\/\/stage3.rnv.gob.ve\/wp\/mas-de-14-millones-de-personas-se-movilizaron-en-2017-en-trolebus-trolcable-y-bus-merida\/#breadcrumb","itemListElement":[{"@type":"ListItem","position":1,"name":"Portada","item":"https:\/\/stage3.rnv.gob.ve\/wp\/"},{"@type":"ListItem","position":2,"name":"M\u00e1s De 14 Millones De Personas Se Movilizaron En 2017 En Troleb\u00fas, Trolcable Y Bus M\u00e9rida"}]},{"@type":"WebSite","@id":"https:\/\/stage3.rnv.gob.ve\/wp\/#website","url":"https:\/\/stage3.rnv.gob.ve\/wp\/","name":"DEV RNV","description":"Radio Nacional de Venezuela C.A.","publisher":{"@id":"https:\/\/stage3.rnv.gob.ve\/wp\/#organization"},"potentialAction":[{"@type":"SearchAction","target":{"@type":"EntryPoint","urlTemplate":"https:\/\/stage3.rnv.gob.ve\/wp\/?s={search_term_string}"},"query-input":{"@type":"PropertyValueSpecification","valueRequired":true,"valueName":"search_term_string"}}],"inLanguage":"es"},{"@type":"Organization","@id":"https:\/\/stage3.rnv.gob.ve\/wp\/#organization","name":"Radio Nacional de Venezuela C.A.","url":"https:\/\/stage3.rnv.gob.ve\/wp\/","logo":{"@type":"ImageObject","inLanguage":"es","@id":"https:\/\/stage3.rnv.gob.ve\/wp\/#\/schema\/logo\/image\/","url":"http:\/\/rnv.ddns.net\/prensa\/wp-content\/uploads\/2022\/04\/rnv-1-300x227-1.jpg","contentUrl":"http:\/\/rnv.ddns.net\/prensa\/wp-content\/uploads\/2022\/04\/rnv-1-300x227-1.jpg","width":800,"height":455,"caption":"Radio Nacional de Venezuela C.A."},"image":{"@id":"https:\/\/stage3.rnv.gob.ve\/wp\/#\/schema\/logo\/image\/"},"sameAs":["https:\/\/www.facebook.com\/RadioNacionaldeVenezuela","https:\/\/x.com\/RNVinformativa","https:\/\/www.instagram.com\/rnvinformativa\/","https:\/\/www.youtube.com\/user\/RNVContigo"]},{"@type":"Person","@id":"https:\/\/stage3.rnv.gob.ve\/wp\/#\/schema\/person\/0862ce8cde332e0bc63b8a243f0eea2c","name":"administrador","sameAs":["http:\/\/arnoldoeloy.net"],"url":"https:\/\/stage3.rnv.gob.ve\/wp\/author\/administrador\/"}]}},"jetpack_featured_media_url":"","_links":{"self":[{"href":"https:\/\/stage3.rnv.gob.ve\/wp\/wp-json\/wp\/v2\/posts\/195434","targetHints":{"allow":["GET"]}}],"collection":[{"href":"https:\/\/stage3.rnv.gob.ve\/wp\/wp-json\/wp\/v2\/posts"}],"about":[{"href":"https:\/\/stage3.rnv.gob.ve\/wp\/wp-json\/wp\/v2\/types\/post"}],"author":[{"embeddable":true,"href":"https:\/\/stage3.rnv.gob.ve\/wp\/wp-json\/wp\/v2\/users\/1"}],"replies":[{"embeddable":true,"href":"https:\/\/stage3.rnv.gob.ve\/wp\/wp-json\/wp\/v2\/comments?post=195434"}],"version-history":[{"count":0,"href":"https:\/\/stage3.rnv.gob.ve\/wp\/wp-json\/wp\/v2\/posts\/195434\/revisions"}],"wp:featuredmedia":[{"embeddable":true,"href":"https:\/\/stage3.rnv.gob.ve\/wp\/wp-json\/"}],"wp:attachment":[{"href":"https:\/\/stage3.rnv.gob.ve\/wp\/wp-json\/wp\/v2\/media?parent=195434"}],"wp:term":[{"taxonomy":"category","embeddable":true,"href":"https:\/\/stage3.rnv.gob.ve\/wp\/wp-json\/wp\/v2\/categories?post=195434"},{"taxonomy":"post_tag","embeddable":true,"href":"https:\/\/stage3.rnv.gob.ve\/wp\/wp-json\/wp\/v2\/tags?post=195434"}],"curies":[{"name":"wp","href":"https:\/\/api.w.org\/{rel}","templated":true}]}}