{"id":195413,"date":"2017-12-28T21:53:34","date_gmt":"2017-12-29T02:23:34","guid":{"rendered":"https:\/\/stage3.rnv.gob.ve\/wp\/?p=195413"},"modified":"2017-12-28T21:53:34","modified_gmt":"2017-12-29T02:23:34","slug":"venezuela-se-solidariza-con-afganistan-tras-ataque-terrorista-en-kabul","status":"publish","type":"post","link":"https:\/\/stage3.rnv.gob.ve\/wp\/venezuela-se-solidariza-con-afganistan-tras-ataque-terrorista-en-kabul\/","title":{"rendered":"Venezuela se solidariza con Afganist\u00e1n tras ataque terrorista en Kabul"},"content":{"rendered":"<p><img fetchpriority=\"high\" decoding=\"async\" class=\" wp-image-180897 alignleft\" src=\"https:\/\/stage3.rnv.gob.ve\/wp\/wp-content\/uploads\/2017\/10\/Comunicado-300x200.jpg\" alt=\"\" width=\"326\" height=\"217\" \/>La Rep\u00fablica Bolivariana de Venezuela manifest\u00f3 su solidaridad con el pueblo de Afganist\u00e1n, tras el ataque terrorista ocurrido en el Centro Cultural Tabyan, oeste de Kabul, capital, en el que resultaron asesinadas 41 personas y otras 84 quedaron heridas, expresa un comunicado difundido por el sitio web del Ministerio del Poder Popular para Relaciones Exteriores.<\/p>\n<p><strong>A continuaci\u00f3n lea el comunicado \u00edntegro:<\/strong><\/p>\n<p>\u00abLa Rep\u00fablica Bolivariana de Venezuela, manifiesta sus m\u00e1s sinceras palabras de solidaridad y condolencias al Pueblo de la Rep\u00fablica Isl\u00e1mica de Afganist\u00e1n, en ocasi\u00f3n del ataque terrorista ocurrido en el Centro Cultural Tabyan, en el \u00e1rea de Qala-e-Nazer, localizada al oeste de la ciudad de Kabul, el cual ocasion\u00f3 la lamentable perdida de al menos 41 vidas humanas y m\u00e1s de 84 personas heridas.<\/p>\n<p>El Gobierno Bolivariano, en nombre del Pueblo de Venezuela, consecuente con sus principios de Solidaridad y Paz, reitera en t\u00e9rminos absolutamente firmes su rechazo a estos ataques terroristas y ofrece su m\u00e1s sinceras condolencias a las familias de las v\u00edctimas de este atentado terrorista.<\/p>\n<p>La Rep\u00fablica Bolivariana de Venezuela, al hacer votos de solidaridad con las familias de las v\u00edctimas fatales, reitera su fraternidad y amistad con el Pueblo afgano\u00bb.<\/p>\n<p><strong>Caracas, 28 de diciembre de 2017<\/strong><\/p>\n<p>&nbsp;<\/p>\n<p><strong>T\/ MPPRE<\/strong><\/p>\n","protected":false},"excerpt":{"rendered":"<p>La Rep\u00fablica Bolivariana de Venezuela manifest\u00f3 su solidaridad con el pueblo de Afganist\u00e1n, tras el ataque terrorista ocurrido en el Centro Cultural Tabyan, oeste de Kabul, capital, en el que resultaron asesinadas 41 personas y otras 84 quedaron heridas, expresa un comunicado difundido por el sitio web del Ministerio del Poder Popular para Relaciones Exteriores. [&hellip;]<\/p>\n","protected":false},"author":30,"featured_media":180897,"comment_status":"closed","ping_status":"open","sticky":false,"template":"","format":"standard","meta":{"_acf_changed":false,"footnotes":""},"categories":[61],"tags":[7349,1051,702,18523,985,1521,104],"class_list":["post-195413","post","type-post","status-publish","format-standard","has-post-thumbnail","hentry","category-internacional","tag-afganistan","tag-ataque","tag-comunicado","tag-mppre","tag-solidaridad","tag-terrorista","tag-venezuela"],"acf":[],"yoast_head":"<!-- This site is optimized with the Yoast SEO plugin v27.4 - https:\/\/yoast.com\/product\/yoast-seo-wordpress\/ -->\n<title>Venezuela se solidariza con Afganist\u00e1n tras ataque terrorista en Kabul - DEV RNV<\/title>\n<meta name=\"robots\" content=\"noindex, follow, max-snippet:-1, max-image-preview:large, max-video-preview:-1\" \/>\n<meta property=\"og:locale\" content=\"es_ES\" \/>\n<meta property=\"og:type\" content=\"article\" \/>\n<meta property=\"og:title\" content=\"Venezuela se solidariza con Afganist\u00e1n tras ataque terrorista en Kabul - DEV RNV\" \/>\n<meta property=\"og:description\" content=\"La Rep\u00fablica Bolivariana de Venezuela manifest\u00f3 su solidaridad con el pueblo de Afganist\u00e1n, tras el ataque terrorista ocurrido en el Centro Cultural Tabyan, oeste de Kabul, capital, en el que resultaron asesinadas 41 personas y otras 84 quedaron heridas, expresa un comunicado difundido por el sitio web del Ministerio del Poder Popular para Relaciones Exteriores. [&hellip;]\" \/>\n<meta property=\"og:url\" content=\"https:\/\/stage3.rnv.gob.ve\/wp\/venezuela-se-solidariza-con-afganistan-tras-ataque-terrorista-en-kabul\/\" \/>\n<meta property=\"og:site_name\" content=\"DEV RNV\" \/>\n<meta property=\"article:publisher\" content=\"https:\/\/www.facebook.com\/RadioNacionaldeVenezuela\" \/>\n<meta property=\"article:published_time\" content=\"2017-12-29T02:23:34+00:00\" \/>\n<meta name=\"author\" content=\"Nelson Acosta\" \/>\n<meta name=\"twitter:card\" content=\"summary_large_image\" \/>\n<meta name=\"twitter:creator\" content=\"@RNVinformativa\" \/>\n<meta name=\"twitter:site\" content=\"@RNVinformativa\" \/>\n<meta name=\"twitter:label1\" content=\"Escrito por\" \/>\n\t<meta name=\"twitter:data1\" content=\"Nelson Acosta\" \/>\n\t<meta name=\"twitter:label2\" content=\"Tiempo estimado de lectura\" \/>\n\t<meta name=\"twitter:data2\" content=\"1 minuto\" \/>\n<script type=\"application\/ld+json\" class=\"yoast-schema-graph\">{\"@context\":\"https:\\\/\\\/schema.org\",\"@graph\":[{\"@type\":\"Article\",\"@id\":\"https:\\\/\\\/stage3.rnv.gob.ve\\\/wp\\\/venezuela-se-solidariza-con-afganistan-tras-ataque-terrorista-en-kabul\\\/#article\",\"isPartOf\":{\"@id\":\"https:\\\/\\\/stage3.rnv.gob.ve\\\/wp\\\/venezuela-se-solidariza-con-afganistan-tras-ataque-terrorista-en-kabul\\\/\"},\"author\":{\"name\":\"Nelson Acosta\",\"@id\":\"https:\\\/\\\/stage3.rnv.gob.ve\\\/wp\\\/#\\\/schema\\\/person\\\/456d26599214e85256835dffede212ff\"},\"headline\":\"Venezuela se solidariza con Afganist\u00e1n tras ataque terrorista en Kabul\",\"datePublished\":\"2017-12-29T02:23:34+00:00\",\"mainEntityOfPage\":{\"@id\":\"https:\\\/\\\/stage3.rnv.gob.ve\\\/wp\\\/venezuela-se-solidariza-con-afganistan-tras-ataque-terrorista-en-kabul\\\/\"},\"wordCount\":224,\"publisher\":{\"@id\":\"https:\\\/\\\/stage3.rnv.gob.ve\\\/wp\\\/#organization\"},\"image\":{\"@id\":\"https:\\\/\\\/stage3.rnv.gob.ve\\\/wp\\\/venezuela-se-solidariza-con-afganistan-tras-ataque-terrorista-en-kabul\\\/#primaryimage\"},\"thumbnailUrl\":\"\",\"keywords\":[\"afganist\u00e1n\",\"ataque\",\"comunicado\",\"MPPRE\",\"solidaridad\",\"terrorista\",\"Venezuela\"],\"articleSection\":[\"Internacional\"],\"inLanguage\":\"es\"},{\"@type\":\"WebPage\",\"@id\":\"https:\\\/\\\/stage3.rnv.gob.ve\\\/wp\\\/venezuela-se-solidariza-con-afganistan-tras-ataque-terrorista-en-kabul\\\/\",\"url\":\"https:\\\/\\\/stage3.rnv.gob.ve\\\/wp\\\/venezuela-se-solidariza-con-afganistan-tras-ataque-terrorista-en-kabul\\\/\",\"name\":\"Venezuela se solidariza con Afganist\u00e1n tras ataque terrorista en Kabul - DEV RNV\",\"isPartOf\":{\"@id\":\"https:\\\/\\\/stage3.rnv.gob.ve\\\/wp\\\/#website\"},\"primaryImageOfPage\":{\"@id\":\"https:\\\/\\\/stage3.rnv.gob.ve\\\/wp\\\/venezuela-se-solidariza-con-afganistan-tras-ataque-terrorista-en-kabul\\\/#primaryimage\"},\"image\":{\"@id\":\"https:\\\/\\\/stage3.rnv.gob.ve\\\/wp\\\/venezuela-se-solidariza-con-afganistan-tras-ataque-terrorista-en-kabul\\\/#primaryimage\"},\"thumbnailUrl\":\"\",\"datePublished\":\"2017-12-29T02:23:34+00:00\",\"breadcrumb\":{\"@id\":\"https:\\\/\\\/stage3.rnv.gob.ve\\\/wp\\\/venezuela-se-solidariza-con-afganistan-tras-ataque-terrorista-en-kabul\\\/#breadcrumb\"},\"inLanguage\":\"es\",\"potentialAction\":[{\"@type\":\"ReadAction\",\"target\":[\"https:\\\/\\\/stage3.rnv.gob.ve\\\/wp\\\/venezuela-se-solidariza-con-afganistan-tras-ataque-terrorista-en-kabul\\\/\"]}]},{\"@type\":\"ImageObject\",\"inLanguage\":\"es\",\"@id\":\"https:\\\/\\\/stage3.rnv.gob.ve\\\/wp\\\/venezuela-se-solidariza-con-afganistan-tras-ataque-terrorista-en-kabul\\\/#primaryimage\",\"url\":\"\",\"contentUrl\":\"\"},{\"@type\":\"BreadcrumbList\",\"@id\":\"https:\\\/\\\/stage3.rnv.gob.ve\\\/wp\\\/venezuela-se-solidariza-con-afganistan-tras-ataque-terrorista-en-kabul\\\/#breadcrumb\",\"itemListElement\":[{\"@type\":\"ListItem\",\"position\":1,\"name\":\"Portada\",\"item\":\"https:\\\/\\\/stage3.rnv.gob.ve\\\/wp\\\/\"},{\"@type\":\"ListItem\",\"position\":2,\"name\":\"Venezuela Se Solidariza Con Afganist\u00e1n Tras Ataque Terrorista En Kabul\"}]},{\"@type\":\"WebSite\",\"@id\":\"https:\\\/\\\/stage3.rnv.gob.ve\\\/wp\\\/#website\",\"url\":\"https:\\\/\\\/stage3.rnv.gob.ve\\\/wp\\\/\",\"name\":\"DEV RNV\",\"description\":\"Radio Nacional de Venezuela C.A.\",\"publisher\":{\"@id\":\"https:\\\/\\\/stage3.rnv.gob.ve\\\/wp\\\/#organization\"},\"potentialAction\":[{\"@type\":\"SearchAction\",\"target\":{\"@type\":\"EntryPoint\",\"urlTemplate\":\"https:\\\/\\\/stage3.rnv.gob.ve\\\/wp\\\/?s={search_term_string}\"},\"query-input\":{\"@type\":\"PropertyValueSpecification\",\"valueRequired\":true,\"valueName\":\"search_term_string\"}}],\"inLanguage\":\"es\"},{\"@type\":\"Organization\",\"@id\":\"https:\\\/\\\/stage3.rnv.gob.ve\\\/wp\\\/#organization\",\"name\":\"Radio Nacional de Venezuela C.A.\",\"url\":\"https:\\\/\\\/stage3.rnv.gob.ve\\\/wp\\\/\",\"logo\":{\"@type\":\"ImageObject\",\"inLanguage\":\"es\",\"@id\":\"https:\\\/\\\/stage3.rnv.gob.ve\\\/wp\\\/#\\\/schema\\\/logo\\\/image\\\/\",\"url\":\"http:\\\/\\\/rnv.ddns.net\\\/prensa\\\/wp-content\\\/uploads\\\/2022\\\/04\\\/rnv-1-300x227-1.jpg\",\"contentUrl\":\"http:\\\/\\\/rnv.ddns.net\\\/prensa\\\/wp-content\\\/uploads\\\/2022\\\/04\\\/rnv-1-300x227-1.jpg\",\"width\":800,\"height\":455,\"caption\":\"Radio Nacional de Venezuela C.A.\"},\"image\":{\"@id\":\"https:\\\/\\\/stage3.rnv.gob.ve\\\/wp\\\/#\\\/schema\\\/logo\\\/image\\\/\"},\"sameAs\":[\"https:\\\/\\\/www.facebook.com\\\/RadioNacionaldeVenezuela\",\"https:\\\/\\\/x.com\\\/RNVinformativa\",\"https:\\\/\\\/www.instagram.com\\\/rnvinformativa\\\/\",\"https:\\\/\\\/www.youtube.com\\\/user\\\/RNVContigo\"]},{\"@type\":\"Person\",\"@id\":\"https:\\\/\\\/stage3.rnv.gob.ve\\\/wp\\\/#\\\/schema\\\/person\\\/456d26599214e85256835dffede212ff\",\"name\":\"Nelson Acosta\",\"url\":\"https:\\\/\\\/stage3.rnv.gob.ve\\\/wp\\\/author\\\/nelson_acosta\\\/\"}]}<\/script>\n<!-- \/ Yoast SEO plugin. -->","yoast_head_json":{"title":"Venezuela se solidariza con Afganist\u00e1n tras ataque terrorista en Kabul - DEV RNV","robots":{"index":"noindex","follow":"follow","max-snippet":"max-snippet:-1","max-image-preview":"max-image-preview:large","max-video-preview":"max-video-preview:-1"},"og_locale":"es_ES","og_type":"article","og_title":"Venezuela se solidariza con Afganist\u00e1n tras ataque terrorista en Kabul - DEV RNV","og_description":"La Rep\u00fablica Bolivariana de Venezuela manifest\u00f3 su solidaridad con el pueblo de Afganist\u00e1n, tras el ataque terrorista ocurrido en el Centro Cultural Tabyan, oeste de Kabul, capital, en el que resultaron asesinadas 41 personas y otras 84 quedaron heridas, expresa un comunicado difundido por el sitio web del Ministerio del Poder Popular para Relaciones Exteriores. [&hellip;]","og_url":"https:\/\/stage3.rnv.gob.ve\/wp\/venezuela-se-solidariza-con-afganistan-tras-ataque-terrorista-en-kabul\/","og_site_name":"DEV RNV","article_publisher":"https:\/\/www.facebook.com\/RadioNacionaldeVenezuela","article_published_time":"2017-12-29T02:23:34+00:00","author":"Nelson Acosta","twitter_card":"summary_large_image","twitter_creator":"@RNVinformativa","twitter_site":"@RNVinformativa","twitter_misc":{"Escrito por":"Nelson Acosta","Tiempo estimado de lectura":"1 minuto"},"schema":{"@context":"https:\/\/schema.org","@graph":[{"@type":"Article","@id":"https:\/\/stage3.rnv.gob.ve\/wp\/venezuela-se-solidariza-con-afganistan-tras-ataque-terrorista-en-kabul\/#article","isPartOf":{"@id":"https:\/\/stage3.rnv.gob.ve\/wp\/venezuela-se-solidariza-con-afganistan-tras-ataque-terrorista-en-kabul\/"},"author":{"name":"Nelson Acosta","@id":"https:\/\/stage3.rnv.gob.ve\/wp\/#\/schema\/person\/456d26599214e85256835dffede212ff"},"headline":"Venezuela se solidariza con Afganist\u00e1n tras ataque terrorista en Kabul","datePublished":"2017-12-29T02:23:34+00:00","mainEntityOfPage":{"@id":"https:\/\/stage3.rnv.gob.ve\/wp\/venezuela-se-solidariza-con-afganistan-tras-ataque-terrorista-en-kabul\/"},"wordCount":224,"publisher":{"@id":"https:\/\/stage3.rnv.gob.ve\/wp\/#organization"},"image":{"@id":"https:\/\/stage3.rnv.gob.ve\/wp\/venezuela-se-solidariza-con-afganistan-tras-ataque-terrorista-en-kabul\/#primaryimage"},"thumbnailUrl":"","keywords":["afganist\u00e1n","ataque","comunicado","MPPRE","solidaridad","terrorista","Venezuela"],"articleSection":["Internacional"],"inLanguage":"es"},{"@type":"WebPage","@id":"https:\/\/stage3.rnv.gob.ve\/wp\/venezuela-se-solidariza-con-afganistan-tras-ataque-terrorista-en-kabul\/","url":"https:\/\/stage3.rnv.gob.ve\/wp\/venezuela-se-solidariza-con-afganistan-tras-ataque-terrorista-en-kabul\/","name":"Venezuela se solidariza con Afganist\u00e1n tras ataque terrorista en Kabul - DEV RNV","isPartOf":{"@id":"https:\/\/stage3.rnv.gob.ve\/wp\/#website"},"primaryImageOfPage":{"@id":"https:\/\/stage3.rnv.gob.ve\/wp\/venezuela-se-solidariza-con-afganistan-tras-ataque-terrorista-en-kabul\/#primaryimage"},"image":{"@id":"https:\/\/stage3.rnv.gob.ve\/wp\/venezuela-se-solidariza-con-afganistan-tras-ataque-terrorista-en-kabul\/#primaryimage"},"thumbnailUrl":"","datePublished":"2017-12-29T02:23:34+00:00","breadcrumb":{"@id":"https:\/\/stage3.rnv.gob.ve\/wp\/venezuela-se-solidariza-con-afganistan-tras-ataque-terrorista-en-kabul\/#breadcrumb"},"inLanguage":"es","potentialAction":[{"@type":"ReadAction","target":["https:\/\/stage3.rnv.gob.ve\/wp\/venezuela-se-solidariza-con-afganistan-tras-ataque-terrorista-en-kabul\/"]}]},{"@type":"ImageObject","inLanguage":"es","@id":"https:\/\/stage3.rnv.gob.ve\/wp\/venezuela-se-solidariza-con-afganistan-tras-ataque-terrorista-en-kabul\/#primaryimage","url":"","contentUrl":""},{"@type":"BreadcrumbList","@id":"https:\/\/stage3.rnv.gob.ve\/wp\/venezuela-se-solidariza-con-afganistan-tras-ataque-terrorista-en-kabul\/#breadcrumb","itemListElement":[{"@type":"ListItem","position":1,"name":"Portada","item":"https:\/\/stage3.rnv.gob.ve\/wp\/"},{"@type":"ListItem","position":2,"name":"Venezuela Se Solidariza Con Afganist\u00e1n Tras Ataque Terrorista En Kabul"}]},{"@type":"WebSite","@id":"https:\/\/stage3.rnv.gob.ve\/wp\/#website","url":"https:\/\/stage3.rnv.gob.ve\/wp\/","name":"DEV RNV","description":"Radio Nacional de Venezuela C.A.","publisher":{"@id":"https:\/\/stage3.rnv.gob.ve\/wp\/#organization"},"potentialAction":[{"@type":"SearchAction","target":{"@type":"EntryPoint","urlTemplate":"https:\/\/stage3.rnv.gob.ve\/wp\/?s={search_term_string}"},"query-input":{"@type":"PropertyValueSpecification","valueRequired":true,"valueName":"search_term_string"}}],"inLanguage":"es"},{"@type":"Organization","@id":"https:\/\/stage3.rnv.gob.ve\/wp\/#organization","name":"Radio Nacional de Venezuela C.A.","url":"https:\/\/stage3.rnv.gob.ve\/wp\/","logo":{"@type":"ImageObject","inLanguage":"es","@id":"https:\/\/stage3.rnv.gob.ve\/wp\/#\/schema\/logo\/image\/","url":"http:\/\/rnv.ddns.net\/prensa\/wp-content\/uploads\/2022\/04\/rnv-1-300x227-1.jpg","contentUrl":"http:\/\/rnv.ddns.net\/prensa\/wp-content\/uploads\/2022\/04\/rnv-1-300x227-1.jpg","width":800,"height":455,"caption":"Radio Nacional de Venezuela C.A."},"image":{"@id":"https:\/\/stage3.rnv.gob.ve\/wp\/#\/schema\/logo\/image\/"},"sameAs":["https:\/\/www.facebook.com\/RadioNacionaldeVenezuela","https:\/\/x.com\/RNVinformativa","https:\/\/www.instagram.com\/rnvinformativa\/","https:\/\/www.youtube.com\/user\/RNVContigo"]},{"@type":"Person","@id":"https:\/\/stage3.rnv.gob.ve\/wp\/#\/schema\/person\/456d26599214e85256835dffede212ff","name":"Nelson Acosta","url":"https:\/\/stage3.rnv.gob.ve\/wp\/author\/nelson_acosta\/"}]}},"jetpack_featured_media_url":"","_links":{"self":[{"href":"https:\/\/stage3.rnv.gob.ve\/wp\/wp-json\/wp\/v2\/posts\/195413","targetHints":{"allow":["GET"]}}],"collection":[{"href":"https:\/\/stage3.rnv.gob.ve\/wp\/wp-json\/wp\/v2\/posts"}],"about":[{"href":"https:\/\/stage3.rnv.gob.ve\/wp\/wp-json\/wp\/v2\/types\/post"}],"author":[{"embeddable":true,"href":"https:\/\/stage3.rnv.gob.ve\/wp\/wp-json\/wp\/v2\/users\/30"}],"replies":[{"embeddable":true,"href":"https:\/\/stage3.rnv.gob.ve\/wp\/wp-json\/wp\/v2\/comments?post=195413"}],"version-history":[{"count":0,"href":"https:\/\/stage3.rnv.gob.ve\/wp\/wp-json\/wp\/v2\/posts\/195413\/revisions"}],"wp:featuredmedia":[{"embeddable":true,"href":"https:\/\/stage3.rnv.gob.ve\/wp\/wp-json\/"}],"wp:attachment":[{"href":"https:\/\/stage3.rnv.gob.ve\/wp\/wp-json\/wp\/v2\/media?parent=195413"}],"wp:term":[{"taxonomy":"category","embeddable":true,"href":"https:\/\/stage3.rnv.gob.ve\/wp\/wp-json\/wp\/v2\/categories?post=195413"},{"taxonomy":"post_tag","embeddable":true,"href":"https:\/\/stage3.rnv.gob.ve\/wp\/wp-json\/wp\/v2\/tags?post=195413"}],"curies":[{"name":"wp","href":"https:\/\/api.w.org\/{rel}","templated":true}]}}