{"id":194834,"date":"2017-12-24T09:25:52","date_gmt":"2017-12-24T13:55:52","guid":{"rendered":"https:\/\/stage3.rnv.gob.ve\/wp\/?p=194834"},"modified":"2017-12-24T09:25:52","modified_gmt":"2017-12-24T13:55:52","slug":"que-comen-los-latinoamericanos-en-navidad","status":"publish","type":"post","link":"https:\/\/stage3.rnv.gob.ve\/wp\/que-comen-los-latinoamericanos-en-navidad\/","title":{"rendered":"\u00bfQu\u00e9 comen los latinoamericanos en navidad?"},"content":{"rendered":"\n<p>La gastronom\u00eda latinoamericana para la celebraci\u00f3n de navidad es variada, gustosa y placentera y est\u00e1 influenciada por la cultura, el clima y la tradici\u00f3n culinaria del pa\u00eds.<!--more--><\/p>\n<p>En M\u00e9xico reciben la navidad con el tradicional pavo (guajalote), la pierna rellena y la ensalada de manzana. Tambi\u00e9n saborean los romeritos y el bacalao, mientras celebran el nacimiento del Ni\u00f1o Dios. Endulzan las fiestas con el ate membrillo y brindan con ponche de frutas y el famoso tequila.<\/p>\n<p>En Nicaragua celebran con pavo, el cerdo y el lech\u00f3n con versiones locales mientras que Guatemala destaca en las fiestas navide\u00f1as los paches, que son tamales hechos con masa de papa y beben rompope.<\/p>\n<p>El Salvador con el chompipe indio o de granja y el ponche tradicional de frutas o de leche son indispensables. Mientras que en Honduras el rompopo y las torrejas son muy t\u00edpicas mientras se brinda al lado de los m\u00e1s queridos.<\/p>\n<p>Cuba, Rep\u00fablica Dominicana y Puerto Rico comen el pavo, el cerdo o el pollo, congr\u00ed y cuchifritos (t\u00edpicas frituras de cerdo), pasteles en hojas o el moro de guandule (el acompa\u00f1ante ideal para las carnes), mientras festejan al ritmo de merengues caribe\u00f1os.<\/p>\n<p>En Costa Rica la navidad se celebra con pan de dulce, alg\u00fan tamal y el rompope. Mientras que en Panam\u00e1 la ensalada de papa roja de Feria es un s\u00edmbolo nacional para estas festividades que viene acompa\u00f1ado de arroz con guand\u00fa y el ron ponche en el brindis.<\/p>\n<p>La gastronom\u00eda navide\u00f1a de Colombia, nos presenta tamales, la lechona (una receta hecha a base de cerdo), el cerdo en otras versiones y el pavo relleno son muy tradicionales y sopas como el sancocho o el ajiaco recrean los paladares.<\/p>\n<p>La celebraci\u00f3n navide\u00f1a de Venezuela viene cargada de hallacas, carnes rellenas, ensalada de gallina, dulce de lechosa (papaya) y el t\u00edpico pan de jam\u00f3n no falta casi en ning\u00fan hogar.<\/p>\n<p>En Ecuador se encuentran recetas como el arroz relleno con granos o con pollo, el pavo al horno o pollo con salsa de ciruelas, el cerdo asado o lech\u00f3n, el chancho pelado y las ensaladas. El tamal tambi\u00e9n es una receta obligada para muchos hogares mientras que el pan de miel y otros dulces como el bu\u00f1uelo dan el toque dulce a la navidad.<\/p>\n<p>La gastronom\u00eda navide\u00f1a en Bolivia pone al disfrute sabores como la picana navide\u00f1a con ocoto o frijoles, el lech\u00f3n al horno o pavo y masitas tradicionales en cada regi\u00f3n al brindis del ponche navide\u00f1o.<\/p>\n<p>En Per\u00fa la navidad viene acompa\u00f1ada de pavo o lech\u00f3n asado junto al pur\u00e9 de camote o manzana, el tamal de chancho o la carne asada y recetas como el quispi\u00f1o (en algunas regiones del pa\u00eds), dentro de los postres est\u00e1 el panet\u00f3n junto con el chocolate caliente y para el brindis un champ\u00e1n.<\/p>\n<p>En la cena de navidad en Brasil se encuentran recetas como la oca asada de navidad, el pavo o pollo a la brasile\u00f1a, el lech\u00f3n asado, la farofa, las rabanadas (de origen portugu\u00e9s) y otras frituras dulces al brindis de la cerveza o vino acompa\u00f1an estas tradicionales fiestas.<\/p>\n<p>Argentina el plato tradicional es el asado en el quincho y las t\u00edpicas empanadas y carnes como la vaquillona con cuero, el cordero a la parrilla, el matambre arrollado o el vitel thon\u00e9 (heredado de Italia) son muy tradicionales.<\/p>\n<p>Paraguay ofrece la lengua a la vinagreta, sopas y el chipa guas\u00fa, as\u00ed como pan dulce, la sidra y el cleric\u00f3 como bebidas para compartir en familia.<\/p>\n<p>La navidad en Chile destaca por las recetas con el pavo con casta\u00f1as, la ensalada de papa, las empanadas que, junto al pan de pascua, forman el banquete para brindar con el tradicional cola de mono. En Uruguay la influencia europea ha dejado su huella, recetas como el lech\u00f3n y el cordero son las que m\u00e1s se preparan para navidad.<\/p>\n<p>&nbsp;<\/p>\n<p><strong>T\/TeleSur\u00a0<\/strong><\/p>\n<p>&nbsp;<\/p>\n","protected":false},"excerpt":{"rendered":"<p>La gastronom\u00eda latinoamericana para la celebraci\u00f3n de navidad es variada, gustosa y placentera y est\u00e1 influenciada por la cultura, el clima y la tradici\u00f3n culinaria del pa\u00eds.<\/p>\n","protected":false},"author":1,"featured_media":194842,"comment_status":"closed","ping_status":"open","sticky":false,"template":"","format":"standard","meta":{"_acf_changed":false,"footnotes":""},"categories":[63],"tags":[6750,19488,9602,82],"class_list":["post-194834","post","type-post","status-publish","format-standard","has-post-thumbnail","hentry","category-latinoamerica","tag-comidas","tag-latinas","tag-navidad","tag-rnv"],"acf":[],"yoast_head":"<!-- This site is optimized with the Yoast SEO plugin v27.4 - https:\/\/yoast.com\/product\/yoast-seo-wordpress\/ -->\n<title>\u00bfQu\u00e9 comen los latinoamericanos en navidad? - DEV RNV<\/title>\n<meta name=\"robots\" content=\"noindex, follow, max-snippet:-1, max-image-preview:large, max-video-preview:-1\" \/>\n<meta property=\"og:locale\" content=\"es_ES\" \/>\n<meta property=\"og:type\" content=\"article\" \/>\n<meta property=\"og:title\" content=\"\u00bfQu\u00e9 comen los latinoamericanos en navidad? - DEV RNV\" \/>\n<meta property=\"og:description\" content=\"La gastronom\u00eda latinoamericana para la celebraci\u00f3n de navidad es variada, gustosa y placentera y est\u00e1 influenciada por la cultura, el clima y la tradici\u00f3n culinaria del pa\u00eds.\" \/>\n<meta property=\"og:url\" content=\"https:\/\/stage3.rnv.gob.ve\/wp\/que-comen-los-latinoamericanos-en-navidad\/\" \/>\n<meta property=\"og:site_name\" content=\"DEV RNV\" \/>\n<meta property=\"article:publisher\" content=\"https:\/\/www.facebook.com\/RadioNacionaldeVenezuela\" \/>\n<meta property=\"article:published_time\" content=\"2017-12-24T13:55:52+00:00\" \/>\n<meta name=\"author\" content=\"administrador\" \/>\n<meta name=\"twitter:card\" content=\"summary_large_image\" \/>\n<meta name=\"twitter:creator\" content=\"@RNVinformativa\" \/>\n<meta name=\"twitter:site\" content=\"@RNVinformativa\" \/>\n<meta name=\"twitter:label1\" content=\"Escrito por\" \/>\n\t<meta name=\"twitter:data1\" content=\"administrador\" \/>\n\t<meta name=\"twitter:label2\" content=\"Tiempo estimado de lectura\" \/>\n\t<meta name=\"twitter:data2\" content=\"3 minutos\" \/>\n<script type=\"application\/ld+json\" class=\"yoast-schema-graph\">{\"@context\":\"https:\\\/\\\/schema.org\",\"@graph\":[{\"@type\":\"Article\",\"@id\":\"https:\\\/\\\/stage3.rnv.gob.ve\\\/wp\\\/que-comen-los-latinoamericanos-en-navidad\\\/#article\",\"isPartOf\":{\"@id\":\"https:\\\/\\\/stage3.rnv.gob.ve\\\/wp\\\/que-comen-los-latinoamericanos-en-navidad\\\/\"},\"author\":{\"name\":\"administrador\",\"@id\":\"https:\\\/\\\/stage3.rnv.gob.ve\\\/wp\\\/#\\\/schema\\\/person\\\/0862ce8cde332e0bc63b8a243f0eea2c\"},\"headline\":\"\u00bfQu\u00e9 comen los latinoamericanos en navidad?\",\"datePublished\":\"2017-12-24T13:55:52+00:00\",\"mainEntityOfPage\":{\"@id\":\"https:\\\/\\\/stage3.rnv.gob.ve\\\/wp\\\/que-comen-los-latinoamericanos-en-navidad\\\/\"},\"wordCount\":699,\"publisher\":{\"@id\":\"https:\\\/\\\/stage3.rnv.gob.ve\\\/wp\\\/#organization\"},\"image\":{\"@id\":\"https:\\\/\\\/stage3.rnv.gob.ve\\\/wp\\\/que-comen-los-latinoamericanos-en-navidad\\\/#primaryimage\"},\"thumbnailUrl\":\"\",\"keywords\":[\"comidas\",\"latinas\",\"navidad\",\"RNV\"],\"articleSection\":[\"Latinoam\u00e9rica\"],\"inLanguage\":\"es\"},{\"@type\":\"WebPage\",\"@id\":\"https:\\\/\\\/stage3.rnv.gob.ve\\\/wp\\\/que-comen-los-latinoamericanos-en-navidad\\\/\",\"url\":\"https:\\\/\\\/stage3.rnv.gob.ve\\\/wp\\\/que-comen-los-latinoamericanos-en-navidad\\\/\",\"name\":\"\u00bfQu\u00e9 comen los latinoamericanos en navidad? - DEV RNV\",\"isPartOf\":{\"@id\":\"https:\\\/\\\/stage3.rnv.gob.ve\\\/wp\\\/#website\"},\"primaryImageOfPage\":{\"@id\":\"https:\\\/\\\/stage3.rnv.gob.ve\\\/wp\\\/que-comen-los-latinoamericanos-en-navidad\\\/#primaryimage\"},\"image\":{\"@id\":\"https:\\\/\\\/stage3.rnv.gob.ve\\\/wp\\\/que-comen-los-latinoamericanos-en-navidad\\\/#primaryimage\"},\"thumbnailUrl\":\"\",\"datePublished\":\"2017-12-24T13:55:52+00:00\",\"breadcrumb\":{\"@id\":\"https:\\\/\\\/stage3.rnv.gob.ve\\\/wp\\\/que-comen-los-latinoamericanos-en-navidad\\\/#breadcrumb\"},\"inLanguage\":\"es\",\"potentialAction\":[{\"@type\":\"ReadAction\",\"target\":[\"https:\\\/\\\/stage3.rnv.gob.ve\\\/wp\\\/que-comen-los-latinoamericanos-en-navidad\\\/\"]}]},{\"@type\":\"ImageObject\",\"inLanguage\":\"es\",\"@id\":\"https:\\\/\\\/stage3.rnv.gob.ve\\\/wp\\\/que-comen-los-latinoamericanos-en-navidad\\\/#primaryimage\",\"url\":\"\",\"contentUrl\":\"\"},{\"@type\":\"BreadcrumbList\",\"@id\":\"https:\\\/\\\/stage3.rnv.gob.ve\\\/wp\\\/que-comen-los-latinoamericanos-en-navidad\\\/#breadcrumb\",\"itemListElement\":[{\"@type\":\"ListItem\",\"position\":1,\"name\":\"Portada\",\"item\":\"https:\\\/\\\/stage3.rnv.gob.ve\\\/wp\\\/\"},{\"@type\":\"ListItem\",\"position\":2,\"name\":\"\u00bfQu\u00e9 Comen Los Latinoamericanos En Navidad?\"}]},{\"@type\":\"WebSite\",\"@id\":\"https:\\\/\\\/stage3.rnv.gob.ve\\\/wp\\\/#website\",\"url\":\"https:\\\/\\\/stage3.rnv.gob.ve\\\/wp\\\/\",\"name\":\"DEV RNV\",\"description\":\"Radio Nacional de Venezuela C.A.\",\"publisher\":{\"@id\":\"https:\\\/\\\/stage3.rnv.gob.ve\\\/wp\\\/#organization\"},\"potentialAction\":[{\"@type\":\"SearchAction\",\"target\":{\"@type\":\"EntryPoint\",\"urlTemplate\":\"https:\\\/\\\/stage3.rnv.gob.ve\\\/wp\\\/?s={search_term_string}\"},\"query-input\":{\"@type\":\"PropertyValueSpecification\",\"valueRequired\":true,\"valueName\":\"search_term_string\"}}],\"inLanguage\":\"es\"},{\"@type\":\"Organization\",\"@id\":\"https:\\\/\\\/stage3.rnv.gob.ve\\\/wp\\\/#organization\",\"name\":\"Radio Nacional de Venezuela C.A.\",\"url\":\"https:\\\/\\\/stage3.rnv.gob.ve\\\/wp\\\/\",\"logo\":{\"@type\":\"ImageObject\",\"inLanguage\":\"es\",\"@id\":\"https:\\\/\\\/stage3.rnv.gob.ve\\\/wp\\\/#\\\/schema\\\/logo\\\/image\\\/\",\"url\":\"http:\\\/\\\/rnv.ddns.net\\\/prensa\\\/wp-content\\\/uploads\\\/2022\\\/04\\\/rnv-1-300x227-1.jpg\",\"contentUrl\":\"http:\\\/\\\/rnv.ddns.net\\\/prensa\\\/wp-content\\\/uploads\\\/2022\\\/04\\\/rnv-1-300x227-1.jpg\",\"width\":800,\"height\":455,\"caption\":\"Radio Nacional de Venezuela C.A.\"},\"image\":{\"@id\":\"https:\\\/\\\/stage3.rnv.gob.ve\\\/wp\\\/#\\\/schema\\\/logo\\\/image\\\/\"},\"sameAs\":[\"https:\\\/\\\/www.facebook.com\\\/RadioNacionaldeVenezuela\",\"https:\\\/\\\/x.com\\\/RNVinformativa\",\"https:\\\/\\\/www.instagram.com\\\/rnvinformativa\\\/\",\"https:\\\/\\\/www.youtube.com\\\/user\\\/RNVContigo\"]},{\"@type\":\"Person\",\"@id\":\"https:\\\/\\\/stage3.rnv.gob.ve\\\/wp\\\/#\\\/schema\\\/person\\\/0862ce8cde332e0bc63b8a243f0eea2c\",\"name\":\"administrador\",\"sameAs\":[\"http:\\\/\\\/arnoldoeloy.net\"],\"url\":\"https:\\\/\\\/stage3.rnv.gob.ve\\\/wp\\\/author\\\/administrador\\\/\"}]}<\/script>\n<!-- \/ Yoast SEO plugin. -->","yoast_head_json":{"title":"\u00bfQu\u00e9 comen los latinoamericanos en navidad? - DEV RNV","robots":{"index":"noindex","follow":"follow","max-snippet":"max-snippet:-1","max-image-preview":"max-image-preview:large","max-video-preview":"max-video-preview:-1"},"og_locale":"es_ES","og_type":"article","og_title":"\u00bfQu\u00e9 comen los latinoamericanos en navidad? - DEV RNV","og_description":"La gastronom\u00eda latinoamericana para la celebraci\u00f3n de navidad es variada, gustosa y placentera y est\u00e1 influenciada por la cultura, el clima y la tradici\u00f3n culinaria del pa\u00eds.","og_url":"https:\/\/stage3.rnv.gob.ve\/wp\/que-comen-los-latinoamericanos-en-navidad\/","og_site_name":"DEV RNV","article_publisher":"https:\/\/www.facebook.com\/RadioNacionaldeVenezuela","article_published_time":"2017-12-24T13:55:52+00:00","author":"administrador","twitter_card":"summary_large_image","twitter_creator":"@RNVinformativa","twitter_site":"@RNVinformativa","twitter_misc":{"Escrito por":"administrador","Tiempo estimado de lectura":"3 minutos"},"schema":{"@context":"https:\/\/schema.org","@graph":[{"@type":"Article","@id":"https:\/\/stage3.rnv.gob.ve\/wp\/que-comen-los-latinoamericanos-en-navidad\/#article","isPartOf":{"@id":"https:\/\/stage3.rnv.gob.ve\/wp\/que-comen-los-latinoamericanos-en-navidad\/"},"author":{"name":"administrador","@id":"https:\/\/stage3.rnv.gob.ve\/wp\/#\/schema\/person\/0862ce8cde332e0bc63b8a243f0eea2c"},"headline":"\u00bfQu\u00e9 comen los latinoamericanos en navidad?","datePublished":"2017-12-24T13:55:52+00:00","mainEntityOfPage":{"@id":"https:\/\/stage3.rnv.gob.ve\/wp\/que-comen-los-latinoamericanos-en-navidad\/"},"wordCount":699,"publisher":{"@id":"https:\/\/stage3.rnv.gob.ve\/wp\/#organization"},"image":{"@id":"https:\/\/stage3.rnv.gob.ve\/wp\/que-comen-los-latinoamericanos-en-navidad\/#primaryimage"},"thumbnailUrl":"","keywords":["comidas","latinas","navidad","RNV"],"articleSection":["Latinoam\u00e9rica"],"inLanguage":"es"},{"@type":"WebPage","@id":"https:\/\/stage3.rnv.gob.ve\/wp\/que-comen-los-latinoamericanos-en-navidad\/","url":"https:\/\/stage3.rnv.gob.ve\/wp\/que-comen-los-latinoamericanos-en-navidad\/","name":"\u00bfQu\u00e9 comen los latinoamericanos en navidad? - DEV RNV","isPartOf":{"@id":"https:\/\/stage3.rnv.gob.ve\/wp\/#website"},"primaryImageOfPage":{"@id":"https:\/\/stage3.rnv.gob.ve\/wp\/que-comen-los-latinoamericanos-en-navidad\/#primaryimage"},"image":{"@id":"https:\/\/stage3.rnv.gob.ve\/wp\/que-comen-los-latinoamericanos-en-navidad\/#primaryimage"},"thumbnailUrl":"","datePublished":"2017-12-24T13:55:52+00:00","breadcrumb":{"@id":"https:\/\/stage3.rnv.gob.ve\/wp\/que-comen-los-latinoamericanos-en-navidad\/#breadcrumb"},"inLanguage":"es","potentialAction":[{"@type":"ReadAction","target":["https:\/\/stage3.rnv.gob.ve\/wp\/que-comen-los-latinoamericanos-en-navidad\/"]}]},{"@type":"ImageObject","inLanguage":"es","@id":"https:\/\/stage3.rnv.gob.ve\/wp\/que-comen-los-latinoamericanos-en-navidad\/#primaryimage","url":"","contentUrl":""},{"@type":"BreadcrumbList","@id":"https:\/\/stage3.rnv.gob.ve\/wp\/que-comen-los-latinoamericanos-en-navidad\/#breadcrumb","itemListElement":[{"@type":"ListItem","position":1,"name":"Portada","item":"https:\/\/stage3.rnv.gob.ve\/wp\/"},{"@type":"ListItem","position":2,"name":"\u00bfQu\u00e9 Comen Los Latinoamericanos En Navidad?"}]},{"@type":"WebSite","@id":"https:\/\/stage3.rnv.gob.ve\/wp\/#website","url":"https:\/\/stage3.rnv.gob.ve\/wp\/","name":"DEV RNV","description":"Radio Nacional de Venezuela C.A.","publisher":{"@id":"https:\/\/stage3.rnv.gob.ve\/wp\/#organization"},"potentialAction":[{"@type":"SearchAction","target":{"@type":"EntryPoint","urlTemplate":"https:\/\/stage3.rnv.gob.ve\/wp\/?s={search_term_string}"},"query-input":{"@type":"PropertyValueSpecification","valueRequired":true,"valueName":"search_term_string"}}],"inLanguage":"es"},{"@type":"Organization","@id":"https:\/\/stage3.rnv.gob.ve\/wp\/#organization","name":"Radio Nacional de Venezuela C.A.","url":"https:\/\/stage3.rnv.gob.ve\/wp\/","logo":{"@type":"ImageObject","inLanguage":"es","@id":"https:\/\/stage3.rnv.gob.ve\/wp\/#\/schema\/logo\/image\/","url":"http:\/\/rnv.ddns.net\/prensa\/wp-content\/uploads\/2022\/04\/rnv-1-300x227-1.jpg","contentUrl":"http:\/\/rnv.ddns.net\/prensa\/wp-content\/uploads\/2022\/04\/rnv-1-300x227-1.jpg","width":800,"height":455,"caption":"Radio Nacional de Venezuela C.A."},"image":{"@id":"https:\/\/stage3.rnv.gob.ve\/wp\/#\/schema\/logo\/image\/"},"sameAs":["https:\/\/www.facebook.com\/RadioNacionaldeVenezuela","https:\/\/x.com\/RNVinformativa","https:\/\/www.instagram.com\/rnvinformativa\/","https:\/\/www.youtube.com\/user\/RNVContigo"]},{"@type":"Person","@id":"https:\/\/stage3.rnv.gob.ve\/wp\/#\/schema\/person\/0862ce8cde332e0bc63b8a243f0eea2c","name":"administrador","sameAs":["http:\/\/arnoldoeloy.net"],"url":"https:\/\/stage3.rnv.gob.ve\/wp\/author\/administrador\/"}]}},"jetpack_featured_media_url":"","_links":{"self":[{"href":"https:\/\/stage3.rnv.gob.ve\/wp\/wp-json\/wp\/v2\/posts\/194834","targetHints":{"allow":["GET"]}}],"collection":[{"href":"https:\/\/stage3.rnv.gob.ve\/wp\/wp-json\/wp\/v2\/posts"}],"about":[{"href":"https:\/\/stage3.rnv.gob.ve\/wp\/wp-json\/wp\/v2\/types\/post"}],"author":[{"embeddable":true,"href":"https:\/\/stage3.rnv.gob.ve\/wp\/wp-json\/wp\/v2\/users\/1"}],"replies":[{"embeddable":true,"href":"https:\/\/stage3.rnv.gob.ve\/wp\/wp-json\/wp\/v2\/comments?post=194834"}],"version-history":[{"count":0,"href":"https:\/\/stage3.rnv.gob.ve\/wp\/wp-json\/wp\/v2\/posts\/194834\/revisions"}],"wp:featuredmedia":[{"embeddable":true,"href":"https:\/\/stage3.rnv.gob.ve\/wp\/wp-json\/"}],"wp:attachment":[{"href":"https:\/\/stage3.rnv.gob.ve\/wp\/wp-json\/wp\/v2\/media?parent=194834"}],"wp:term":[{"taxonomy":"category","embeddable":true,"href":"https:\/\/stage3.rnv.gob.ve\/wp\/wp-json\/wp\/v2\/categories?post=194834"},{"taxonomy":"post_tag","embeddable":true,"href":"https:\/\/stage3.rnv.gob.ve\/wp\/wp-json\/wp\/v2\/tags?post=194834"}],"curies":[{"name":"wp","href":"https:\/\/api.w.org\/{rel}","templated":true}]}}