{"id":193794,"date":"2017-12-15T08:30:08","date_gmt":"2017-12-15T13:00:08","guid":{"rendered":"https:\/\/stage3.rnv.gob.ve\/wp\/?p=193794"},"modified":"2017-12-15T08:30:08","modified_gmt":"2017-12-15T13:00:08","slug":"el-pueblo-cuenta-su-historia-de-la-revolucion-en-el-festival-de-la-memoria","status":"publish","type":"post","link":"https:\/\/stage3.rnv.gob.ve\/wp\/el-pueblo-cuenta-su-historia-de-la-revolucion-en-el-festival-de-la-memoria\/","title":{"rendered":"\u201cEl pueblo cuenta su historia\u201d de la revoluci\u00f3n en el Festival de la Memoria"},"content":{"rendered":"<p><img fetchpriority=\"high\" decoding=\"async\" class=\"size-medium wp-image-193795 alignleft\" src=\"https:\/\/stage3.rnv.gob.ve\/wp\/wp-content\/uploads\/2017\/12\/historiadores-300x200.jpg\" alt=\"\" width=\"300\" height=\"200\" \/>A trav\u00e9s de vivencias, an\u00e9cdotas y testimonios, colectivos, movimientos sociales y ciudadanos contar\u00e1n -desde su perspectiva- c\u00f3mo ocurri\u00f3 ese milagro, denominado Revoluci\u00f3n Bolivariana, que permiti\u00f3 arrebatarle el poder a la oligarqu\u00eda que gobernaba Venezuela.<!--more--><\/p>\n<p>El primer Festival de la Memoria -\u201cEl pueblo cuenta su historia\u201d-, en homenaje al Comandante Hugo Ch\u00e1vez Fr\u00edas, arranca este viernes, 15 de diciembre, teniendo como actividad central el registro de recuerdos y testimonios de personas entre los a\u00f1os 1989 y 1998, as\u00ed lo inform\u00f3 Yadira C\u00f3rdova, vicepresidenta del Instituto de Altos Estudios \u201cHugo Ch\u00e1vez\u201d, a cargo de la organizaci\u00f3n de este evento en conjunto con el Centro Nacional de la Historia.<\/p>\n<p>\u201cEn ese per\u00edodo de la historia contempor\u00e1nea venezolana buscamos saber qu\u00e9 recuerda la gente, qu\u00e9 estaba haciendo, qu\u00e9 le produjo la emergencia del Comandante Ch\u00e1vez, qu\u00e9 elementos encontr\u00f3 y que lo hicieron conectarse a la propuesta revolucionaria que en ese momento daba a luz frente a nuestros ojos.\u201d<\/p>\n<p>Por su parte, Pedro Calzadilla, presidente del Centro Nacional de Historia, durante su participaci\u00f3n en el programa Encendidos, que transmite VTV, explic\u00f3 que el estudio se produce justo en el per\u00edodo comprendido entre los a\u00f1os 1989 y 1998, cuando el chavismo toma forma hist\u00f3rica y pol\u00edtica y se conforma una gran fuerza cultural en el pa\u00eds.<\/p>\n<p>\u201cCh\u00e1vez dec\u00eda que cuando ya no estuviera entre nosotros lo busc\u00e1ramos en los ojos de los ni\u00f1os, en los ojos del pueblo y nosotros lo estamos buscando en la memoria del pueblo\u201d, a\u00f1adi\u00f3 C\u00f3rdova, por lo que en esta ocasi\u00f3n no se consultar\u00e1 a acad\u00e9micos, sino al pueblo.<\/p>\n<p>El registro de testimonio se realizar\u00e1 en grupos focales, ocho por d\u00eda, y para ello se emplear\u00e1n grabaciones de voz y v\u00eddeo, as\u00ed como registro fotogr\u00e1fico, entre las diferentes t\u00e9cnicas de an\u00e1lisis que se emplear\u00e1n.<\/p>\n<p>El Festival de la Memoria, a realizarse los d\u00edas 15 y 16 de diciembre, de 9:00 de la ma\u00f1ana a 5:00 de la tarde, en la\u00a0Casa del Bicentenario, antigua Biblioteca Nacional, en el centro de Caracas, contempla adem\u00e1s\u00a0presentaciones de libros, conversatorios, actividades para ni\u00f1os, presentaciones culturales, musicales y navide\u00f1as.<\/p>\n<p>&nbsp;<\/p>\n<p><strong>Escuche a Yadira C\u00f3rdova y Pedro Calzadilla<\/strong><\/p>\n<audio class=\"wp-audio-shortcode\" id=\"audio-193794-1\" preload=\"none\" style=\"width: 100%;\" controls=\"controls\"><source type=\"audio\/mpeg\" src=\"https:\/\/stage3.rnv.gob.ve\/wp\/wp-content\/uploads\/2017\/12\/festival.mp3?_=1\" \/><a href=\"https:\/\/stage3.rnv.gob.ve\/wp\/wp-content\/uploads\/2017\/12\/festival.mp3\">https:\/\/stage3.rnv.gob.ve\/wp\/wp-content\/uploads\/2017\/12\/festival.mp3<\/a><\/audio>\n<p><strong>T\/RNV WEB<\/strong><\/p>\n","protected":false},"excerpt":{"rendered":"<p>A trav\u00e9s de vivencias, an\u00e9cdotas y testimonios, colectivos, movimientos sociales y ciudadanos contar\u00e1n -desde su perspectiva- c\u00f3mo ocurri\u00f3 ese milagro, denominado Revoluci\u00f3n Bolivariana, que permiti\u00f3 arrebatarle el poder a la oligarqu\u00eda que gobernaba Venezuela.<\/p>\n","protected":false},"author":1,"featured_media":193795,"comment_status":"closed","ping_status":"open","sticky":false,"template":"","format":"standard","meta":{"_acf_changed":false,"footnotes":""},"categories":[55],"tags":[19407,347,14198,19408],"class_list":["post-193794","post","type-post","status-publish","format-standard","has-post-thumbnail","hentry","category-cultura","tag-festival-de-la-memoria","tag-hugo-chavez","tag-pedro-calzadilla","tag-yadira-cordova"],"acf":[],"yoast_head":"<!-- This site is optimized with the Yoast SEO plugin v27.4 - https:\/\/yoast.com\/product\/yoast-seo-wordpress\/ -->\n<title>\u201cEl pueblo cuenta su historia\u201d de la revoluci\u00f3n en el Festival de la Memoria - DEV RNV<\/title>\n<meta name=\"robots\" content=\"noindex, follow, max-snippet:-1, max-image-preview:large, max-video-preview:-1\" \/>\n<meta property=\"og:locale\" content=\"es_ES\" \/>\n<meta property=\"og:type\" content=\"article\" \/>\n<meta property=\"og:title\" content=\"\u201cEl pueblo cuenta su historia\u201d de la revoluci\u00f3n en el Festival de la Memoria - DEV RNV\" \/>\n<meta property=\"og:description\" content=\"A trav\u00e9s de vivencias, an\u00e9cdotas y testimonios, colectivos, movimientos sociales y ciudadanos contar\u00e1n -desde su perspectiva- c\u00f3mo ocurri\u00f3 ese milagro, denominado Revoluci\u00f3n Bolivariana, que permiti\u00f3 arrebatarle el poder a la oligarqu\u00eda que gobernaba Venezuela.\" \/>\n<meta property=\"og:url\" content=\"https:\/\/stage3.rnv.gob.ve\/wp\/el-pueblo-cuenta-su-historia-de-la-revolucion-en-el-festival-de-la-memoria\/\" \/>\n<meta property=\"og:site_name\" content=\"DEV RNV\" \/>\n<meta property=\"article:publisher\" content=\"https:\/\/www.facebook.com\/RadioNacionaldeVenezuela\" \/>\n<meta property=\"article:published_time\" content=\"2017-12-15T13:00:08+00:00\" \/>\n<meta name=\"author\" content=\"administrador\" \/>\n<meta name=\"twitter:card\" content=\"summary_large_image\" \/>\n<meta name=\"twitter:creator\" content=\"@RNVinformativa\" \/>\n<meta name=\"twitter:site\" content=\"@RNVinformativa\" \/>\n<meta name=\"twitter:label1\" content=\"Escrito por\" \/>\n\t<meta name=\"twitter:data1\" content=\"administrador\" \/>\n\t<meta name=\"twitter:label2\" content=\"Tiempo estimado de lectura\" \/>\n\t<meta name=\"twitter:data2\" content=\"2 minutos\" \/>\n<script type=\"application\/ld+json\" class=\"yoast-schema-graph\">{\"@context\":\"https:\\\/\\\/schema.org\",\"@graph\":[{\"@type\":\"Article\",\"@id\":\"https:\\\/\\\/stage3.rnv.gob.ve\\\/wp\\\/el-pueblo-cuenta-su-historia-de-la-revolucion-en-el-festival-de-la-memoria\\\/#article\",\"isPartOf\":{\"@id\":\"https:\\\/\\\/stage3.rnv.gob.ve\\\/wp\\\/el-pueblo-cuenta-su-historia-de-la-revolucion-en-el-festival-de-la-memoria\\\/\"},\"author\":{\"name\":\"administrador\",\"@id\":\"https:\\\/\\\/stage3.rnv.gob.ve\\\/wp\\\/#\\\/schema\\\/person\\\/0862ce8cde332e0bc63b8a243f0eea2c\"},\"headline\":\"\u201cEl pueblo cuenta su historia\u201d de la revoluci\u00f3n en el Festival de la Memoria\",\"datePublished\":\"2017-12-15T13:00:08+00:00\",\"mainEntityOfPage\":{\"@id\":\"https:\\\/\\\/stage3.rnv.gob.ve\\\/wp\\\/el-pueblo-cuenta-su-historia-de-la-revolucion-en-el-festival-de-la-memoria\\\/\"},\"wordCount\":418,\"publisher\":{\"@id\":\"https:\\\/\\\/stage3.rnv.gob.ve\\\/wp\\\/#organization\"},\"image\":{\"@id\":\"https:\\\/\\\/stage3.rnv.gob.ve\\\/wp\\\/el-pueblo-cuenta-su-historia-de-la-revolucion-en-el-festival-de-la-memoria\\\/#primaryimage\"},\"thumbnailUrl\":\"\",\"keywords\":[\"festival de la memoria\",\"hugo chavez\",\"Pedro Calzadilla\",\"yadira cordova\"],\"articleSection\":[\"Cultura\"],\"inLanguage\":\"es\"},{\"@type\":\"WebPage\",\"@id\":\"https:\\\/\\\/stage3.rnv.gob.ve\\\/wp\\\/el-pueblo-cuenta-su-historia-de-la-revolucion-en-el-festival-de-la-memoria\\\/\",\"url\":\"https:\\\/\\\/stage3.rnv.gob.ve\\\/wp\\\/el-pueblo-cuenta-su-historia-de-la-revolucion-en-el-festival-de-la-memoria\\\/\",\"name\":\"\u201cEl pueblo cuenta su historia\u201d de la revoluci\u00f3n en el Festival de la Memoria - DEV RNV\",\"isPartOf\":{\"@id\":\"https:\\\/\\\/stage3.rnv.gob.ve\\\/wp\\\/#website\"},\"primaryImageOfPage\":{\"@id\":\"https:\\\/\\\/stage3.rnv.gob.ve\\\/wp\\\/el-pueblo-cuenta-su-historia-de-la-revolucion-en-el-festival-de-la-memoria\\\/#primaryimage\"},\"image\":{\"@id\":\"https:\\\/\\\/stage3.rnv.gob.ve\\\/wp\\\/el-pueblo-cuenta-su-historia-de-la-revolucion-en-el-festival-de-la-memoria\\\/#primaryimage\"},\"thumbnailUrl\":\"\",\"datePublished\":\"2017-12-15T13:00:08+00:00\",\"breadcrumb\":{\"@id\":\"https:\\\/\\\/stage3.rnv.gob.ve\\\/wp\\\/el-pueblo-cuenta-su-historia-de-la-revolucion-en-el-festival-de-la-memoria\\\/#breadcrumb\"},\"inLanguage\":\"es\",\"potentialAction\":[{\"@type\":\"ReadAction\",\"target\":[\"https:\\\/\\\/stage3.rnv.gob.ve\\\/wp\\\/el-pueblo-cuenta-su-historia-de-la-revolucion-en-el-festival-de-la-memoria\\\/\"]}]},{\"@type\":\"ImageObject\",\"inLanguage\":\"es\",\"@id\":\"https:\\\/\\\/stage3.rnv.gob.ve\\\/wp\\\/el-pueblo-cuenta-su-historia-de-la-revolucion-en-el-festival-de-la-memoria\\\/#primaryimage\",\"url\":\"\",\"contentUrl\":\"\"},{\"@type\":\"BreadcrumbList\",\"@id\":\"https:\\\/\\\/stage3.rnv.gob.ve\\\/wp\\\/el-pueblo-cuenta-su-historia-de-la-revolucion-en-el-festival-de-la-memoria\\\/#breadcrumb\",\"itemListElement\":[{\"@type\":\"ListItem\",\"position\":1,\"name\":\"Portada\",\"item\":\"https:\\\/\\\/stage3.rnv.gob.ve\\\/wp\\\/\"},{\"@type\":\"ListItem\",\"position\":2,\"name\":\"\u201cEl Pueblo Cuenta Su Historia\u201d De La Revoluci\u00f3n En El Festival De La Memoria\"}]},{\"@type\":\"WebSite\",\"@id\":\"https:\\\/\\\/stage3.rnv.gob.ve\\\/wp\\\/#website\",\"url\":\"https:\\\/\\\/stage3.rnv.gob.ve\\\/wp\\\/\",\"name\":\"DEV RNV\",\"description\":\"Radio Nacional de Venezuela C.A.\",\"publisher\":{\"@id\":\"https:\\\/\\\/stage3.rnv.gob.ve\\\/wp\\\/#organization\"},\"potentialAction\":[{\"@type\":\"SearchAction\",\"target\":{\"@type\":\"EntryPoint\",\"urlTemplate\":\"https:\\\/\\\/stage3.rnv.gob.ve\\\/wp\\\/?s={search_term_string}\"},\"query-input\":{\"@type\":\"PropertyValueSpecification\",\"valueRequired\":true,\"valueName\":\"search_term_string\"}}],\"inLanguage\":\"es\"},{\"@type\":\"Organization\",\"@id\":\"https:\\\/\\\/stage3.rnv.gob.ve\\\/wp\\\/#organization\",\"name\":\"Radio Nacional de Venezuela C.A.\",\"url\":\"https:\\\/\\\/stage3.rnv.gob.ve\\\/wp\\\/\",\"logo\":{\"@type\":\"ImageObject\",\"inLanguage\":\"es\",\"@id\":\"https:\\\/\\\/stage3.rnv.gob.ve\\\/wp\\\/#\\\/schema\\\/logo\\\/image\\\/\",\"url\":\"http:\\\/\\\/rnv.ddns.net\\\/prensa\\\/wp-content\\\/uploads\\\/2022\\\/04\\\/rnv-1-300x227-1.jpg\",\"contentUrl\":\"http:\\\/\\\/rnv.ddns.net\\\/prensa\\\/wp-content\\\/uploads\\\/2022\\\/04\\\/rnv-1-300x227-1.jpg\",\"width\":800,\"height\":455,\"caption\":\"Radio Nacional de Venezuela C.A.\"},\"image\":{\"@id\":\"https:\\\/\\\/stage3.rnv.gob.ve\\\/wp\\\/#\\\/schema\\\/logo\\\/image\\\/\"},\"sameAs\":[\"https:\\\/\\\/www.facebook.com\\\/RadioNacionaldeVenezuela\",\"https:\\\/\\\/x.com\\\/RNVinformativa\",\"https:\\\/\\\/www.instagram.com\\\/rnvinformativa\\\/\",\"https:\\\/\\\/www.youtube.com\\\/user\\\/RNVContigo\"]},{\"@type\":\"Person\",\"@id\":\"https:\\\/\\\/stage3.rnv.gob.ve\\\/wp\\\/#\\\/schema\\\/person\\\/0862ce8cde332e0bc63b8a243f0eea2c\",\"name\":\"administrador\",\"sameAs\":[\"http:\\\/\\\/arnoldoeloy.net\"],\"url\":\"https:\\\/\\\/stage3.rnv.gob.ve\\\/wp\\\/author\\\/administrador\\\/\"}]}<\/script>\n<!-- \/ Yoast SEO plugin. -->","yoast_head_json":{"title":"\u201cEl pueblo cuenta su historia\u201d de la revoluci\u00f3n en el Festival de la Memoria - DEV RNV","robots":{"index":"noindex","follow":"follow","max-snippet":"max-snippet:-1","max-image-preview":"max-image-preview:large","max-video-preview":"max-video-preview:-1"},"og_locale":"es_ES","og_type":"article","og_title":"\u201cEl pueblo cuenta su historia\u201d de la revoluci\u00f3n en el Festival de la Memoria - DEV RNV","og_description":"A trav\u00e9s de vivencias, an\u00e9cdotas y testimonios, colectivos, movimientos sociales y ciudadanos contar\u00e1n -desde su perspectiva- c\u00f3mo ocurri\u00f3 ese milagro, denominado Revoluci\u00f3n Bolivariana, que permiti\u00f3 arrebatarle el poder a la oligarqu\u00eda que gobernaba Venezuela.","og_url":"https:\/\/stage3.rnv.gob.ve\/wp\/el-pueblo-cuenta-su-historia-de-la-revolucion-en-el-festival-de-la-memoria\/","og_site_name":"DEV RNV","article_publisher":"https:\/\/www.facebook.com\/RadioNacionaldeVenezuela","article_published_time":"2017-12-15T13:00:08+00:00","author":"administrador","twitter_card":"summary_large_image","twitter_creator":"@RNVinformativa","twitter_site":"@RNVinformativa","twitter_misc":{"Escrito por":"administrador","Tiempo estimado de lectura":"2 minutos"},"schema":{"@context":"https:\/\/schema.org","@graph":[{"@type":"Article","@id":"https:\/\/stage3.rnv.gob.ve\/wp\/el-pueblo-cuenta-su-historia-de-la-revolucion-en-el-festival-de-la-memoria\/#article","isPartOf":{"@id":"https:\/\/stage3.rnv.gob.ve\/wp\/el-pueblo-cuenta-su-historia-de-la-revolucion-en-el-festival-de-la-memoria\/"},"author":{"name":"administrador","@id":"https:\/\/stage3.rnv.gob.ve\/wp\/#\/schema\/person\/0862ce8cde332e0bc63b8a243f0eea2c"},"headline":"\u201cEl pueblo cuenta su historia\u201d de la revoluci\u00f3n en el Festival de la Memoria","datePublished":"2017-12-15T13:00:08+00:00","mainEntityOfPage":{"@id":"https:\/\/stage3.rnv.gob.ve\/wp\/el-pueblo-cuenta-su-historia-de-la-revolucion-en-el-festival-de-la-memoria\/"},"wordCount":418,"publisher":{"@id":"https:\/\/stage3.rnv.gob.ve\/wp\/#organization"},"image":{"@id":"https:\/\/stage3.rnv.gob.ve\/wp\/el-pueblo-cuenta-su-historia-de-la-revolucion-en-el-festival-de-la-memoria\/#primaryimage"},"thumbnailUrl":"","keywords":["festival de la memoria","hugo chavez","Pedro Calzadilla","yadira cordova"],"articleSection":["Cultura"],"inLanguage":"es"},{"@type":"WebPage","@id":"https:\/\/stage3.rnv.gob.ve\/wp\/el-pueblo-cuenta-su-historia-de-la-revolucion-en-el-festival-de-la-memoria\/","url":"https:\/\/stage3.rnv.gob.ve\/wp\/el-pueblo-cuenta-su-historia-de-la-revolucion-en-el-festival-de-la-memoria\/","name":"\u201cEl pueblo cuenta su historia\u201d de la revoluci\u00f3n en el Festival de la Memoria - DEV RNV","isPartOf":{"@id":"https:\/\/stage3.rnv.gob.ve\/wp\/#website"},"primaryImageOfPage":{"@id":"https:\/\/stage3.rnv.gob.ve\/wp\/el-pueblo-cuenta-su-historia-de-la-revolucion-en-el-festival-de-la-memoria\/#primaryimage"},"image":{"@id":"https:\/\/stage3.rnv.gob.ve\/wp\/el-pueblo-cuenta-su-historia-de-la-revolucion-en-el-festival-de-la-memoria\/#primaryimage"},"thumbnailUrl":"","datePublished":"2017-12-15T13:00:08+00:00","breadcrumb":{"@id":"https:\/\/stage3.rnv.gob.ve\/wp\/el-pueblo-cuenta-su-historia-de-la-revolucion-en-el-festival-de-la-memoria\/#breadcrumb"},"inLanguage":"es","potentialAction":[{"@type":"ReadAction","target":["https:\/\/stage3.rnv.gob.ve\/wp\/el-pueblo-cuenta-su-historia-de-la-revolucion-en-el-festival-de-la-memoria\/"]}]},{"@type":"ImageObject","inLanguage":"es","@id":"https:\/\/stage3.rnv.gob.ve\/wp\/el-pueblo-cuenta-su-historia-de-la-revolucion-en-el-festival-de-la-memoria\/#primaryimage","url":"","contentUrl":""},{"@type":"BreadcrumbList","@id":"https:\/\/stage3.rnv.gob.ve\/wp\/el-pueblo-cuenta-su-historia-de-la-revolucion-en-el-festival-de-la-memoria\/#breadcrumb","itemListElement":[{"@type":"ListItem","position":1,"name":"Portada","item":"https:\/\/stage3.rnv.gob.ve\/wp\/"},{"@type":"ListItem","position":2,"name":"\u201cEl Pueblo Cuenta Su Historia\u201d De La Revoluci\u00f3n En El Festival De La Memoria"}]},{"@type":"WebSite","@id":"https:\/\/stage3.rnv.gob.ve\/wp\/#website","url":"https:\/\/stage3.rnv.gob.ve\/wp\/","name":"DEV RNV","description":"Radio Nacional de Venezuela C.A.","publisher":{"@id":"https:\/\/stage3.rnv.gob.ve\/wp\/#organization"},"potentialAction":[{"@type":"SearchAction","target":{"@type":"EntryPoint","urlTemplate":"https:\/\/stage3.rnv.gob.ve\/wp\/?s={search_term_string}"},"query-input":{"@type":"PropertyValueSpecification","valueRequired":true,"valueName":"search_term_string"}}],"inLanguage":"es"},{"@type":"Organization","@id":"https:\/\/stage3.rnv.gob.ve\/wp\/#organization","name":"Radio Nacional de Venezuela C.A.","url":"https:\/\/stage3.rnv.gob.ve\/wp\/","logo":{"@type":"ImageObject","inLanguage":"es","@id":"https:\/\/stage3.rnv.gob.ve\/wp\/#\/schema\/logo\/image\/","url":"http:\/\/rnv.ddns.net\/prensa\/wp-content\/uploads\/2022\/04\/rnv-1-300x227-1.jpg","contentUrl":"http:\/\/rnv.ddns.net\/prensa\/wp-content\/uploads\/2022\/04\/rnv-1-300x227-1.jpg","width":800,"height":455,"caption":"Radio Nacional de Venezuela C.A."},"image":{"@id":"https:\/\/stage3.rnv.gob.ve\/wp\/#\/schema\/logo\/image\/"},"sameAs":["https:\/\/www.facebook.com\/RadioNacionaldeVenezuela","https:\/\/x.com\/RNVinformativa","https:\/\/www.instagram.com\/rnvinformativa\/","https:\/\/www.youtube.com\/user\/RNVContigo"]},{"@type":"Person","@id":"https:\/\/stage3.rnv.gob.ve\/wp\/#\/schema\/person\/0862ce8cde332e0bc63b8a243f0eea2c","name":"administrador","sameAs":["http:\/\/arnoldoeloy.net"],"url":"https:\/\/stage3.rnv.gob.ve\/wp\/author\/administrador\/"}]}},"jetpack_featured_media_url":"","_links":{"self":[{"href":"https:\/\/stage3.rnv.gob.ve\/wp\/wp-json\/wp\/v2\/posts\/193794","targetHints":{"allow":["GET"]}}],"collection":[{"href":"https:\/\/stage3.rnv.gob.ve\/wp\/wp-json\/wp\/v2\/posts"}],"about":[{"href":"https:\/\/stage3.rnv.gob.ve\/wp\/wp-json\/wp\/v2\/types\/post"}],"author":[{"embeddable":true,"href":"https:\/\/stage3.rnv.gob.ve\/wp\/wp-json\/wp\/v2\/users\/1"}],"replies":[{"embeddable":true,"href":"https:\/\/stage3.rnv.gob.ve\/wp\/wp-json\/wp\/v2\/comments?post=193794"}],"version-history":[{"count":0,"href":"https:\/\/stage3.rnv.gob.ve\/wp\/wp-json\/wp\/v2\/posts\/193794\/revisions"}],"wp:featuredmedia":[{"embeddable":true,"href":"https:\/\/stage3.rnv.gob.ve\/wp\/wp-json\/"}],"wp:attachment":[{"href":"https:\/\/stage3.rnv.gob.ve\/wp\/wp-json\/wp\/v2\/media?parent=193794"}],"wp:term":[{"taxonomy":"category","embeddable":true,"href":"https:\/\/stage3.rnv.gob.ve\/wp\/wp-json\/wp\/v2\/categories?post=193794"},{"taxonomy":"post_tag","embeddable":true,"href":"https:\/\/stage3.rnv.gob.ve\/wp\/wp-json\/wp\/v2\/tags?post=193794"}],"curies":[{"name":"wp","href":"https:\/\/api.w.org\/{rel}","templated":true}]}}