{"id":188959,"date":"2017-11-25T15:56:31","date_gmt":"2017-11-25T20:26:31","guid":{"rendered":"https:\/\/stage3.rnv.gob.ve\/wp\/?p=188959"},"modified":"2026-04-14T22:10:56","modified_gmt":"2026-04-15T02:10:56","slug":"ferias-del-campo-soberano-distribuyen-este-sabado-mas-de-un-millon-de-kilos-de-alimentos","status":"publish","type":"post","link":"https:\/\/stage3.rnv.gob.ve\/wp\/ferias-del-campo-soberano-distribuyen-este-sabado-mas-de-un-millon-de-kilos-de-alimentos\/","title":{"rendered":"Ferias del Campo Soberano distribuyen este s\u00e1bado m\u00e1s de un mill\u00f3n de kilos de alimentos"},"content":{"rendered":"<p><img fetchpriority=\"high\" decoding=\"async\" class=\"size-medium wp-image-179632 alignleft\" src=\"https:\/\/stage3.rnv.gob.ve\/wp\/wp-content\/uploads\/2017\/10\/imagen-ferias-del-campo-soberano02-300x222.jpg\" alt=\"\" width=\"300\" height=\"222\" \/>El\u00a0ministro para la Agricultura Urbana y jefe nacional de los Comit\u00e9s Locales de Abastecimiento y Producci\u00f3n (Clap), Freddy Bernal, inform\u00f3 este s\u00e1bado que las Ferias del Campo Soberano distribuyen en todo el pa\u00eds un mill\u00f3n de kilos de alimentos.<\/p>\n<p>En transmisi\u00f3n de Venezolana de Televisi\u00f3n, detall\u00f3 que un total de 564 Clap participan directamente en las Ferias del Campo Soberano.<\/p>\n<p>Durante el lanzamiento de la Ruta Navide\u00f1a Agrourbana, en la parroquia Sucre de Caracas, detall\u00f3 que simult\u00e1neamente a escala nacional se desarrollan 165 ferias, que distribuyen carne, pollo y pernil.<\/p>\n<p>Hasta la fecha los Clap atienden a 6.300.000 familias en todo el pa\u00eds.<\/p>\n<p>&nbsp;<\/p>\n<p><strong>Escuche al ministro para la Agricultura Urbana, Freddy Bernal:<\/strong><\/p>\n<audio class=\"wp-audio-shortcode\" id=\"audio-188959-1\" preload=\"none\" style=\"width: 100%;\" controls=\"controls\"><source type=\"audio\/mpeg\" src=\"https:\/\/stage3.rnv.gob.ve\/wp\/wp-content\/uploads\/2017\/11\/FREDY-BERNAL.mp3?_=1\" \/><a href=\"https:\/\/stage3.rnv.gob.ve\/wp\/wp-content\/uploads\/2017\/11\/FREDY-BERNAL.mp3\">https:\/\/stage3.rnv.gob.ve\/wp\/wp-content\/uploads\/2017\/11\/FREDY-BERNAL.mp3<\/a><\/audio>\n<p><strong>T\/RNV Web\/CP<\/strong><\/p>\n","protected":false},"excerpt":{"rendered":"<p>El\u00a0ministro para la Agricultura Urbana y jefe nacional de los Comit\u00e9s Locales de Abastecimiento y Producci\u00f3n (Clap), Freddy Bernal, inform\u00f3 este s\u00e1bado que las Ferias del Campo Soberano distribuyen en todo el pa\u00eds un mill\u00f3n de kilos de alimentos. En transmisi\u00f3n de Venezolana de Televisi\u00f3n, detall\u00f3 que un total de 564 Clap participan directamente en [&hellip;]<\/p>\n","protected":false},"author":1,"featured_media":183061,"comment_status":"closed","ping_status":"open","sticky":false,"template":"","format":"standard","meta":{"_acf_changed":false,"footnotes":""},"categories":[58],"tags":[169,2476,17817,2933,2312],"class_list":["post-188959","post","type-post","status-publish","format-standard","has-post-thumbnail","hentry","category-economia","tag-alimentos","tag-clap","tag-feria-del-campo-soberano","tag-freddy-bernal","tag-vegetales"],"acf":[],"yoast_head":"<!-- This site is optimized with the Yoast SEO plugin v27.4 - https:\/\/yoast.com\/product\/yoast-seo-wordpress\/ -->\n<title>Ferias del Campo Soberano distribuyen este s\u00e1bado m\u00e1s de un mill\u00f3n de kilos de alimentos - DEV RNV<\/title>\n<meta name=\"robots\" content=\"noindex, follow, max-snippet:-1, max-image-preview:large, max-video-preview:-1\" \/>\n<meta property=\"og:locale\" content=\"es_ES\" \/>\n<meta property=\"og:type\" content=\"article\" \/>\n<meta property=\"og:title\" content=\"Ferias del Campo Soberano distribuyen este s\u00e1bado m\u00e1s de un mill\u00f3n de kilos de alimentos - DEV RNV\" \/>\n<meta property=\"og:description\" content=\"El\u00a0ministro para la Agricultura Urbana y jefe nacional de los Comit\u00e9s Locales de Abastecimiento y Producci\u00f3n (Clap), Freddy Bernal, inform\u00f3 este s\u00e1bado que las Ferias del Campo Soberano distribuyen en todo el pa\u00eds un mill\u00f3n de kilos de alimentos. En transmisi\u00f3n de Venezolana de Televisi\u00f3n, detall\u00f3 que un total de 564 Clap participan directamente en [&hellip;]\" \/>\n<meta property=\"og:url\" content=\"https:\/\/stage3.rnv.gob.ve\/wp\/ferias-del-campo-soberano-distribuyen-este-sabado-mas-de-un-millon-de-kilos-de-alimentos\/\" \/>\n<meta property=\"og:site_name\" content=\"DEV RNV\" \/>\n<meta property=\"article:publisher\" content=\"https:\/\/www.facebook.com\/RadioNacionaldeVenezuela\" \/>\n<meta property=\"article:published_time\" content=\"2017-11-25T20:26:31+00:00\" \/>\n<meta property=\"article:modified_time\" content=\"2026-04-15T02:10:56+00:00\" \/>\n<meta name=\"author\" content=\"administrador\" \/>\n<meta name=\"twitter:card\" content=\"summary_large_image\" \/>\n<meta name=\"twitter:creator\" content=\"@RNVinformativa\" \/>\n<meta name=\"twitter:site\" content=\"@RNVinformativa\" \/>\n<meta name=\"twitter:label1\" content=\"Escrito por\" \/>\n\t<meta name=\"twitter:data1\" content=\"administrador\" \/>\n\t<meta name=\"twitter:label2\" content=\"Tiempo estimado de lectura\" \/>\n\t<meta name=\"twitter:data2\" content=\"1 minuto\" \/>\n<script type=\"application\/ld+json\" class=\"yoast-schema-graph\">{\"@context\":\"https:\\\/\\\/schema.org\",\"@graph\":[{\"@type\":\"Article\",\"@id\":\"https:\\\/\\\/stage3.rnv.gob.ve\\\/wp\\\/ferias-del-campo-soberano-distribuyen-este-sabado-mas-de-un-millon-de-kilos-de-alimentos\\\/#article\",\"isPartOf\":{\"@id\":\"https:\\\/\\\/stage3.rnv.gob.ve\\\/wp\\\/ferias-del-campo-soberano-distribuyen-este-sabado-mas-de-un-millon-de-kilos-de-alimentos\\\/\"},\"author\":{\"name\":\"administrador\",\"@id\":\"https:\\\/\\\/stage3.rnv.gob.ve\\\/wp\\\/#\\\/schema\\\/person\\\/0862ce8cde332e0bc63b8a243f0eea2c\"},\"headline\":\"Ferias del Campo Soberano distribuyen este s\u00e1bado m\u00e1s de un mill\u00f3n de kilos de alimentos\",\"datePublished\":\"2017-11-25T20:26:31+00:00\",\"dateModified\":\"2026-04-15T02:10:56+00:00\",\"mainEntityOfPage\":{\"@id\":\"https:\\\/\\\/stage3.rnv.gob.ve\\\/wp\\\/ferias-del-campo-soberano-distribuyen-este-sabado-mas-de-un-millon-de-kilos-de-alimentos\\\/\"},\"wordCount\":156,\"publisher\":{\"@id\":\"https:\\\/\\\/stage3.rnv.gob.ve\\\/wp\\\/#organization\"},\"image\":{\"@id\":\"https:\\\/\\\/stage3.rnv.gob.ve\\\/wp\\\/ferias-del-campo-soberano-distribuyen-este-sabado-mas-de-un-millon-de-kilos-de-alimentos\\\/#primaryimage\"},\"thumbnailUrl\":\"\",\"keywords\":[\"alimentos\",\"clap\",\"feria del campo soberano\",\"freddy bernal\",\"vegetales\"],\"articleSection\":[\"Econom\u00eda\"],\"inLanguage\":\"es\"},{\"@type\":\"WebPage\",\"@id\":\"https:\\\/\\\/stage3.rnv.gob.ve\\\/wp\\\/ferias-del-campo-soberano-distribuyen-este-sabado-mas-de-un-millon-de-kilos-de-alimentos\\\/\",\"url\":\"https:\\\/\\\/stage3.rnv.gob.ve\\\/wp\\\/ferias-del-campo-soberano-distribuyen-este-sabado-mas-de-un-millon-de-kilos-de-alimentos\\\/\",\"name\":\"Ferias del Campo Soberano distribuyen este s\u00e1bado m\u00e1s de un mill\u00f3n de kilos de alimentos - DEV RNV\",\"isPartOf\":{\"@id\":\"https:\\\/\\\/stage3.rnv.gob.ve\\\/wp\\\/#website\"},\"primaryImageOfPage\":{\"@id\":\"https:\\\/\\\/stage3.rnv.gob.ve\\\/wp\\\/ferias-del-campo-soberano-distribuyen-este-sabado-mas-de-un-millon-de-kilos-de-alimentos\\\/#primaryimage\"},\"image\":{\"@id\":\"https:\\\/\\\/stage3.rnv.gob.ve\\\/wp\\\/ferias-del-campo-soberano-distribuyen-este-sabado-mas-de-un-millon-de-kilos-de-alimentos\\\/#primaryimage\"},\"thumbnailUrl\":\"\",\"datePublished\":\"2017-11-25T20:26:31+00:00\",\"dateModified\":\"2026-04-15T02:10:56+00:00\",\"breadcrumb\":{\"@id\":\"https:\\\/\\\/stage3.rnv.gob.ve\\\/wp\\\/ferias-del-campo-soberano-distribuyen-este-sabado-mas-de-un-millon-de-kilos-de-alimentos\\\/#breadcrumb\"},\"inLanguage\":\"es\",\"potentialAction\":[{\"@type\":\"ReadAction\",\"target\":[\"https:\\\/\\\/stage3.rnv.gob.ve\\\/wp\\\/ferias-del-campo-soberano-distribuyen-este-sabado-mas-de-un-millon-de-kilos-de-alimentos\\\/\"]}]},{\"@type\":\"ImageObject\",\"inLanguage\":\"es\",\"@id\":\"https:\\\/\\\/stage3.rnv.gob.ve\\\/wp\\\/ferias-del-campo-soberano-distribuyen-este-sabado-mas-de-un-millon-de-kilos-de-alimentos\\\/#primaryimage\",\"url\":\"\",\"contentUrl\":\"\"},{\"@type\":\"BreadcrumbList\",\"@id\":\"https:\\\/\\\/stage3.rnv.gob.ve\\\/wp\\\/ferias-del-campo-soberano-distribuyen-este-sabado-mas-de-un-millon-de-kilos-de-alimentos\\\/#breadcrumb\",\"itemListElement\":[{\"@type\":\"ListItem\",\"position\":1,\"name\":\"Portada\",\"item\":\"https:\\\/\\\/stage3.rnv.gob.ve\\\/wp\\\/\"},{\"@type\":\"ListItem\",\"position\":2,\"name\":\"Ferias Del Campo Soberano Distribuyen Este S\u00e1bado M\u00e1s De Un Mill\u00f3n De Kilos De Alimentos\"}]},{\"@type\":\"WebSite\",\"@id\":\"https:\\\/\\\/stage3.rnv.gob.ve\\\/wp\\\/#website\",\"url\":\"https:\\\/\\\/stage3.rnv.gob.ve\\\/wp\\\/\",\"name\":\"DEV RNV\",\"description\":\"Radio Nacional de Venezuela C.A.\",\"publisher\":{\"@id\":\"https:\\\/\\\/stage3.rnv.gob.ve\\\/wp\\\/#organization\"},\"potentialAction\":[{\"@type\":\"SearchAction\",\"target\":{\"@type\":\"EntryPoint\",\"urlTemplate\":\"https:\\\/\\\/stage3.rnv.gob.ve\\\/wp\\\/?s={search_term_string}\"},\"query-input\":{\"@type\":\"PropertyValueSpecification\",\"valueRequired\":true,\"valueName\":\"search_term_string\"}}],\"inLanguage\":\"es\"},{\"@type\":\"Organization\",\"@id\":\"https:\\\/\\\/stage3.rnv.gob.ve\\\/wp\\\/#organization\",\"name\":\"Radio Nacional de Venezuela C.A.\",\"url\":\"https:\\\/\\\/stage3.rnv.gob.ve\\\/wp\\\/\",\"logo\":{\"@type\":\"ImageObject\",\"inLanguage\":\"es\",\"@id\":\"https:\\\/\\\/stage3.rnv.gob.ve\\\/wp\\\/#\\\/schema\\\/logo\\\/image\\\/\",\"url\":\"http:\\\/\\\/rnv.ddns.net\\\/prensa\\\/wp-content\\\/uploads\\\/2022\\\/04\\\/rnv-1-300x227-1.jpg\",\"contentUrl\":\"http:\\\/\\\/rnv.ddns.net\\\/prensa\\\/wp-content\\\/uploads\\\/2022\\\/04\\\/rnv-1-300x227-1.jpg\",\"width\":800,\"height\":455,\"caption\":\"Radio Nacional de Venezuela C.A.\"},\"image\":{\"@id\":\"https:\\\/\\\/stage3.rnv.gob.ve\\\/wp\\\/#\\\/schema\\\/logo\\\/image\\\/\"},\"sameAs\":[\"https:\\\/\\\/www.facebook.com\\\/RadioNacionaldeVenezuela\",\"https:\\\/\\\/x.com\\\/RNVinformativa\",\"https:\\\/\\\/www.instagram.com\\\/rnvinformativa\\\/\",\"https:\\\/\\\/www.youtube.com\\\/user\\\/RNVContigo\"]},{\"@type\":\"Person\",\"@id\":\"https:\\\/\\\/stage3.rnv.gob.ve\\\/wp\\\/#\\\/schema\\\/person\\\/0862ce8cde332e0bc63b8a243f0eea2c\",\"name\":\"administrador\",\"sameAs\":[\"http:\\\/\\\/arnoldoeloy.net\"],\"url\":\"https:\\\/\\\/stage3.rnv.gob.ve\\\/wp\\\/author\\\/administrador\\\/\"}]}<\/script>\n<!-- \/ Yoast SEO plugin. -->","yoast_head_json":{"title":"Ferias del Campo Soberano distribuyen este s\u00e1bado m\u00e1s de un mill\u00f3n de kilos de alimentos - DEV RNV","robots":{"index":"noindex","follow":"follow","max-snippet":"max-snippet:-1","max-image-preview":"max-image-preview:large","max-video-preview":"max-video-preview:-1"},"og_locale":"es_ES","og_type":"article","og_title":"Ferias del Campo Soberano distribuyen este s\u00e1bado m\u00e1s de un mill\u00f3n de kilos de alimentos - DEV RNV","og_description":"El\u00a0ministro para la Agricultura Urbana y jefe nacional de los Comit\u00e9s Locales de Abastecimiento y Producci\u00f3n (Clap), Freddy Bernal, inform\u00f3 este s\u00e1bado que las Ferias del Campo Soberano distribuyen en todo el pa\u00eds un mill\u00f3n de kilos de alimentos. En transmisi\u00f3n de Venezolana de Televisi\u00f3n, detall\u00f3 que un total de 564 Clap participan directamente en [&hellip;]","og_url":"https:\/\/stage3.rnv.gob.ve\/wp\/ferias-del-campo-soberano-distribuyen-este-sabado-mas-de-un-millon-de-kilos-de-alimentos\/","og_site_name":"DEV RNV","article_publisher":"https:\/\/www.facebook.com\/RadioNacionaldeVenezuela","article_published_time":"2017-11-25T20:26:31+00:00","article_modified_time":"2026-04-15T02:10:56+00:00","author":"administrador","twitter_card":"summary_large_image","twitter_creator":"@RNVinformativa","twitter_site":"@RNVinformativa","twitter_misc":{"Escrito por":"administrador","Tiempo estimado de lectura":"1 minuto"},"schema":{"@context":"https:\/\/schema.org","@graph":[{"@type":"Article","@id":"https:\/\/stage3.rnv.gob.ve\/wp\/ferias-del-campo-soberano-distribuyen-este-sabado-mas-de-un-millon-de-kilos-de-alimentos\/#article","isPartOf":{"@id":"https:\/\/stage3.rnv.gob.ve\/wp\/ferias-del-campo-soberano-distribuyen-este-sabado-mas-de-un-millon-de-kilos-de-alimentos\/"},"author":{"name":"administrador","@id":"https:\/\/stage3.rnv.gob.ve\/wp\/#\/schema\/person\/0862ce8cde332e0bc63b8a243f0eea2c"},"headline":"Ferias del Campo Soberano distribuyen este s\u00e1bado m\u00e1s de un mill\u00f3n de kilos de alimentos","datePublished":"2017-11-25T20:26:31+00:00","dateModified":"2026-04-15T02:10:56+00:00","mainEntityOfPage":{"@id":"https:\/\/stage3.rnv.gob.ve\/wp\/ferias-del-campo-soberano-distribuyen-este-sabado-mas-de-un-millon-de-kilos-de-alimentos\/"},"wordCount":156,"publisher":{"@id":"https:\/\/stage3.rnv.gob.ve\/wp\/#organization"},"image":{"@id":"https:\/\/stage3.rnv.gob.ve\/wp\/ferias-del-campo-soberano-distribuyen-este-sabado-mas-de-un-millon-de-kilos-de-alimentos\/#primaryimage"},"thumbnailUrl":"","keywords":["alimentos","clap","feria del campo soberano","freddy bernal","vegetales"],"articleSection":["Econom\u00eda"],"inLanguage":"es"},{"@type":"WebPage","@id":"https:\/\/stage3.rnv.gob.ve\/wp\/ferias-del-campo-soberano-distribuyen-este-sabado-mas-de-un-millon-de-kilos-de-alimentos\/","url":"https:\/\/stage3.rnv.gob.ve\/wp\/ferias-del-campo-soberano-distribuyen-este-sabado-mas-de-un-millon-de-kilos-de-alimentos\/","name":"Ferias del Campo Soberano distribuyen este s\u00e1bado m\u00e1s de un mill\u00f3n de kilos de alimentos - DEV RNV","isPartOf":{"@id":"https:\/\/stage3.rnv.gob.ve\/wp\/#website"},"primaryImageOfPage":{"@id":"https:\/\/stage3.rnv.gob.ve\/wp\/ferias-del-campo-soberano-distribuyen-este-sabado-mas-de-un-millon-de-kilos-de-alimentos\/#primaryimage"},"image":{"@id":"https:\/\/stage3.rnv.gob.ve\/wp\/ferias-del-campo-soberano-distribuyen-este-sabado-mas-de-un-millon-de-kilos-de-alimentos\/#primaryimage"},"thumbnailUrl":"","datePublished":"2017-11-25T20:26:31+00:00","dateModified":"2026-04-15T02:10:56+00:00","breadcrumb":{"@id":"https:\/\/stage3.rnv.gob.ve\/wp\/ferias-del-campo-soberano-distribuyen-este-sabado-mas-de-un-millon-de-kilos-de-alimentos\/#breadcrumb"},"inLanguage":"es","potentialAction":[{"@type":"ReadAction","target":["https:\/\/stage3.rnv.gob.ve\/wp\/ferias-del-campo-soberano-distribuyen-este-sabado-mas-de-un-millon-de-kilos-de-alimentos\/"]}]},{"@type":"ImageObject","inLanguage":"es","@id":"https:\/\/stage3.rnv.gob.ve\/wp\/ferias-del-campo-soberano-distribuyen-este-sabado-mas-de-un-millon-de-kilos-de-alimentos\/#primaryimage","url":"","contentUrl":""},{"@type":"BreadcrumbList","@id":"https:\/\/stage3.rnv.gob.ve\/wp\/ferias-del-campo-soberano-distribuyen-este-sabado-mas-de-un-millon-de-kilos-de-alimentos\/#breadcrumb","itemListElement":[{"@type":"ListItem","position":1,"name":"Portada","item":"https:\/\/stage3.rnv.gob.ve\/wp\/"},{"@type":"ListItem","position":2,"name":"Ferias Del Campo Soberano Distribuyen Este S\u00e1bado M\u00e1s De Un Mill\u00f3n De Kilos De Alimentos"}]},{"@type":"WebSite","@id":"https:\/\/stage3.rnv.gob.ve\/wp\/#website","url":"https:\/\/stage3.rnv.gob.ve\/wp\/","name":"DEV RNV","description":"Radio Nacional de Venezuela C.A.","publisher":{"@id":"https:\/\/stage3.rnv.gob.ve\/wp\/#organization"},"potentialAction":[{"@type":"SearchAction","target":{"@type":"EntryPoint","urlTemplate":"https:\/\/stage3.rnv.gob.ve\/wp\/?s={search_term_string}"},"query-input":{"@type":"PropertyValueSpecification","valueRequired":true,"valueName":"search_term_string"}}],"inLanguage":"es"},{"@type":"Organization","@id":"https:\/\/stage3.rnv.gob.ve\/wp\/#organization","name":"Radio Nacional de Venezuela C.A.","url":"https:\/\/stage3.rnv.gob.ve\/wp\/","logo":{"@type":"ImageObject","inLanguage":"es","@id":"https:\/\/stage3.rnv.gob.ve\/wp\/#\/schema\/logo\/image\/","url":"http:\/\/rnv.ddns.net\/prensa\/wp-content\/uploads\/2022\/04\/rnv-1-300x227-1.jpg","contentUrl":"http:\/\/rnv.ddns.net\/prensa\/wp-content\/uploads\/2022\/04\/rnv-1-300x227-1.jpg","width":800,"height":455,"caption":"Radio Nacional de Venezuela C.A."},"image":{"@id":"https:\/\/stage3.rnv.gob.ve\/wp\/#\/schema\/logo\/image\/"},"sameAs":["https:\/\/www.facebook.com\/RadioNacionaldeVenezuela","https:\/\/x.com\/RNVinformativa","https:\/\/www.instagram.com\/rnvinformativa\/","https:\/\/www.youtube.com\/user\/RNVContigo"]},{"@type":"Person","@id":"https:\/\/stage3.rnv.gob.ve\/wp\/#\/schema\/person\/0862ce8cde332e0bc63b8a243f0eea2c","name":"administrador","sameAs":["http:\/\/arnoldoeloy.net"],"url":"https:\/\/stage3.rnv.gob.ve\/wp\/author\/administrador\/"}]}},"jetpack_featured_media_url":"","_links":{"self":[{"href":"https:\/\/stage3.rnv.gob.ve\/wp\/wp-json\/wp\/v2\/posts\/188959","targetHints":{"allow":["GET"]}}],"collection":[{"href":"https:\/\/stage3.rnv.gob.ve\/wp\/wp-json\/wp\/v2\/posts"}],"about":[{"href":"https:\/\/stage3.rnv.gob.ve\/wp\/wp-json\/wp\/v2\/types\/post"}],"author":[{"embeddable":true,"href":"https:\/\/stage3.rnv.gob.ve\/wp\/wp-json\/wp\/v2\/users\/1"}],"replies":[{"embeddable":true,"href":"https:\/\/stage3.rnv.gob.ve\/wp\/wp-json\/wp\/v2\/comments?post=188959"}],"version-history":[{"count":0,"href":"https:\/\/stage3.rnv.gob.ve\/wp\/wp-json\/wp\/v2\/posts\/188959\/revisions"}],"wp:featuredmedia":[{"embeddable":true,"href":"https:\/\/stage3.rnv.gob.ve\/wp\/wp-json\/"}],"wp:attachment":[{"href":"https:\/\/stage3.rnv.gob.ve\/wp\/wp-json\/wp\/v2\/media?parent=188959"}],"wp:term":[{"taxonomy":"category","embeddable":true,"href":"https:\/\/stage3.rnv.gob.ve\/wp\/wp-json\/wp\/v2\/categories?post=188959"},{"taxonomy":"post_tag","embeddable":true,"href":"https:\/\/stage3.rnv.gob.ve\/wp\/wp-json\/wp\/v2\/tags?post=188959"}],"curies":[{"name":"wp","href":"https:\/\/api.w.org\/{rel}","templated":true}]}}