{"id":188695,"date":"2017-11-24T17:24:48","date_gmt":"2017-11-24T21:54:48","guid":{"rendered":"https:\/\/stage3.rnv.gob.ve\/wp\/?p=188695"},"modified":"2017-11-24T17:24:48","modified_gmt":"2017-11-24T21:54:48","slug":"cicpc-celebro-xvi-aniversario-con-acto-en-reconocimiento-a-sus-trabajadores","status":"publish","type":"post","link":"https:\/\/stage3.rnv.gob.ve\/wp\/cicpc-celebro-xvi-aniversario-con-acto-en-reconocimiento-a-sus-trabajadores\/","title":{"rendered":"En 85% ha avanzado la reestructuraci\u00f3n del CICPC"},"content":{"rendered":"\n<p>El Cuerpo de Investigaciones Cient\u00edficas, Penales y Criminal\u00edsticas (CICPC) celebr\u00f3 este viernes su XVI aniversario recibiendo un reconocimiento por su labor investigativa.<\/p>\n<p>En la actividad, que se celebra en el Teatro de la Efofac, se concedi\u00f3 la condecoraci\u00f3n Cangrejo de oro, plata y bronce por destacarse en el esclarecimiento de un caso de investigaci\u00f3n. Adem\u00e1s, recibieron reconocimientos por a\u00f1os de servicio y ascensos dentro del rango correspondiente al CICPC.<\/p>\n<p>En el acto particip\u00f3 el ministro para Relaciones Interiores, Justicia y Paz, N\u00e9stor Reverol, quien\u00a0recibi\u00f3 el\u00a0Escudo de Armas del cuerpo de investigaciones en su \u00fanica clase, como s\u00edmbolo de lealtad al servicio de la seguridad.<\/p>\n<p>Reverol inform\u00f3 que la reestructuraci\u00f3n de este cuerpo policial ha avanzado un 85% y se\u00f1al\u00f3 que<span style=\"line-height: inherit;\">\u00a0\u00abes fundamental seguir avanzando en la construcci\u00f3n y la transformaci\u00f3n del CICPC, seguir avanzando en el fortalecimiento de la columna de investigaci\u00f3n cient\u00edfica, y fortalecer la investigaci\u00f3n penal\u00bb.<\/span><\/p>\n<p>\u00abLa refundaci\u00f3n del Cicpc est\u00e1 en el Plan de la Patria; de esta meta, hemos alcanzado un 85 por ciento\u00bb, destac\u00f3.<\/p>\n<p>Como parte de ese fortalecimiento, este cuerpo cuenta con m\u00e1s de 300 equipos de tecnolog\u00eda de punta, adquirido por la Revoluci\u00f3n Bolivariana, como lo es el Sistema Integrando para la Investigaci\u00f3n Bal\u00edstica, que permite hacer el estudio topogr\u00e1fico: la trayectoria de la bala; lo cual se complementa con la m\u00e1quina de marcaje l\u00e1ser.<\/p>\n<p><strong>Escuche al ministro para Relaciones Interiores, Justicia y Paz, N\u00e9stor Reverol:<\/strong><\/p>\n<audio class=\"wp-audio-shortcode\" id=\"audio-188695-1\" preload=\"none\" style=\"width: 100%;\" controls=\"controls\"><source type=\"audio\/mpeg\" src=\"https:\/\/stage3.rnv.gob.ve\/wp\/wp-content\/uploads\/2017\/11\/REVEROL-5.mp3?_=1\" \/><a href=\"https:\/\/stage3.rnv.gob.ve\/wp\/wp-content\/uploads\/2017\/11\/REVEROL-5.mp3\">https:\/\/stage3.rnv.gob.ve\/wp\/wp-content\/uploads\/2017\/11\/REVEROL-5.mp3<\/a><\/audio>\n<p><strong>T\/RNV Web\/CP<\/strong><\/p>\n","protected":false},"excerpt":{"rendered":"<p>El Cuerpo de Investigaciones Cient\u00edficas, Penales y Criminal\u00edsticas (CICPC) celebr\u00f3 este viernes su XVI aniversario recibiendo un reconocimiento por su labor investigativa. En la actividad, que se celebra en el Teatro de la Efofac, se concedi\u00f3 la condecoraci\u00f3n Cangrejo de oro, plata y bronce por destacarse en el esclarecimiento de un caso de investigaci\u00f3n. Adem\u00e1s, [&hellip;]<\/p>\n","protected":false},"author":1,"featured_media":188713,"comment_status":"closed","ping_status":"open","sticky":false,"template":"","format":"standard","meta":{"_acf_changed":false,"footnotes":""},"categories":[62],"tags":[360,708,18983,1726,1923],"class_list":["post-188695","post","type-post","status-publish","format-standard","has-post-thumbnail","hentry","category-judiciales","tag-aniversario","tag-cicpc","tag-cuerpo-de-policia","tag-nestor-reverol","tag-policia"],"acf":[],"yoast_head":"<!-- This site is optimized with the Yoast SEO plugin v27.4 - https:\/\/yoast.com\/product\/yoast-seo-wordpress\/ -->\n<title>En 85% ha avanzado la reestructuraci\u00f3n del CICPC - DEV RNV<\/title>\n<meta name=\"robots\" content=\"noindex, follow, max-snippet:-1, max-image-preview:large, max-video-preview:-1\" \/>\n<meta property=\"og:locale\" content=\"es_ES\" \/>\n<meta property=\"og:type\" content=\"article\" \/>\n<meta property=\"og:title\" content=\"En 85% ha avanzado la reestructuraci\u00f3n del CICPC - DEV RNV\" \/>\n<meta property=\"og:description\" content=\"El Cuerpo de Investigaciones Cient\u00edficas, Penales y Criminal\u00edsticas (CICPC) celebr\u00f3 este viernes su XVI aniversario recibiendo un reconocimiento por su labor investigativa. En la actividad, que se celebra en el Teatro de la Efofac, se concedi\u00f3 la condecoraci\u00f3n Cangrejo de oro, plata y bronce por destacarse en el esclarecimiento de un caso de investigaci\u00f3n. Adem\u00e1s, [&hellip;]\" \/>\n<meta property=\"og:url\" content=\"https:\/\/stage3.rnv.gob.ve\/wp\/cicpc-celebro-xvi-aniversario-con-acto-en-reconocimiento-a-sus-trabajadores\/\" \/>\n<meta property=\"og:site_name\" content=\"DEV RNV\" \/>\n<meta property=\"article:publisher\" content=\"https:\/\/www.facebook.com\/RadioNacionaldeVenezuela\" \/>\n<meta property=\"article:published_time\" content=\"2017-11-24T21:54:48+00:00\" \/>\n<meta name=\"author\" content=\"administrador\" \/>\n<meta name=\"twitter:card\" content=\"summary_large_image\" \/>\n<meta name=\"twitter:creator\" content=\"@RNVinformativa\" \/>\n<meta name=\"twitter:site\" content=\"@RNVinformativa\" \/>\n<meta name=\"twitter:label1\" content=\"Escrito por\" \/>\n\t<meta name=\"twitter:data1\" content=\"administrador\" \/>\n\t<meta name=\"twitter:label2\" content=\"Tiempo estimado de lectura\" \/>\n\t<meta name=\"twitter:data2\" content=\"1 minuto\" \/>\n<script type=\"application\/ld+json\" class=\"yoast-schema-graph\">{\"@context\":\"https:\\\/\\\/schema.org\",\"@graph\":[{\"@type\":\"Article\",\"@id\":\"https:\\\/\\\/stage3.rnv.gob.ve\\\/wp\\\/cicpc-celebro-xvi-aniversario-con-acto-en-reconocimiento-a-sus-trabajadores\\\/#article\",\"isPartOf\":{\"@id\":\"https:\\\/\\\/stage3.rnv.gob.ve\\\/wp\\\/cicpc-celebro-xvi-aniversario-con-acto-en-reconocimiento-a-sus-trabajadores\\\/\"},\"author\":{\"name\":\"administrador\",\"@id\":\"https:\\\/\\\/stage3.rnv.gob.ve\\\/wp\\\/#\\\/schema\\\/person\\\/0862ce8cde332e0bc63b8a243f0eea2c\"},\"headline\":\"En 85% ha avanzado la reestructuraci\u00f3n del CICPC\",\"datePublished\":\"2017-11-24T21:54:48+00:00\",\"mainEntityOfPage\":{\"@id\":\"https:\\\/\\\/stage3.rnv.gob.ve\\\/wp\\\/cicpc-celebro-xvi-aniversario-con-acto-en-reconocimiento-a-sus-trabajadores\\\/\"},\"wordCount\":286,\"publisher\":{\"@id\":\"https:\\\/\\\/stage3.rnv.gob.ve\\\/wp\\\/#organization\"},\"image\":{\"@id\":\"https:\\\/\\\/stage3.rnv.gob.ve\\\/wp\\\/cicpc-celebro-xvi-aniversario-con-acto-en-reconocimiento-a-sus-trabajadores\\\/#primaryimage\"},\"thumbnailUrl\":\"\",\"keywords\":[\"aniversario\",\"cicpc\",\"cuerpo de policia\",\"N\u00e9stor Reverol\",\"policia\"],\"articleSection\":[\"Judiciales\"],\"inLanguage\":\"es\"},{\"@type\":\"WebPage\",\"@id\":\"https:\\\/\\\/stage3.rnv.gob.ve\\\/wp\\\/cicpc-celebro-xvi-aniversario-con-acto-en-reconocimiento-a-sus-trabajadores\\\/\",\"url\":\"https:\\\/\\\/stage3.rnv.gob.ve\\\/wp\\\/cicpc-celebro-xvi-aniversario-con-acto-en-reconocimiento-a-sus-trabajadores\\\/\",\"name\":\"En 85% ha avanzado la reestructuraci\u00f3n del CICPC - DEV RNV\",\"isPartOf\":{\"@id\":\"https:\\\/\\\/stage3.rnv.gob.ve\\\/wp\\\/#website\"},\"primaryImageOfPage\":{\"@id\":\"https:\\\/\\\/stage3.rnv.gob.ve\\\/wp\\\/cicpc-celebro-xvi-aniversario-con-acto-en-reconocimiento-a-sus-trabajadores\\\/#primaryimage\"},\"image\":{\"@id\":\"https:\\\/\\\/stage3.rnv.gob.ve\\\/wp\\\/cicpc-celebro-xvi-aniversario-con-acto-en-reconocimiento-a-sus-trabajadores\\\/#primaryimage\"},\"thumbnailUrl\":\"\",\"datePublished\":\"2017-11-24T21:54:48+00:00\",\"breadcrumb\":{\"@id\":\"https:\\\/\\\/stage3.rnv.gob.ve\\\/wp\\\/cicpc-celebro-xvi-aniversario-con-acto-en-reconocimiento-a-sus-trabajadores\\\/#breadcrumb\"},\"inLanguage\":\"es\",\"potentialAction\":[{\"@type\":\"ReadAction\",\"target\":[\"https:\\\/\\\/stage3.rnv.gob.ve\\\/wp\\\/cicpc-celebro-xvi-aniversario-con-acto-en-reconocimiento-a-sus-trabajadores\\\/\"]}]},{\"@type\":\"ImageObject\",\"inLanguage\":\"es\",\"@id\":\"https:\\\/\\\/stage3.rnv.gob.ve\\\/wp\\\/cicpc-celebro-xvi-aniversario-con-acto-en-reconocimiento-a-sus-trabajadores\\\/#primaryimage\",\"url\":\"\",\"contentUrl\":\"\"},{\"@type\":\"BreadcrumbList\",\"@id\":\"https:\\\/\\\/stage3.rnv.gob.ve\\\/wp\\\/cicpc-celebro-xvi-aniversario-con-acto-en-reconocimiento-a-sus-trabajadores\\\/#breadcrumb\",\"itemListElement\":[{\"@type\":\"ListItem\",\"position\":1,\"name\":\"Portada\",\"item\":\"https:\\\/\\\/stage3.rnv.gob.ve\\\/wp\\\/\"},{\"@type\":\"ListItem\",\"position\":2,\"name\":\"En 85% Ha Avanzado La Reestructuraci\u00f3n Del Cicpc\"}]},{\"@type\":\"WebSite\",\"@id\":\"https:\\\/\\\/stage3.rnv.gob.ve\\\/wp\\\/#website\",\"url\":\"https:\\\/\\\/stage3.rnv.gob.ve\\\/wp\\\/\",\"name\":\"DEV RNV\",\"description\":\"Radio Nacional de Venezuela C.A.\",\"publisher\":{\"@id\":\"https:\\\/\\\/stage3.rnv.gob.ve\\\/wp\\\/#organization\"},\"potentialAction\":[{\"@type\":\"SearchAction\",\"target\":{\"@type\":\"EntryPoint\",\"urlTemplate\":\"https:\\\/\\\/stage3.rnv.gob.ve\\\/wp\\\/?s={search_term_string}\"},\"query-input\":{\"@type\":\"PropertyValueSpecification\",\"valueRequired\":true,\"valueName\":\"search_term_string\"}}],\"inLanguage\":\"es\"},{\"@type\":\"Organization\",\"@id\":\"https:\\\/\\\/stage3.rnv.gob.ve\\\/wp\\\/#organization\",\"name\":\"Radio Nacional de Venezuela C.A.\",\"url\":\"https:\\\/\\\/stage3.rnv.gob.ve\\\/wp\\\/\",\"logo\":{\"@type\":\"ImageObject\",\"inLanguage\":\"es\",\"@id\":\"https:\\\/\\\/stage3.rnv.gob.ve\\\/wp\\\/#\\\/schema\\\/logo\\\/image\\\/\",\"url\":\"http:\\\/\\\/rnv.ddns.net\\\/prensa\\\/wp-content\\\/uploads\\\/2022\\\/04\\\/rnv-1-300x227-1.jpg\",\"contentUrl\":\"http:\\\/\\\/rnv.ddns.net\\\/prensa\\\/wp-content\\\/uploads\\\/2022\\\/04\\\/rnv-1-300x227-1.jpg\",\"width\":800,\"height\":455,\"caption\":\"Radio Nacional de Venezuela C.A.\"},\"image\":{\"@id\":\"https:\\\/\\\/stage3.rnv.gob.ve\\\/wp\\\/#\\\/schema\\\/logo\\\/image\\\/\"},\"sameAs\":[\"https:\\\/\\\/www.facebook.com\\\/RadioNacionaldeVenezuela\",\"https:\\\/\\\/x.com\\\/RNVinformativa\",\"https:\\\/\\\/www.instagram.com\\\/rnvinformativa\\\/\",\"https:\\\/\\\/www.youtube.com\\\/user\\\/RNVContigo\"]},{\"@type\":\"Person\",\"@id\":\"https:\\\/\\\/stage3.rnv.gob.ve\\\/wp\\\/#\\\/schema\\\/person\\\/0862ce8cde332e0bc63b8a243f0eea2c\",\"name\":\"administrador\",\"sameAs\":[\"http:\\\/\\\/arnoldoeloy.net\"],\"url\":\"https:\\\/\\\/stage3.rnv.gob.ve\\\/wp\\\/author\\\/administrador\\\/\"}]}<\/script>\n<!-- \/ Yoast SEO plugin. -->","yoast_head_json":{"title":"En 85% ha avanzado la reestructuraci\u00f3n del CICPC - DEV RNV","robots":{"index":"noindex","follow":"follow","max-snippet":"max-snippet:-1","max-image-preview":"max-image-preview:large","max-video-preview":"max-video-preview:-1"},"og_locale":"es_ES","og_type":"article","og_title":"En 85% ha avanzado la reestructuraci\u00f3n del CICPC - DEV RNV","og_description":"El Cuerpo de Investigaciones Cient\u00edficas, Penales y Criminal\u00edsticas (CICPC) celebr\u00f3 este viernes su XVI aniversario recibiendo un reconocimiento por su labor investigativa. En la actividad, que se celebra en el Teatro de la Efofac, se concedi\u00f3 la condecoraci\u00f3n Cangrejo de oro, plata y bronce por destacarse en el esclarecimiento de un caso de investigaci\u00f3n. Adem\u00e1s, [&hellip;]","og_url":"https:\/\/stage3.rnv.gob.ve\/wp\/cicpc-celebro-xvi-aniversario-con-acto-en-reconocimiento-a-sus-trabajadores\/","og_site_name":"DEV RNV","article_publisher":"https:\/\/www.facebook.com\/RadioNacionaldeVenezuela","article_published_time":"2017-11-24T21:54:48+00:00","author":"administrador","twitter_card":"summary_large_image","twitter_creator":"@RNVinformativa","twitter_site":"@RNVinformativa","twitter_misc":{"Escrito por":"administrador","Tiempo estimado de lectura":"1 minuto"},"schema":{"@context":"https:\/\/schema.org","@graph":[{"@type":"Article","@id":"https:\/\/stage3.rnv.gob.ve\/wp\/cicpc-celebro-xvi-aniversario-con-acto-en-reconocimiento-a-sus-trabajadores\/#article","isPartOf":{"@id":"https:\/\/stage3.rnv.gob.ve\/wp\/cicpc-celebro-xvi-aniversario-con-acto-en-reconocimiento-a-sus-trabajadores\/"},"author":{"name":"administrador","@id":"https:\/\/stage3.rnv.gob.ve\/wp\/#\/schema\/person\/0862ce8cde332e0bc63b8a243f0eea2c"},"headline":"En 85% ha avanzado la reestructuraci\u00f3n del CICPC","datePublished":"2017-11-24T21:54:48+00:00","mainEntityOfPage":{"@id":"https:\/\/stage3.rnv.gob.ve\/wp\/cicpc-celebro-xvi-aniversario-con-acto-en-reconocimiento-a-sus-trabajadores\/"},"wordCount":286,"publisher":{"@id":"https:\/\/stage3.rnv.gob.ve\/wp\/#organization"},"image":{"@id":"https:\/\/stage3.rnv.gob.ve\/wp\/cicpc-celebro-xvi-aniversario-con-acto-en-reconocimiento-a-sus-trabajadores\/#primaryimage"},"thumbnailUrl":"","keywords":["aniversario","cicpc","cuerpo de policia","N\u00e9stor Reverol","policia"],"articleSection":["Judiciales"],"inLanguage":"es"},{"@type":"WebPage","@id":"https:\/\/stage3.rnv.gob.ve\/wp\/cicpc-celebro-xvi-aniversario-con-acto-en-reconocimiento-a-sus-trabajadores\/","url":"https:\/\/stage3.rnv.gob.ve\/wp\/cicpc-celebro-xvi-aniversario-con-acto-en-reconocimiento-a-sus-trabajadores\/","name":"En 85% ha avanzado la reestructuraci\u00f3n del CICPC - DEV RNV","isPartOf":{"@id":"https:\/\/stage3.rnv.gob.ve\/wp\/#website"},"primaryImageOfPage":{"@id":"https:\/\/stage3.rnv.gob.ve\/wp\/cicpc-celebro-xvi-aniversario-con-acto-en-reconocimiento-a-sus-trabajadores\/#primaryimage"},"image":{"@id":"https:\/\/stage3.rnv.gob.ve\/wp\/cicpc-celebro-xvi-aniversario-con-acto-en-reconocimiento-a-sus-trabajadores\/#primaryimage"},"thumbnailUrl":"","datePublished":"2017-11-24T21:54:48+00:00","breadcrumb":{"@id":"https:\/\/stage3.rnv.gob.ve\/wp\/cicpc-celebro-xvi-aniversario-con-acto-en-reconocimiento-a-sus-trabajadores\/#breadcrumb"},"inLanguage":"es","potentialAction":[{"@type":"ReadAction","target":["https:\/\/stage3.rnv.gob.ve\/wp\/cicpc-celebro-xvi-aniversario-con-acto-en-reconocimiento-a-sus-trabajadores\/"]}]},{"@type":"ImageObject","inLanguage":"es","@id":"https:\/\/stage3.rnv.gob.ve\/wp\/cicpc-celebro-xvi-aniversario-con-acto-en-reconocimiento-a-sus-trabajadores\/#primaryimage","url":"","contentUrl":""},{"@type":"BreadcrumbList","@id":"https:\/\/stage3.rnv.gob.ve\/wp\/cicpc-celebro-xvi-aniversario-con-acto-en-reconocimiento-a-sus-trabajadores\/#breadcrumb","itemListElement":[{"@type":"ListItem","position":1,"name":"Portada","item":"https:\/\/stage3.rnv.gob.ve\/wp\/"},{"@type":"ListItem","position":2,"name":"En 85% Ha Avanzado La Reestructuraci\u00f3n Del Cicpc"}]},{"@type":"WebSite","@id":"https:\/\/stage3.rnv.gob.ve\/wp\/#website","url":"https:\/\/stage3.rnv.gob.ve\/wp\/","name":"DEV RNV","description":"Radio Nacional de Venezuela C.A.","publisher":{"@id":"https:\/\/stage3.rnv.gob.ve\/wp\/#organization"},"potentialAction":[{"@type":"SearchAction","target":{"@type":"EntryPoint","urlTemplate":"https:\/\/stage3.rnv.gob.ve\/wp\/?s={search_term_string}"},"query-input":{"@type":"PropertyValueSpecification","valueRequired":true,"valueName":"search_term_string"}}],"inLanguage":"es"},{"@type":"Organization","@id":"https:\/\/stage3.rnv.gob.ve\/wp\/#organization","name":"Radio Nacional de Venezuela C.A.","url":"https:\/\/stage3.rnv.gob.ve\/wp\/","logo":{"@type":"ImageObject","inLanguage":"es","@id":"https:\/\/stage3.rnv.gob.ve\/wp\/#\/schema\/logo\/image\/","url":"http:\/\/rnv.ddns.net\/prensa\/wp-content\/uploads\/2022\/04\/rnv-1-300x227-1.jpg","contentUrl":"http:\/\/rnv.ddns.net\/prensa\/wp-content\/uploads\/2022\/04\/rnv-1-300x227-1.jpg","width":800,"height":455,"caption":"Radio Nacional de Venezuela C.A."},"image":{"@id":"https:\/\/stage3.rnv.gob.ve\/wp\/#\/schema\/logo\/image\/"},"sameAs":["https:\/\/www.facebook.com\/RadioNacionaldeVenezuela","https:\/\/x.com\/RNVinformativa","https:\/\/www.instagram.com\/rnvinformativa\/","https:\/\/www.youtube.com\/user\/RNVContigo"]},{"@type":"Person","@id":"https:\/\/stage3.rnv.gob.ve\/wp\/#\/schema\/person\/0862ce8cde332e0bc63b8a243f0eea2c","name":"administrador","sameAs":["http:\/\/arnoldoeloy.net"],"url":"https:\/\/stage3.rnv.gob.ve\/wp\/author\/administrador\/"}]}},"jetpack_featured_media_url":"","_links":{"self":[{"href":"https:\/\/stage3.rnv.gob.ve\/wp\/wp-json\/wp\/v2\/posts\/188695","targetHints":{"allow":["GET"]}}],"collection":[{"href":"https:\/\/stage3.rnv.gob.ve\/wp\/wp-json\/wp\/v2\/posts"}],"about":[{"href":"https:\/\/stage3.rnv.gob.ve\/wp\/wp-json\/wp\/v2\/types\/post"}],"author":[{"embeddable":true,"href":"https:\/\/stage3.rnv.gob.ve\/wp\/wp-json\/wp\/v2\/users\/1"}],"replies":[{"embeddable":true,"href":"https:\/\/stage3.rnv.gob.ve\/wp\/wp-json\/wp\/v2\/comments?post=188695"}],"version-history":[{"count":0,"href":"https:\/\/stage3.rnv.gob.ve\/wp\/wp-json\/wp\/v2\/posts\/188695\/revisions"}],"wp:featuredmedia":[{"embeddable":true,"href":"https:\/\/stage3.rnv.gob.ve\/wp\/wp-json\/"}],"wp:attachment":[{"href":"https:\/\/stage3.rnv.gob.ve\/wp\/wp-json\/wp\/v2\/media?parent=188695"}],"wp:term":[{"taxonomy":"category","embeddable":true,"href":"https:\/\/stage3.rnv.gob.ve\/wp\/wp-json\/wp\/v2\/categories?post=188695"},{"taxonomy":"post_tag","embeddable":true,"href":"https:\/\/stage3.rnv.gob.ve\/wp\/wp-json\/wp\/v2\/tags?post=188695"}],"curies":[{"name":"wp","href":"https:\/\/api.w.org\/{rel}","templated":true}]}}