{"id":188029,"date":"2017-11-22T21:25:46","date_gmt":"2017-11-23T01:55:46","guid":{"rendered":"https:\/\/stage3.rnv.gob.ve\/wp\/?p=188029"},"modified":"2017-11-22T21:25:46","modified_gmt":"2017-11-23T01:55:46","slug":"cabello-nicolas-maduro-esta-al-frente-del-caso-citgo","status":"publish","type":"post","link":"https:\/\/stage3.rnv.gob.ve\/wp\/cabello-nicolas-maduro-esta-al-frente-del-caso-citgo\/","title":{"rendered":"Cabello: Nicol\u00e1s Maduro est\u00e1 al frente del caso Citgo"},"content":{"rendered":"<p><img fetchpriority=\"high\" decoding=\"async\" class=\"size-medium wp-image-188039 alignleft\" src=\"https:\/\/stage3.rnv.gob.ve\/wp\/wp-content\/uploads\/2017\/11\/DC-1-3-300x209.jpg\" alt=\"\" width=\"300\" height=\"209\" \/>El primer vicepresidente del Psuv, Diosdado Cabello, se pronunci\u00f3 por la aprehensi\u00f3n de la junta directiva de la empresa petrolera Citgo, por el caso de corrupci\u00f3n que pretend\u00eda desfalcar los bienes del pa\u00eds, destacando el trabajo del presidente de la Rep\u00fablica Bolivariana de Venezuela, Nicol\u00e1s Maduro quien ha estado al frente de las investigaciones.<\/p>\n<p>\u00abNuestro presidente orden\u00f3 una investigaci\u00f3n, recibi\u00f3 los avances de toda la investigaci\u00f3n y al final de la investigaci\u00f3n se supo que esos se\u00f1ores estaban negociando un financiamiento que pon\u00eda a Citgo como prenda (&#8230;) lo grave de eso no era que estaban negociando un financiamiento sino que aqu\u00ed nadie sab\u00eda, y lo peor de eso es que cuando son detenidos estas personas comenzaron a salir los defensores\u00bb, declar\u00f3.<\/p>\n<p>Respondi\u00f3 a las declaraciones del encargado de negocios de los Estados Unidos en Venezuela, quien llam\u00f3 para exigir la liberaci\u00f3n de los responsables de este hecho. \u00ab\u00bfQuien se creer\u00e1 este se\u00f1or encargado de negocios para venir a exigirle a Venezuela algo?. Eso se lo puede hacer a Santos y Santos se arrodillar\u00e1 y pedir\u00e1 perd\u00f3n un mill\u00f3n de veces, se lo puede hacer a Kuczynski y\u00a0Kuczynski le lamer\u00e1 las botas inmediatamente, pero si viene a hacer lo aqu\u00ed en Venezuela le decimos vaya a lavarse ese palt\u00f3, Venezuela se respeta se\u00f1or encargado de negocios. Saque sus garras de aqu\u00ed de Venezuela\u00bb, puntualiz\u00f3.<\/p>\n<p>Cabello manifest\u00f3 que de cristalizarse el caso de corrupci\u00f3n en Citgo, la empresa hubiese quedado en manos de la familia Bush.<\/p>\n<p>\u00abAs\u00ed son ellos. Se\u00f1or encargado de negocios de los Estados Unidos en Venezuela respete para que lo respeten . No sea usted tan falta de respeto; esto no es una colonia norteamericana. Esto es una tierra libre (&#8230;) si usted quiere se va de aqu\u00ed de una vez y d\u00edgale a sus jefes que los que est\u00e1n presos aqu\u00ed en Venezuela les vamos a aplicar la ley y las leyes venezolanas lo que est\u00e1 establecido\u00bb, afirm\u00f3.<\/p>\n<p>Acus\u00f3 a los culpables de este hecho como traidores a la patria, debido a que se encontraban negociando los bienes de la Rep\u00fablica.<\/p>\n<p>Finaliz\u00f3 asegurando que el Gobierno Bolivariano se mantendr\u00e1 en defensa de la econom\u00eda de la Rep\u00fablica y todos sus bienes, en defensa del pueblo.<\/p>\n<p>&nbsp;<\/p>\n<p><strong>Escuche al primer vicepresidente del Psuv, Diosdado Cabello.<\/strong><\/p>\n<audio class=\"wp-audio-shortcode\" id=\"audio-188029-1\" preload=\"none\" style=\"width: 100%;\" controls=\"controls\"><source type=\"audio\/mpeg\" src=\"https:\/\/stage3.rnv.gob.ve\/wp\/wp-content\/uploads\/2017\/11\/DIOSDADO-1-CITGO-C.mp3?_=1\" \/><a href=\"https:\/\/stage3.rnv.gob.ve\/wp\/wp-content\/uploads\/2017\/11\/DIOSDADO-1-CITGO-C.mp3\">https:\/\/stage3.rnv.gob.ve\/wp\/wp-content\/uploads\/2017\/11\/DIOSDADO-1-CITGO-C.mp3<\/a><\/audio>\n<p><strong>T\/ RNV Web<\/strong><\/p>\n<p>&nbsp;<\/p>\n<p>&nbsp;<\/p>\n","protected":false},"excerpt":{"rendered":"<p>El primer vicepresidente del Psuv, Diosdado Cabello, se pronunci\u00f3 por la aprehensi\u00f3n de la junta directiva de la empresa petrolera Citgo, por el caso de corrupci\u00f3n que pretend\u00eda desfalcar los bienes del pa\u00eds, destacando el trabajo del presidente de la Rep\u00fablica Bolivariana de Venezuela, Nicol\u00e1s Maduro quien ha estado al frente de las investigaciones. \u00abNuestro [&hellip;]<\/p>\n","protected":false},"author":30,"featured_media":188039,"comment_status":"closed","ping_status":"open","sticky":false,"template":"","format":"standard","meta":{"_acf_changed":false,"footnotes":""},"categories":[65],"tags":[382,695,8976,735,13246],"class_list":["post-188029","post","type-post","status-publish","format-standard","has-post-thumbnail","hentry","category-nacional","tag-cabello","tag-caso","tag-citgo","tag-corrupcion","tag-posicion"],"acf":[],"yoast_head":"<!-- This site is optimized with the Yoast SEO plugin v27.4 - https:\/\/yoast.com\/product\/yoast-seo-wordpress\/ -->\n<title>Cabello: Nicol\u00e1s Maduro est\u00e1 al frente del caso Citgo - DEV RNV<\/title>\n<meta name=\"robots\" content=\"noindex, follow, max-snippet:-1, max-image-preview:large, max-video-preview:-1\" \/>\n<meta property=\"og:locale\" content=\"es_ES\" \/>\n<meta property=\"og:type\" content=\"article\" \/>\n<meta property=\"og:title\" content=\"Cabello: Nicol\u00e1s Maduro est\u00e1 al frente del caso Citgo - DEV RNV\" \/>\n<meta property=\"og:description\" content=\"El primer vicepresidente del Psuv, Diosdado Cabello, se pronunci\u00f3 por la aprehensi\u00f3n de la junta directiva de la empresa petrolera Citgo, por el caso de corrupci\u00f3n que pretend\u00eda desfalcar los bienes del pa\u00eds, destacando el trabajo del presidente de la Rep\u00fablica Bolivariana de Venezuela, Nicol\u00e1s Maduro quien ha estado al frente de las investigaciones. \u00abNuestro [&hellip;]\" \/>\n<meta property=\"og:url\" content=\"https:\/\/stage3.rnv.gob.ve\/wp\/cabello-nicolas-maduro-esta-al-frente-del-caso-citgo\/\" \/>\n<meta property=\"og:site_name\" content=\"DEV RNV\" \/>\n<meta property=\"article:publisher\" content=\"https:\/\/www.facebook.com\/RadioNacionaldeVenezuela\" \/>\n<meta property=\"article:published_time\" content=\"2017-11-23T01:55:46+00:00\" \/>\n<meta name=\"author\" content=\"Nelson Acosta\" \/>\n<meta name=\"twitter:card\" content=\"summary_large_image\" \/>\n<meta name=\"twitter:creator\" content=\"@RNVinformativa\" \/>\n<meta name=\"twitter:site\" content=\"@RNVinformativa\" \/>\n<meta name=\"twitter:label1\" content=\"Escrito por\" \/>\n\t<meta name=\"twitter:data1\" content=\"Nelson Acosta\" \/>\n\t<meta name=\"twitter:label2\" content=\"Tiempo estimado de lectura\" \/>\n\t<meta name=\"twitter:data2\" content=\"2 minutos\" \/>\n<script type=\"application\/ld+json\" class=\"yoast-schema-graph\">{\"@context\":\"https:\\\/\\\/schema.org\",\"@graph\":[{\"@type\":\"Article\",\"@id\":\"https:\\\/\\\/stage3.rnv.gob.ve\\\/wp\\\/cabello-nicolas-maduro-esta-al-frente-del-caso-citgo\\\/#article\",\"isPartOf\":{\"@id\":\"https:\\\/\\\/stage3.rnv.gob.ve\\\/wp\\\/cabello-nicolas-maduro-esta-al-frente-del-caso-citgo\\\/\"},\"author\":{\"name\":\"Nelson Acosta\",\"@id\":\"https:\\\/\\\/stage3.rnv.gob.ve\\\/wp\\\/#\\\/schema\\\/person\\\/456d26599214e85256835dffede212ff\"},\"headline\":\"Cabello: Nicol\u00e1s Maduro est\u00e1 al frente del caso Citgo\",\"datePublished\":\"2017-11-23T01:55:46+00:00\",\"mainEntityOfPage\":{\"@id\":\"https:\\\/\\\/stage3.rnv.gob.ve\\\/wp\\\/cabello-nicolas-maduro-esta-al-frente-del-caso-citgo\\\/\"},\"wordCount\":428,\"publisher\":{\"@id\":\"https:\\\/\\\/stage3.rnv.gob.ve\\\/wp\\\/#organization\"},\"image\":{\"@id\":\"https:\\\/\\\/stage3.rnv.gob.ve\\\/wp\\\/cabello-nicolas-maduro-esta-al-frente-del-caso-citgo\\\/#primaryimage\"},\"thumbnailUrl\":\"\",\"keywords\":[\"cabello\",\"caso\",\"citgo\",\"corrupcion\",\"posici\u00f3n\"],\"articleSection\":[\"Nacional\"],\"inLanguage\":\"es\"},{\"@type\":\"WebPage\",\"@id\":\"https:\\\/\\\/stage3.rnv.gob.ve\\\/wp\\\/cabello-nicolas-maduro-esta-al-frente-del-caso-citgo\\\/\",\"url\":\"https:\\\/\\\/stage3.rnv.gob.ve\\\/wp\\\/cabello-nicolas-maduro-esta-al-frente-del-caso-citgo\\\/\",\"name\":\"Cabello: Nicol\u00e1s Maduro est\u00e1 al frente del caso Citgo - DEV RNV\",\"isPartOf\":{\"@id\":\"https:\\\/\\\/stage3.rnv.gob.ve\\\/wp\\\/#website\"},\"primaryImageOfPage\":{\"@id\":\"https:\\\/\\\/stage3.rnv.gob.ve\\\/wp\\\/cabello-nicolas-maduro-esta-al-frente-del-caso-citgo\\\/#primaryimage\"},\"image\":{\"@id\":\"https:\\\/\\\/stage3.rnv.gob.ve\\\/wp\\\/cabello-nicolas-maduro-esta-al-frente-del-caso-citgo\\\/#primaryimage\"},\"thumbnailUrl\":\"\",\"datePublished\":\"2017-11-23T01:55:46+00:00\",\"breadcrumb\":{\"@id\":\"https:\\\/\\\/stage3.rnv.gob.ve\\\/wp\\\/cabello-nicolas-maduro-esta-al-frente-del-caso-citgo\\\/#breadcrumb\"},\"inLanguage\":\"es\",\"potentialAction\":[{\"@type\":\"ReadAction\",\"target\":[\"https:\\\/\\\/stage3.rnv.gob.ve\\\/wp\\\/cabello-nicolas-maduro-esta-al-frente-del-caso-citgo\\\/\"]}]},{\"@type\":\"ImageObject\",\"inLanguage\":\"es\",\"@id\":\"https:\\\/\\\/stage3.rnv.gob.ve\\\/wp\\\/cabello-nicolas-maduro-esta-al-frente-del-caso-citgo\\\/#primaryimage\",\"url\":\"\",\"contentUrl\":\"\"},{\"@type\":\"BreadcrumbList\",\"@id\":\"https:\\\/\\\/stage3.rnv.gob.ve\\\/wp\\\/cabello-nicolas-maduro-esta-al-frente-del-caso-citgo\\\/#breadcrumb\",\"itemListElement\":[{\"@type\":\"ListItem\",\"position\":1,\"name\":\"Portada\",\"item\":\"https:\\\/\\\/stage3.rnv.gob.ve\\\/wp\\\/\"},{\"@type\":\"ListItem\",\"position\":2,\"name\":\"Cabello: Nicol\u00e1s Maduro Est\u00e1 Al Frente Del Caso Citgo\"}]},{\"@type\":\"WebSite\",\"@id\":\"https:\\\/\\\/stage3.rnv.gob.ve\\\/wp\\\/#website\",\"url\":\"https:\\\/\\\/stage3.rnv.gob.ve\\\/wp\\\/\",\"name\":\"DEV RNV\",\"description\":\"Radio Nacional de Venezuela C.A.\",\"publisher\":{\"@id\":\"https:\\\/\\\/stage3.rnv.gob.ve\\\/wp\\\/#organization\"},\"potentialAction\":[{\"@type\":\"SearchAction\",\"target\":{\"@type\":\"EntryPoint\",\"urlTemplate\":\"https:\\\/\\\/stage3.rnv.gob.ve\\\/wp\\\/?s={search_term_string}\"},\"query-input\":{\"@type\":\"PropertyValueSpecification\",\"valueRequired\":true,\"valueName\":\"search_term_string\"}}],\"inLanguage\":\"es\"},{\"@type\":\"Organization\",\"@id\":\"https:\\\/\\\/stage3.rnv.gob.ve\\\/wp\\\/#organization\",\"name\":\"Radio Nacional de Venezuela C.A.\",\"url\":\"https:\\\/\\\/stage3.rnv.gob.ve\\\/wp\\\/\",\"logo\":{\"@type\":\"ImageObject\",\"inLanguage\":\"es\",\"@id\":\"https:\\\/\\\/stage3.rnv.gob.ve\\\/wp\\\/#\\\/schema\\\/logo\\\/image\\\/\",\"url\":\"http:\\\/\\\/rnv.ddns.net\\\/prensa\\\/wp-content\\\/uploads\\\/2022\\\/04\\\/rnv-1-300x227-1.jpg\",\"contentUrl\":\"http:\\\/\\\/rnv.ddns.net\\\/prensa\\\/wp-content\\\/uploads\\\/2022\\\/04\\\/rnv-1-300x227-1.jpg\",\"width\":800,\"height\":455,\"caption\":\"Radio Nacional de Venezuela C.A.\"},\"image\":{\"@id\":\"https:\\\/\\\/stage3.rnv.gob.ve\\\/wp\\\/#\\\/schema\\\/logo\\\/image\\\/\"},\"sameAs\":[\"https:\\\/\\\/www.facebook.com\\\/RadioNacionaldeVenezuela\",\"https:\\\/\\\/x.com\\\/RNVinformativa\",\"https:\\\/\\\/www.instagram.com\\\/rnvinformativa\\\/\",\"https:\\\/\\\/www.youtube.com\\\/user\\\/RNVContigo\"]},{\"@type\":\"Person\",\"@id\":\"https:\\\/\\\/stage3.rnv.gob.ve\\\/wp\\\/#\\\/schema\\\/person\\\/456d26599214e85256835dffede212ff\",\"name\":\"Nelson Acosta\",\"url\":\"https:\\\/\\\/stage3.rnv.gob.ve\\\/wp\\\/author\\\/nelson_acosta\\\/\"}]}<\/script>\n<!-- \/ Yoast SEO plugin. -->","yoast_head_json":{"title":"Cabello: Nicol\u00e1s Maduro est\u00e1 al frente del caso Citgo - DEV RNV","robots":{"index":"noindex","follow":"follow","max-snippet":"max-snippet:-1","max-image-preview":"max-image-preview:large","max-video-preview":"max-video-preview:-1"},"og_locale":"es_ES","og_type":"article","og_title":"Cabello: Nicol\u00e1s Maduro est\u00e1 al frente del caso Citgo - DEV RNV","og_description":"El primer vicepresidente del Psuv, Diosdado Cabello, se pronunci\u00f3 por la aprehensi\u00f3n de la junta directiva de la empresa petrolera Citgo, por el caso de corrupci\u00f3n que pretend\u00eda desfalcar los bienes del pa\u00eds, destacando el trabajo del presidente de la Rep\u00fablica Bolivariana de Venezuela, Nicol\u00e1s Maduro quien ha estado al frente de las investigaciones. \u00abNuestro [&hellip;]","og_url":"https:\/\/stage3.rnv.gob.ve\/wp\/cabello-nicolas-maduro-esta-al-frente-del-caso-citgo\/","og_site_name":"DEV RNV","article_publisher":"https:\/\/www.facebook.com\/RadioNacionaldeVenezuela","article_published_time":"2017-11-23T01:55:46+00:00","author":"Nelson Acosta","twitter_card":"summary_large_image","twitter_creator":"@RNVinformativa","twitter_site":"@RNVinformativa","twitter_misc":{"Escrito por":"Nelson Acosta","Tiempo estimado de lectura":"2 minutos"},"schema":{"@context":"https:\/\/schema.org","@graph":[{"@type":"Article","@id":"https:\/\/stage3.rnv.gob.ve\/wp\/cabello-nicolas-maduro-esta-al-frente-del-caso-citgo\/#article","isPartOf":{"@id":"https:\/\/stage3.rnv.gob.ve\/wp\/cabello-nicolas-maduro-esta-al-frente-del-caso-citgo\/"},"author":{"name":"Nelson Acosta","@id":"https:\/\/stage3.rnv.gob.ve\/wp\/#\/schema\/person\/456d26599214e85256835dffede212ff"},"headline":"Cabello: Nicol\u00e1s Maduro est\u00e1 al frente del caso Citgo","datePublished":"2017-11-23T01:55:46+00:00","mainEntityOfPage":{"@id":"https:\/\/stage3.rnv.gob.ve\/wp\/cabello-nicolas-maduro-esta-al-frente-del-caso-citgo\/"},"wordCount":428,"publisher":{"@id":"https:\/\/stage3.rnv.gob.ve\/wp\/#organization"},"image":{"@id":"https:\/\/stage3.rnv.gob.ve\/wp\/cabello-nicolas-maduro-esta-al-frente-del-caso-citgo\/#primaryimage"},"thumbnailUrl":"","keywords":["cabello","caso","citgo","corrupcion","posici\u00f3n"],"articleSection":["Nacional"],"inLanguage":"es"},{"@type":"WebPage","@id":"https:\/\/stage3.rnv.gob.ve\/wp\/cabello-nicolas-maduro-esta-al-frente-del-caso-citgo\/","url":"https:\/\/stage3.rnv.gob.ve\/wp\/cabello-nicolas-maduro-esta-al-frente-del-caso-citgo\/","name":"Cabello: Nicol\u00e1s Maduro est\u00e1 al frente del caso Citgo - DEV RNV","isPartOf":{"@id":"https:\/\/stage3.rnv.gob.ve\/wp\/#website"},"primaryImageOfPage":{"@id":"https:\/\/stage3.rnv.gob.ve\/wp\/cabello-nicolas-maduro-esta-al-frente-del-caso-citgo\/#primaryimage"},"image":{"@id":"https:\/\/stage3.rnv.gob.ve\/wp\/cabello-nicolas-maduro-esta-al-frente-del-caso-citgo\/#primaryimage"},"thumbnailUrl":"","datePublished":"2017-11-23T01:55:46+00:00","breadcrumb":{"@id":"https:\/\/stage3.rnv.gob.ve\/wp\/cabello-nicolas-maduro-esta-al-frente-del-caso-citgo\/#breadcrumb"},"inLanguage":"es","potentialAction":[{"@type":"ReadAction","target":["https:\/\/stage3.rnv.gob.ve\/wp\/cabello-nicolas-maduro-esta-al-frente-del-caso-citgo\/"]}]},{"@type":"ImageObject","inLanguage":"es","@id":"https:\/\/stage3.rnv.gob.ve\/wp\/cabello-nicolas-maduro-esta-al-frente-del-caso-citgo\/#primaryimage","url":"","contentUrl":""},{"@type":"BreadcrumbList","@id":"https:\/\/stage3.rnv.gob.ve\/wp\/cabello-nicolas-maduro-esta-al-frente-del-caso-citgo\/#breadcrumb","itemListElement":[{"@type":"ListItem","position":1,"name":"Portada","item":"https:\/\/stage3.rnv.gob.ve\/wp\/"},{"@type":"ListItem","position":2,"name":"Cabello: Nicol\u00e1s Maduro Est\u00e1 Al Frente Del Caso Citgo"}]},{"@type":"WebSite","@id":"https:\/\/stage3.rnv.gob.ve\/wp\/#website","url":"https:\/\/stage3.rnv.gob.ve\/wp\/","name":"DEV RNV","description":"Radio Nacional de Venezuela C.A.","publisher":{"@id":"https:\/\/stage3.rnv.gob.ve\/wp\/#organization"},"potentialAction":[{"@type":"SearchAction","target":{"@type":"EntryPoint","urlTemplate":"https:\/\/stage3.rnv.gob.ve\/wp\/?s={search_term_string}"},"query-input":{"@type":"PropertyValueSpecification","valueRequired":true,"valueName":"search_term_string"}}],"inLanguage":"es"},{"@type":"Organization","@id":"https:\/\/stage3.rnv.gob.ve\/wp\/#organization","name":"Radio Nacional de Venezuela C.A.","url":"https:\/\/stage3.rnv.gob.ve\/wp\/","logo":{"@type":"ImageObject","inLanguage":"es","@id":"https:\/\/stage3.rnv.gob.ve\/wp\/#\/schema\/logo\/image\/","url":"http:\/\/rnv.ddns.net\/prensa\/wp-content\/uploads\/2022\/04\/rnv-1-300x227-1.jpg","contentUrl":"http:\/\/rnv.ddns.net\/prensa\/wp-content\/uploads\/2022\/04\/rnv-1-300x227-1.jpg","width":800,"height":455,"caption":"Radio Nacional de Venezuela C.A."},"image":{"@id":"https:\/\/stage3.rnv.gob.ve\/wp\/#\/schema\/logo\/image\/"},"sameAs":["https:\/\/www.facebook.com\/RadioNacionaldeVenezuela","https:\/\/x.com\/RNVinformativa","https:\/\/www.instagram.com\/rnvinformativa\/","https:\/\/www.youtube.com\/user\/RNVContigo"]},{"@type":"Person","@id":"https:\/\/stage3.rnv.gob.ve\/wp\/#\/schema\/person\/456d26599214e85256835dffede212ff","name":"Nelson Acosta","url":"https:\/\/stage3.rnv.gob.ve\/wp\/author\/nelson_acosta\/"}]}},"jetpack_featured_media_url":"","_links":{"self":[{"href":"https:\/\/stage3.rnv.gob.ve\/wp\/wp-json\/wp\/v2\/posts\/188029","targetHints":{"allow":["GET"]}}],"collection":[{"href":"https:\/\/stage3.rnv.gob.ve\/wp\/wp-json\/wp\/v2\/posts"}],"about":[{"href":"https:\/\/stage3.rnv.gob.ve\/wp\/wp-json\/wp\/v2\/types\/post"}],"author":[{"embeddable":true,"href":"https:\/\/stage3.rnv.gob.ve\/wp\/wp-json\/wp\/v2\/users\/30"}],"replies":[{"embeddable":true,"href":"https:\/\/stage3.rnv.gob.ve\/wp\/wp-json\/wp\/v2\/comments?post=188029"}],"version-history":[{"count":0,"href":"https:\/\/stage3.rnv.gob.ve\/wp\/wp-json\/wp\/v2\/posts\/188029\/revisions"}],"wp:featuredmedia":[{"embeddable":true,"href":"https:\/\/stage3.rnv.gob.ve\/wp\/wp-json\/"}],"wp:attachment":[{"href":"https:\/\/stage3.rnv.gob.ve\/wp\/wp-json\/wp\/v2\/media?parent=188029"}],"wp:term":[{"taxonomy":"category","embeddable":true,"href":"https:\/\/stage3.rnv.gob.ve\/wp\/wp-json\/wp\/v2\/categories?post=188029"},{"taxonomy":"post_tag","embeddable":true,"href":"https:\/\/stage3.rnv.gob.ve\/wp\/wp-json\/wp\/v2\/tags?post=188029"}],"curies":[{"name":"wp","href":"https:\/\/api.w.org\/{rel}","templated":true}]}}