{"id":185042,"date":"2017-11-12T18:02:12","date_gmt":"2017-11-12T22:32:12","guid":{"rendered":"https:\/\/stage3.rnv.gob.ve\/wp\/?p=185042"},"modified":"2017-11-12T18:02:12","modified_gmt":"2017-11-12T22:32:12","slug":"esta-semana-se-conocera-la-lista-de-precios-justos-de-50-rubros-priorizados","status":"publish","type":"post","link":"https:\/\/stage3.rnv.gob.ve\/wp\/esta-semana-se-conocera-la-lista-de-precios-justos-de-50-rubros-priorizados\/","title":{"rendered":"Est\u00e1 semana se conocer\u00e1 la lista de precios justos de 50 rubros priorizados"},"content":{"rendered":"<p class=\"rtejustify\"><img fetchpriority=\"high\" decoding=\"async\" class=\"alignleft size-medium wp-image-185044\" src=\"https:\/\/stage3.rnv.gob.ve\/wp\/wp-content\/uploads\/2017\/11\/canasta-familiar-300x171.jpg\" alt=\"\" width=\"300\" height=\"171\" \/>El Vicepresidente Ejecutivo Nacional, Tareck El Aissammi, anunci\u00f3 que el listado de precios justos establecidos en 50 rubros, ser\u00e1n dados a conocer esta semana por el\u00a0Gobierno Bolivariano.<\/p>\n<p>\u00abEst\u00e1n implicadas todas las cadenas, desde los sectores primarios, la agroindustria, as\u00ed como distribuidores y comercializaci\u00f3n, para fijar precios justos acordados que no sean sujetos a la guerra criminal que marca Dolar Today. Adem\u00e1s de los precios, vamos a impulsar la inspecci\u00f3n y fiscalizaci\u00f3n\u00bb, se\u00f1al\u00f3, al tiempo que acot\u00f3 que se siguen desarrollando mesas de trabajo con el vicepresidente del \u00c1rea Econ\u00f3mica, Wilmar Castro Soteldo.<\/p>\n<p>El Aissami, destac\u00f3 que estos precios fueron fijados luego de haber sido discutidos con los sectores productivos del pa\u00eds. Detall\u00f3 el presidente de la Rep\u00fablica Bolivariana de Venezuela, Nicol\u00e1s Maduro, anunci\u00f3 que\u00a0la Ley de Precios Acordados ser\u00e1 debatida y aprobada por la Asamblea Nacional Constituyente en los pr\u00f3ximos d\u00edas.<\/p>\n<p>Desde el Palacio de Miraflores, en el programa dominical, Los Domingos con Maduro,\u00a0la presidenta de la Asamblea Nacional Constituyente (ANC), Delcy Rodr\u00edguez, anunci\u00f3 que este martes en sesi\u00f3n ordinaria ser\u00e1 discutida la ley presentada por el jefe de Estado, \u00abpara darle tranquilidad social y tranquilidad econ\u00f3mica al pueblo\u00bb, declar\u00f3.<\/p>\n<p><strong>Escuche al presidente de la Rep\u00fablica Bolivariana de Venezuela, Nicol\u00e1s Maduro y al\u00a0Vicepresidente Ejecutivo, Tareck El Aissammi<\/strong><\/p>\n<audio class=\"wp-audio-shortcode\" id=\"audio-185042-1\" preload=\"none\" style=\"width: 100%;\" controls=\"controls\"><source type=\"audio\/mpeg\" src=\"https:\/\/stage3.rnv.gob.ve\/wp\/wp-content\/uploads\/2017\/11\/50-Rubros-priorizados.mp3?_=1\" \/><a href=\"https:\/\/stage3.rnv.gob.ve\/wp\/wp-content\/uploads\/2017\/11\/50-Rubros-priorizados.mp3\">https:\/\/stage3.rnv.gob.ve\/wp\/wp-content\/uploads\/2017\/11\/50-Rubros-priorizados.mp3<\/a><\/audio>\n<p><strong>T\/RNV Web<\/strong><\/p>\n<p>&nbsp;<\/p>\n","protected":false},"excerpt":{"rendered":"<p>El Vicepresidente Ejecutivo Nacional, Tareck El Aissammi, anunci\u00f3 que el listado de precios justos establecidos en 50 rubros, ser\u00e1n dados a conocer esta semana por el\u00a0Gobierno Bolivariano. \u00abEst\u00e1n implicadas todas las cadenas, desde los sectores primarios, la agroindustria, as\u00ed como distribuidores y comercializaci\u00f3n, para fijar precios justos acordados que no sean sujetos a la guerra [&hellip;]<\/p>\n","protected":false},"author":1,"featured_media":7552,"comment_status":"closed","ping_status":"open","sticky":false,"template":"","format":"standard","meta":{"_acf_changed":false,"footnotes":""},"categories":[58],"tags":[17641,103,6763,18736,18737,18738],"class_list":["post-185042","post","type-post","status-publish","format-standard","has-post-thumbnail","hentry","category-economia","tag-17641","tag-economia","tag-metas","tag-priorizados","tag-proteccion-del-pueblo","tag-rubors"],"acf":[],"yoast_head":"<!-- This site is optimized with the Yoast SEO plugin v27.4 - https:\/\/yoast.com\/product\/yoast-seo-wordpress\/ -->\n<title>Est\u00e1 semana se conocer\u00e1 la lista de precios justos de 50 rubros priorizados - DEV RNV<\/title>\n<meta name=\"robots\" content=\"noindex, follow, max-snippet:-1, max-image-preview:large, max-video-preview:-1\" \/>\n<meta property=\"og:locale\" content=\"es_ES\" \/>\n<meta property=\"og:type\" content=\"article\" \/>\n<meta property=\"og:title\" content=\"Est\u00e1 semana se conocer\u00e1 la lista de precios justos de 50 rubros priorizados - DEV RNV\" \/>\n<meta property=\"og:description\" content=\"El Vicepresidente Ejecutivo Nacional, Tareck El Aissammi, anunci\u00f3 que el listado de precios justos establecidos en 50 rubros, ser\u00e1n dados a conocer esta semana por el\u00a0Gobierno Bolivariano. \u00abEst\u00e1n implicadas todas las cadenas, desde los sectores primarios, la agroindustria, as\u00ed como distribuidores y comercializaci\u00f3n, para fijar precios justos acordados que no sean sujetos a la guerra [&hellip;]\" \/>\n<meta property=\"og:url\" content=\"https:\/\/stage3.rnv.gob.ve\/wp\/esta-semana-se-conocera-la-lista-de-precios-justos-de-50-rubros-priorizados\/\" \/>\n<meta property=\"og:site_name\" content=\"DEV RNV\" \/>\n<meta property=\"article:publisher\" content=\"https:\/\/www.facebook.com\/RadioNacionaldeVenezuela\" \/>\n<meta property=\"article:published_time\" content=\"2017-11-12T22:32:12+00:00\" \/>\n<meta name=\"author\" content=\"administrador\" \/>\n<meta name=\"twitter:card\" content=\"summary_large_image\" \/>\n<meta name=\"twitter:creator\" content=\"@RNVinformativa\" \/>\n<meta name=\"twitter:site\" content=\"@RNVinformativa\" \/>\n<meta name=\"twitter:label1\" content=\"Escrito por\" \/>\n\t<meta name=\"twitter:data1\" content=\"administrador\" \/>\n\t<meta name=\"twitter:label2\" content=\"Tiempo estimado de lectura\" \/>\n\t<meta name=\"twitter:data2\" content=\"1 minuto\" \/>\n<script type=\"application\/ld+json\" class=\"yoast-schema-graph\">{\"@context\":\"https:\\\/\\\/schema.org\",\"@graph\":[{\"@type\":\"Article\",\"@id\":\"https:\\\/\\\/stage3.rnv.gob.ve\\\/wp\\\/esta-semana-se-conocera-la-lista-de-precios-justos-de-50-rubros-priorizados\\\/#article\",\"isPartOf\":{\"@id\":\"https:\\\/\\\/stage3.rnv.gob.ve\\\/wp\\\/esta-semana-se-conocera-la-lista-de-precios-justos-de-50-rubros-priorizados\\\/\"},\"author\":{\"name\":\"administrador\",\"@id\":\"https:\\\/\\\/stage3.rnv.gob.ve\\\/wp\\\/#\\\/schema\\\/person\\\/0862ce8cde332e0bc63b8a243f0eea2c\"},\"headline\":\"Est\u00e1 semana se conocer\u00e1 la lista de precios justos de 50 rubros priorizados\",\"datePublished\":\"2017-11-12T22:32:12+00:00\",\"mainEntityOfPage\":{\"@id\":\"https:\\\/\\\/stage3.rnv.gob.ve\\\/wp\\\/esta-semana-se-conocera-la-lista-de-precios-justos-de-50-rubros-priorizados\\\/\"},\"wordCount\":257,\"publisher\":{\"@id\":\"https:\\\/\\\/stage3.rnv.gob.ve\\\/wp\\\/#organization\"},\"image\":{\"@id\":\"https:\\\/\\\/stage3.rnv.gob.ve\\\/wp\\\/esta-semana-se-conocera-la-lista-de-precios-justos-de-50-rubros-priorizados\\\/#primaryimage\"},\"thumbnailUrl\":\"\",\"keywords\":[\"50\",\"economia\",\"metas\",\"priorizados\",\"protecci\u00f3n del pueblo\",\"rubors\"],\"articleSection\":[\"Econom\u00eda\"],\"inLanguage\":\"es\"},{\"@type\":\"WebPage\",\"@id\":\"https:\\\/\\\/stage3.rnv.gob.ve\\\/wp\\\/esta-semana-se-conocera-la-lista-de-precios-justos-de-50-rubros-priorizados\\\/\",\"url\":\"https:\\\/\\\/stage3.rnv.gob.ve\\\/wp\\\/esta-semana-se-conocera-la-lista-de-precios-justos-de-50-rubros-priorizados\\\/\",\"name\":\"Est\u00e1 semana se conocer\u00e1 la lista de precios justos de 50 rubros priorizados - DEV RNV\",\"isPartOf\":{\"@id\":\"https:\\\/\\\/stage3.rnv.gob.ve\\\/wp\\\/#website\"},\"primaryImageOfPage\":{\"@id\":\"https:\\\/\\\/stage3.rnv.gob.ve\\\/wp\\\/esta-semana-se-conocera-la-lista-de-precios-justos-de-50-rubros-priorizados\\\/#primaryimage\"},\"image\":{\"@id\":\"https:\\\/\\\/stage3.rnv.gob.ve\\\/wp\\\/esta-semana-se-conocera-la-lista-de-precios-justos-de-50-rubros-priorizados\\\/#primaryimage\"},\"thumbnailUrl\":\"\",\"datePublished\":\"2017-11-12T22:32:12+00:00\",\"breadcrumb\":{\"@id\":\"https:\\\/\\\/stage3.rnv.gob.ve\\\/wp\\\/esta-semana-se-conocera-la-lista-de-precios-justos-de-50-rubros-priorizados\\\/#breadcrumb\"},\"inLanguage\":\"es\",\"potentialAction\":[{\"@type\":\"ReadAction\",\"target\":[\"https:\\\/\\\/stage3.rnv.gob.ve\\\/wp\\\/esta-semana-se-conocera-la-lista-de-precios-justos-de-50-rubros-priorizados\\\/\"]}]},{\"@type\":\"ImageObject\",\"inLanguage\":\"es\",\"@id\":\"https:\\\/\\\/stage3.rnv.gob.ve\\\/wp\\\/esta-semana-se-conocera-la-lista-de-precios-justos-de-50-rubros-priorizados\\\/#primaryimage\",\"url\":\"\",\"contentUrl\":\"\"},{\"@type\":\"BreadcrumbList\",\"@id\":\"https:\\\/\\\/stage3.rnv.gob.ve\\\/wp\\\/esta-semana-se-conocera-la-lista-de-precios-justos-de-50-rubros-priorizados\\\/#breadcrumb\",\"itemListElement\":[{\"@type\":\"ListItem\",\"position\":1,\"name\":\"Portada\",\"item\":\"https:\\\/\\\/stage3.rnv.gob.ve\\\/wp\\\/\"},{\"@type\":\"ListItem\",\"position\":2,\"name\":\"Est\u00e1 Semana Se Conocer\u00e1 La Lista De Precios Justos De 50 Rubros Priorizados\"}]},{\"@type\":\"WebSite\",\"@id\":\"https:\\\/\\\/stage3.rnv.gob.ve\\\/wp\\\/#website\",\"url\":\"https:\\\/\\\/stage3.rnv.gob.ve\\\/wp\\\/\",\"name\":\"DEV RNV\",\"description\":\"Radio Nacional de Venezuela C.A.\",\"publisher\":{\"@id\":\"https:\\\/\\\/stage3.rnv.gob.ve\\\/wp\\\/#organization\"},\"potentialAction\":[{\"@type\":\"SearchAction\",\"target\":{\"@type\":\"EntryPoint\",\"urlTemplate\":\"https:\\\/\\\/stage3.rnv.gob.ve\\\/wp\\\/?s={search_term_string}\"},\"query-input\":{\"@type\":\"PropertyValueSpecification\",\"valueRequired\":true,\"valueName\":\"search_term_string\"}}],\"inLanguage\":\"es\"},{\"@type\":\"Organization\",\"@id\":\"https:\\\/\\\/stage3.rnv.gob.ve\\\/wp\\\/#organization\",\"name\":\"Radio Nacional de Venezuela C.A.\",\"url\":\"https:\\\/\\\/stage3.rnv.gob.ve\\\/wp\\\/\",\"logo\":{\"@type\":\"ImageObject\",\"inLanguage\":\"es\",\"@id\":\"https:\\\/\\\/stage3.rnv.gob.ve\\\/wp\\\/#\\\/schema\\\/logo\\\/image\\\/\",\"url\":\"http:\\\/\\\/rnv.ddns.net\\\/prensa\\\/wp-content\\\/uploads\\\/2022\\\/04\\\/rnv-1-300x227-1.jpg\",\"contentUrl\":\"http:\\\/\\\/rnv.ddns.net\\\/prensa\\\/wp-content\\\/uploads\\\/2022\\\/04\\\/rnv-1-300x227-1.jpg\",\"width\":800,\"height\":455,\"caption\":\"Radio Nacional de Venezuela C.A.\"},\"image\":{\"@id\":\"https:\\\/\\\/stage3.rnv.gob.ve\\\/wp\\\/#\\\/schema\\\/logo\\\/image\\\/\"},\"sameAs\":[\"https:\\\/\\\/www.facebook.com\\\/RadioNacionaldeVenezuela\",\"https:\\\/\\\/x.com\\\/RNVinformativa\",\"https:\\\/\\\/www.instagram.com\\\/rnvinformativa\\\/\",\"https:\\\/\\\/www.youtube.com\\\/user\\\/RNVContigo\"]},{\"@type\":\"Person\",\"@id\":\"https:\\\/\\\/stage3.rnv.gob.ve\\\/wp\\\/#\\\/schema\\\/person\\\/0862ce8cde332e0bc63b8a243f0eea2c\",\"name\":\"administrador\",\"sameAs\":[\"http:\\\/\\\/arnoldoeloy.net\"],\"url\":\"https:\\\/\\\/stage3.rnv.gob.ve\\\/wp\\\/author\\\/administrador\\\/\"}]}<\/script>\n<!-- \/ Yoast SEO plugin. -->","yoast_head_json":{"title":"Est\u00e1 semana se conocer\u00e1 la lista de precios justos de 50 rubros priorizados - DEV RNV","robots":{"index":"noindex","follow":"follow","max-snippet":"max-snippet:-1","max-image-preview":"max-image-preview:large","max-video-preview":"max-video-preview:-1"},"og_locale":"es_ES","og_type":"article","og_title":"Est\u00e1 semana se conocer\u00e1 la lista de precios justos de 50 rubros priorizados - DEV RNV","og_description":"El Vicepresidente Ejecutivo Nacional, Tareck El Aissammi, anunci\u00f3 que el listado de precios justos establecidos en 50 rubros, ser\u00e1n dados a conocer esta semana por el\u00a0Gobierno Bolivariano. \u00abEst\u00e1n implicadas todas las cadenas, desde los sectores primarios, la agroindustria, as\u00ed como distribuidores y comercializaci\u00f3n, para fijar precios justos acordados que no sean sujetos a la guerra [&hellip;]","og_url":"https:\/\/stage3.rnv.gob.ve\/wp\/esta-semana-se-conocera-la-lista-de-precios-justos-de-50-rubros-priorizados\/","og_site_name":"DEV RNV","article_publisher":"https:\/\/www.facebook.com\/RadioNacionaldeVenezuela","article_published_time":"2017-11-12T22:32:12+00:00","author":"administrador","twitter_card":"summary_large_image","twitter_creator":"@RNVinformativa","twitter_site":"@RNVinformativa","twitter_misc":{"Escrito por":"administrador","Tiempo estimado de lectura":"1 minuto"},"schema":{"@context":"https:\/\/schema.org","@graph":[{"@type":"Article","@id":"https:\/\/stage3.rnv.gob.ve\/wp\/esta-semana-se-conocera-la-lista-de-precios-justos-de-50-rubros-priorizados\/#article","isPartOf":{"@id":"https:\/\/stage3.rnv.gob.ve\/wp\/esta-semana-se-conocera-la-lista-de-precios-justos-de-50-rubros-priorizados\/"},"author":{"name":"administrador","@id":"https:\/\/stage3.rnv.gob.ve\/wp\/#\/schema\/person\/0862ce8cde332e0bc63b8a243f0eea2c"},"headline":"Est\u00e1 semana se conocer\u00e1 la lista de precios justos de 50 rubros priorizados","datePublished":"2017-11-12T22:32:12+00:00","mainEntityOfPage":{"@id":"https:\/\/stage3.rnv.gob.ve\/wp\/esta-semana-se-conocera-la-lista-de-precios-justos-de-50-rubros-priorizados\/"},"wordCount":257,"publisher":{"@id":"https:\/\/stage3.rnv.gob.ve\/wp\/#organization"},"image":{"@id":"https:\/\/stage3.rnv.gob.ve\/wp\/esta-semana-se-conocera-la-lista-de-precios-justos-de-50-rubros-priorizados\/#primaryimage"},"thumbnailUrl":"","keywords":["50","economia","metas","priorizados","protecci\u00f3n del pueblo","rubors"],"articleSection":["Econom\u00eda"],"inLanguage":"es"},{"@type":"WebPage","@id":"https:\/\/stage3.rnv.gob.ve\/wp\/esta-semana-se-conocera-la-lista-de-precios-justos-de-50-rubros-priorizados\/","url":"https:\/\/stage3.rnv.gob.ve\/wp\/esta-semana-se-conocera-la-lista-de-precios-justos-de-50-rubros-priorizados\/","name":"Est\u00e1 semana se conocer\u00e1 la lista de precios justos de 50 rubros priorizados - DEV RNV","isPartOf":{"@id":"https:\/\/stage3.rnv.gob.ve\/wp\/#website"},"primaryImageOfPage":{"@id":"https:\/\/stage3.rnv.gob.ve\/wp\/esta-semana-se-conocera-la-lista-de-precios-justos-de-50-rubros-priorizados\/#primaryimage"},"image":{"@id":"https:\/\/stage3.rnv.gob.ve\/wp\/esta-semana-se-conocera-la-lista-de-precios-justos-de-50-rubros-priorizados\/#primaryimage"},"thumbnailUrl":"","datePublished":"2017-11-12T22:32:12+00:00","breadcrumb":{"@id":"https:\/\/stage3.rnv.gob.ve\/wp\/esta-semana-se-conocera-la-lista-de-precios-justos-de-50-rubros-priorizados\/#breadcrumb"},"inLanguage":"es","potentialAction":[{"@type":"ReadAction","target":["https:\/\/stage3.rnv.gob.ve\/wp\/esta-semana-se-conocera-la-lista-de-precios-justos-de-50-rubros-priorizados\/"]}]},{"@type":"ImageObject","inLanguage":"es","@id":"https:\/\/stage3.rnv.gob.ve\/wp\/esta-semana-se-conocera-la-lista-de-precios-justos-de-50-rubros-priorizados\/#primaryimage","url":"","contentUrl":""},{"@type":"BreadcrumbList","@id":"https:\/\/stage3.rnv.gob.ve\/wp\/esta-semana-se-conocera-la-lista-de-precios-justos-de-50-rubros-priorizados\/#breadcrumb","itemListElement":[{"@type":"ListItem","position":1,"name":"Portada","item":"https:\/\/stage3.rnv.gob.ve\/wp\/"},{"@type":"ListItem","position":2,"name":"Est\u00e1 Semana Se Conocer\u00e1 La Lista De Precios Justos De 50 Rubros Priorizados"}]},{"@type":"WebSite","@id":"https:\/\/stage3.rnv.gob.ve\/wp\/#website","url":"https:\/\/stage3.rnv.gob.ve\/wp\/","name":"DEV RNV","description":"Radio Nacional de Venezuela C.A.","publisher":{"@id":"https:\/\/stage3.rnv.gob.ve\/wp\/#organization"},"potentialAction":[{"@type":"SearchAction","target":{"@type":"EntryPoint","urlTemplate":"https:\/\/stage3.rnv.gob.ve\/wp\/?s={search_term_string}"},"query-input":{"@type":"PropertyValueSpecification","valueRequired":true,"valueName":"search_term_string"}}],"inLanguage":"es"},{"@type":"Organization","@id":"https:\/\/stage3.rnv.gob.ve\/wp\/#organization","name":"Radio Nacional de Venezuela C.A.","url":"https:\/\/stage3.rnv.gob.ve\/wp\/","logo":{"@type":"ImageObject","inLanguage":"es","@id":"https:\/\/stage3.rnv.gob.ve\/wp\/#\/schema\/logo\/image\/","url":"http:\/\/rnv.ddns.net\/prensa\/wp-content\/uploads\/2022\/04\/rnv-1-300x227-1.jpg","contentUrl":"http:\/\/rnv.ddns.net\/prensa\/wp-content\/uploads\/2022\/04\/rnv-1-300x227-1.jpg","width":800,"height":455,"caption":"Radio Nacional de Venezuela C.A."},"image":{"@id":"https:\/\/stage3.rnv.gob.ve\/wp\/#\/schema\/logo\/image\/"},"sameAs":["https:\/\/www.facebook.com\/RadioNacionaldeVenezuela","https:\/\/x.com\/RNVinformativa","https:\/\/www.instagram.com\/rnvinformativa\/","https:\/\/www.youtube.com\/user\/RNVContigo"]},{"@type":"Person","@id":"https:\/\/stage3.rnv.gob.ve\/wp\/#\/schema\/person\/0862ce8cde332e0bc63b8a243f0eea2c","name":"administrador","sameAs":["http:\/\/arnoldoeloy.net"],"url":"https:\/\/stage3.rnv.gob.ve\/wp\/author\/administrador\/"}]}},"jetpack_featured_media_url":"","_links":{"self":[{"href":"https:\/\/stage3.rnv.gob.ve\/wp\/wp-json\/wp\/v2\/posts\/185042","targetHints":{"allow":["GET"]}}],"collection":[{"href":"https:\/\/stage3.rnv.gob.ve\/wp\/wp-json\/wp\/v2\/posts"}],"about":[{"href":"https:\/\/stage3.rnv.gob.ve\/wp\/wp-json\/wp\/v2\/types\/post"}],"author":[{"embeddable":true,"href":"https:\/\/stage3.rnv.gob.ve\/wp\/wp-json\/wp\/v2\/users\/1"}],"replies":[{"embeddable":true,"href":"https:\/\/stage3.rnv.gob.ve\/wp\/wp-json\/wp\/v2\/comments?post=185042"}],"version-history":[{"count":0,"href":"https:\/\/stage3.rnv.gob.ve\/wp\/wp-json\/wp\/v2\/posts\/185042\/revisions"}],"wp:featuredmedia":[{"embeddable":true,"href":"https:\/\/stage3.rnv.gob.ve\/wp\/wp-json\/"}],"wp:attachment":[{"href":"https:\/\/stage3.rnv.gob.ve\/wp\/wp-json\/wp\/v2\/media?parent=185042"}],"wp:term":[{"taxonomy":"category","embeddable":true,"href":"https:\/\/stage3.rnv.gob.ve\/wp\/wp-json\/wp\/v2\/categories?post=185042"},{"taxonomy":"post_tag","embeddable":true,"href":"https:\/\/stage3.rnv.gob.ve\/wp\/wp-json\/wp\/v2\/tags?post=185042"}],"curies":[{"name":"wp","href":"https:\/\/api.w.org\/{rel}","templated":true}]}}