{"id":181836,"date":"2017-10-31T18:32:25","date_gmt":"2017-10-31T23:02:25","guid":{"rendered":"https:\/\/stage3.rnv.gob.ve\/wp\/?p=181836"},"modified":"2017-10-31T18:32:25","modified_gmt":"2017-10-31T23:02:25","slug":"mpprijp-y-gobierno-de-miranda-activan-planes-de-prevencion-en-el-eje-guarenas-guatire","status":"publish","type":"post","link":"https:\/\/stage3.rnv.gob.ve\/wp\/mpprijp-y-gobierno-de-miranda-activan-planes-de-prevencion-en-el-eje-guarenas-guatire\/","title":{"rendered":"Gobierno Bolivariano activa planes de prevenci\u00f3n en el eje Guarenas-Guatire"},"content":{"rendered":"\n<p>Como parte de las acciones en materia de prevenci\u00f3n y seguridad ciudadana que ejecuta el Ministerio del Poder Popular para Relaciones Interiores, Justicia y Paz, este martes se realiz\u00f3 una reuni\u00f3n de seguridad para activar planes de prevenci\u00f3n en el eje Guarenas-Guatire del estado Miranda.<\/p>\n<p>La actividad estuvo presidida por el Viceministro de Prevenci\u00f3n y Seguridad Ciudadana, General de Divisi\u00f3n \u00a0Alexi Escalona Marrero; director General del VEN 911, General de Divisi\u00f3n Carlos Luis S\u00e1nchez Vargas, gobernador de Miranda, H\u00e9ctor Rodr\u00edguez y el director de Patrullaje Inteligente, Rafael Betancourt.<\/p>\n<p>Desde las instalaciones del VEN 911 Sucre, en La California las autoridades de seguridad de la entidad afinaron detalles para detectar las debilidades y fortalezas en materia de prevenci\u00f3n.<\/p>\n<p>A la reuni\u00f3n asistieron: Polimiranda, Zona Operacional de Defensa Integral (Zodi), Cuerpo de Instigaciones Cient\u00edficas, Penales y Criminal\u00edsticas (Cicpc), Bomberos, Polic\u00eda Nacional Bolivariana, Polizamora, Poliplaza, Servicio Bolivariano de Inteligencia Nacional (Sebin), Protecci\u00f3n Civil (PC) y la Guardia Nacional Bolivariana (GNB).<\/p>\n<p>Posterior a la reuni\u00f3n de seguridad, el Gobernador llev\u00f3 a cabo una inspecci\u00f3n a las instalaciones, donde se construir\u00e1 la sede del VEN 911 en Guarenas, la cual servir\u00e1 para reforzar los Cuadrantes de Paz de esta entidad y garantizar una mejor calidad de vida para el pueblo mirandino.<\/p>\n<p>El VEN 911 trabaja para fortalecer los planes de acci\u00f3n y as\u00ed garantizar la seguridad del pueblo venezolano. Actualmente en el pa\u00eds se cuentan con seis sedes del VEN 911, pr\u00f3ximamente se realizar\u00e1 la inauguraci\u00f3n de nuevas sedes en los estados Monagas, Aragua y Barinas.<\/p>\n<p>&nbsp;<\/p>\n<p><strong>T\/Mpprijp<\/strong><\/p>\n","protected":false},"excerpt":{"rendered":"<p>Como parte de las acciones en materia de prevenci\u00f3n y seguridad ciudadana que ejecuta el Ministerio del Poder Popular para Relaciones Interiores, Justicia y Paz, este martes se realiz\u00f3 una reuni\u00f3n de seguridad para activar planes de prevenci\u00f3n en el eje Guarenas-Guatire del estado Miranda. La actividad estuvo presidida por el Viceministro de Prevenci\u00f3n y [&hellip;]<\/p>\n","protected":false},"author":1,"featured_media":181838,"comment_status":"closed","ping_status":"open","sticky":false,"template":"","format":"standard","meta":{"_acf_changed":false,"footnotes":""},"categories":[69],"tags":[18448,717,7970,18449,181],"class_list":["post-181836","post","type-post","status-publish","format-standard","has-post-thumbnail","hentry","category-regional","tag-gobierno-de-miranda","tag-miranda","tag-mpprijp","tag-planes-de-prevension","tag-seguridad"],"acf":[],"yoast_head":"<!-- This site is optimized with the Yoast SEO plugin v27.4 - https:\/\/yoast.com\/product\/yoast-seo-wordpress\/ -->\n<title>Gobierno Bolivariano activa planes de prevenci\u00f3n en el eje Guarenas-Guatire - DEV RNV<\/title>\n<meta name=\"robots\" content=\"noindex, follow, max-snippet:-1, max-image-preview:large, max-video-preview:-1\" \/>\n<meta property=\"og:locale\" content=\"es_ES\" \/>\n<meta property=\"og:type\" content=\"article\" \/>\n<meta property=\"og:title\" content=\"Gobierno Bolivariano activa planes de prevenci\u00f3n en el eje Guarenas-Guatire - DEV RNV\" \/>\n<meta property=\"og:description\" content=\"Como parte de las acciones en materia de prevenci\u00f3n y seguridad ciudadana que ejecuta el Ministerio del Poder Popular para Relaciones Interiores, Justicia y Paz, este martes se realiz\u00f3 una reuni\u00f3n de seguridad para activar planes de prevenci\u00f3n en el eje Guarenas-Guatire del estado Miranda. La actividad estuvo presidida por el Viceministro de Prevenci\u00f3n y [&hellip;]\" \/>\n<meta property=\"og:url\" content=\"https:\/\/stage3.rnv.gob.ve\/wp\/mpprijp-y-gobierno-de-miranda-activan-planes-de-prevencion-en-el-eje-guarenas-guatire\/\" \/>\n<meta property=\"og:site_name\" content=\"DEV RNV\" \/>\n<meta property=\"article:publisher\" content=\"https:\/\/www.facebook.com\/RadioNacionaldeVenezuela\" \/>\n<meta property=\"article:published_time\" content=\"2017-10-31T23:02:25+00:00\" \/>\n<meta name=\"author\" content=\"administrador\" \/>\n<meta name=\"twitter:card\" content=\"summary_large_image\" \/>\n<meta name=\"twitter:creator\" content=\"@RNVinformativa\" \/>\n<meta name=\"twitter:site\" content=\"@RNVinformativa\" \/>\n<meta name=\"twitter:label1\" content=\"Escrito por\" \/>\n\t<meta name=\"twitter:data1\" content=\"administrador\" \/>\n\t<meta name=\"twitter:label2\" content=\"Tiempo estimado de lectura\" \/>\n\t<meta name=\"twitter:data2\" content=\"1 minuto\" \/>\n<script type=\"application\/ld+json\" class=\"yoast-schema-graph\">{\"@context\":\"https:\\\/\\\/schema.org\",\"@graph\":[{\"@type\":\"Article\",\"@id\":\"https:\\\/\\\/stage3.rnv.gob.ve\\\/wp\\\/mpprijp-y-gobierno-de-miranda-activan-planes-de-prevencion-en-el-eje-guarenas-guatire\\\/#article\",\"isPartOf\":{\"@id\":\"https:\\\/\\\/stage3.rnv.gob.ve\\\/wp\\\/mpprijp-y-gobierno-de-miranda-activan-planes-de-prevencion-en-el-eje-guarenas-guatire\\\/\"},\"author\":{\"name\":\"administrador\",\"@id\":\"https:\\\/\\\/stage3.rnv.gob.ve\\\/wp\\\/#\\\/schema\\\/person\\\/0862ce8cde332e0bc63b8a243f0eea2c\"},\"headline\":\"Gobierno Bolivariano activa planes de prevenci\u00f3n en el eje Guarenas-Guatire\",\"datePublished\":\"2017-10-31T23:02:25+00:00\",\"mainEntityOfPage\":{\"@id\":\"https:\\\/\\\/stage3.rnv.gob.ve\\\/wp\\\/mpprijp-y-gobierno-de-miranda-activan-planes-de-prevencion-en-el-eje-guarenas-guatire\\\/\"},\"wordCount\":285,\"publisher\":{\"@id\":\"https:\\\/\\\/stage3.rnv.gob.ve\\\/wp\\\/#organization\"},\"image\":{\"@id\":\"https:\\\/\\\/stage3.rnv.gob.ve\\\/wp\\\/mpprijp-y-gobierno-de-miranda-activan-planes-de-prevencion-en-el-eje-guarenas-guatire\\\/#primaryimage\"},\"thumbnailUrl\":\"\",\"keywords\":[\"gobierno de miranda\",\"miranda\",\"MPPRIJP\",\"planes de prevension\",\"seguridad\"],\"articleSection\":[\"Regional\"],\"inLanguage\":\"es\"},{\"@type\":\"WebPage\",\"@id\":\"https:\\\/\\\/stage3.rnv.gob.ve\\\/wp\\\/mpprijp-y-gobierno-de-miranda-activan-planes-de-prevencion-en-el-eje-guarenas-guatire\\\/\",\"url\":\"https:\\\/\\\/stage3.rnv.gob.ve\\\/wp\\\/mpprijp-y-gobierno-de-miranda-activan-planes-de-prevencion-en-el-eje-guarenas-guatire\\\/\",\"name\":\"Gobierno Bolivariano activa planes de prevenci\u00f3n en el eje Guarenas-Guatire - DEV RNV\",\"isPartOf\":{\"@id\":\"https:\\\/\\\/stage3.rnv.gob.ve\\\/wp\\\/#website\"},\"primaryImageOfPage\":{\"@id\":\"https:\\\/\\\/stage3.rnv.gob.ve\\\/wp\\\/mpprijp-y-gobierno-de-miranda-activan-planes-de-prevencion-en-el-eje-guarenas-guatire\\\/#primaryimage\"},\"image\":{\"@id\":\"https:\\\/\\\/stage3.rnv.gob.ve\\\/wp\\\/mpprijp-y-gobierno-de-miranda-activan-planes-de-prevencion-en-el-eje-guarenas-guatire\\\/#primaryimage\"},\"thumbnailUrl\":\"\",\"datePublished\":\"2017-10-31T23:02:25+00:00\",\"breadcrumb\":{\"@id\":\"https:\\\/\\\/stage3.rnv.gob.ve\\\/wp\\\/mpprijp-y-gobierno-de-miranda-activan-planes-de-prevencion-en-el-eje-guarenas-guatire\\\/#breadcrumb\"},\"inLanguage\":\"es\",\"potentialAction\":[{\"@type\":\"ReadAction\",\"target\":[\"https:\\\/\\\/stage3.rnv.gob.ve\\\/wp\\\/mpprijp-y-gobierno-de-miranda-activan-planes-de-prevencion-en-el-eje-guarenas-guatire\\\/\"]}]},{\"@type\":\"ImageObject\",\"inLanguage\":\"es\",\"@id\":\"https:\\\/\\\/stage3.rnv.gob.ve\\\/wp\\\/mpprijp-y-gobierno-de-miranda-activan-planes-de-prevencion-en-el-eje-guarenas-guatire\\\/#primaryimage\",\"url\":\"\",\"contentUrl\":\"\"},{\"@type\":\"BreadcrumbList\",\"@id\":\"https:\\\/\\\/stage3.rnv.gob.ve\\\/wp\\\/mpprijp-y-gobierno-de-miranda-activan-planes-de-prevencion-en-el-eje-guarenas-guatire\\\/#breadcrumb\",\"itemListElement\":[{\"@type\":\"ListItem\",\"position\":1,\"name\":\"Portada\",\"item\":\"https:\\\/\\\/stage3.rnv.gob.ve\\\/wp\\\/\"},{\"@type\":\"ListItem\",\"position\":2,\"name\":\"Gobierno Bolivariano Activa Planes De Prevenci\u00f3n En El Eje Guarenas-Guatire\"}]},{\"@type\":\"WebSite\",\"@id\":\"https:\\\/\\\/stage3.rnv.gob.ve\\\/wp\\\/#website\",\"url\":\"https:\\\/\\\/stage3.rnv.gob.ve\\\/wp\\\/\",\"name\":\"DEV RNV\",\"description\":\"Radio Nacional de Venezuela C.A.\",\"publisher\":{\"@id\":\"https:\\\/\\\/stage3.rnv.gob.ve\\\/wp\\\/#organization\"},\"potentialAction\":[{\"@type\":\"SearchAction\",\"target\":{\"@type\":\"EntryPoint\",\"urlTemplate\":\"https:\\\/\\\/stage3.rnv.gob.ve\\\/wp\\\/?s={search_term_string}\"},\"query-input\":{\"@type\":\"PropertyValueSpecification\",\"valueRequired\":true,\"valueName\":\"search_term_string\"}}],\"inLanguage\":\"es\"},{\"@type\":\"Organization\",\"@id\":\"https:\\\/\\\/stage3.rnv.gob.ve\\\/wp\\\/#organization\",\"name\":\"Radio Nacional de Venezuela C.A.\",\"url\":\"https:\\\/\\\/stage3.rnv.gob.ve\\\/wp\\\/\",\"logo\":{\"@type\":\"ImageObject\",\"inLanguage\":\"es\",\"@id\":\"https:\\\/\\\/stage3.rnv.gob.ve\\\/wp\\\/#\\\/schema\\\/logo\\\/image\\\/\",\"url\":\"http:\\\/\\\/rnv.ddns.net\\\/prensa\\\/wp-content\\\/uploads\\\/2022\\\/04\\\/rnv-1-300x227-1.jpg\",\"contentUrl\":\"http:\\\/\\\/rnv.ddns.net\\\/prensa\\\/wp-content\\\/uploads\\\/2022\\\/04\\\/rnv-1-300x227-1.jpg\",\"width\":800,\"height\":455,\"caption\":\"Radio Nacional de Venezuela C.A.\"},\"image\":{\"@id\":\"https:\\\/\\\/stage3.rnv.gob.ve\\\/wp\\\/#\\\/schema\\\/logo\\\/image\\\/\"},\"sameAs\":[\"https:\\\/\\\/www.facebook.com\\\/RadioNacionaldeVenezuela\",\"https:\\\/\\\/x.com\\\/RNVinformativa\",\"https:\\\/\\\/www.instagram.com\\\/rnvinformativa\\\/\",\"https:\\\/\\\/www.youtube.com\\\/user\\\/RNVContigo\"]},{\"@type\":\"Person\",\"@id\":\"https:\\\/\\\/stage3.rnv.gob.ve\\\/wp\\\/#\\\/schema\\\/person\\\/0862ce8cde332e0bc63b8a243f0eea2c\",\"name\":\"administrador\",\"sameAs\":[\"http:\\\/\\\/arnoldoeloy.net\"],\"url\":\"https:\\\/\\\/stage3.rnv.gob.ve\\\/wp\\\/author\\\/administrador\\\/\"}]}<\/script>\n<!-- \/ Yoast SEO plugin. -->","yoast_head_json":{"title":"Gobierno Bolivariano activa planes de prevenci\u00f3n en el eje Guarenas-Guatire - DEV RNV","robots":{"index":"noindex","follow":"follow","max-snippet":"max-snippet:-1","max-image-preview":"max-image-preview:large","max-video-preview":"max-video-preview:-1"},"og_locale":"es_ES","og_type":"article","og_title":"Gobierno Bolivariano activa planes de prevenci\u00f3n en el eje Guarenas-Guatire - DEV RNV","og_description":"Como parte de las acciones en materia de prevenci\u00f3n y seguridad ciudadana que ejecuta el Ministerio del Poder Popular para Relaciones Interiores, Justicia y Paz, este martes se realiz\u00f3 una reuni\u00f3n de seguridad para activar planes de prevenci\u00f3n en el eje Guarenas-Guatire del estado Miranda. La actividad estuvo presidida por el Viceministro de Prevenci\u00f3n y [&hellip;]","og_url":"https:\/\/stage3.rnv.gob.ve\/wp\/mpprijp-y-gobierno-de-miranda-activan-planes-de-prevencion-en-el-eje-guarenas-guatire\/","og_site_name":"DEV RNV","article_publisher":"https:\/\/www.facebook.com\/RadioNacionaldeVenezuela","article_published_time":"2017-10-31T23:02:25+00:00","author":"administrador","twitter_card":"summary_large_image","twitter_creator":"@RNVinformativa","twitter_site":"@RNVinformativa","twitter_misc":{"Escrito por":"administrador","Tiempo estimado de lectura":"1 minuto"},"schema":{"@context":"https:\/\/schema.org","@graph":[{"@type":"Article","@id":"https:\/\/stage3.rnv.gob.ve\/wp\/mpprijp-y-gobierno-de-miranda-activan-planes-de-prevencion-en-el-eje-guarenas-guatire\/#article","isPartOf":{"@id":"https:\/\/stage3.rnv.gob.ve\/wp\/mpprijp-y-gobierno-de-miranda-activan-planes-de-prevencion-en-el-eje-guarenas-guatire\/"},"author":{"name":"administrador","@id":"https:\/\/stage3.rnv.gob.ve\/wp\/#\/schema\/person\/0862ce8cde332e0bc63b8a243f0eea2c"},"headline":"Gobierno Bolivariano activa planes de prevenci\u00f3n en el eje Guarenas-Guatire","datePublished":"2017-10-31T23:02:25+00:00","mainEntityOfPage":{"@id":"https:\/\/stage3.rnv.gob.ve\/wp\/mpprijp-y-gobierno-de-miranda-activan-planes-de-prevencion-en-el-eje-guarenas-guatire\/"},"wordCount":285,"publisher":{"@id":"https:\/\/stage3.rnv.gob.ve\/wp\/#organization"},"image":{"@id":"https:\/\/stage3.rnv.gob.ve\/wp\/mpprijp-y-gobierno-de-miranda-activan-planes-de-prevencion-en-el-eje-guarenas-guatire\/#primaryimage"},"thumbnailUrl":"","keywords":["gobierno de miranda","miranda","MPPRIJP","planes de prevension","seguridad"],"articleSection":["Regional"],"inLanguage":"es"},{"@type":"WebPage","@id":"https:\/\/stage3.rnv.gob.ve\/wp\/mpprijp-y-gobierno-de-miranda-activan-planes-de-prevencion-en-el-eje-guarenas-guatire\/","url":"https:\/\/stage3.rnv.gob.ve\/wp\/mpprijp-y-gobierno-de-miranda-activan-planes-de-prevencion-en-el-eje-guarenas-guatire\/","name":"Gobierno Bolivariano activa planes de prevenci\u00f3n en el eje Guarenas-Guatire - DEV RNV","isPartOf":{"@id":"https:\/\/stage3.rnv.gob.ve\/wp\/#website"},"primaryImageOfPage":{"@id":"https:\/\/stage3.rnv.gob.ve\/wp\/mpprijp-y-gobierno-de-miranda-activan-planes-de-prevencion-en-el-eje-guarenas-guatire\/#primaryimage"},"image":{"@id":"https:\/\/stage3.rnv.gob.ve\/wp\/mpprijp-y-gobierno-de-miranda-activan-planes-de-prevencion-en-el-eje-guarenas-guatire\/#primaryimage"},"thumbnailUrl":"","datePublished":"2017-10-31T23:02:25+00:00","breadcrumb":{"@id":"https:\/\/stage3.rnv.gob.ve\/wp\/mpprijp-y-gobierno-de-miranda-activan-planes-de-prevencion-en-el-eje-guarenas-guatire\/#breadcrumb"},"inLanguage":"es","potentialAction":[{"@type":"ReadAction","target":["https:\/\/stage3.rnv.gob.ve\/wp\/mpprijp-y-gobierno-de-miranda-activan-planes-de-prevencion-en-el-eje-guarenas-guatire\/"]}]},{"@type":"ImageObject","inLanguage":"es","@id":"https:\/\/stage3.rnv.gob.ve\/wp\/mpprijp-y-gobierno-de-miranda-activan-planes-de-prevencion-en-el-eje-guarenas-guatire\/#primaryimage","url":"","contentUrl":""},{"@type":"BreadcrumbList","@id":"https:\/\/stage3.rnv.gob.ve\/wp\/mpprijp-y-gobierno-de-miranda-activan-planes-de-prevencion-en-el-eje-guarenas-guatire\/#breadcrumb","itemListElement":[{"@type":"ListItem","position":1,"name":"Portada","item":"https:\/\/stage3.rnv.gob.ve\/wp\/"},{"@type":"ListItem","position":2,"name":"Gobierno Bolivariano Activa Planes De Prevenci\u00f3n En El Eje Guarenas-Guatire"}]},{"@type":"WebSite","@id":"https:\/\/stage3.rnv.gob.ve\/wp\/#website","url":"https:\/\/stage3.rnv.gob.ve\/wp\/","name":"DEV RNV","description":"Radio Nacional de Venezuela C.A.","publisher":{"@id":"https:\/\/stage3.rnv.gob.ve\/wp\/#organization"},"potentialAction":[{"@type":"SearchAction","target":{"@type":"EntryPoint","urlTemplate":"https:\/\/stage3.rnv.gob.ve\/wp\/?s={search_term_string}"},"query-input":{"@type":"PropertyValueSpecification","valueRequired":true,"valueName":"search_term_string"}}],"inLanguage":"es"},{"@type":"Organization","@id":"https:\/\/stage3.rnv.gob.ve\/wp\/#organization","name":"Radio Nacional de Venezuela C.A.","url":"https:\/\/stage3.rnv.gob.ve\/wp\/","logo":{"@type":"ImageObject","inLanguage":"es","@id":"https:\/\/stage3.rnv.gob.ve\/wp\/#\/schema\/logo\/image\/","url":"http:\/\/rnv.ddns.net\/prensa\/wp-content\/uploads\/2022\/04\/rnv-1-300x227-1.jpg","contentUrl":"http:\/\/rnv.ddns.net\/prensa\/wp-content\/uploads\/2022\/04\/rnv-1-300x227-1.jpg","width":800,"height":455,"caption":"Radio Nacional de Venezuela C.A."},"image":{"@id":"https:\/\/stage3.rnv.gob.ve\/wp\/#\/schema\/logo\/image\/"},"sameAs":["https:\/\/www.facebook.com\/RadioNacionaldeVenezuela","https:\/\/x.com\/RNVinformativa","https:\/\/www.instagram.com\/rnvinformativa\/","https:\/\/www.youtube.com\/user\/RNVContigo"]},{"@type":"Person","@id":"https:\/\/stage3.rnv.gob.ve\/wp\/#\/schema\/person\/0862ce8cde332e0bc63b8a243f0eea2c","name":"administrador","sameAs":["http:\/\/arnoldoeloy.net"],"url":"https:\/\/stage3.rnv.gob.ve\/wp\/author\/administrador\/"}]}},"jetpack_featured_media_url":"","_links":{"self":[{"href":"https:\/\/stage3.rnv.gob.ve\/wp\/wp-json\/wp\/v2\/posts\/181836","targetHints":{"allow":["GET"]}}],"collection":[{"href":"https:\/\/stage3.rnv.gob.ve\/wp\/wp-json\/wp\/v2\/posts"}],"about":[{"href":"https:\/\/stage3.rnv.gob.ve\/wp\/wp-json\/wp\/v2\/types\/post"}],"author":[{"embeddable":true,"href":"https:\/\/stage3.rnv.gob.ve\/wp\/wp-json\/wp\/v2\/users\/1"}],"replies":[{"embeddable":true,"href":"https:\/\/stage3.rnv.gob.ve\/wp\/wp-json\/wp\/v2\/comments?post=181836"}],"version-history":[{"count":0,"href":"https:\/\/stage3.rnv.gob.ve\/wp\/wp-json\/wp\/v2\/posts\/181836\/revisions"}],"wp:featuredmedia":[{"embeddable":true,"href":"https:\/\/stage3.rnv.gob.ve\/wp\/wp-json\/"}],"wp:attachment":[{"href":"https:\/\/stage3.rnv.gob.ve\/wp\/wp-json\/wp\/v2\/media?parent=181836"}],"wp:term":[{"taxonomy":"category","embeddable":true,"href":"https:\/\/stage3.rnv.gob.ve\/wp\/wp-json\/wp\/v2\/categories?post=181836"},{"taxonomy":"post_tag","embeddable":true,"href":"https:\/\/stage3.rnv.gob.ve\/wp\/wp-json\/wp\/v2\/tags?post=181836"}],"curies":[{"name":"wp","href":"https:\/\/api.w.org\/{rel}","templated":true}]}}